{"id":134747,"date":"2024-06-13T11:36:20","date_gmt":"2024-06-13T10:36:20","guid":{"rendered":"https:\/\/www.copealcoy.es\/?p=134747"},"modified":"2024-06-13T15:27:31","modified_gmt":"2024-06-13T14:27:31","slug":"trenes-directos-a-diario-hasta-xativa-o-valencia-un-objetivo-prioritario-para-alcoy","status":"publish","type":"post","link":"https:\/\/www.copealcoy.es\/es\/trenes-directos-a-diario-hasta-xativa-o-valencia-un-objetivo-prioritario-para-alcoy\/","title":{"rendered":"Trenes directos a diario hasta X\u00e0tiva o Valencia, un objetivo prioritario para Alcoy"},"content":{"rendered":"<p style=\"text-align: justify;\">Pronto <strong>comenzar\u00e1n a ser una realidad las obras<\/strong> para llevar a cabo <strong>una remodelaci\u00f3n integral de la l\u00ednea de tren Alcoy-X\u00e0tiva-Valencia<\/strong>, un proyecto que <strong>se contempla en diversas fases<\/strong> con una inversi\u00f3n total que supera los 100 millones de euros. Uno de los <strong>objetivos prioritarios<\/strong> que se marca la ciudad para cuando est\u00e9 finalizada la intervenci\u00f3n, es conseguir que <strong>se incremente la frecuencia del paso de trenes<\/strong> e incluso que <strong>haya servicios directos<\/strong> entre la capital de l&#8217;Alcoi\u00e0 y la de La Costera o la misma ciudad de Val\u00e8ncia.<\/p>\n<p style=\"text-align: justify;\">Para ello, <strong>el gobierno local quieren negociar con RENFE y ADIF<\/strong> la opci\u00f3n de que haya algunos trenes durante el d\u00eda que hagan menos paradas. Todo ello pare <strong>reducir un tiempo de viaje<\/strong> que actualmente dura una hora y cuarto hasta X\u00e0tiva, llegando incluso a superar las dos horas hasta la misma ciudad del T\u00faria\u00a0 en algunos momentos &#8220;<em>por ejemplo entre Alcoy y Cocentaina el tren tiene que ir muy lento porque hay muy poca distancia entre las dos estaciones por lo que estudiar una reducci\u00f3n de esas paradas en todo el trayecto, en algunas frecuencias, har\u00eda que el tren fuese m\u00e1s competitivo y que el viaje durara unos 45 minutos desde nuestra ciudad hasta X\u00e0tiva<\/em>&#8220;, explicaba el martes el alcalde; <strong>Toni Franc\u00e9s<\/strong>.<\/p>\n<audio class=\"wp-audio-shortcode\" id=\"audio-134747-1\" preload=\"none\" style=\"width: 100%;\" controls=\"controls\"><source type=\"audio\/mpeg\" src=\"https:\/\/www.copealcoy.es\/wp-content\/uploads\/2024\/06\/Tall-Toni-Frances-trens-directes.mp3?_=1\" \/><a href=\"https:\/\/www.copealcoy.es\/wp-content\/uploads\/2024\/06\/Tall-Toni-Frances-trens-directes.mp3\">https:\/\/www.copealcoy.es\/wp-content\/uploads\/2024\/06\/Tall-Toni-Frances-trens-directes.mp3<\/a><\/audio>\n<p>&nbsp;<\/p>\n<p><span style=\"color: #0000ff;\"><strong>A la esperada del inicio de la tan ansiada reforma de la l\u00ednea<\/strong><\/span><\/p>\n<p style=\"text-align: justify;\">Cabe recordar que a finales del pasado mes de abril, <strong><span style=\"color: #0000ff;\">el <\/span><\/strong><a href=\"https:\/\/www.transportes.gob.es\/\" rel=\"noopener\"><strong><span style=\"color: #0000ff;\">Ministerio de Transportes y Movilidad Sostenible<\/span>,\u00a0<\/strong><\/a> adjudicaba\u00a0por<strong> 84,14 millones de euros <\/strong>(IVA incluido), los trabajos para <strong>la renovaci\u00f3n integral de v\u00eda en dos tramos de la l\u00ednea Alcoy-X\u00e0tiva<\/strong>.<\/p>\n<p style=\"text-align: justify;\">Las obras contemplan la<strong>\u00a0renovaci\u00f3n completa de la l\u00ednea<\/strong>, sustituyendo todos los elementos de la superestructura:\u00a0<strong>carril, traviesas, balasto y aparatos de v\u00eda<\/strong>. Asimismo, se adaptar\u00e1n diferentes estructuras a la\u00a0<strong>futura electrificaci\u00f3n de la l\u00ednea, lo que representa la demolici\u00f3n de los pasos superiores que no cumplen con los g\u00e1libos requeridos y su sustituci\u00f3n por otros nuevos y el incremento de la secci\u00f3n de los t\u00faneles<\/strong>. En los puentes met\u00e1licos se abordar\u00e1 la\u00a0<strong>instalaci\u00f3n de encarriladoras el\u00e1sticas y contracarriles; la sustituci\u00f3n de sujeciones r\u00edgidas por sujeciones deslizantes; la sustituci\u00f3n de traviesas de madera especiales de altura variable, para adecuarlas a las nuevas rasantes y geometr\u00eda calculada<\/strong>; y la s<strong>ustituci\u00f3n de traviesas de madera por otras de hormig\u00f3n monobloque<\/strong>, para proteger las entradas y salidas a los puentes met\u00e1licos.<\/p>\n","protected":false},"excerpt":{"rendered":"<p>Pronto comenzar\u00e1n a ser una realidad las obras para llevar a cabo una remodelaci\u00f3n integral de la l\u00ednea de tren&#8230;<\/p>\n","protected":false},"author":1,"featured_media":94066,"comment_status":"open","ping_status":"open","sticky":false,"template":"","format":"standard","meta":{"footnotes":""},"categories":[6909,97,75,125],"tags":[594,1494,16987,4719,577,16986],"class_list":["post-134747","post","type-post","status-publish","format-standard","has-post-thumbnail","hentry","category-actualidad","category-alcoy","category-noticias","category-portada","tag-alcoi-xativa","tag-alcoy","tag-incremento-de-servicios","tag-remodelacion","tag-tren","tag-trenes-directos"],"yoast_head":"<!-- This site is optimized with the Yoast SEO plugin v27.3 - https:\/\/yoast.com\/product\/yoast-seo-wordpress\/ -->\n<title>Trenes directos a diario hasta X\u00e0tiva o Valencia, un objetivo prioritario para Alcoy - COPE Alcoy<\/title>\n<meta name=\"description\" content=\"Pronto comenzar\u00e1n a ser una realidad las obras para llevar a cabo una remodelaci\u00f3n integral de la l\u00ednea de tren Alcoy-X\u00e0tiva-Valencia\" \/>\n<meta name=\"robots\" content=\"index, follow, max-snippet:-1, max-image-preview:large, max-video-preview:-1\" \/>\n<link rel=\"canonical\" href=\"https:\/\/www.copealcoy.es\/es\/trenes-directos-a-diario-hasta-xativa-o-valencia-un-objetivo-prioritario-para-alcoy\/\" \/>\n<meta property=\"og:locale\" content=\"es_ES\" \/>\n<meta property=\"og:type\" content=\"article\" \/>\n<meta property=\"og:title\" content=\"Trenes directos a diario hasta X\u00e0tiva o Valencia, un objetivo prioritario para Alcoy - COPE Alcoy\" \/>\n<meta property=\"og:description\" content=\"Pronto comenzar\u00e1n a ser una realidad las obras para llevar a cabo una remodelaci\u00f3n integral de la l\u00ednea de tren Alcoy-X\u00e0tiva-Valencia\" \/>\n<meta property=\"og:url\" content=\"https:\/\/www.copealcoy.es\/es\/trenes-directos-a-diario-hasta-xativa-o-valencia-un-objetivo-prioritario-para-alcoy\/\" \/>\n<meta property=\"og:site_name\" content=\"COPE Alcoy\" \/>\n<meta property=\"article:published_time\" content=\"2024-06-13T10:36:20+00:00\" \/>\n<meta property=\"article:modified_time\" content=\"2024-06-13T14:27:31+00:00\" \/>\n<meta property=\"og:image\" content=\"https:\/\/www.copealcoy.es\/wp-content\/uploads\/2022\/11\/maxresdefault-1-1024x576-1.jpg\" \/>\n\t<meta property=\"og:image:width\" content=\"1024\" \/>\n\t<meta property=\"og:image:height\" content=\"576\" \/>\n\t<meta property=\"og:image:type\" content=\"image\/jpeg\" \/>\n<meta name=\"author\" content=\"Cope Alcoy\" \/>\n<meta name=\"twitter:label1\" content=\"Escrito por\" \/>\n\t<meta name=\"twitter:data1\" content=\"Cope Alcoy\" \/>\n\t<meta name=\"twitter:label2\" content=\"Tiempo de lectura\" \/>\n\t<meta name=\"twitter:data2\" content=\"3 minutos\" \/>\n<script type=\"application\/ld+json\" class=\"yoast-schema-graph\">{\"@context\":\"https:\\\/\\\/schema.org\",\"@graph\":[{\"@type\":\"Article\",\"@id\":\"https:\\\/\\\/www.copealcoy.es\\\/es\\\/trenes-directos-a-diario-hasta-xativa-o-valencia-un-objetivo-prioritario-para-alcoy\\\/#article\",\"isPartOf\":{\"@id\":\"https:\\\/\\\/www.copealcoy.es\\\/es\\\/trenes-directos-a-diario-hasta-xativa-o-valencia-un-objetivo-prioritario-para-alcoy\\\/\"},\"author\":{\"name\":\"Cope Alcoy\",\"@id\":\"https:\\\/\\\/www.copealcoy.es\\\/es\\\/#\\\/schema\\\/person\\\/e777c87fa024e57d40170af9df39882c\"},\"headline\":\"Trenes directos a diario hasta X\u00e0tiva o Valencia, un objetivo prioritario para Alcoy\",\"datePublished\":\"2024-06-13T10:36:20+00:00\",\"dateModified\":\"2024-06-13T14:27:31+00:00\",\"mainEntityOfPage\":{\"@id\":\"https:\\\/\\\/www.copealcoy.es\\\/es\\\/trenes-directos-a-diario-hasta-xativa-o-valencia-un-objetivo-prioritario-para-alcoy\\\/\"},\"wordCount\":459,\"commentCount\":0,\"image\":{\"@id\":\"https:\\\/\\\/www.copealcoy.es\\\/es\\\/trenes-directos-a-diario-hasta-xativa-o-valencia-un-objetivo-prioritario-para-alcoy\\\/#primaryimage\"},\"thumbnailUrl\":\"https:\\\/\\\/www.copealcoy.es\\\/wp-content\\\/uploads\\\/2022\\\/11\\\/maxresdefault-1-1024x576-1.jpg\",\"keywords\":[\"Alcoi - X\u00e0tiva\",\"Alcoy\",\"incremento de servicios\",\"remodelaci\u00f3n\",\"Tren\",\"trenes directos\"],\"articleSection\":[\"Actualidad\",\"Alcoy\",\"Noticias\",\"Portada\"],\"inLanguage\":\"es\"},{\"@type\":\"WebPage\",\"@id\":\"https:\\\/\\\/www.copealcoy.es\\\/es\\\/trenes-directos-a-diario-hasta-xativa-o-valencia-un-objetivo-prioritario-para-alcoy\\\/\",\"url\":\"https:\\\/\\\/www.copealcoy.es\\\/es\\\/trenes-directos-a-diario-hasta-xativa-o-valencia-un-objetivo-prioritario-para-alcoy\\\/\",\"name\":\"Trenes directos a diario hasta X\u00e0tiva o Valencia, un objetivo prioritario para Alcoy - COPE Alcoy\",\"isPartOf\":{\"@id\":\"https:\\\/\\\/www.copealcoy.es\\\/es\\\/#website\"},\"primaryImageOfPage\":{\"@id\":\"https:\\\/\\\/www.copealcoy.es\\\/es\\\/trenes-directos-a-diario-hasta-xativa-o-valencia-un-objetivo-prioritario-para-alcoy\\\/#primaryimage\"},\"image\":{\"@id\":\"https:\\\/\\\/www.copealcoy.es\\\/es\\\/trenes-directos-a-diario-hasta-xativa-o-valencia-un-objetivo-prioritario-para-alcoy\\\/#primaryimage\"},\"thumbnailUrl\":\"https:\\\/\\\/www.copealcoy.es\\\/wp-content\\\/uploads\\\/2022\\\/11\\\/maxresdefault-1-1024x576-1.jpg\",\"datePublished\":\"2024-06-13T10:36:20+00:00\",\"dateModified\":\"2024-06-13T14:27:31+00:00\",\"author\":{\"@id\":\"https:\\\/\\\/www.copealcoy.es\\\/es\\\/#\\\/schema\\\/person\\\/e777c87fa024e57d40170af9df39882c\"},\"description\":\"Pronto comenzar\u00e1n a ser una realidad las obras para llevar a cabo una remodelaci\u00f3n integral de la l\u00ednea de tren Alcoy-X\u00e0tiva-Valencia\",\"breadcrumb\":{\"@id\":\"https:\\\/\\\/www.copealcoy.es\\\/es\\\/trenes-directos-a-diario-hasta-xativa-o-valencia-un-objetivo-prioritario-para-alcoy\\\/#breadcrumb\"},\"inLanguage\":\"es\",\"potentialAction\":[{\"@type\":\"ReadAction\",\"target\":[\"https:\\\/\\\/www.copealcoy.es\\\/es\\\/trenes-directos-a-diario-hasta-xativa-o-valencia-un-objetivo-prioritario-para-alcoy\\\/\"]}]},{\"@type\":\"ImageObject\",\"inLanguage\":\"es\",\"@id\":\"https:\\\/\\\/www.copealcoy.es\\\/es\\\/trenes-directos-a-diario-hasta-xativa-o-valencia-un-objetivo-prioritario-para-alcoy\\\/#primaryimage\",\"url\":\"https:\\\/\\\/www.copealcoy.es\\\/wp-content\\\/uploads\\\/2022\\\/11\\\/maxresdefault-1-1024x576-1.jpg\",\"contentUrl\":\"https:\\\/\\\/www.copealcoy.es\\\/wp-content\\\/uploads\\\/2022\\\/11\\\/maxresdefault-1-1024x576-1.jpg\",\"width\":1024,\"height\":576},{\"@type\":\"BreadcrumbList\",\"@id\":\"https:\\\/\\\/www.copealcoy.es\\\/es\\\/trenes-directos-a-diario-hasta-xativa-o-valencia-un-objetivo-prioritario-para-alcoy\\\/#breadcrumb\",\"itemListElement\":[{\"@type\":\"ListItem\",\"position\":1,\"name\":\"Portada\",\"item\":\"https:\\\/\\\/www.copealcoy.es\\\/es\\\/\"},{\"@type\":\"ListItem\",\"position\":2,\"name\":\"Trenes directos a diario hasta X\u00e0tiva o Valencia, un objetivo prioritario para Alcoy\"}]},{\"@type\":\"WebSite\",\"@id\":\"https:\\\/\\\/www.copealcoy.es\\\/es\\\/#website\",\"url\":\"https:\\\/\\\/www.copealcoy.es\\\/es\\\/\",\"name\":\"COPE Alcoy\",\"description\":\"Emisora COPE de radio local con emisi\u00f3n online. Pont de Sant Jordi 8-10 03803 Alcoy\",\"potentialAction\":[{\"@type\":\"SearchAction\",\"target\":{\"@type\":\"EntryPoint\",\"urlTemplate\":\"https:\\\/\\\/www.copealcoy.es\\\/es\\\/?s={search_term_string}\"},\"query-input\":{\"@type\":\"PropertyValueSpecification\",\"valueRequired\":true,\"valueName\":\"search_term_string\"}}],\"inLanguage\":\"es\"},{\"@type\":\"Person\",\"@id\":\"https:\\\/\\\/www.copealcoy.es\\\/es\\\/#\\\/schema\\\/person\\\/e777c87fa024e57d40170af9df39882c\",\"name\":\"Cope Alcoy\",\"image\":{\"@type\":\"ImageObject\",\"inLanguage\":\"es\",\"@id\":\"https:\\\/\\\/secure.gravatar.com\\\/avatar\\\/bb65d0283347e303893ba14f0692005417c1e0e690a325a4c5d8bb2b3943ee14?s=96&d=mm&r=g\",\"url\":\"https:\\\/\\\/secure.gravatar.com\\\/avatar\\\/bb65d0283347e303893ba14f0692005417c1e0e690a325a4c5d8bb2b3943ee14?s=96&d=mm&r=g\",\"contentUrl\":\"https:\\\/\\\/secure.gravatar.com\\\/avatar\\\/bb65d0283347e303893ba14f0692005417c1e0e690a325a4c5d8bb2b3943ee14?s=96&d=mm&r=g\",\"caption\":\"Cope Alcoy\"}}]}<\/script>\n<!-- \/ Yoast SEO plugin. -->","yoast_head_json":{"title":"Trenes directos a diario hasta X\u00e0tiva o Valencia, un objetivo prioritario para Alcoy - COPE Alcoy","description":"Pronto comenzar\u00e1n a ser una realidad las obras para llevar a cabo una remodelaci\u00f3n integral de la l\u00ednea de tren Alcoy-X\u00e0tiva-Valencia","robots":{"index":"index","follow":"follow","max-snippet":"max-snippet:-1","max-image-preview":"max-image-preview:large","max-video-preview":"max-video-preview:-1"},"canonical":"https:\/\/www.copealcoy.es\/es\/trenes-directos-a-diario-hasta-xativa-o-valencia-un-objetivo-prioritario-para-alcoy\/","og_locale":"es_ES","og_type":"article","og_title":"Trenes directos a diario hasta X\u00e0tiva o Valencia, un objetivo prioritario para Alcoy - COPE Alcoy","og_description":"Pronto comenzar\u00e1n a ser una realidad las obras para llevar a cabo una remodelaci\u00f3n integral de la l\u00ednea de tren Alcoy-X\u00e0tiva-Valencia","og_url":"https:\/\/www.copealcoy.es\/es\/trenes-directos-a-diario-hasta-xativa-o-valencia-un-objetivo-prioritario-para-alcoy\/","og_site_name":"COPE Alcoy","article_published_time":"2024-06-13T10:36:20+00:00","article_modified_time":"2024-06-13T14:27:31+00:00","og_image":[{"width":1024,"height":576,"url":"https:\/\/www.copealcoy.es\/wp-content\/uploads\/2022\/11\/maxresdefault-1-1024x576-1.jpg","type":"image\/jpeg"}],"author":"Cope Alcoy","twitter_misc":{"Escrito por":"Cope Alcoy","Tiempo de lectura":"3 minutos"},"schema":{"@context":"https:\/\/schema.org","@graph":[{"@type":"Article","@id":"https:\/\/www.copealcoy.es\/es\/trenes-directos-a-diario-hasta-xativa-o-valencia-un-objetivo-prioritario-para-alcoy\/#article","isPartOf":{"@id":"https:\/\/www.copealcoy.es\/es\/trenes-directos-a-diario-hasta-xativa-o-valencia-un-objetivo-prioritario-para-alcoy\/"},"author":{"name":"Cope Alcoy","@id":"https:\/\/www.copealcoy.es\/es\/#\/schema\/person\/e777c87fa024e57d40170af9df39882c"},"headline":"Trenes directos a diario hasta X\u00e0tiva o Valencia, un objetivo prioritario para Alcoy","datePublished":"2024-06-13T10:36:20+00:00","dateModified":"2024-06-13T14:27:31+00:00","mainEntityOfPage":{"@id":"https:\/\/www.copealcoy.es\/es\/trenes-directos-a-diario-hasta-xativa-o-valencia-un-objetivo-prioritario-para-alcoy\/"},"wordCount":459,"commentCount":0,"image":{"@id":"https:\/\/www.copealcoy.es\/es\/trenes-directos-a-diario-hasta-xativa-o-valencia-un-objetivo-prioritario-para-alcoy\/#primaryimage"},"thumbnailUrl":"https:\/\/www.copealcoy.es\/wp-content\/uploads\/2022\/11\/maxresdefault-1-1024x576-1.jpg","keywords":["Alcoi - X\u00e0tiva","Alcoy","incremento de servicios","remodelaci\u00f3n","Tren","trenes directos"],"articleSection":["Actualidad","Alcoy","Noticias","Portada"],"inLanguage":"es"},{"@type":"WebPage","@id":"https:\/\/www.copealcoy.es\/es\/trenes-directos-a-diario-hasta-xativa-o-valencia-un-objetivo-prioritario-para-alcoy\/","url":"https:\/\/www.copealcoy.es\/es\/trenes-directos-a-diario-hasta-xativa-o-valencia-un-objetivo-prioritario-para-alcoy\/","name":"Trenes directos a diario hasta X\u00e0tiva o Valencia, un objetivo prioritario para Alcoy - COPE Alcoy","isPartOf":{"@id":"https:\/\/www.copealcoy.es\/es\/#website"},"primaryImageOfPage":{"@id":"https:\/\/www.copealcoy.es\/es\/trenes-directos-a-diario-hasta-xativa-o-valencia-un-objetivo-prioritario-para-alcoy\/#primaryimage"},"image":{"@id":"https:\/\/www.copealcoy.es\/es\/trenes-directos-a-diario-hasta-xativa-o-valencia-un-objetivo-prioritario-para-alcoy\/#primaryimage"},"thumbnailUrl":"https:\/\/www.copealcoy.es\/wp-content\/uploads\/2022\/11\/maxresdefault-1-1024x576-1.jpg","datePublished":"2024-06-13T10:36:20+00:00","dateModified":"2024-06-13T14:27:31+00:00","author":{"@id":"https:\/\/www.copealcoy.es\/es\/#\/schema\/person\/e777c87fa024e57d40170af9df39882c"},"description":"Pronto comenzar\u00e1n a ser una realidad las obras para llevar a cabo una remodelaci\u00f3n integral de la l\u00ednea de tren Alcoy-X\u00e0tiva-Valencia","breadcrumb":{"@id":"https:\/\/www.copealcoy.es\/es\/trenes-directos-a-diario-hasta-xativa-o-valencia-un-objetivo-prioritario-para-alcoy\/#breadcrumb"},"inLanguage":"es","potentialAction":[{"@type":"ReadAction","target":["https:\/\/www.copealcoy.es\/es\/trenes-directos-a-diario-hasta-xativa-o-valencia-un-objetivo-prioritario-para-alcoy\/"]}]},{"@type":"ImageObject","inLanguage":"es","@id":"https:\/\/www.copealcoy.es\/es\/trenes-directos-a-diario-hasta-xativa-o-valencia-un-objetivo-prioritario-para-alcoy\/#primaryimage","url":"https:\/\/www.copealcoy.es\/wp-content\/uploads\/2022\/11\/maxresdefault-1-1024x576-1.jpg","contentUrl":"https:\/\/www.copealcoy.es\/wp-content\/uploads\/2022\/11\/maxresdefault-1-1024x576-1.jpg","width":1024,"height":576},{"@type":"BreadcrumbList","@id":"https:\/\/www.copealcoy.es\/es\/trenes-directos-a-diario-hasta-xativa-o-valencia-un-objetivo-prioritario-para-alcoy\/#breadcrumb","itemListElement":[{"@type":"ListItem","position":1,"name":"Portada","item":"https:\/\/www.copealcoy.es\/es\/"},{"@type":"ListItem","position":2,"name":"Trenes directos a diario hasta X\u00e0tiva o Valencia, un objetivo prioritario para Alcoy"}]},{"@type":"WebSite","@id":"https:\/\/www.copealcoy.es\/es\/#website","url":"https:\/\/www.copealcoy.es\/es\/","name":"COPE Alcoy","description":"Emisora COPE de radio local con emisi\u00f3n online. Pont de Sant Jordi 8-10 03803 Alcoy","potentialAction":[{"@type":"SearchAction","target":{"@type":"EntryPoint","urlTemplate":"https:\/\/www.copealcoy.es\/es\/?s={search_term_string}"},"query-input":{"@type":"PropertyValueSpecification","valueRequired":true,"valueName":"search_term_string"}}],"inLanguage":"es"},{"@type":"Person","@id":"https:\/\/www.copealcoy.es\/es\/#\/schema\/person\/e777c87fa024e57d40170af9df39882c","name":"Cope Alcoy","image":{"@type":"ImageObject","inLanguage":"es","@id":"https:\/\/secure.gravatar.com\/avatar\/bb65d0283347e303893ba14f0692005417c1e0e690a325a4c5d8bb2b3943ee14?s=96&d=mm&r=g","url":"https:\/\/secure.gravatar.com\/avatar\/bb65d0283347e303893ba14f0692005417c1e0e690a325a4c5d8bb2b3943ee14?s=96&d=mm&r=g","contentUrl":"https:\/\/secure.gravatar.com\/avatar\/bb65d0283347e303893ba14f0692005417c1e0e690a325a4c5d8bb2b3943ee14?s=96&d=mm&r=g","caption":"Cope Alcoy"}}]}},"_links":{"self":[{"href":"https:\/\/www.copealcoy.es\/es\/wp-json\/wp\/v2\/posts\/134747","targetHints":{"allow":["GET"]}}],"collection":[{"href":"https:\/\/www.copealcoy.es\/es\/wp-json\/wp\/v2\/posts"}],"about":[{"href":"https:\/\/www.copealcoy.es\/es\/wp-json\/wp\/v2\/types\/post"}],"author":[{"embeddable":true,"href":"https:\/\/www.copealcoy.es\/es\/wp-json\/wp\/v2\/users\/1"}],"replies":[{"embeddable":true,"href":"https:\/\/www.copealcoy.es\/es\/wp-json\/wp\/v2\/comments?post=134747"}],"version-history":[{"count":0,"href":"https:\/\/www.copealcoy.es\/es\/wp-json\/wp\/v2\/posts\/134747\/revisions"}],"wp:featuredmedia":[{"embeddable":true,"href":"https:\/\/www.copealcoy.es\/es\/wp-json\/wp\/v2\/media\/94066"}],"wp:attachment":[{"href":"https:\/\/www.copealcoy.es\/es\/wp-json\/wp\/v2\/media?parent=134747"}],"wp:term":[{"taxonomy":"category","embeddable":true,"href":"https:\/\/www.copealcoy.es\/es\/wp-json\/wp\/v2\/categories?post=134747"},{"taxonomy":"post_tag","embeddable":true,"href":"https:\/\/www.copealcoy.es\/es\/wp-json\/wp\/v2\/tags?post=134747"}],"curies":[{"name":"wp","href":"https:\/\/api.w.org\/{rel}","templated":true}]}}