{"id":134741,"date":"2024-06-13T11:06:08","date_gmt":"2024-06-13T10:06:08","guid":{"rendered":"https:\/\/www.copealcoy.es\/?p=134741"},"modified":"2024-06-13T11:07:09","modified_gmt":"2024-06-13T10:07:09","slug":"el-toque-manual-de-campanas-una-sena-de-identidad-del-comtat-en-proceso-de-recuperacion","status":"publish","type":"post","link":"https:\/\/www.copealcoy.es\/es\/el-toque-manual-de-campanas-una-sena-de-identidad-del-comtat-en-proceso-de-recuperacion\/","title":{"rendered":"El toque manual de campanas, una se\u00f1a de identidad del Comtat en proceso de recuperaci\u00f3n"},"content":{"rendered":"<p style=\"text-align: justify;\">En unas semanas ver\u00e1 la luz <strong>un interesante proyecto<\/strong> en el que <a href=\"https:\/\/www.facebook.com\/profile.php?id=100063521674111&amp;locale=es_LA\" target=\"_blank\" rel=\"noopener\"><span style=\"color: #0000ff;\"><strong>la Colla de Campaners del Comtat<\/strong><\/span><\/a> ha estado trabajando en los \u00faltimos a\u00f1os. Se trata de <strong>un documental<\/strong> que recupera la memoria de las personas de la comarca que asumieron anta\u00f1o la tarea de tocar manualmente los bronces, una pieza audiovisual que adem\u00e1s <strong>da a conocer los toques tradicionales heredados del pasado<\/strong> y que <strong>pone en valor el patrimonio relacionado con las campanas<\/strong> que encontramos a lo largo de los diferentes municipios de la zona.<\/p>\n<p style=\"text-align: justify;\">Esta ambiciosa propuesta <strong>comenz\u00f3 a gestarse antes de la pandemia<\/strong> con un objetivo muy claro \u201c<em>son ya pocos los campaneros que quedan en activo y la electrificaci\u00f3n de las campanas ha hecho que muchos toques se hayan perdido porque pasaban de generaci\u00f3n en generaci\u00f3n de forma oral. Nosotros hemos querido investigar en esta cuesti\u00f3n y dejar registrado para el futuro un lenguaje que, sin lugar a dudas, fue el primer medio de comunicaci\u00f3n de los pueblos del Comtat<\/em>\u201d, explica<strong> Josep Jord\u00e0<\/strong>, presidente de la Colla. Para dar forma al documental <strong>se realizaron diversas entrevistas<\/strong> a personas de ocho localidades del Comtat que han aportado su testimonio o su experiencia como campaneros \u201c<em>podremos conocer aspectos muy curiosos de Alcoleja, Balones, Fageca, Beniarr\u00e9s, el barrio de Fraga de Cocentaina, Millena, Gorga o Planes. En todos estos municipios estuvimos grabando y por ejemplo en este \u00faltimo descubrimos que el Ayuntamiento ofertaba la plaza de campanero, como si de un funcionario actual se tratara, y contaba tambi\u00e9n con su correspondiente asignaci\u00f3n econ\u00f3mica\u201d<\/em> detalla Josep.<\/p>\n<p style=\"text-align: justify;\">El mencionado documental se titula \u2018Mans, Cordes i Bronze. Persones que han donat veu al poble\u2019 y <strong>ser\u00e1 presentado en Muro el viernes 21 de junio<\/strong> en el transcurso de un acto que se ha previsto a partir de las 20:30h en la Biblioteca Municipal. A partir de aqu\u00ed <strong>se iniciar\u00e1 un recorrido por las localidades que pertenecen a la Mancomunitat de l\u2019Alcoi\u00e0 y el Comtat<\/strong> estando prevista la presentaci\u00f3n en Millena el 28 de junio (19:30h Sala Multiusos), l\u2019Alqueria d\u2019Asnar 5 de julio (22:00h Front\u00f3), Cocentaina 18 de julio (20:00h Placeta Ermita de Fraga), Alcoleja 3 de agosto (22:00h Pla\u00e7a), Gorga 1 de septiembre (11:00h Casa de la cultura), Banyeres de Mariola 27 de septiembre (20:00h Casa de la Cultura), Alcoi 1 de octubre (IVAM-CADA\u00a0 19:30h), Beniarr\u00e9s 5 de octubre (20:00h Centre Cultural Joan Fuster) y Pen\u00e0guila 21 de diciembre (17:00h Museu de l\u2019Oli). Algunas de estos actos, seg\u00fan informan desde la Colla de Campaners del Comtat, <strong>ir\u00e1n acompa\u00f1ados de muestras de toques tradicionales con la posibilidad de visitar tambi\u00e9n los campanarios<\/strong> del municipio en el que se realice esta actividad. Los horarios de estas actividades <strong>se ir\u00e1n difundiendo a lo largo de las pr\u00f3ximas semanas<\/strong> a trav\u00e9s de las redes sociales de la entidad.<\/p>\n<p>Aqu\u00ed puedes escuchar <strong>la entrevista<\/strong> que mantuvimos d\u00edas atr\u00e1s con Josep Jord\u00e0:<\/p>\n<p><iframe loading=\"lazy\" title=\"&#039;Herrera En Cope&#039; Alcoi Dimecres 22 De Maig 2024 (12:50h)\" width=\"100%\" height=\"120\" src=\"https:\/\/www.mixcloud.com\/widget\/iframe\/?feed=https%3A%2F%2Fwww.mixcloud.com%2FCOPEAlcoy%2Fherrera-en-cope-alcoi-dimecres-22-de-maig-2024-1250h%2F&amp;hide_cover=1\" frameborder=\"0\"><\/iframe><\/p>\n","protected":false},"excerpt":{"rendered":"<p>En unas semanas ver\u00e1 la luz un interesante proyecto en el que la Colla de Campaners del Comtat ha estado&#8230;<\/p>\n","protected":false},"author":1,"featured_media":94807,"comment_status":"open","ping_status":"open","sticky":false,"template":"","format":"standard","meta":{"footnotes":""},"categories":[6909,98,75],"tags":[482,11094,237,1975,16983],"class_list":["post-134741","post","type-post","status-publish","format-standard","has-post-thumbnail","hentry","category-actualidad","category-comarcas","category-noticias","tag-alcoia","tag-colla-de-campaners-del-comtat","tag-comtat","tag-documental","tag-toques-manuales-de-campanas"],"yoast_head":"<!-- This site is optimized with the Yoast SEO plugin v27.3 - https:\/\/yoast.com\/product\/yoast-seo-wordpress\/ -->\n<title>El toque manual de campanas, una se\u00f1a de identidad del Comtat en proceso de recuperaci\u00f3n - COPE Alcoy<\/title>\n<meta name=\"description\" content=\"La Colla de Campaners del Comtat presenta una interesante documental que pone en valor los toques tradicionales de campanas de nuestras comarcas\" \/>\n<meta name=\"robots\" content=\"index, follow, max-snippet:-1, max-image-preview:large, max-video-preview:-1\" \/>\n<link rel=\"canonical\" href=\"https:\/\/www.copealcoy.es\/es\/el-toque-manual-de-campanas-una-sena-de-identidad-del-comtat-en-proceso-de-recuperacion\/\" \/>\n<meta property=\"og:locale\" content=\"es_ES\" \/>\n<meta property=\"og:type\" content=\"article\" \/>\n<meta property=\"og:title\" content=\"El toque manual de campanas, una se\u00f1a de identidad del Comtat en proceso de recuperaci\u00f3n - COPE Alcoy\" \/>\n<meta property=\"og:description\" content=\"La Colla de Campaners del Comtat presenta una interesante documental que pone en valor los toques tradicionales de campanas de nuestras comarcas\" \/>\n<meta property=\"og:url\" content=\"https:\/\/www.copealcoy.es\/es\/el-toque-manual-de-campanas-una-sena-de-identidad-del-comtat-en-proceso-de-recuperacion\/\" \/>\n<meta property=\"og:site_name\" content=\"COPE Alcoy\" \/>\n<meta property=\"article:published_time\" content=\"2024-06-13T10:06:08+00:00\" \/>\n<meta property=\"article:modified_time\" content=\"2024-06-13T10:07:09+00:00\" \/>\n<meta property=\"og:image\" content=\"https:\/\/www.copealcoy.es\/wp-content\/uploads\/2022\/12\/317446208_588172279976823_4950869280974495900_n.jpg\" \/>\n\t<meta property=\"og:image:width\" content=\"1110\" \/>\n\t<meta property=\"og:image:height\" content=\"717\" \/>\n\t<meta property=\"og:image:type\" content=\"image\/jpeg\" \/>\n<meta name=\"author\" content=\"Cope Alcoy\" \/>\n<meta name=\"twitter:label1\" content=\"Escrito por\" \/>\n\t<meta name=\"twitter:data1\" content=\"Cope Alcoy\" \/>\n\t<meta name=\"twitter:label2\" content=\"Tiempo de lectura\" \/>\n\t<meta name=\"twitter:data2\" content=\"3 minutos\" \/>\n<script type=\"application\/ld+json\" class=\"yoast-schema-graph\">{\"@context\":\"https:\\\/\\\/schema.org\",\"@graph\":[{\"@type\":\"Article\",\"@id\":\"https:\\\/\\\/www.copealcoy.es\\\/es\\\/el-toque-manual-de-campanas-una-sena-de-identidad-del-comtat-en-proceso-de-recuperacion\\\/#article\",\"isPartOf\":{\"@id\":\"https:\\\/\\\/www.copealcoy.es\\\/es\\\/el-toque-manual-de-campanas-una-sena-de-identidad-del-comtat-en-proceso-de-recuperacion\\\/\"},\"author\":{\"name\":\"Cope Alcoy\",\"@id\":\"https:\\\/\\\/www.copealcoy.es\\\/es\\\/#\\\/schema\\\/person\\\/e777c87fa024e57d40170af9df39882c\"},\"headline\":\"El toque manual de campanas, una se\u00f1a de identidad del Comtat en proceso de recuperaci\u00f3n\",\"datePublished\":\"2024-06-13T10:06:08+00:00\",\"dateModified\":\"2024-06-13T10:07:09+00:00\",\"mainEntityOfPage\":{\"@id\":\"https:\\\/\\\/www.copealcoy.es\\\/es\\\/el-toque-manual-de-campanas-una-sena-de-identidad-del-comtat-en-proceso-de-recuperacion\\\/\"},\"wordCount\":520,\"commentCount\":0,\"image\":{\"@id\":\"https:\\\/\\\/www.copealcoy.es\\\/es\\\/el-toque-manual-de-campanas-una-sena-de-identidad-del-comtat-en-proceso-de-recuperacion\\\/#primaryimage\"},\"thumbnailUrl\":\"https:\\\/\\\/www.copealcoy.es\\\/wp-content\\\/uploads\\\/2022\\\/12\\\/317446208_588172279976823_4950869280974495900_n.jpg\",\"keywords\":[\"Alcoi\u00e0\",\"Colla de Campaners del Comtat\",\"Comtat\",\"Documental\",\"toques manuales de campanas\"],\"articleSection\":[\"Actualidad\",\"Comarcas\",\"Noticias\"],\"inLanguage\":\"es\"},{\"@type\":\"WebPage\",\"@id\":\"https:\\\/\\\/www.copealcoy.es\\\/es\\\/el-toque-manual-de-campanas-una-sena-de-identidad-del-comtat-en-proceso-de-recuperacion\\\/\",\"url\":\"https:\\\/\\\/www.copealcoy.es\\\/es\\\/el-toque-manual-de-campanas-una-sena-de-identidad-del-comtat-en-proceso-de-recuperacion\\\/\",\"name\":\"El toque manual de campanas, una se\u00f1a de identidad del Comtat en proceso de recuperaci\u00f3n - COPE Alcoy\",\"isPartOf\":{\"@id\":\"https:\\\/\\\/www.copealcoy.es\\\/es\\\/#website\"},\"primaryImageOfPage\":{\"@id\":\"https:\\\/\\\/www.copealcoy.es\\\/es\\\/el-toque-manual-de-campanas-una-sena-de-identidad-del-comtat-en-proceso-de-recuperacion\\\/#primaryimage\"},\"image\":{\"@id\":\"https:\\\/\\\/www.copealcoy.es\\\/es\\\/el-toque-manual-de-campanas-una-sena-de-identidad-del-comtat-en-proceso-de-recuperacion\\\/#primaryimage\"},\"thumbnailUrl\":\"https:\\\/\\\/www.copealcoy.es\\\/wp-content\\\/uploads\\\/2022\\\/12\\\/317446208_588172279976823_4950869280974495900_n.jpg\",\"datePublished\":\"2024-06-13T10:06:08+00:00\",\"dateModified\":\"2024-06-13T10:07:09+00:00\",\"author\":{\"@id\":\"https:\\\/\\\/www.copealcoy.es\\\/es\\\/#\\\/schema\\\/person\\\/e777c87fa024e57d40170af9df39882c\"},\"description\":\"La Colla de Campaners del Comtat presenta una interesante documental que pone en valor los toques tradicionales de campanas de nuestras comarcas\",\"breadcrumb\":{\"@id\":\"https:\\\/\\\/www.copealcoy.es\\\/es\\\/el-toque-manual-de-campanas-una-sena-de-identidad-del-comtat-en-proceso-de-recuperacion\\\/#breadcrumb\"},\"inLanguage\":\"es\",\"potentialAction\":[{\"@type\":\"ReadAction\",\"target\":[\"https:\\\/\\\/www.copealcoy.es\\\/es\\\/el-toque-manual-de-campanas-una-sena-de-identidad-del-comtat-en-proceso-de-recuperacion\\\/\"]}]},{\"@type\":\"ImageObject\",\"inLanguage\":\"es\",\"@id\":\"https:\\\/\\\/www.copealcoy.es\\\/es\\\/el-toque-manual-de-campanas-una-sena-de-identidad-del-comtat-en-proceso-de-recuperacion\\\/#primaryimage\",\"url\":\"https:\\\/\\\/www.copealcoy.es\\\/wp-content\\\/uploads\\\/2022\\\/12\\\/317446208_588172279976823_4950869280974495900_n.jpg\",\"contentUrl\":\"https:\\\/\\\/www.copealcoy.es\\\/wp-content\\\/uploads\\\/2022\\\/12\\\/317446208_588172279976823_4950869280974495900_n.jpg\",\"width\":1110,\"height\":717},{\"@type\":\"BreadcrumbList\",\"@id\":\"https:\\\/\\\/www.copealcoy.es\\\/es\\\/el-toque-manual-de-campanas-una-sena-de-identidad-del-comtat-en-proceso-de-recuperacion\\\/#breadcrumb\",\"itemListElement\":[{\"@type\":\"ListItem\",\"position\":1,\"name\":\"Portada\",\"item\":\"https:\\\/\\\/www.copealcoy.es\\\/es\\\/\"},{\"@type\":\"ListItem\",\"position\":2,\"name\":\"El toque manual de campanas, una se\u00f1a de identidad del Comtat en proceso de recuperaci\u00f3n\"}]},{\"@type\":\"WebSite\",\"@id\":\"https:\\\/\\\/www.copealcoy.es\\\/es\\\/#website\",\"url\":\"https:\\\/\\\/www.copealcoy.es\\\/es\\\/\",\"name\":\"COPE Alcoy\",\"description\":\"Emisora COPE de radio local con emisi\u00f3n online. Pont de Sant Jordi 8-10 03803 Alcoy\",\"potentialAction\":[{\"@type\":\"SearchAction\",\"target\":{\"@type\":\"EntryPoint\",\"urlTemplate\":\"https:\\\/\\\/www.copealcoy.es\\\/es\\\/?s={search_term_string}\"},\"query-input\":{\"@type\":\"PropertyValueSpecification\",\"valueRequired\":true,\"valueName\":\"search_term_string\"}}],\"inLanguage\":\"es\"},{\"@type\":\"Person\",\"@id\":\"https:\\\/\\\/www.copealcoy.es\\\/es\\\/#\\\/schema\\\/person\\\/e777c87fa024e57d40170af9df39882c\",\"name\":\"Cope Alcoy\",\"image\":{\"@type\":\"ImageObject\",\"inLanguage\":\"es\",\"@id\":\"https:\\\/\\\/secure.gravatar.com\\\/avatar\\\/bb65d0283347e303893ba14f0692005417c1e0e690a325a4c5d8bb2b3943ee14?s=96&d=mm&r=g\",\"url\":\"https:\\\/\\\/secure.gravatar.com\\\/avatar\\\/bb65d0283347e303893ba14f0692005417c1e0e690a325a4c5d8bb2b3943ee14?s=96&d=mm&r=g\",\"contentUrl\":\"https:\\\/\\\/secure.gravatar.com\\\/avatar\\\/bb65d0283347e303893ba14f0692005417c1e0e690a325a4c5d8bb2b3943ee14?s=96&d=mm&r=g\",\"caption\":\"Cope Alcoy\"}}]}<\/script>\n<!-- \/ Yoast SEO plugin. -->","yoast_head_json":{"title":"El toque manual de campanas, una se\u00f1a de identidad del Comtat en proceso de recuperaci\u00f3n - COPE Alcoy","description":"La Colla de Campaners del Comtat presenta una interesante documental que pone en valor los toques tradicionales de campanas de nuestras comarcas","robots":{"index":"index","follow":"follow","max-snippet":"max-snippet:-1","max-image-preview":"max-image-preview:large","max-video-preview":"max-video-preview:-1"},"canonical":"https:\/\/www.copealcoy.es\/es\/el-toque-manual-de-campanas-una-sena-de-identidad-del-comtat-en-proceso-de-recuperacion\/","og_locale":"es_ES","og_type":"article","og_title":"El toque manual de campanas, una se\u00f1a de identidad del Comtat en proceso de recuperaci\u00f3n - COPE Alcoy","og_description":"La Colla de Campaners del Comtat presenta una interesante documental que pone en valor los toques tradicionales de campanas de nuestras comarcas","og_url":"https:\/\/www.copealcoy.es\/es\/el-toque-manual-de-campanas-una-sena-de-identidad-del-comtat-en-proceso-de-recuperacion\/","og_site_name":"COPE Alcoy","article_published_time":"2024-06-13T10:06:08+00:00","article_modified_time":"2024-06-13T10:07:09+00:00","og_image":[{"width":1110,"height":717,"url":"https:\/\/www.copealcoy.es\/wp-content\/uploads\/2022\/12\/317446208_588172279976823_4950869280974495900_n.jpg","type":"image\/jpeg"}],"author":"Cope Alcoy","twitter_misc":{"Escrito por":"Cope Alcoy","Tiempo de lectura":"3 minutos"},"schema":{"@context":"https:\/\/schema.org","@graph":[{"@type":"Article","@id":"https:\/\/www.copealcoy.es\/es\/el-toque-manual-de-campanas-una-sena-de-identidad-del-comtat-en-proceso-de-recuperacion\/#article","isPartOf":{"@id":"https:\/\/www.copealcoy.es\/es\/el-toque-manual-de-campanas-una-sena-de-identidad-del-comtat-en-proceso-de-recuperacion\/"},"author":{"name":"Cope Alcoy","@id":"https:\/\/www.copealcoy.es\/es\/#\/schema\/person\/e777c87fa024e57d40170af9df39882c"},"headline":"El toque manual de campanas, una se\u00f1a de identidad del Comtat en proceso de recuperaci\u00f3n","datePublished":"2024-06-13T10:06:08+00:00","dateModified":"2024-06-13T10:07:09+00:00","mainEntityOfPage":{"@id":"https:\/\/www.copealcoy.es\/es\/el-toque-manual-de-campanas-una-sena-de-identidad-del-comtat-en-proceso-de-recuperacion\/"},"wordCount":520,"commentCount":0,"image":{"@id":"https:\/\/www.copealcoy.es\/es\/el-toque-manual-de-campanas-una-sena-de-identidad-del-comtat-en-proceso-de-recuperacion\/#primaryimage"},"thumbnailUrl":"https:\/\/www.copealcoy.es\/wp-content\/uploads\/2022\/12\/317446208_588172279976823_4950869280974495900_n.jpg","keywords":["Alcoi\u00e0","Colla de Campaners del Comtat","Comtat","Documental","toques manuales de campanas"],"articleSection":["Actualidad","Comarcas","Noticias"],"inLanguage":"es"},{"@type":"WebPage","@id":"https:\/\/www.copealcoy.es\/es\/el-toque-manual-de-campanas-una-sena-de-identidad-del-comtat-en-proceso-de-recuperacion\/","url":"https:\/\/www.copealcoy.es\/es\/el-toque-manual-de-campanas-una-sena-de-identidad-del-comtat-en-proceso-de-recuperacion\/","name":"El toque manual de campanas, una se\u00f1a de identidad del Comtat en proceso de recuperaci\u00f3n - COPE Alcoy","isPartOf":{"@id":"https:\/\/www.copealcoy.es\/es\/#website"},"primaryImageOfPage":{"@id":"https:\/\/www.copealcoy.es\/es\/el-toque-manual-de-campanas-una-sena-de-identidad-del-comtat-en-proceso-de-recuperacion\/#primaryimage"},"image":{"@id":"https:\/\/www.copealcoy.es\/es\/el-toque-manual-de-campanas-una-sena-de-identidad-del-comtat-en-proceso-de-recuperacion\/#primaryimage"},"thumbnailUrl":"https:\/\/www.copealcoy.es\/wp-content\/uploads\/2022\/12\/317446208_588172279976823_4950869280974495900_n.jpg","datePublished":"2024-06-13T10:06:08+00:00","dateModified":"2024-06-13T10:07:09+00:00","author":{"@id":"https:\/\/www.copealcoy.es\/es\/#\/schema\/person\/e777c87fa024e57d40170af9df39882c"},"description":"La Colla de Campaners del Comtat presenta una interesante documental que pone en valor los toques tradicionales de campanas de nuestras comarcas","breadcrumb":{"@id":"https:\/\/www.copealcoy.es\/es\/el-toque-manual-de-campanas-una-sena-de-identidad-del-comtat-en-proceso-de-recuperacion\/#breadcrumb"},"inLanguage":"es","potentialAction":[{"@type":"ReadAction","target":["https:\/\/www.copealcoy.es\/es\/el-toque-manual-de-campanas-una-sena-de-identidad-del-comtat-en-proceso-de-recuperacion\/"]}]},{"@type":"ImageObject","inLanguage":"es","@id":"https:\/\/www.copealcoy.es\/es\/el-toque-manual-de-campanas-una-sena-de-identidad-del-comtat-en-proceso-de-recuperacion\/#primaryimage","url":"https:\/\/www.copealcoy.es\/wp-content\/uploads\/2022\/12\/317446208_588172279976823_4950869280974495900_n.jpg","contentUrl":"https:\/\/www.copealcoy.es\/wp-content\/uploads\/2022\/12\/317446208_588172279976823_4950869280974495900_n.jpg","width":1110,"height":717},{"@type":"BreadcrumbList","@id":"https:\/\/www.copealcoy.es\/es\/el-toque-manual-de-campanas-una-sena-de-identidad-del-comtat-en-proceso-de-recuperacion\/#breadcrumb","itemListElement":[{"@type":"ListItem","position":1,"name":"Portada","item":"https:\/\/www.copealcoy.es\/es\/"},{"@type":"ListItem","position":2,"name":"El toque manual de campanas, una se\u00f1a de identidad del Comtat en proceso de recuperaci\u00f3n"}]},{"@type":"WebSite","@id":"https:\/\/www.copealcoy.es\/es\/#website","url":"https:\/\/www.copealcoy.es\/es\/","name":"COPE Alcoy","description":"Emisora COPE de radio local con emisi\u00f3n online. Pont de Sant Jordi 8-10 03803 Alcoy","potentialAction":[{"@type":"SearchAction","target":{"@type":"EntryPoint","urlTemplate":"https:\/\/www.copealcoy.es\/es\/?s={search_term_string}"},"query-input":{"@type":"PropertyValueSpecification","valueRequired":true,"valueName":"search_term_string"}}],"inLanguage":"es"},{"@type":"Person","@id":"https:\/\/www.copealcoy.es\/es\/#\/schema\/person\/e777c87fa024e57d40170af9df39882c","name":"Cope Alcoy","image":{"@type":"ImageObject","inLanguage":"es","@id":"https:\/\/secure.gravatar.com\/avatar\/bb65d0283347e303893ba14f0692005417c1e0e690a325a4c5d8bb2b3943ee14?s=96&d=mm&r=g","url":"https:\/\/secure.gravatar.com\/avatar\/bb65d0283347e303893ba14f0692005417c1e0e690a325a4c5d8bb2b3943ee14?s=96&d=mm&r=g","contentUrl":"https:\/\/secure.gravatar.com\/avatar\/bb65d0283347e303893ba14f0692005417c1e0e690a325a4c5d8bb2b3943ee14?s=96&d=mm&r=g","caption":"Cope Alcoy"}}]}},"_links":{"self":[{"href":"https:\/\/www.copealcoy.es\/es\/wp-json\/wp\/v2\/posts\/134741","targetHints":{"allow":["GET"]}}],"collection":[{"href":"https:\/\/www.copealcoy.es\/es\/wp-json\/wp\/v2\/posts"}],"about":[{"href":"https:\/\/www.copealcoy.es\/es\/wp-json\/wp\/v2\/types\/post"}],"author":[{"embeddable":true,"href":"https:\/\/www.copealcoy.es\/es\/wp-json\/wp\/v2\/users\/1"}],"replies":[{"embeddable":true,"href":"https:\/\/www.copealcoy.es\/es\/wp-json\/wp\/v2\/comments?post=134741"}],"version-history":[{"count":0,"href":"https:\/\/www.copealcoy.es\/es\/wp-json\/wp\/v2\/posts\/134741\/revisions"}],"wp:featuredmedia":[{"embeddable":true,"href":"https:\/\/www.copealcoy.es\/es\/wp-json\/wp\/v2\/media\/94807"}],"wp:attachment":[{"href":"https:\/\/www.copealcoy.es\/es\/wp-json\/wp\/v2\/media?parent=134741"}],"wp:term":[{"taxonomy":"category","embeddable":true,"href":"https:\/\/www.copealcoy.es\/es\/wp-json\/wp\/v2\/categories?post=134741"},{"taxonomy":"post_tag","embeddable":true,"href":"https:\/\/www.copealcoy.es\/es\/wp-json\/wp\/v2\/tags?post=134741"}],"curies":[{"name":"wp","href":"https:\/\/api.w.org\/{rel}","templated":true}]}}