{"id":134711,"date":"2024-06-12T15:16:09","date_gmt":"2024-06-12T14:16:09","guid":{"rendered":"https:\/\/www.copealcoy.es\/?p=134711"},"modified":"2024-06-12T15:44:17","modified_gmt":"2024-06-12T14:44:17","slug":"las-lluvias-riegan-los-campos-de-la-comarca-no-es-suficiente-y-hace-falta-mas-agua","status":"publish","type":"post","link":"https:\/\/www.copealcoy.es\/es\/las-lluvias-riegan-los-campos-de-la-comarca-no-es-suficiente-y-hace-falta-mas-agua\/","title":{"rendered":"Las lluvias riegan los campos de la comarca &#8220;no es suficiente y hace falta m\u00e1s agua&#8221;"},"content":{"rendered":"<p style=\"text-align: justify;\">Las <strong>tormentas<\/strong> de los \u00faltimos d\u00edas <strong>est\u00e1n dejando importantes registros de lluvias en Alcoy y en nuestras comarcas<\/strong> tras meses de continua sequ\u00eda. De hecho, <strong>no llov\u00eda con intensidad desde la pasada primavera<\/strong>, salvo casos puntuales a finales de agosto o en septiembre de 2023; y esa situaci\u00f3n ya <strong>est\u00e1 pasando factura a los campos<\/strong> de las comarcas de l&#8217;Alcoi\u00e0 y el Comtat. Estas precipitaciones intensas, que<strong> hasta el momento no han dejado mayores da\u00f1os <\/strong>m\u00e1s all\u00e1 del granizo que cay\u00f3 a \u00faltima hora de la tarde del lunes en Alcoy, <strong>han aliviado<\/strong> las zonas de cultivo antes del verano &#8220;<em>pero para nada es suficiente. hace falta mucha m\u00e1s agua<\/em>&#8220;, reconocen los agricultores.<\/p>\n<p style=\"text-align: justify;\">Y es que la continua sequ\u00eda, con un invierno c\u00e1lido y una primavera sin casi precipitaciones, <strong>ha tenido importantes consecuencias en la vegetaci\u00f3n<\/strong> siendo esto tambi\u00e9n visible en <strong>algunas cosechas<\/strong>. La <strong>falta de agua<\/strong> ha afectado a frutales y tambi\u00e9n puede dejar rastro en la pr\u00f3xima campa\u00f1a de la aceituna &#8220;<em>los \u00e1rboles se han visto obligados a hacer un esfuerzo extra y eso se va a notar en la campa\u00f1a de este a\u00f1o pero tambi\u00e9n en la del a\u00f1o que viene porque la flor no va a salir igual a causa de la sequ\u00eda<\/em>&#8220;, destaca <strong>Rafael Montava<\/strong>; presidente de la Cooperativa Agr\u00edcola de Cocentaina. Y es que <strong>el d\u00e9ficit h\u00eddrico ya se nota en numerosas especies<\/strong> &#8220;<em>vemos algunas especies que no han sacado la hoja al completo y que est\u00e1n pelados por la parte de arriba, por esa falta de agua, y algunas especies en los montes est\u00e1n casi secas. Esto \u00faltimo hace que tengamos un aut\u00e9ntico polvor\u00edn de cara al verano y que se incremente tambi\u00e9n el riesgo de incendios forestales<\/em>&#8220;, detalla <strong>Tono Belda<\/strong>; profesor del Departamento de Ciencias de la Tierra y del Medio Ambiente de la UA.<\/p>\n<p><strong><span style=\"color: #0000ff;\">Sigue la alerta por fuertes tormentas<\/span><\/strong><\/p>\n<p style=\"text-align: justify;\">La <a href=\"https:\/\/www.aemet.es\/es\/eltiempo\/prediccion\/municipios\/alcoy-alcoi-id03009\" target=\"_blank\" rel=\"noopener\"><span style=\"color: #0000ff;\"><strong>Agencia Estatal de Meteorolog\u00eda (AEMET) <\/strong><\/span><\/a>establece este mi\u00e9rcoles el<strong> aviso amarillo<\/strong> en el interior de las tres provincias de la Comunitat Valenciana por fuertes chubascos que podr\u00edan acumular 20 l\/m2 en una hora e ir acompa\u00f1adas de tormenta. Esta alerta ha comenzado<strong>\u00a0a las 12:00 horas y est\u00e1 previsto que concluya a las 23:59 horas,\u00a0<\/strong>seg\u00fan AEMET, que indica que este mi\u00e9rcoles ser\u00e1 el \u00faltimo d\u00eda de chubascos y tormentas ya que a partir del jueves el tiempo se ir\u00e1 estabilizando.<\/p>\n<p><em><strong>Imagen:<\/strong> Rafa Albors<\/em><\/p>\n","protected":false},"excerpt":{"rendered":"<p>Las tormentas de los \u00faltimos d\u00edas est\u00e1n dejando importantes registros de lluvias en Alcoy y en nuestras comarcas tras meses&#8230;<\/p>\n","protected":false},"author":1,"featured_media":134712,"comment_status":"open","ping_status":"open","sticky":false,"template":"","format":"standard","meta":{"footnotes":""},"categories":[6909,98,75,125],"tags":[399,482,1494,237,1340,535],"class_list":["post-134711","post","type-post","status-publish","format-standard","has-post-thumbnail","hentry","category-actualidad","category-comarcas","category-noticias","category-portada","tag-agricultura","tag-alcoia","tag-alcoy","tag-comtat","tag-lluvias","tag-sequia"],"yoast_head":"<!-- This site is optimized with the Yoast SEO plugin v27.3 - https:\/\/yoast.com\/product\/yoast-seo-wordpress\/ -->\n<title>Las lluvias riegan los campos de la comarca &quot;no es suficiente y hace falta m\u00e1s agua&quot; - COPE Alcoy<\/title>\n<meta name=\"robots\" content=\"index, follow, max-snippet:-1, max-image-preview:large, max-video-preview:-1\" \/>\n<link rel=\"canonical\" href=\"https:\/\/www.copealcoy.es\/es\/las-lluvias-riegan-los-campos-de-la-comarca-no-es-suficiente-y-hace-falta-mas-agua\/\" \/>\n<meta property=\"og:locale\" content=\"es_ES\" \/>\n<meta property=\"og:type\" content=\"article\" \/>\n<meta property=\"og:title\" content=\"Las lluvias riegan los campos de la comarca &quot;no es suficiente y hace falta m\u00e1s agua&quot; - COPE Alcoy\" \/>\n<meta property=\"og:description\" content=\"Las tormentas de los \u00faltimos d\u00edas est\u00e1n dejando importantes registros de lluvias en Alcoy y en nuestras comarcas tras meses...\" \/>\n<meta property=\"og:url\" content=\"https:\/\/www.copealcoy.es\/es\/las-lluvias-riegan-los-campos-de-la-comarca-no-es-suficiente-y-hace-falta-mas-agua\/\" \/>\n<meta property=\"og:site_name\" content=\"COPE Alcoy\" \/>\n<meta property=\"article:published_time\" content=\"2024-06-12T14:16:09+00:00\" \/>\n<meta property=\"article:modified_time\" content=\"2024-06-12T14:44:17+00:00\" \/>\n<meta property=\"og:image\" content=\"https:\/\/www.copealcoy.es\/wp-content\/uploads\/2024\/06\/unnamed-1-13.jpg\" \/>\n\t<meta property=\"og:image:width\" content=\"1173\" \/>\n\t<meta property=\"og:image:height\" content=\"796\" \/>\n\t<meta property=\"og:image:type\" content=\"image\/jpeg\" \/>\n<meta name=\"author\" content=\"Cope Alcoy\" \/>\n<meta name=\"twitter:label1\" content=\"Escrito por\" \/>\n\t<meta name=\"twitter:data1\" content=\"Cope Alcoy\" \/>\n\t<meta name=\"twitter:label2\" content=\"Tiempo de lectura\" \/>\n\t<meta name=\"twitter:data2\" content=\"3 minutos\" \/>\n<script type=\"application\/ld+json\" class=\"yoast-schema-graph\">{\"@context\":\"https:\\\/\\\/schema.org\",\"@graph\":[{\"@type\":\"Article\",\"@id\":\"https:\\\/\\\/www.copealcoy.es\\\/es\\\/las-lluvias-riegan-los-campos-de-la-comarca-no-es-suficiente-y-hace-falta-mas-agua\\\/#article\",\"isPartOf\":{\"@id\":\"https:\\\/\\\/www.copealcoy.es\\\/es\\\/las-lluvias-riegan-los-campos-de-la-comarca-no-es-suficiente-y-hace-falta-mas-agua\\\/\"},\"author\":{\"name\":\"Cope Alcoy\",\"@id\":\"https:\\\/\\\/www.copealcoy.es\\\/es\\\/#\\\/schema\\\/person\\\/e777c87fa024e57d40170af9df39882c\"},\"headline\":\"Las lluvias riegan los campos de la comarca &#8220;no es suficiente y hace falta m\u00e1s agua&#8221;\",\"datePublished\":\"2024-06-12T14:16:09+00:00\",\"dateModified\":\"2024-06-12T14:44:17+00:00\",\"mainEntityOfPage\":{\"@id\":\"https:\\\/\\\/www.copealcoy.es\\\/es\\\/las-lluvias-riegan-los-campos-de-la-comarca-no-es-suficiente-y-hace-falta-mas-agua\\\/\"},\"wordCount\":444,\"commentCount\":0,\"image\":{\"@id\":\"https:\\\/\\\/www.copealcoy.es\\\/es\\\/las-lluvias-riegan-los-campos-de-la-comarca-no-es-suficiente-y-hace-falta-mas-agua\\\/#primaryimage\"},\"thumbnailUrl\":\"https:\\\/\\\/www.copealcoy.es\\\/wp-content\\\/uploads\\\/2024\\\/06\\\/unnamed-1-13.jpg\",\"keywords\":[\"Agricultura\",\"Alcoi\u00e0\",\"Alcoy\",\"Comtat\",\"lluvias\",\"Sequ\u00eda\"],\"articleSection\":[\"Actualidad\",\"Comarcas\",\"Noticias\",\"Portada\"],\"inLanguage\":\"es\"},{\"@type\":\"WebPage\",\"@id\":\"https:\\\/\\\/www.copealcoy.es\\\/es\\\/las-lluvias-riegan-los-campos-de-la-comarca-no-es-suficiente-y-hace-falta-mas-agua\\\/\",\"url\":\"https:\\\/\\\/www.copealcoy.es\\\/es\\\/las-lluvias-riegan-los-campos-de-la-comarca-no-es-suficiente-y-hace-falta-mas-agua\\\/\",\"name\":\"Las lluvias riegan los campos de la comarca \\\"no es suficiente y hace falta m\u00e1s agua\\\" - COPE Alcoy\",\"isPartOf\":{\"@id\":\"https:\\\/\\\/www.copealcoy.es\\\/es\\\/#website\"},\"primaryImageOfPage\":{\"@id\":\"https:\\\/\\\/www.copealcoy.es\\\/es\\\/las-lluvias-riegan-los-campos-de-la-comarca-no-es-suficiente-y-hace-falta-mas-agua\\\/#primaryimage\"},\"image\":{\"@id\":\"https:\\\/\\\/www.copealcoy.es\\\/es\\\/las-lluvias-riegan-los-campos-de-la-comarca-no-es-suficiente-y-hace-falta-mas-agua\\\/#primaryimage\"},\"thumbnailUrl\":\"https:\\\/\\\/www.copealcoy.es\\\/wp-content\\\/uploads\\\/2024\\\/06\\\/unnamed-1-13.jpg\",\"datePublished\":\"2024-06-12T14:16:09+00:00\",\"dateModified\":\"2024-06-12T14:44:17+00:00\",\"author\":{\"@id\":\"https:\\\/\\\/www.copealcoy.es\\\/es\\\/#\\\/schema\\\/person\\\/e777c87fa024e57d40170af9df39882c\"},\"breadcrumb\":{\"@id\":\"https:\\\/\\\/www.copealcoy.es\\\/es\\\/las-lluvias-riegan-los-campos-de-la-comarca-no-es-suficiente-y-hace-falta-mas-agua\\\/#breadcrumb\"},\"inLanguage\":\"es\",\"potentialAction\":[{\"@type\":\"ReadAction\",\"target\":[\"https:\\\/\\\/www.copealcoy.es\\\/es\\\/las-lluvias-riegan-los-campos-de-la-comarca-no-es-suficiente-y-hace-falta-mas-agua\\\/\"]}]},{\"@type\":\"ImageObject\",\"inLanguage\":\"es\",\"@id\":\"https:\\\/\\\/www.copealcoy.es\\\/es\\\/las-lluvias-riegan-los-campos-de-la-comarca-no-es-suficiente-y-hace-falta-mas-agua\\\/#primaryimage\",\"url\":\"https:\\\/\\\/www.copealcoy.es\\\/wp-content\\\/uploads\\\/2024\\\/06\\\/unnamed-1-13.jpg\",\"contentUrl\":\"https:\\\/\\\/www.copealcoy.es\\\/wp-content\\\/uploads\\\/2024\\\/06\\\/unnamed-1-13.jpg\",\"width\":1173,\"height\":796},{\"@type\":\"BreadcrumbList\",\"@id\":\"https:\\\/\\\/www.copealcoy.es\\\/es\\\/las-lluvias-riegan-los-campos-de-la-comarca-no-es-suficiente-y-hace-falta-mas-agua\\\/#breadcrumb\",\"itemListElement\":[{\"@type\":\"ListItem\",\"position\":1,\"name\":\"Portada\",\"item\":\"https:\\\/\\\/www.copealcoy.es\\\/es\\\/\"},{\"@type\":\"ListItem\",\"position\":2,\"name\":\"Las lluvias riegan los campos de la comarca \u00abno es suficiente y hace falta m\u00e1s agua\u00bb\"}]},{\"@type\":\"WebSite\",\"@id\":\"https:\\\/\\\/www.copealcoy.es\\\/es\\\/#website\",\"url\":\"https:\\\/\\\/www.copealcoy.es\\\/es\\\/\",\"name\":\"COPE Alcoy\",\"description\":\"Emisora COPE de radio local con emisi\u00f3n online. Pont de Sant Jordi 8-10 03803 Alcoy\",\"potentialAction\":[{\"@type\":\"SearchAction\",\"target\":{\"@type\":\"EntryPoint\",\"urlTemplate\":\"https:\\\/\\\/www.copealcoy.es\\\/es\\\/?s={search_term_string}\"},\"query-input\":{\"@type\":\"PropertyValueSpecification\",\"valueRequired\":true,\"valueName\":\"search_term_string\"}}],\"inLanguage\":\"es\"},{\"@type\":\"Person\",\"@id\":\"https:\\\/\\\/www.copealcoy.es\\\/es\\\/#\\\/schema\\\/person\\\/e777c87fa024e57d40170af9df39882c\",\"name\":\"Cope Alcoy\",\"image\":{\"@type\":\"ImageObject\",\"inLanguage\":\"es\",\"@id\":\"https:\\\/\\\/secure.gravatar.com\\\/avatar\\\/bb65d0283347e303893ba14f0692005417c1e0e690a325a4c5d8bb2b3943ee14?s=96&d=mm&r=g\",\"url\":\"https:\\\/\\\/secure.gravatar.com\\\/avatar\\\/bb65d0283347e303893ba14f0692005417c1e0e690a325a4c5d8bb2b3943ee14?s=96&d=mm&r=g\",\"contentUrl\":\"https:\\\/\\\/secure.gravatar.com\\\/avatar\\\/bb65d0283347e303893ba14f0692005417c1e0e690a325a4c5d8bb2b3943ee14?s=96&d=mm&r=g\",\"caption\":\"Cope Alcoy\"}}]}<\/script>\n<!-- \/ Yoast SEO plugin. -->","yoast_head_json":{"title":"Las lluvias riegan los campos de la comarca \"no es suficiente y hace falta m\u00e1s agua\" - COPE Alcoy","robots":{"index":"index","follow":"follow","max-snippet":"max-snippet:-1","max-image-preview":"max-image-preview:large","max-video-preview":"max-video-preview:-1"},"canonical":"https:\/\/www.copealcoy.es\/es\/las-lluvias-riegan-los-campos-de-la-comarca-no-es-suficiente-y-hace-falta-mas-agua\/","og_locale":"es_ES","og_type":"article","og_title":"Las lluvias riegan los campos de la comarca \"no es suficiente y hace falta m\u00e1s agua\" - COPE Alcoy","og_description":"Las tormentas de los \u00faltimos d\u00edas est\u00e1n dejando importantes registros de lluvias en Alcoy y en nuestras comarcas tras meses...","og_url":"https:\/\/www.copealcoy.es\/es\/las-lluvias-riegan-los-campos-de-la-comarca-no-es-suficiente-y-hace-falta-mas-agua\/","og_site_name":"COPE Alcoy","article_published_time":"2024-06-12T14:16:09+00:00","article_modified_time":"2024-06-12T14:44:17+00:00","og_image":[{"width":1173,"height":796,"url":"https:\/\/www.copealcoy.es\/wp-content\/uploads\/2024\/06\/unnamed-1-13.jpg","type":"image\/jpeg"}],"author":"Cope Alcoy","twitter_misc":{"Escrito por":"Cope Alcoy","Tiempo de lectura":"3 minutos"},"schema":{"@context":"https:\/\/schema.org","@graph":[{"@type":"Article","@id":"https:\/\/www.copealcoy.es\/es\/las-lluvias-riegan-los-campos-de-la-comarca-no-es-suficiente-y-hace-falta-mas-agua\/#article","isPartOf":{"@id":"https:\/\/www.copealcoy.es\/es\/las-lluvias-riegan-los-campos-de-la-comarca-no-es-suficiente-y-hace-falta-mas-agua\/"},"author":{"name":"Cope Alcoy","@id":"https:\/\/www.copealcoy.es\/es\/#\/schema\/person\/e777c87fa024e57d40170af9df39882c"},"headline":"Las lluvias riegan los campos de la comarca &#8220;no es suficiente y hace falta m\u00e1s agua&#8221;","datePublished":"2024-06-12T14:16:09+00:00","dateModified":"2024-06-12T14:44:17+00:00","mainEntityOfPage":{"@id":"https:\/\/www.copealcoy.es\/es\/las-lluvias-riegan-los-campos-de-la-comarca-no-es-suficiente-y-hace-falta-mas-agua\/"},"wordCount":444,"commentCount":0,"image":{"@id":"https:\/\/www.copealcoy.es\/es\/las-lluvias-riegan-los-campos-de-la-comarca-no-es-suficiente-y-hace-falta-mas-agua\/#primaryimage"},"thumbnailUrl":"https:\/\/www.copealcoy.es\/wp-content\/uploads\/2024\/06\/unnamed-1-13.jpg","keywords":["Agricultura","Alcoi\u00e0","Alcoy","Comtat","lluvias","Sequ\u00eda"],"articleSection":["Actualidad","Comarcas","Noticias","Portada"],"inLanguage":"es"},{"@type":"WebPage","@id":"https:\/\/www.copealcoy.es\/es\/las-lluvias-riegan-los-campos-de-la-comarca-no-es-suficiente-y-hace-falta-mas-agua\/","url":"https:\/\/www.copealcoy.es\/es\/las-lluvias-riegan-los-campos-de-la-comarca-no-es-suficiente-y-hace-falta-mas-agua\/","name":"Las lluvias riegan los campos de la comarca \"no es suficiente y hace falta m\u00e1s agua\" - COPE Alcoy","isPartOf":{"@id":"https:\/\/www.copealcoy.es\/es\/#website"},"primaryImageOfPage":{"@id":"https:\/\/www.copealcoy.es\/es\/las-lluvias-riegan-los-campos-de-la-comarca-no-es-suficiente-y-hace-falta-mas-agua\/#primaryimage"},"image":{"@id":"https:\/\/www.copealcoy.es\/es\/las-lluvias-riegan-los-campos-de-la-comarca-no-es-suficiente-y-hace-falta-mas-agua\/#primaryimage"},"thumbnailUrl":"https:\/\/www.copealcoy.es\/wp-content\/uploads\/2024\/06\/unnamed-1-13.jpg","datePublished":"2024-06-12T14:16:09+00:00","dateModified":"2024-06-12T14:44:17+00:00","author":{"@id":"https:\/\/www.copealcoy.es\/es\/#\/schema\/person\/e777c87fa024e57d40170af9df39882c"},"breadcrumb":{"@id":"https:\/\/www.copealcoy.es\/es\/las-lluvias-riegan-los-campos-de-la-comarca-no-es-suficiente-y-hace-falta-mas-agua\/#breadcrumb"},"inLanguage":"es","potentialAction":[{"@type":"ReadAction","target":["https:\/\/www.copealcoy.es\/es\/las-lluvias-riegan-los-campos-de-la-comarca-no-es-suficiente-y-hace-falta-mas-agua\/"]}]},{"@type":"ImageObject","inLanguage":"es","@id":"https:\/\/www.copealcoy.es\/es\/las-lluvias-riegan-los-campos-de-la-comarca-no-es-suficiente-y-hace-falta-mas-agua\/#primaryimage","url":"https:\/\/www.copealcoy.es\/wp-content\/uploads\/2024\/06\/unnamed-1-13.jpg","contentUrl":"https:\/\/www.copealcoy.es\/wp-content\/uploads\/2024\/06\/unnamed-1-13.jpg","width":1173,"height":796},{"@type":"BreadcrumbList","@id":"https:\/\/www.copealcoy.es\/es\/las-lluvias-riegan-los-campos-de-la-comarca-no-es-suficiente-y-hace-falta-mas-agua\/#breadcrumb","itemListElement":[{"@type":"ListItem","position":1,"name":"Portada","item":"https:\/\/www.copealcoy.es\/es\/"},{"@type":"ListItem","position":2,"name":"Las lluvias riegan los campos de la comarca \u00abno es suficiente y hace falta m\u00e1s agua\u00bb"}]},{"@type":"WebSite","@id":"https:\/\/www.copealcoy.es\/es\/#website","url":"https:\/\/www.copealcoy.es\/es\/","name":"COPE Alcoy","description":"Emisora COPE de radio local con emisi\u00f3n online. Pont de Sant Jordi 8-10 03803 Alcoy","potentialAction":[{"@type":"SearchAction","target":{"@type":"EntryPoint","urlTemplate":"https:\/\/www.copealcoy.es\/es\/?s={search_term_string}"},"query-input":{"@type":"PropertyValueSpecification","valueRequired":true,"valueName":"search_term_string"}}],"inLanguage":"es"},{"@type":"Person","@id":"https:\/\/www.copealcoy.es\/es\/#\/schema\/person\/e777c87fa024e57d40170af9df39882c","name":"Cope Alcoy","image":{"@type":"ImageObject","inLanguage":"es","@id":"https:\/\/secure.gravatar.com\/avatar\/bb65d0283347e303893ba14f0692005417c1e0e690a325a4c5d8bb2b3943ee14?s=96&d=mm&r=g","url":"https:\/\/secure.gravatar.com\/avatar\/bb65d0283347e303893ba14f0692005417c1e0e690a325a4c5d8bb2b3943ee14?s=96&d=mm&r=g","contentUrl":"https:\/\/secure.gravatar.com\/avatar\/bb65d0283347e303893ba14f0692005417c1e0e690a325a4c5d8bb2b3943ee14?s=96&d=mm&r=g","caption":"Cope Alcoy"}}]}},"_links":{"self":[{"href":"https:\/\/www.copealcoy.es\/es\/wp-json\/wp\/v2\/posts\/134711","targetHints":{"allow":["GET"]}}],"collection":[{"href":"https:\/\/www.copealcoy.es\/es\/wp-json\/wp\/v2\/posts"}],"about":[{"href":"https:\/\/www.copealcoy.es\/es\/wp-json\/wp\/v2\/types\/post"}],"author":[{"embeddable":true,"href":"https:\/\/www.copealcoy.es\/es\/wp-json\/wp\/v2\/users\/1"}],"replies":[{"embeddable":true,"href":"https:\/\/www.copealcoy.es\/es\/wp-json\/wp\/v2\/comments?post=134711"}],"version-history":[{"count":0,"href":"https:\/\/www.copealcoy.es\/es\/wp-json\/wp\/v2\/posts\/134711\/revisions"}],"wp:featuredmedia":[{"embeddable":true,"href":"https:\/\/www.copealcoy.es\/es\/wp-json\/wp\/v2\/media\/134712"}],"wp:attachment":[{"href":"https:\/\/www.copealcoy.es\/es\/wp-json\/wp\/v2\/media?parent=134711"}],"wp:term":[{"taxonomy":"category","embeddable":true,"href":"https:\/\/www.copealcoy.es\/es\/wp-json\/wp\/v2\/categories?post=134711"},{"taxonomy":"post_tag","embeddable":true,"href":"https:\/\/www.copealcoy.es\/es\/wp-json\/wp\/v2\/tags?post=134711"}],"curies":[{"name":"wp","href":"https:\/\/api.w.org\/{rel}","templated":true}]}}