{"id":134660,"date":"2024-06-11T15:47:41","date_gmt":"2024-06-11T14:47:41","guid":{"rendered":"https:\/\/www.copealcoy.es\/?p=134660"},"modified":"2024-06-12T12:12:45","modified_gmt":"2024-06-12T11:12:45","slug":"el-psoe-hace-balance-del-primer-ano-de-legislatura-para-nosotros-alcoy-sur-es-una-apuesta-firme","status":"publish","type":"post","link":"https:\/\/www.copealcoy.es\/es\/el-psoe-hace-balance-del-primer-ano-de-legislatura-para-nosotros-alcoy-sur-es-una-apuesta-firme\/","title":{"rendered":"El PSOE hace balance del primer a\u00f1o de legislatura &#8220;para nosotros Alcoy Sur es una apuesta firme&#8221;"},"content":{"rendered":"<p style=\"text-align: justify;\">Esta semana <strong>se cumple un a\u00f1o del inicio de la actual legislatura<\/strong> tras las Elecciones Municipales de mayo de 2023, <strong>unos comicios en los que el Partido Socialista de Alcoy perdi\u00f3 tres concejales<\/strong> pasando de los 12 obtenidos en 2019 a los 9 con los que cuenta actualmente. Este hecho propici\u00f3 que<strong> los socialistas alcanzaran un pacto de gobierno con Comprom\u00eds<\/strong> con el fin de dar forma a un ejecutivo que <strong>sigue necesitando de acuerdos puntuales<\/strong> de cara a sacar adelante por mayor\u00eda importantes cuestiones, algo que <a href=\"https:\/\/www.copealcoy.es\/aprobado-el-presupuesto-municipal-de-alcoy-con-los-votos-en-contra-del-pp-y-vox\/\" target=\"_blank\" rel=\"noopener\"><span style=\"color: #0000ff;\"><strong>ya vimos la pasada semana cuando los dos partidos precisaron de la abstenci\u00f3n de Guanyar Alcoi<\/strong><\/span><\/a> para poder aprobar el Presupuesto Municipal de 2024.<\/p>\n<p style=\"text-align: justify;\">Desde el PSOE <strong>hacen balance del tiempo transcurrido hasta ahora<\/strong> y afirman que &#8220;<em>han escuchado el mensaje de la ciudadan\u00eda<\/em>&#8221; apostando &#8220;<em>por reforzar la conexi\u00f3n con la ciudadana e incrementar la participaci\u00f3n para hacer realidad importantes proyectos<\/em>&#8220;, destacan. Los socialistas tambi\u00e9n se\u00f1alan que en sus a\u00f1os al frente del gobierno local <strong>se han conseguido logros<\/strong> como una reducci\u00f3n del paro, mayor afiliaci\u00f3n a la Seguridad Social o un incremento de la poblaci\u00f3n de la ciudad superando de nuevo la barrera psicol\u00f3gica de los 60.000 habitantes. Por otro lado insisten en que existe &#8220;<em>confianza mutua<\/em>&#8221; con los socios de gobierno de Comprom\u00eds y <strong>dejan un recado a los partidos de la oposici\u00f3n; especialmente para el Partido Popular<\/strong> &#8220;<em>m\u00e1s colaboraci\u00f3n para que lleguen a Alcoy las inversiones que merece la ciudad por parte de la Generalitat Valenciana y la Diputaci\u00f3n de Alicante. El nuevo gobierno de Maz\u00f3n no ha presentado este a\u00f1o ni un solo proyecto para la ciudad y todos los que ha anunciado que se van a hacer ya estaban trabajados o comprometidos por el Bot\u00e0nic. La Diputaci\u00f3n, por su parte, ha recortado muchas de las ayudas que el pasado a\u00f1o supusieron unos dos millones de euros para Alcoy<\/em>&#8220;, ha afirmado el alcalde; <strong>Toni Franc\u00e9s<\/strong>.<\/p>\n<p style=\"text-align: justify;\">La formaci\u00f3n pol\u00edtica <strong>saca pecho pecho<\/strong> de las ayudas otorgadas a colectivos vulnerables, la ejecuci\u00f3n del parking de La Riba, la construcci\u00f3n de la rotonda norte, la reurbanizaci\u00f3n de la calle Sant Josep o la consolidaci\u00f3n de la torre portal de Cocentaina; entre otras muchas.\u00a0 El <strong>mantenimiento de la ciudad<\/strong>, con proyectos como la reciente mejora en la V\u00eda Verde, es otro de los retos a corto plazo que los socialistas se marcan despu\u00e9s de este primer a\u00f1o de legislatura &#8220;<em>esta misma semana tenemos una nueva cita con la oposici\u00f3n, y con diferentes colectivos para seguir trabajando en mejorar la accesibilidad. En el \u00faltimo a\u00f1o, por ejemplo, se han destinado 600.000 euros en estas cuestiones<\/em>&#8220;, ha dicho el secretario general del partido y portavoz del grupo municipal en el Ayuntamiento; <strong>Jordi Mart\u00ednez<\/strong>.<\/p>\n<p style=\"text-align: justify;\">Por \u00faltimo el PSPV local <strong>se ha referido al desarrollo de suelo industrial<\/strong>, una de las principales necesidades que ahora mismo tiene Alcoy de cara a atraer nuevas empresas y favorecer el crecimiento de las ya existentes en nuestro t\u00e9rmino municipal. En este sentido <strong>Franc\u00e9s ha dejado claro<\/strong> que &#8220;<em>la voluntad del partido, y m\u00eda como alcalde, es trabajar con la Generalitat Valenciana para que el pol\u00edgono Alcoy Sur sea una realidad<\/em>&#8220;, concluy\u00f3.<\/p>\n","protected":false},"excerpt":{"rendered":"<p>Esta semana se cumple un a\u00f1o del inicio de la actual legislatura tras las Elecciones Municipales de mayo de 2023,&#8230;<\/p>\n","protected":false},"author":1,"featured_media":134661,"comment_status":"open","ping_status":"open","sticky":false,"template":"","format":"standard","meta":{"footnotes":""},"categories":[97,75,79],"tags":[1494,430,927,3405,16974,681],"class_list":["post-134660","post","type-post","status-publish","format-standard","has-post-thumbnail","hentry","category-alcoy","category-noticias","category-politicayeconomia","tag-alcoy","tag-balance","tag-jordi-martinez","tag-partido-socialista","tag-primer-ano-de-legislatura","tag-toni-frances"],"yoast_head":"<!-- This site is optimized with the Yoast SEO plugin v27.3 - https:\/\/yoast.com\/product\/yoast-seo-wordpress\/ -->\n<title>El PSOE hace balance del primer a\u00f1o de legislatura &quot;para nosotros Alcoy Sur es una apuesta firme&quot; - COPE Alcoy<\/title>\n<meta name=\"description\" content=\"El Partido Socialista de Alcoy hace balance un a\u00f1o despu\u00e9s de la formaci\u00f3n del gobierno local tras las Elecciones Municipales 2023\" \/>\n<meta name=\"robots\" content=\"index, follow, max-snippet:-1, max-image-preview:large, max-video-preview:-1\" \/>\n<link rel=\"canonical\" href=\"https:\/\/www.copealcoy.es\/es\/el-psoe-hace-balance-del-primer-ano-de-legislatura-para-nosotros-alcoy-sur-es-una-apuesta-firme\/\" \/>\n<meta property=\"og:locale\" content=\"es_ES\" \/>\n<meta property=\"og:type\" content=\"article\" \/>\n<meta property=\"og:title\" content=\"El PSOE hace balance del primer a\u00f1o de legislatura &quot;para nosotros Alcoy Sur es una apuesta firme&quot; - COPE Alcoy\" \/>\n<meta property=\"og:description\" content=\"El Partido Socialista de Alcoy hace balance un a\u00f1o despu\u00e9s de la formaci\u00f3n del gobierno local tras las Elecciones Municipales 2023\" \/>\n<meta property=\"og:url\" content=\"https:\/\/www.copealcoy.es\/es\/el-psoe-hace-balance-del-primer-ano-de-legislatura-para-nosotros-alcoy-sur-es-una-apuesta-firme\/\" \/>\n<meta property=\"og:site_name\" content=\"COPE Alcoy\" \/>\n<meta property=\"article:published_time\" content=\"2024-06-11T14:47:41+00:00\" \/>\n<meta property=\"article:modified_time\" content=\"2024-06-12T11:12:45+00:00\" \/>\n<meta property=\"og:image\" content=\"https:\/\/www.copealcoy.es\/wp-content\/uploads\/2024\/06\/unnamed-1-11-scaled.jpg\" \/>\n\t<meta property=\"og:image:width\" content=\"1783\" \/>\n\t<meta property=\"og:image:height\" content=\"1080\" \/>\n\t<meta property=\"og:image:type\" content=\"image\/jpeg\" \/>\n<meta name=\"author\" content=\"Cope Alcoy\" \/>\n<meta name=\"twitter:label1\" content=\"Escrito por\" \/>\n\t<meta name=\"twitter:data1\" content=\"Cope Alcoy\" \/>\n\t<meta name=\"twitter:label2\" content=\"Tiempo de lectura\" \/>\n\t<meta name=\"twitter:data2\" content=\"3 minutos\" \/>\n<script type=\"application\/ld+json\" class=\"yoast-schema-graph\">{\"@context\":\"https:\\\/\\\/schema.org\",\"@graph\":[{\"@type\":\"Article\",\"@id\":\"https:\\\/\\\/www.copealcoy.es\\\/es\\\/el-psoe-hace-balance-del-primer-ano-de-legislatura-para-nosotros-alcoy-sur-es-una-apuesta-firme\\\/#article\",\"isPartOf\":{\"@id\":\"https:\\\/\\\/www.copealcoy.es\\\/es\\\/el-psoe-hace-balance-del-primer-ano-de-legislatura-para-nosotros-alcoy-sur-es-una-apuesta-firme\\\/\"},\"author\":{\"name\":\"Cope Alcoy\",\"@id\":\"https:\\\/\\\/www.copealcoy.es\\\/es\\\/#\\\/schema\\\/person\\\/e777c87fa024e57d40170af9df39882c\"},\"headline\":\"El PSOE hace balance del primer a\u00f1o de legislatura &#8220;para nosotros Alcoy Sur es una apuesta firme&#8221;\",\"datePublished\":\"2024-06-11T14:47:41+00:00\",\"dateModified\":\"2024-06-12T11:12:45+00:00\",\"mainEntityOfPage\":{\"@id\":\"https:\\\/\\\/www.copealcoy.es\\\/es\\\/el-psoe-hace-balance-del-primer-ano-de-legislatura-para-nosotros-alcoy-sur-es-una-apuesta-firme\\\/\"},\"wordCount\":573,\"commentCount\":0,\"image\":{\"@id\":\"https:\\\/\\\/www.copealcoy.es\\\/es\\\/el-psoe-hace-balance-del-primer-ano-de-legislatura-para-nosotros-alcoy-sur-es-una-apuesta-firme\\\/#primaryimage\"},\"thumbnailUrl\":\"https:\\\/\\\/www.copealcoy.es\\\/wp-content\\\/uploads\\\/2024\\\/06\\\/unnamed-1-11-scaled.jpg\",\"keywords\":[\"Alcoy\",\"Balance\",\"Jordi Mart\u00ednez\",\"Partido Socialista\",\"primer a\u00f1o de legislatura\",\"Toni Franc\u00e9s\"],\"articleSection\":[\"Alcoy\",\"Noticias\",\"Pol\u00edtica y Econom\u00eda\"],\"inLanguage\":\"es\"},{\"@type\":\"WebPage\",\"@id\":\"https:\\\/\\\/www.copealcoy.es\\\/es\\\/el-psoe-hace-balance-del-primer-ano-de-legislatura-para-nosotros-alcoy-sur-es-una-apuesta-firme\\\/\",\"url\":\"https:\\\/\\\/www.copealcoy.es\\\/es\\\/el-psoe-hace-balance-del-primer-ano-de-legislatura-para-nosotros-alcoy-sur-es-una-apuesta-firme\\\/\",\"name\":\"El PSOE hace balance del primer a\u00f1o de legislatura \\\"para nosotros Alcoy Sur es una apuesta firme\\\" - COPE Alcoy\",\"isPartOf\":{\"@id\":\"https:\\\/\\\/www.copealcoy.es\\\/es\\\/#website\"},\"primaryImageOfPage\":{\"@id\":\"https:\\\/\\\/www.copealcoy.es\\\/es\\\/el-psoe-hace-balance-del-primer-ano-de-legislatura-para-nosotros-alcoy-sur-es-una-apuesta-firme\\\/#primaryimage\"},\"image\":{\"@id\":\"https:\\\/\\\/www.copealcoy.es\\\/es\\\/el-psoe-hace-balance-del-primer-ano-de-legislatura-para-nosotros-alcoy-sur-es-una-apuesta-firme\\\/#primaryimage\"},\"thumbnailUrl\":\"https:\\\/\\\/www.copealcoy.es\\\/wp-content\\\/uploads\\\/2024\\\/06\\\/unnamed-1-11-scaled.jpg\",\"datePublished\":\"2024-06-11T14:47:41+00:00\",\"dateModified\":\"2024-06-12T11:12:45+00:00\",\"author\":{\"@id\":\"https:\\\/\\\/www.copealcoy.es\\\/es\\\/#\\\/schema\\\/person\\\/e777c87fa024e57d40170af9df39882c\"},\"description\":\"El Partido Socialista de Alcoy hace balance un a\u00f1o despu\u00e9s de la formaci\u00f3n del gobierno local tras las Elecciones Municipales 2023\",\"breadcrumb\":{\"@id\":\"https:\\\/\\\/www.copealcoy.es\\\/es\\\/el-psoe-hace-balance-del-primer-ano-de-legislatura-para-nosotros-alcoy-sur-es-una-apuesta-firme\\\/#breadcrumb\"},\"inLanguage\":\"es\",\"potentialAction\":[{\"@type\":\"ReadAction\",\"target\":[\"https:\\\/\\\/www.copealcoy.es\\\/es\\\/el-psoe-hace-balance-del-primer-ano-de-legislatura-para-nosotros-alcoy-sur-es-una-apuesta-firme\\\/\"]}]},{\"@type\":\"ImageObject\",\"inLanguage\":\"es\",\"@id\":\"https:\\\/\\\/www.copealcoy.es\\\/es\\\/el-psoe-hace-balance-del-primer-ano-de-legislatura-para-nosotros-alcoy-sur-es-una-apuesta-firme\\\/#primaryimage\",\"url\":\"https:\\\/\\\/www.copealcoy.es\\\/wp-content\\\/uploads\\\/2024\\\/06\\\/unnamed-1-11-scaled.jpg\",\"contentUrl\":\"https:\\\/\\\/www.copealcoy.es\\\/wp-content\\\/uploads\\\/2024\\\/06\\\/unnamed-1-11-scaled.jpg\",\"width\":1783,\"height\":1080},{\"@type\":\"BreadcrumbList\",\"@id\":\"https:\\\/\\\/www.copealcoy.es\\\/es\\\/el-psoe-hace-balance-del-primer-ano-de-legislatura-para-nosotros-alcoy-sur-es-una-apuesta-firme\\\/#breadcrumb\",\"itemListElement\":[{\"@type\":\"ListItem\",\"position\":1,\"name\":\"Portada\",\"item\":\"https:\\\/\\\/www.copealcoy.es\\\/es\\\/\"},{\"@type\":\"ListItem\",\"position\":2,\"name\":\"El PSOE hace balance del primer a\u00f1o de legislatura \u00abpara nosotros Alcoy Sur es una apuesta firme\u00bb\"}]},{\"@type\":\"WebSite\",\"@id\":\"https:\\\/\\\/www.copealcoy.es\\\/es\\\/#website\",\"url\":\"https:\\\/\\\/www.copealcoy.es\\\/es\\\/\",\"name\":\"COPE Alcoy\",\"description\":\"Emisora COPE de radio local con emisi\u00f3n online. Pont de Sant Jordi 8-10 03803 Alcoy\",\"potentialAction\":[{\"@type\":\"SearchAction\",\"target\":{\"@type\":\"EntryPoint\",\"urlTemplate\":\"https:\\\/\\\/www.copealcoy.es\\\/es\\\/?s={search_term_string}\"},\"query-input\":{\"@type\":\"PropertyValueSpecification\",\"valueRequired\":true,\"valueName\":\"search_term_string\"}}],\"inLanguage\":\"es\"},{\"@type\":\"Person\",\"@id\":\"https:\\\/\\\/www.copealcoy.es\\\/es\\\/#\\\/schema\\\/person\\\/e777c87fa024e57d40170af9df39882c\",\"name\":\"Cope Alcoy\",\"image\":{\"@type\":\"ImageObject\",\"inLanguage\":\"es\",\"@id\":\"https:\\\/\\\/secure.gravatar.com\\\/avatar\\\/bb65d0283347e303893ba14f0692005417c1e0e690a325a4c5d8bb2b3943ee14?s=96&d=mm&r=g\",\"url\":\"https:\\\/\\\/secure.gravatar.com\\\/avatar\\\/bb65d0283347e303893ba14f0692005417c1e0e690a325a4c5d8bb2b3943ee14?s=96&d=mm&r=g\",\"contentUrl\":\"https:\\\/\\\/secure.gravatar.com\\\/avatar\\\/bb65d0283347e303893ba14f0692005417c1e0e690a325a4c5d8bb2b3943ee14?s=96&d=mm&r=g\",\"caption\":\"Cope Alcoy\"}}]}<\/script>\n<!-- \/ Yoast SEO plugin. -->","yoast_head_json":{"title":"El PSOE hace balance del primer a\u00f1o de legislatura \"para nosotros Alcoy Sur es una apuesta firme\" - COPE Alcoy","description":"El Partido Socialista de Alcoy hace balance un a\u00f1o despu\u00e9s de la formaci\u00f3n del gobierno local tras las Elecciones Municipales 2023","robots":{"index":"index","follow":"follow","max-snippet":"max-snippet:-1","max-image-preview":"max-image-preview:large","max-video-preview":"max-video-preview:-1"},"canonical":"https:\/\/www.copealcoy.es\/es\/el-psoe-hace-balance-del-primer-ano-de-legislatura-para-nosotros-alcoy-sur-es-una-apuesta-firme\/","og_locale":"es_ES","og_type":"article","og_title":"El PSOE hace balance del primer a\u00f1o de legislatura \"para nosotros Alcoy Sur es una apuesta firme\" - COPE Alcoy","og_description":"El Partido Socialista de Alcoy hace balance un a\u00f1o despu\u00e9s de la formaci\u00f3n del gobierno local tras las Elecciones Municipales 2023","og_url":"https:\/\/www.copealcoy.es\/es\/el-psoe-hace-balance-del-primer-ano-de-legislatura-para-nosotros-alcoy-sur-es-una-apuesta-firme\/","og_site_name":"COPE Alcoy","article_published_time":"2024-06-11T14:47:41+00:00","article_modified_time":"2024-06-12T11:12:45+00:00","og_image":[{"width":1783,"height":1080,"url":"https:\/\/www.copealcoy.es\/wp-content\/uploads\/2024\/06\/unnamed-1-11-scaled.jpg","type":"image\/jpeg"}],"author":"Cope Alcoy","twitter_misc":{"Escrito por":"Cope Alcoy","Tiempo de lectura":"3 minutos"},"schema":{"@context":"https:\/\/schema.org","@graph":[{"@type":"Article","@id":"https:\/\/www.copealcoy.es\/es\/el-psoe-hace-balance-del-primer-ano-de-legislatura-para-nosotros-alcoy-sur-es-una-apuesta-firme\/#article","isPartOf":{"@id":"https:\/\/www.copealcoy.es\/es\/el-psoe-hace-balance-del-primer-ano-de-legislatura-para-nosotros-alcoy-sur-es-una-apuesta-firme\/"},"author":{"name":"Cope Alcoy","@id":"https:\/\/www.copealcoy.es\/es\/#\/schema\/person\/e777c87fa024e57d40170af9df39882c"},"headline":"El PSOE hace balance del primer a\u00f1o de legislatura &#8220;para nosotros Alcoy Sur es una apuesta firme&#8221;","datePublished":"2024-06-11T14:47:41+00:00","dateModified":"2024-06-12T11:12:45+00:00","mainEntityOfPage":{"@id":"https:\/\/www.copealcoy.es\/es\/el-psoe-hace-balance-del-primer-ano-de-legislatura-para-nosotros-alcoy-sur-es-una-apuesta-firme\/"},"wordCount":573,"commentCount":0,"image":{"@id":"https:\/\/www.copealcoy.es\/es\/el-psoe-hace-balance-del-primer-ano-de-legislatura-para-nosotros-alcoy-sur-es-una-apuesta-firme\/#primaryimage"},"thumbnailUrl":"https:\/\/www.copealcoy.es\/wp-content\/uploads\/2024\/06\/unnamed-1-11-scaled.jpg","keywords":["Alcoy","Balance","Jordi Mart\u00ednez","Partido Socialista","primer a\u00f1o de legislatura","Toni Franc\u00e9s"],"articleSection":["Alcoy","Noticias","Pol\u00edtica y Econom\u00eda"],"inLanguage":"es"},{"@type":"WebPage","@id":"https:\/\/www.copealcoy.es\/es\/el-psoe-hace-balance-del-primer-ano-de-legislatura-para-nosotros-alcoy-sur-es-una-apuesta-firme\/","url":"https:\/\/www.copealcoy.es\/es\/el-psoe-hace-balance-del-primer-ano-de-legislatura-para-nosotros-alcoy-sur-es-una-apuesta-firme\/","name":"El PSOE hace balance del primer a\u00f1o de legislatura \"para nosotros Alcoy Sur es una apuesta firme\" - COPE Alcoy","isPartOf":{"@id":"https:\/\/www.copealcoy.es\/es\/#website"},"primaryImageOfPage":{"@id":"https:\/\/www.copealcoy.es\/es\/el-psoe-hace-balance-del-primer-ano-de-legislatura-para-nosotros-alcoy-sur-es-una-apuesta-firme\/#primaryimage"},"image":{"@id":"https:\/\/www.copealcoy.es\/es\/el-psoe-hace-balance-del-primer-ano-de-legislatura-para-nosotros-alcoy-sur-es-una-apuesta-firme\/#primaryimage"},"thumbnailUrl":"https:\/\/www.copealcoy.es\/wp-content\/uploads\/2024\/06\/unnamed-1-11-scaled.jpg","datePublished":"2024-06-11T14:47:41+00:00","dateModified":"2024-06-12T11:12:45+00:00","author":{"@id":"https:\/\/www.copealcoy.es\/es\/#\/schema\/person\/e777c87fa024e57d40170af9df39882c"},"description":"El Partido Socialista de Alcoy hace balance un a\u00f1o despu\u00e9s de la formaci\u00f3n del gobierno local tras las Elecciones Municipales 2023","breadcrumb":{"@id":"https:\/\/www.copealcoy.es\/es\/el-psoe-hace-balance-del-primer-ano-de-legislatura-para-nosotros-alcoy-sur-es-una-apuesta-firme\/#breadcrumb"},"inLanguage":"es","potentialAction":[{"@type":"ReadAction","target":["https:\/\/www.copealcoy.es\/es\/el-psoe-hace-balance-del-primer-ano-de-legislatura-para-nosotros-alcoy-sur-es-una-apuesta-firme\/"]}]},{"@type":"ImageObject","inLanguage":"es","@id":"https:\/\/www.copealcoy.es\/es\/el-psoe-hace-balance-del-primer-ano-de-legislatura-para-nosotros-alcoy-sur-es-una-apuesta-firme\/#primaryimage","url":"https:\/\/www.copealcoy.es\/wp-content\/uploads\/2024\/06\/unnamed-1-11-scaled.jpg","contentUrl":"https:\/\/www.copealcoy.es\/wp-content\/uploads\/2024\/06\/unnamed-1-11-scaled.jpg","width":1783,"height":1080},{"@type":"BreadcrumbList","@id":"https:\/\/www.copealcoy.es\/es\/el-psoe-hace-balance-del-primer-ano-de-legislatura-para-nosotros-alcoy-sur-es-una-apuesta-firme\/#breadcrumb","itemListElement":[{"@type":"ListItem","position":1,"name":"Portada","item":"https:\/\/www.copealcoy.es\/es\/"},{"@type":"ListItem","position":2,"name":"El PSOE hace balance del primer a\u00f1o de legislatura \u00abpara nosotros Alcoy Sur es una apuesta firme\u00bb"}]},{"@type":"WebSite","@id":"https:\/\/www.copealcoy.es\/es\/#website","url":"https:\/\/www.copealcoy.es\/es\/","name":"COPE Alcoy","description":"Emisora COPE de radio local con emisi\u00f3n online. Pont de Sant Jordi 8-10 03803 Alcoy","potentialAction":[{"@type":"SearchAction","target":{"@type":"EntryPoint","urlTemplate":"https:\/\/www.copealcoy.es\/es\/?s={search_term_string}"},"query-input":{"@type":"PropertyValueSpecification","valueRequired":true,"valueName":"search_term_string"}}],"inLanguage":"es"},{"@type":"Person","@id":"https:\/\/www.copealcoy.es\/es\/#\/schema\/person\/e777c87fa024e57d40170af9df39882c","name":"Cope Alcoy","image":{"@type":"ImageObject","inLanguage":"es","@id":"https:\/\/secure.gravatar.com\/avatar\/bb65d0283347e303893ba14f0692005417c1e0e690a325a4c5d8bb2b3943ee14?s=96&d=mm&r=g","url":"https:\/\/secure.gravatar.com\/avatar\/bb65d0283347e303893ba14f0692005417c1e0e690a325a4c5d8bb2b3943ee14?s=96&d=mm&r=g","contentUrl":"https:\/\/secure.gravatar.com\/avatar\/bb65d0283347e303893ba14f0692005417c1e0e690a325a4c5d8bb2b3943ee14?s=96&d=mm&r=g","caption":"Cope Alcoy"}}]}},"_links":{"self":[{"href":"https:\/\/www.copealcoy.es\/es\/wp-json\/wp\/v2\/posts\/134660","targetHints":{"allow":["GET"]}}],"collection":[{"href":"https:\/\/www.copealcoy.es\/es\/wp-json\/wp\/v2\/posts"}],"about":[{"href":"https:\/\/www.copealcoy.es\/es\/wp-json\/wp\/v2\/types\/post"}],"author":[{"embeddable":true,"href":"https:\/\/www.copealcoy.es\/es\/wp-json\/wp\/v2\/users\/1"}],"replies":[{"embeddable":true,"href":"https:\/\/www.copealcoy.es\/es\/wp-json\/wp\/v2\/comments?post=134660"}],"version-history":[{"count":0,"href":"https:\/\/www.copealcoy.es\/es\/wp-json\/wp\/v2\/posts\/134660\/revisions"}],"wp:featuredmedia":[{"embeddable":true,"href":"https:\/\/www.copealcoy.es\/es\/wp-json\/wp\/v2\/media\/134661"}],"wp:attachment":[{"href":"https:\/\/www.copealcoy.es\/es\/wp-json\/wp\/v2\/media?parent=134660"}],"wp:term":[{"taxonomy":"category","embeddable":true,"href":"https:\/\/www.copealcoy.es\/es\/wp-json\/wp\/v2\/categories?post=134660"},{"taxonomy":"post_tag","embeddable":true,"href":"https:\/\/www.copealcoy.es\/es\/wp-json\/wp\/v2\/tags?post=134660"}],"curies":[{"name":"wp","href":"https:\/\/api.w.org\/{rel}","templated":true}]}}