{"id":134590,"date":"2024-06-10T07:50:57","date_gmt":"2024-06-10T06:50:57","guid":{"rendered":"https:\/\/www.copealcoy.es\/?p=134590"},"modified":"2024-06-24T19:11:04","modified_gmt":"2024-06-24T18:11:04","slug":"psoe-y-pp-se-reparten-la-victoria-de-las-europeas-en-la-comarca","status":"publish","type":"post","link":"https:\/\/www.copealcoy.es\/es\/psoe-y-pp-se-reparten-la-victoria-de-las-europeas-en-la-comarca\/","title":{"rendered":"PSOE y PP se reparten la victoria de las Europeas en la comarca"},"content":{"rendered":"<p style=\"text-align: justify;\">Las <a href=\"https:\/\/www.copealcoy.es\/elecciones-europeas-2024-una-jornada-marcada-por-la-normalidad-en-alcoy-y-la-comarca\/\" target=\"_blank\" rel=\"noopener\"><span style=\"color: #0000ff;\"><strong>Elecciones Europeas<\/strong><\/span><\/a> tambi\u00e9n fueron protagonistas durante el 9 de junio <strong>en los diferentes municipios de las comarcas de l&#8217;Alcoi\u00e0 y el Comtat<\/strong>. La jornada electoral <strong>transcurri\u00f3 tranquila<\/strong> con una participaci\u00f3n que, en general, roz\u00f3 o estuvo por encima del 50%. Las <strong>fuerzas m\u00e1s votadas<\/strong> en cada poblaci\u00f3n fueron las siguientes seg\u00fan los resultados provisionales que se han conocido en esta misma noche:<\/p>\n<p><strong>Agres:\u00a0<\/strong>Partido Popular (137 votos)<\/p>\n<p><strong>Alcoy: <\/strong>Partido Socialista (10.014 votos)<\/p>\n<p><strong>Alcosser:\u00a0<\/strong>Partido Socialista (48 votos)<\/p>\n<p><strong>Alcoleja:\u00a0<\/strong>Partido Socialista (43 votos)<\/p>\n<p><strong>Alfafara:\u00a0<\/strong>Partido Popular (85 votos)<\/p>\n<p><strong>Almudaina:\u00a0<\/strong>Partido Popular (33 votos)<\/p>\n<p><strong>Balones:\u00a0<\/strong>Partido Socialista (32 votos)<\/p>\n<p><strong>Banyeres de Mariola:\u00a0<\/strong>Partido Popular (1.348 votos)<\/p>\n<p><strong>Benasau:\u00a0<\/strong>Partido Popular (48 votos)<\/p>\n<p><strong>Beniarr\u00e9s:\u00a0<\/strong>Partido Socialista (261 votos)<\/p>\n<p><strong>Benifallim:\u00a0<\/strong>Partido Popular (34 votos)<\/p>\n<p><strong>Benilloba:\u00a0<\/strong>Partido Socialista (158 votos)<\/p>\n<p><strong>Benillup:\u00a0<\/strong>Partido Popular (33 votos)<\/p>\n<p><strong>Benimarfull:\u00a0<\/strong>Partido Popular (108 votos)<\/p>\n<p><strong>Benimassot:\u00a0<\/strong>Partido Popular (24 votos)<\/p>\n<p><strong>Castalla:\u00a0<\/strong>Partido Popular (1.915 votos)<\/p>\n<p><strong>Cocentaina:\u00a0<\/strong>Partido Socialista (1.868 votos)<\/p>\n<p><strong>Fageca:\u00a0<\/strong>Partido Socialista (31 votos)<\/p>\n<p><strong>Famorca:\u00a0<\/strong>Partido Popular (21 votos)<\/p>\n<p><strong>Gaianes:\u00a0<\/strong>Partido Socialista (100 votos)<\/p>\n<p><strong>Gorga<\/strong>: Partido Socialista (68 votos)<\/p>\n<p><strong>Ibi:\u00a0<\/strong>Partido Popular (3.598 votos)<\/p>\n<p><strong>L\u2019Alqueria d\u00b4Asnar:\u00a0<\/strong>Partido Socialista (147 votos)<\/p>\n<p><strong>L\u2019Orxa:\u00a0<\/strong>Partido Socialista (142 votos)<\/p>\n<p><strong>Millena<\/strong>: Partido Socialista (46 votos)<\/p>\n<p><strong>Muro:\u00a0<\/strong>Partido Socialista (1.395 votos)<\/p>\n<p><strong>Onil:\u00a0<\/strong>Partido Socialista (1.163 votos)<\/p>\n<p><strong>Pen\u00e0guila:\u00a0<\/strong>Partido Socialista (77 votos)<\/p>\n<p><strong>Planes: <\/strong>Partido Socialista (152 votos)<\/p>\n<p><strong>Quatretondeta:\u00a0<\/strong>Partido Socialista (39 votos)<\/p>\n<p><strong>Tibi:\u00a0<\/strong>Partido Popular (281 votos)<\/p>\n<p><strong>Tollos:\u00a0<\/strong>Partido Popular (16 votos)<\/p>\n<p style=\"text-align: justify;\">Los r<strong>esultados al completo<\/strong>, con la participaci\u00f3n y los votos que consiguieron los diferentes municipios en cada localidad de la comarca, los puedes consultar <a href=\"https:\/\/resultados.eleccioneseuropeas2024.es\/es\/resultados\/parlamento\/0\/20\" target=\"_blank\" rel=\"noopener\"><strong><span style=\"color: #0000ff;\">aqu\u00ed<\/span><\/strong><\/a>. Tambi\u00e9n puedes ver los resultados conseguidos a nivel nacional por las formaciones pol\u00edticas y la primera estimaci\u00f3n de c\u00f3mo quedar\u00e1 el Parlamento Europeo tras los comicios.<\/p>\n","protected":false},"excerpt":{"rendered":"<p>Las Elecciones Europeas tambi\u00e9n fueron protagonistas durante el 9 de junio en los diferentes municipios de las comarcas de l&#8217;Alcoi\u00e0&#8230;<\/p>\n","protected":false},"author":1,"featured_media":134591,"comment_status":"open","ping_status":"open","sticky":false,"template":"","format":"standard","meta":{"footnotes":""},"categories":[6909,98,75],"tags":[482,237,8792,8812,1047],"class_list":["post-134590","post","type-post","status-publish","format-standard","has-post-thumbnail","hentry","category-actualidad","category-comarcas","category-noticias","tag-alcoia","tag-comtat","tag-elecciones-europeas","tag-escrutinio","tag-resultados"],"yoast_head":"<!-- This site is optimized with the Yoast SEO plugin v27.3 - https:\/\/yoast.com\/product\/yoast-seo-wordpress\/ -->\n<title>PSOE y PP se reparten la victoria de las Europeas en la comarca - COPE Alcoy<\/title>\n<meta name=\"description\" content=\"Las Elecciones Europeas tambi\u00e9n fueron protagonistas durante el 9 de junio en los diferentes municipios de las comarcas de l&#039;Alcoi\u00e0 y el Comtat\" \/>\n<meta name=\"robots\" content=\"index, follow, max-snippet:-1, max-image-preview:large, max-video-preview:-1\" \/>\n<link rel=\"canonical\" href=\"https:\/\/www.copealcoy.es\/es\/psoe-y-pp-se-reparten-la-victoria-de-las-europeas-en-la-comarca\/\" \/>\n<meta property=\"og:locale\" content=\"es_ES\" \/>\n<meta property=\"og:type\" content=\"article\" \/>\n<meta property=\"og:title\" content=\"PSOE y PP se reparten la victoria de las Europeas en la comarca - COPE Alcoy\" \/>\n<meta property=\"og:description\" content=\"Las Elecciones Europeas tambi\u00e9n fueron protagonistas durante el 9 de junio en los diferentes municipios de las comarcas de l&#039;Alcoi\u00e0 y el Comtat\" \/>\n<meta property=\"og:url\" content=\"https:\/\/www.copealcoy.es\/es\/psoe-y-pp-se-reparten-la-victoria-de-las-europeas-en-la-comarca\/\" \/>\n<meta property=\"og:site_name\" content=\"COPE Alcoy\" \/>\n<meta property=\"article:published_time\" content=\"2024-06-10T06:50:57+00:00\" \/>\n<meta property=\"article:modified_time\" content=\"2024-06-24T18:11:04+00:00\" \/>\n<meta property=\"og:image\" content=\"https:\/\/www.copealcoy.es\/wp-content\/uploads\/2024\/06\/unnamed-2-scaled-e1717973528132.jpg\" \/>\n\t<meta property=\"og:image:width\" content=\"1462\" \/>\n\t<meta property=\"og:image:height\" content=\"718\" \/>\n\t<meta property=\"og:image:type\" content=\"image\/jpeg\" \/>\n<meta name=\"author\" content=\"Cope Alcoy\" \/>\n<meta name=\"twitter:label1\" content=\"Escrito por\" \/>\n\t<meta name=\"twitter:data1\" content=\"Cope Alcoy\" \/>\n\t<meta name=\"twitter:label2\" content=\"Tiempo de lectura\" \/>\n\t<meta name=\"twitter:data2\" content=\"2 minutos\" \/>\n<script type=\"application\/ld+json\" class=\"yoast-schema-graph\">{\"@context\":\"https:\\\/\\\/schema.org\",\"@graph\":[{\"@type\":\"Article\",\"@id\":\"https:\\\/\\\/www.copealcoy.es\\\/es\\\/psoe-y-pp-se-reparten-la-victoria-de-las-europeas-en-la-comarca\\\/#article\",\"isPartOf\":{\"@id\":\"https:\\\/\\\/www.copealcoy.es\\\/es\\\/psoe-y-pp-se-reparten-la-victoria-de-las-europeas-en-la-comarca\\\/\"},\"author\":{\"name\":\"Cope Alcoy\",\"@id\":\"https:\\\/\\\/www.copealcoy.es\\\/es\\\/#\\\/schema\\\/person\\\/e777c87fa024e57d40170af9df39882c\"},\"headline\":\"PSOE y PP se reparten la victoria de las Europeas en la comarca\",\"datePublished\":\"2024-06-10T06:50:57+00:00\",\"dateModified\":\"2024-06-24T18:11:04+00:00\",\"mainEntityOfPage\":{\"@id\":\"https:\\\/\\\/www.copealcoy.es\\\/es\\\/psoe-y-pp-se-reparten-la-victoria-de-las-europeas-en-la-comarca\\\/\"},\"wordCount\":272,\"commentCount\":0,\"image\":{\"@id\":\"https:\\\/\\\/www.copealcoy.es\\\/es\\\/psoe-y-pp-se-reparten-la-victoria-de-las-europeas-en-la-comarca\\\/#primaryimage\"},\"thumbnailUrl\":\"https:\\\/\\\/www.copealcoy.es\\\/wp-content\\\/uploads\\\/2024\\\/06\\\/unnamed-2-scaled-e1717973528132.jpg\",\"keywords\":[\"Alcoi\u00e0\",\"Comtat\",\"Elecciones Europeas\",\"escrutinio\",\"Resultados\"],\"articleSection\":[\"Actualidad\",\"Comarcas\",\"Noticias\"],\"inLanguage\":\"es\"},{\"@type\":\"WebPage\",\"@id\":\"https:\\\/\\\/www.copealcoy.es\\\/es\\\/psoe-y-pp-se-reparten-la-victoria-de-las-europeas-en-la-comarca\\\/\",\"url\":\"https:\\\/\\\/www.copealcoy.es\\\/es\\\/psoe-y-pp-se-reparten-la-victoria-de-las-europeas-en-la-comarca\\\/\",\"name\":\"PSOE y PP se reparten la victoria de las Europeas en la comarca - COPE Alcoy\",\"isPartOf\":{\"@id\":\"https:\\\/\\\/www.copealcoy.es\\\/es\\\/#website\"},\"primaryImageOfPage\":{\"@id\":\"https:\\\/\\\/www.copealcoy.es\\\/es\\\/psoe-y-pp-se-reparten-la-victoria-de-las-europeas-en-la-comarca\\\/#primaryimage\"},\"image\":{\"@id\":\"https:\\\/\\\/www.copealcoy.es\\\/es\\\/psoe-y-pp-se-reparten-la-victoria-de-las-europeas-en-la-comarca\\\/#primaryimage\"},\"thumbnailUrl\":\"https:\\\/\\\/www.copealcoy.es\\\/wp-content\\\/uploads\\\/2024\\\/06\\\/unnamed-2-scaled-e1717973528132.jpg\",\"datePublished\":\"2024-06-10T06:50:57+00:00\",\"dateModified\":\"2024-06-24T18:11:04+00:00\",\"author\":{\"@id\":\"https:\\\/\\\/www.copealcoy.es\\\/es\\\/#\\\/schema\\\/person\\\/e777c87fa024e57d40170af9df39882c\"},\"description\":\"Las Elecciones Europeas tambi\u00e9n fueron protagonistas durante el 9 de junio en los diferentes municipios de las comarcas de l'Alcoi\u00e0 y el Comtat\",\"breadcrumb\":{\"@id\":\"https:\\\/\\\/www.copealcoy.es\\\/es\\\/psoe-y-pp-se-reparten-la-victoria-de-las-europeas-en-la-comarca\\\/#breadcrumb\"},\"inLanguage\":\"es\",\"potentialAction\":[{\"@type\":\"ReadAction\",\"target\":[\"https:\\\/\\\/www.copealcoy.es\\\/es\\\/psoe-y-pp-se-reparten-la-victoria-de-las-europeas-en-la-comarca\\\/\"]}]},{\"@type\":\"ImageObject\",\"inLanguage\":\"es\",\"@id\":\"https:\\\/\\\/www.copealcoy.es\\\/es\\\/psoe-y-pp-se-reparten-la-victoria-de-las-europeas-en-la-comarca\\\/#primaryimage\",\"url\":\"https:\\\/\\\/www.copealcoy.es\\\/wp-content\\\/uploads\\\/2024\\\/06\\\/unnamed-2-scaled-e1717973528132.jpg\",\"contentUrl\":\"https:\\\/\\\/www.copealcoy.es\\\/wp-content\\\/uploads\\\/2024\\\/06\\\/unnamed-2-scaled-e1717973528132.jpg\",\"width\":1462,\"height\":718},{\"@type\":\"BreadcrumbList\",\"@id\":\"https:\\\/\\\/www.copealcoy.es\\\/es\\\/psoe-y-pp-se-reparten-la-victoria-de-las-europeas-en-la-comarca\\\/#breadcrumb\",\"itemListElement\":[{\"@type\":\"ListItem\",\"position\":1,\"name\":\"Portada\",\"item\":\"https:\\\/\\\/www.copealcoy.es\\\/es\\\/\"},{\"@type\":\"ListItem\",\"position\":2,\"name\":\"PSOE y PP se reparten la victoria de las Europeas en la comarca\"}]},{\"@type\":\"WebSite\",\"@id\":\"https:\\\/\\\/www.copealcoy.es\\\/es\\\/#website\",\"url\":\"https:\\\/\\\/www.copealcoy.es\\\/es\\\/\",\"name\":\"COPE Alcoy\",\"description\":\"Emisora COPE de radio local con emisi\u00f3n online. Pont de Sant Jordi 8-10 03803 Alcoy\",\"potentialAction\":[{\"@type\":\"SearchAction\",\"target\":{\"@type\":\"EntryPoint\",\"urlTemplate\":\"https:\\\/\\\/www.copealcoy.es\\\/es\\\/?s={search_term_string}\"},\"query-input\":{\"@type\":\"PropertyValueSpecification\",\"valueRequired\":true,\"valueName\":\"search_term_string\"}}],\"inLanguage\":\"es\"},{\"@type\":\"Person\",\"@id\":\"https:\\\/\\\/www.copealcoy.es\\\/es\\\/#\\\/schema\\\/person\\\/e777c87fa024e57d40170af9df39882c\",\"name\":\"Cope Alcoy\",\"image\":{\"@type\":\"ImageObject\",\"inLanguage\":\"es\",\"@id\":\"https:\\\/\\\/secure.gravatar.com\\\/avatar\\\/bb65d0283347e303893ba14f0692005417c1e0e690a325a4c5d8bb2b3943ee14?s=96&d=mm&r=g\",\"url\":\"https:\\\/\\\/secure.gravatar.com\\\/avatar\\\/bb65d0283347e303893ba14f0692005417c1e0e690a325a4c5d8bb2b3943ee14?s=96&d=mm&r=g\",\"contentUrl\":\"https:\\\/\\\/secure.gravatar.com\\\/avatar\\\/bb65d0283347e303893ba14f0692005417c1e0e690a325a4c5d8bb2b3943ee14?s=96&d=mm&r=g\",\"caption\":\"Cope Alcoy\"}}]}<\/script>\n<!-- \/ Yoast SEO plugin. -->","yoast_head_json":{"title":"PSOE y PP se reparten la victoria de las Europeas en la comarca - COPE Alcoy","description":"Las Elecciones Europeas tambi\u00e9n fueron protagonistas durante el 9 de junio en los diferentes municipios de las comarcas de l'Alcoi\u00e0 y el Comtat","robots":{"index":"index","follow":"follow","max-snippet":"max-snippet:-1","max-image-preview":"max-image-preview:large","max-video-preview":"max-video-preview:-1"},"canonical":"https:\/\/www.copealcoy.es\/es\/psoe-y-pp-se-reparten-la-victoria-de-las-europeas-en-la-comarca\/","og_locale":"es_ES","og_type":"article","og_title":"PSOE y PP se reparten la victoria de las Europeas en la comarca - COPE Alcoy","og_description":"Las Elecciones Europeas tambi\u00e9n fueron protagonistas durante el 9 de junio en los diferentes municipios de las comarcas de l'Alcoi\u00e0 y el Comtat","og_url":"https:\/\/www.copealcoy.es\/es\/psoe-y-pp-se-reparten-la-victoria-de-las-europeas-en-la-comarca\/","og_site_name":"COPE Alcoy","article_published_time":"2024-06-10T06:50:57+00:00","article_modified_time":"2024-06-24T18:11:04+00:00","og_image":[{"width":1462,"height":718,"url":"https:\/\/www.copealcoy.es\/wp-content\/uploads\/2024\/06\/unnamed-2-scaled-e1717973528132.jpg","type":"image\/jpeg"}],"author":"Cope Alcoy","twitter_misc":{"Escrito por":"Cope Alcoy","Tiempo de lectura":"2 minutos"},"schema":{"@context":"https:\/\/schema.org","@graph":[{"@type":"Article","@id":"https:\/\/www.copealcoy.es\/es\/psoe-y-pp-se-reparten-la-victoria-de-las-europeas-en-la-comarca\/#article","isPartOf":{"@id":"https:\/\/www.copealcoy.es\/es\/psoe-y-pp-se-reparten-la-victoria-de-las-europeas-en-la-comarca\/"},"author":{"name":"Cope Alcoy","@id":"https:\/\/www.copealcoy.es\/es\/#\/schema\/person\/e777c87fa024e57d40170af9df39882c"},"headline":"PSOE y PP se reparten la victoria de las Europeas en la comarca","datePublished":"2024-06-10T06:50:57+00:00","dateModified":"2024-06-24T18:11:04+00:00","mainEntityOfPage":{"@id":"https:\/\/www.copealcoy.es\/es\/psoe-y-pp-se-reparten-la-victoria-de-las-europeas-en-la-comarca\/"},"wordCount":272,"commentCount":0,"image":{"@id":"https:\/\/www.copealcoy.es\/es\/psoe-y-pp-se-reparten-la-victoria-de-las-europeas-en-la-comarca\/#primaryimage"},"thumbnailUrl":"https:\/\/www.copealcoy.es\/wp-content\/uploads\/2024\/06\/unnamed-2-scaled-e1717973528132.jpg","keywords":["Alcoi\u00e0","Comtat","Elecciones Europeas","escrutinio","Resultados"],"articleSection":["Actualidad","Comarcas","Noticias"],"inLanguage":"es"},{"@type":"WebPage","@id":"https:\/\/www.copealcoy.es\/es\/psoe-y-pp-se-reparten-la-victoria-de-las-europeas-en-la-comarca\/","url":"https:\/\/www.copealcoy.es\/es\/psoe-y-pp-se-reparten-la-victoria-de-las-europeas-en-la-comarca\/","name":"PSOE y PP se reparten la victoria de las Europeas en la comarca - COPE Alcoy","isPartOf":{"@id":"https:\/\/www.copealcoy.es\/es\/#website"},"primaryImageOfPage":{"@id":"https:\/\/www.copealcoy.es\/es\/psoe-y-pp-se-reparten-la-victoria-de-las-europeas-en-la-comarca\/#primaryimage"},"image":{"@id":"https:\/\/www.copealcoy.es\/es\/psoe-y-pp-se-reparten-la-victoria-de-las-europeas-en-la-comarca\/#primaryimage"},"thumbnailUrl":"https:\/\/www.copealcoy.es\/wp-content\/uploads\/2024\/06\/unnamed-2-scaled-e1717973528132.jpg","datePublished":"2024-06-10T06:50:57+00:00","dateModified":"2024-06-24T18:11:04+00:00","author":{"@id":"https:\/\/www.copealcoy.es\/es\/#\/schema\/person\/e777c87fa024e57d40170af9df39882c"},"description":"Las Elecciones Europeas tambi\u00e9n fueron protagonistas durante el 9 de junio en los diferentes municipios de las comarcas de l'Alcoi\u00e0 y el Comtat","breadcrumb":{"@id":"https:\/\/www.copealcoy.es\/es\/psoe-y-pp-se-reparten-la-victoria-de-las-europeas-en-la-comarca\/#breadcrumb"},"inLanguage":"es","potentialAction":[{"@type":"ReadAction","target":["https:\/\/www.copealcoy.es\/es\/psoe-y-pp-se-reparten-la-victoria-de-las-europeas-en-la-comarca\/"]}]},{"@type":"ImageObject","inLanguage":"es","@id":"https:\/\/www.copealcoy.es\/es\/psoe-y-pp-se-reparten-la-victoria-de-las-europeas-en-la-comarca\/#primaryimage","url":"https:\/\/www.copealcoy.es\/wp-content\/uploads\/2024\/06\/unnamed-2-scaled-e1717973528132.jpg","contentUrl":"https:\/\/www.copealcoy.es\/wp-content\/uploads\/2024\/06\/unnamed-2-scaled-e1717973528132.jpg","width":1462,"height":718},{"@type":"BreadcrumbList","@id":"https:\/\/www.copealcoy.es\/es\/psoe-y-pp-se-reparten-la-victoria-de-las-europeas-en-la-comarca\/#breadcrumb","itemListElement":[{"@type":"ListItem","position":1,"name":"Portada","item":"https:\/\/www.copealcoy.es\/es\/"},{"@type":"ListItem","position":2,"name":"PSOE y PP se reparten la victoria de las Europeas en la comarca"}]},{"@type":"WebSite","@id":"https:\/\/www.copealcoy.es\/es\/#website","url":"https:\/\/www.copealcoy.es\/es\/","name":"COPE Alcoy","description":"Emisora COPE de radio local con emisi\u00f3n online. Pont de Sant Jordi 8-10 03803 Alcoy","potentialAction":[{"@type":"SearchAction","target":{"@type":"EntryPoint","urlTemplate":"https:\/\/www.copealcoy.es\/es\/?s={search_term_string}"},"query-input":{"@type":"PropertyValueSpecification","valueRequired":true,"valueName":"search_term_string"}}],"inLanguage":"es"},{"@type":"Person","@id":"https:\/\/www.copealcoy.es\/es\/#\/schema\/person\/e777c87fa024e57d40170af9df39882c","name":"Cope Alcoy","image":{"@type":"ImageObject","inLanguage":"es","@id":"https:\/\/secure.gravatar.com\/avatar\/bb65d0283347e303893ba14f0692005417c1e0e690a325a4c5d8bb2b3943ee14?s=96&d=mm&r=g","url":"https:\/\/secure.gravatar.com\/avatar\/bb65d0283347e303893ba14f0692005417c1e0e690a325a4c5d8bb2b3943ee14?s=96&d=mm&r=g","contentUrl":"https:\/\/secure.gravatar.com\/avatar\/bb65d0283347e303893ba14f0692005417c1e0e690a325a4c5d8bb2b3943ee14?s=96&d=mm&r=g","caption":"Cope Alcoy"}}]}},"_links":{"self":[{"href":"https:\/\/www.copealcoy.es\/es\/wp-json\/wp\/v2\/posts\/134590","targetHints":{"allow":["GET"]}}],"collection":[{"href":"https:\/\/www.copealcoy.es\/es\/wp-json\/wp\/v2\/posts"}],"about":[{"href":"https:\/\/www.copealcoy.es\/es\/wp-json\/wp\/v2\/types\/post"}],"author":[{"embeddable":true,"href":"https:\/\/www.copealcoy.es\/es\/wp-json\/wp\/v2\/users\/1"}],"replies":[{"embeddable":true,"href":"https:\/\/www.copealcoy.es\/es\/wp-json\/wp\/v2\/comments?post=134590"}],"version-history":[{"count":0,"href":"https:\/\/www.copealcoy.es\/es\/wp-json\/wp\/v2\/posts\/134590\/revisions"}],"wp:featuredmedia":[{"embeddable":true,"href":"https:\/\/www.copealcoy.es\/es\/wp-json\/wp\/v2\/media\/134591"}],"wp:attachment":[{"href":"https:\/\/www.copealcoy.es\/es\/wp-json\/wp\/v2\/media?parent=134590"}],"wp:term":[{"taxonomy":"category","embeddable":true,"href":"https:\/\/www.copealcoy.es\/es\/wp-json\/wp\/v2\/categories?post=134590"},{"taxonomy":"post_tag","embeddable":true,"href":"https:\/\/www.copealcoy.es\/es\/wp-json\/wp\/v2\/tags?post=134590"}],"curies":[{"name":"wp","href":"https:\/\/api.w.org\/{rel}","templated":true}]}}