{"id":134487,"date":"2024-06-07T08:56:04","date_gmt":"2024-06-07T07:56:04","guid":{"rendered":"https:\/\/www.copealcoy.es\/?p=134487"},"modified":"2024-06-07T09:09:51","modified_gmt":"2024-06-07T08:09:51","slug":"el-campus-de-alcoy-preve-contar-con-hasta-700-nuevos-estudiantes-asi-se-presenta-el-proximo-curso-academico","status":"publish","type":"post","link":"https:\/\/www.copealcoy.es\/es\/el-campus-de-alcoy-preve-contar-con-hasta-700-nuevos-estudiantes-asi-se-presenta-el-proximo-curso-academico\/","title":{"rendered":"El Campus de Alcoy prev\u00e9  contar con hasta 700 nuevos estudiantes. As\u00ed se presenta el pr\u00f3ximo curso acad\u00e9mico"},"content":{"rendered":"<p style=\"text-align: justify;\">El<a href=\"https:\/\/www.upv.es\/otros\/como-llegar-upv\/campus-alcoy\/index-es.html\" target=\"_blank\" rel=\"noopener\"><span style=\"color: #0000ff;\"><strong> Campus de Alcoy de la Universitat Polit\u00e8cnica de Val\u00e8ncia<\/strong><\/span><\/a> (UPV) ya ha iniciado el proceso previo a la preinscripci\u00f3n de nuevos alumnos para el pr\u00f3ximo curso acad\u00e9mico 2024-2025 y lo hace con la expectativa de recibir hasta <strong>700 estudiantes.\u00a0<\/strong>Esto, seg\u00fan la informaci\u00f3n por la instituci\u00f3n universitaria, <strong>elevar\u00eda la poblaci\u00f3n estudiantil en la ciudad a alrededor de 2.500<\/strong>.<\/p>\n<p style=\"text-align: justify;\">El director del Campus, <strong>Pau Bernab\u00e9u<\/strong>, y el jefe de estudios, <strong>Miguel Jorge Reig<\/strong>, han se\u00f1alado que, aunque la cifra oficial de plazas para nuevos estudiantes es de 585, existe la posibilidad de alcanzar las 700 admisiones, siempre en acuerdo con la UPV y considerando las condiciones propicias para una ampliaci\u00f3n. Sin embargo, <strong>el Campus deber\u00e1 esperar otro a\u00f1o para poder ofrecer nuevas titulaciones muy demandadas<\/strong>, como Textil y Computaci\u00f3n. Y es que se est\u00e1 a la espera de obtener la acreditaci\u00f3n de ANECA en breve, proceso que completar\u00e1 todos los tr\u00e1mites hace imposible su implementaci\u00f3n este pr\u00f3ximo curso.<\/p>\n<p style=\"text-align: justify;\">Para el curso 2025-2026 <strong>se prev\u00e9 el inicio de programas como el grado de Inteligencia Artificial, el m\u00e1ster en Computaci\u00f3n y el doble grado en Ingenier\u00eda de Tecnolog\u00eda, Dise\u00f1o y Moda Textil<\/strong>. Estas titulaciones responden a la demanda del empresariado local y esto es una garant\u00eda para que los alumnos y alumnas que cursan estos estudies consigan un empleo incluso antes de terminar la carrera. En cuanto a las <strong>plazas ofertadas en los diferentes grados<\/strong>, destacan <strong>Ingenier\u00eda Mec\u00e1nica<\/strong> con 110 plazas, <strong>Administraci\u00f3n y Direcci\u00f3n de Empresas (ADE)<\/strong> con 95 plazas, e<strong> Ingenier\u00eda en Dise\u00f1o Industrial y Desarrollo de Productos<\/strong> con 80 plazas.<\/p>\n<p style=\"text-align: justify;\">En el \u00e1mbito de los <strong>m\u00e1steres universitarios<\/strong>, se ofrecen estudios como <strong>Direcci\u00f3n de Empresas, Ingenier\u00eda de Organizaci\u00f3n y Log\u00edstica, Procesado y Caracterizaci\u00f3n de Materiales e Ingenier\u00eda Textil<\/strong>. A todo ello se le une la puesta en marcha de <strong>una experiencia piloto de formaci\u00f3n espec\u00edfica en sostenibilidad y econom\u00eda circular<\/strong> como complemento al curr\u00edculum.<\/p>\n<p style=\"text-align: justify;\">Finalmente, s<strong>e est\u00e1 trabajando en la creaci\u00f3n del futuro Parque Cient\u00edfico en el antiguo edificio de Papeleras Reunidas<\/strong>, con una inversi\u00f3n prevista que podr\u00eda abrirse en aproximadamente tres a\u00f1os. Asimismo, <strong>se busca mejorar las instalaciones del edificio actual<\/strong> para fomentar la investigaci\u00f3n.<\/p>\n","protected":false},"excerpt":{"rendered":"<p>El Campus de Alcoy de la Universitat Polit\u00e8cnica de Val\u00e8ncia (UPV) ya ha iniciado el proceso previo a la preinscripci\u00f3n&#8230;<\/p>\n","protected":false},"author":1,"featured_media":134488,"comment_status":"open","ping_status":"open","sticky":false,"template":"","format":"standard","meta":{"footnotes":""},"categories":[6909,97,900,75],"tags":[1494,1560,457,3105,16951],"class_list":["post-134487","post","type-post","status-publish","format-standard","has-post-thumbnail","hentry","category-actualidad","category-alcoy","category-educacion","category-noticias","tag-alcoy","tag-campus-upv","tag-estudios","tag-matriculacion","tag-planificacion-proximo-curso"],"yoast_head":"<!-- This site is optimized with the Yoast SEO plugin v27.3 - https:\/\/yoast.com\/product\/yoast-seo-wordpress\/ -->\n<title>El Campus de Alcoy prev\u00e9 contar con hasta 700 nuevos estudiantes. As\u00ed se presenta el pr\u00f3ximo curso acad\u00e9mico - COPE Alcoy<\/title>\n<meta name=\"description\" content=\"El Campus de Alcoy de la Universitat Polit\u00e8cnica de Val\u00e8ncia (UPV) ya ha iniciado el proceso previo a la preinscripci\u00f3n de nuevos alumnos para el pr\u00f3ximo curso acad\u00e9mico 2024-2025\" \/>\n<meta name=\"robots\" content=\"index, follow, max-snippet:-1, max-image-preview:large, max-video-preview:-1\" \/>\n<link rel=\"canonical\" href=\"https:\/\/www.copealcoy.es\/es\/el-campus-de-alcoy-preve-contar-con-hasta-700-nuevos-estudiantes-asi-se-presenta-el-proximo-curso-academico\/\" \/>\n<meta property=\"og:locale\" content=\"es_ES\" \/>\n<meta property=\"og:type\" content=\"article\" \/>\n<meta property=\"og:title\" content=\"El Campus de Alcoy prev\u00e9 contar con hasta 700 nuevos estudiantes. As\u00ed se presenta el pr\u00f3ximo curso acad\u00e9mico - COPE Alcoy\" \/>\n<meta property=\"og:description\" content=\"El Campus de Alcoy de la Universitat Polit\u00e8cnica de Val\u00e8ncia (UPV) ya ha iniciado el proceso previo a la preinscripci\u00f3n de nuevos alumnos para el pr\u00f3ximo curso acad\u00e9mico 2024-2025\" \/>\n<meta property=\"og:url\" content=\"https:\/\/www.copealcoy.es\/es\/el-campus-de-alcoy-preve-contar-con-hasta-700-nuevos-estudiantes-asi-se-presenta-el-proximo-curso-academico\/\" \/>\n<meta property=\"og:site_name\" content=\"COPE Alcoy\" \/>\n<meta property=\"article:published_time\" content=\"2024-06-07T07:56:04+00:00\" \/>\n<meta property=\"article:modified_time\" content=\"2024-06-07T08:09:51+00:00\" \/>\n<meta property=\"og:image\" content=\"https:\/\/www.copealcoy.es\/wp-content\/uploads\/2024\/06\/unnamed-1-7-scaled.jpg\" \/>\n\t<meta property=\"og:image:width\" content=\"1620\" \/>\n\t<meta property=\"og:image:height\" content=\"1080\" \/>\n\t<meta property=\"og:image:type\" content=\"image\/jpeg\" \/>\n<meta name=\"author\" content=\"Cope Alcoy\" \/>\n<meta name=\"twitter:label1\" content=\"Escrito por\" \/>\n\t<meta name=\"twitter:data1\" content=\"Cope Alcoy\" \/>\n\t<meta name=\"twitter:label2\" content=\"Tiempo de lectura\" \/>\n\t<meta name=\"twitter:data2\" content=\"2 minutos\" \/>\n<script type=\"application\/ld+json\" class=\"yoast-schema-graph\">{\"@context\":\"https:\\\/\\\/schema.org\",\"@graph\":[{\"@type\":\"Article\",\"@id\":\"https:\\\/\\\/www.copealcoy.es\\\/es\\\/el-campus-de-alcoy-preve-contar-con-hasta-700-nuevos-estudiantes-asi-se-presenta-el-proximo-curso-academico\\\/#article\",\"isPartOf\":{\"@id\":\"https:\\\/\\\/www.copealcoy.es\\\/es\\\/el-campus-de-alcoy-preve-contar-con-hasta-700-nuevos-estudiantes-asi-se-presenta-el-proximo-curso-academico\\\/\"},\"author\":{\"name\":\"Cope Alcoy\",\"@id\":\"https:\\\/\\\/www.copealcoy.es\\\/es\\\/#\\\/schema\\\/person\\\/e777c87fa024e57d40170af9df39882c\"},\"headline\":\"El Campus de Alcoy prev\u00e9 contar con hasta 700 nuevos estudiantes. As\u00ed se presenta el pr\u00f3ximo curso acad\u00e9mico\",\"datePublished\":\"2024-06-07T07:56:04+00:00\",\"dateModified\":\"2024-06-07T08:09:51+00:00\",\"mainEntityOfPage\":{\"@id\":\"https:\\\/\\\/www.copealcoy.es\\\/es\\\/el-campus-de-alcoy-preve-contar-con-hasta-700-nuevos-estudiantes-asi-se-presenta-el-proximo-curso-academico\\\/\"},\"wordCount\":415,\"commentCount\":0,\"image\":{\"@id\":\"https:\\\/\\\/www.copealcoy.es\\\/es\\\/el-campus-de-alcoy-preve-contar-con-hasta-700-nuevos-estudiantes-asi-se-presenta-el-proximo-curso-academico\\\/#primaryimage\"},\"thumbnailUrl\":\"https:\\\/\\\/www.copealcoy.es\\\/wp-content\\\/uploads\\\/2024\\\/06\\\/unnamed-1-7-scaled.jpg\",\"keywords\":[\"Alcoy\",\"Campus UPV\",\"Estudios\",\"matriculaci\u00f3n\",\"planificaci\u00f3n pr\u00f3ximo curso\"],\"articleSection\":[\"Actualidad\",\"Alcoy\",\"Educaci\u00f3n\",\"Noticias\"],\"inLanguage\":\"es\"},{\"@type\":\"WebPage\",\"@id\":\"https:\\\/\\\/www.copealcoy.es\\\/es\\\/el-campus-de-alcoy-preve-contar-con-hasta-700-nuevos-estudiantes-asi-se-presenta-el-proximo-curso-academico\\\/\",\"url\":\"https:\\\/\\\/www.copealcoy.es\\\/es\\\/el-campus-de-alcoy-preve-contar-con-hasta-700-nuevos-estudiantes-asi-se-presenta-el-proximo-curso-academico\\\/\",\"name\":\"El Campus de Alcoy prev\u00e9 contar con hasta 700 nuevos estudiantes. As\u00ed se presenta el pr\u00f3ximo curso acad\u00e9mico - COPE Alcoy\",\"isPartOf\":{\"@id\":\"https:\\\/\\\/www.copealcoy.es\\\/es\\\/#website\"},\"primaryImageOfPage\":{\"@id\":\"https:\\\/\\\/www.copealcoy.es\\\/es\\\/el-campus-de-alcoy-preve-contar-con-hasta-700-nuevos-estudiantes-asi-se-presenta-el-proximo-curso-academico\\\/#primaryimage\"},\"image\":{\"@id\":\"https:\\\/\\\/www.copealcoy.es\\\/es\\\/el-campus-de-alcoy-preve-contar-con-hasta-700-nuevos-estudiantes-asi-se-presenta-el-proximo-curso-academico\\\/#primaryimage\"},\"thumbnailUrl\":\"https:\\\/\\\/www.copealcoy.es\\\/wp-content\\\/uploads\\\/2024\\\/06\\\/unnamed-1-7-scaled.jpg\",\"datePublished\":\"2024-06-07T07:56:04+00:00\",\"dateModified\":\"2024-06-07T08:09:51+00:00\",\"author\":{\"@id\":\"https:\\\/\\\/www.copealcoy.es\\\/es\\\/#\\\/schema\\\/person\\\/e777c87fa024e57d40170af9df39882c\"},\"description\":\"El Campus de Alcoy de la Universitat Polit\u00e8cnica de Val\u00e8ncia (UPV) ya ha iniciado el proceso previo a la preinscripci\u00f3n de nuevos alumnos para el pr\u00f3ximo curso acad\u00e9mico 2024-2025\",\"breadcrumb\":{\"@id\":\"https:\\\/\\\/www.copealcoy.es\\\/es\\\/el-campus-de-alcoy-preve-contar-con-hasta-700-nuevos-estudiantes-asi-se-presenta-el-proximo-curso-academico\\\/#breadcrumb\"},\"inLanguage\":\"es\",\"potentialAction\":[{\"@type\":\"ReadAction\",\"target\":[\"https:\\\/\\\/www.copealcoy.es\\\/es\\\/el-campus-de-alcoy-preve-contar-con-hasta-700-nuevos-estudiantes-asi-se-presenta-el-proximo-curso-academico\\\/\"]}]},{\"@type\":\"ImageObject\",\"inLanguage\":\"es\",\"@id\":\"https:\\\/\\\/www.copealcoy.es\\\/es\\\/el-campus-de-alcoy-preve-contar-con-hasta-700-nuevos-estudiantes-asi-se-presenta-el-proximo-curso-academico\\\/#primaryimage\",\"url\":\"https:\\\/\\\/www.copealcoy.es\\\/wp-content\\\/uploads\\\/2024\\\/06\\\/unnamed-1-7-scaled.jpg\",\"contentUrl\":\"https:\\\/\\\/www.copealcoy.es\\\/wp-content\\\/uploads\\\/2024\\\/06\\\/unnamed-1-7-scaled.jpg\",\"width\":1620,\"height\":1080},{\"@type\":\"BreadcrumbList\",\"@id\":\"https:\\\/\\\/www.copealcoy.es\\\/es\\\/el-campus-de-alcoy-preve-contar-con-hasta-700-nuevos-estudiantes-asi-se-presenta-el-proximo-curso-academico\\\/#breadcrumb\",\"itemListElement\":[{\"@type\":\"ListItem\",\"position\":1,\"name\":\"Portada\",\"item\":\"https:\\\/\\\/www.copealcoy.es\\\/es\\\/\"},{\"@type\":\"ListItem\",\"position\":2,\"name\":\"El Campus de Alcoy prev\u00e9 contar con hasta 700 nuevos estudiantes. As\u00ed se presenta el pr\u00f3ximo curso acad\u00e9mico\"}]},{\"@type\":\"WebSite\",\"@id\":\"https:\\\/\\\/www.copealcoy.es\\\/es\\\/#website\",\"url\":\"https:\\\/\\\/www.copealcoy.es\\\/es\\\/\",\"name\":\"COPE Alcoy\",\"description\":\"Emisora COPE de radio local con emisi\u00f3n online. Pont de Sant Jordi 8-10 03803 Alcoy\",\"potentialAction\":[{\"@type\":\"SearchAction\",\"target\":{\"@type\":\"EntryPoint\",\"urlTemplate\":\"https:\\\/\\\/www.copealcoy.es\\\/es\\\/?s={search_term_string}\"},\"query-input\":{\"@type\":\"PropertyValueSpecification\",\"valueRequired\":true,\"valueName\":\"search_term_string\"}}],\"inLanguage\":\"es\"},{\"@type\":\"Person\",\"@id\":\"https:\\\/\\\/www.copealcoy.es\\\/es\\\/#\\\/schema\\\/person\\\/e777c87fa024e57d40170af9df39882c\",\"name\":\"Cope Alcoy\",\"image\":{\"@type\":\"ImageObject\",\"inLanguage\":\"es\",\"@id\":\"https:\\\/\\\/secure.gravatar.com\\\/avatar\\\/bb65d0283347e303893ba14f0692005417c1e0e690a325a4c5d8bb2b3943ee14?s=96&d=mm&r=g\",\"url\":\"https:\\\/\\\/secure.gravatar.com\\\/avatar\\\/bb65d0283347e303893ba14f0692005417c1e0e690a325a4c5d8bb2b3943ee14?s=96&d=mm&r=g\",\"contentUrl\":\"https:\\\/\\\/secure.gravatar.com\\\/avatar\\\/bb65d0283347e303893ba14f0692005417c1e0e690a325a4c5d8bb2b3943ee14?s=96&d=mm&r=g\",\"caption\":\"Cope Alcoy\"}}]}<\/script>\n<!-- \/ Yoast SEO plugin. -->","yoast_head_json":{"title":"El Campus de Alcoy prev\u00e9 contar con hasta 700 nuevos estudiantes. As\u00ed se presenta el pr\u00f3ximo curso acad\u00e9mico - COPE Alcoy","description":"El Campus de Alcoy de la Universitat Polit\u00e8cnica de Val\u00e8ncia (UPV) ya ha iniciado el proceso previo a la preinscripci\u00f3n de nuevos alumnos para el pr\u00f3ximo curso acad\u00e9mico 2024-2025","robots":{"index":"index","follow":"follow","max-snippet":"max-snippet:-1","max-image-preview":"max-image-preview:large","max-video-preview":"max-video-preview:-1"},"canonical":"https:\/\/www.copealcoy.es\/es\/el-campus-de-alcoy-preve-contar-con-hasta-700-nuevos-estudiantes-asi-se-presenta-el-proximo-curso-academico\/","og_locale":"es_ES","og_type":"article","og_title":"El Campus de Alcoy prev\u00e9 contar con hasta 700 nuevos estudiantes. As\u00ed se presenta el pr\u00f3ximo curso acad\u00e9mico - COPE Alcoy","og_description":"El Campus de Alcoy de la Universitat Polit\u00e8cnica de Val\u00e8ncia (UPV) ya ha iniciado el proceso previo a la preinscripci\u00f3n de nuevos alumnos para el pr\u00f3ximo curso acad\u00e9mico 2024-2025","og_url":"https:\/\/www.copealcoy.es\/es\/el-campus-de-alcoy-preve-contar-con-hasta-700-nuevos-estudiantes-asi-se-presenta-el-proximo-curso-academico\/","og_site_name":"COPE Alcoy","article_published_time":"2024-06-07T07:56:04+00:00","article_modified_time":"2024-06-07T08:09:51+00:00","og_image":[{"width":1620,"height":1080,"url":"https:\/\/www.copealcoy.es\/wp-content\/uploads\/2024\/06\/unnamed-1-7-scaled.jpg","type":"image\/jpeg"}],"author":"Cope Alcoy","twitter_misc":{"Escrito por":"Cope Alcoy","Tiempo de lectura":"2 minutos"},"schema":{"@context":"https:\/\/schema.org","@graph":[{"@type":"Article","@id":"https:\/\/www.copealcoy.es\/es\/el-campus-de-alcoy-preve-contar-con-hasta-700-nuevos-estudiantes-asi-se-presenta-el-proximo-curso-academico\/#article","isPartOf":{"@id":"https:\/\/www.copealcoy.es\/es\/el-campus-de-alcoy-preve-contar-con-hasta-700-nuevos-estudiantes-asi-se-presenta-el-proximo-curso-academico\/"},"author":{"name":"Cope Alcoy","@id":"https:\/\/www.copealcoy.es\/es\/#\/schema\/person\/e777c87fa024e57d40170af9df39882c"},"headline":"El Campus de Alcoy prev\u00e9 contar con hasta 700 nuevos estudiantes. As\u00ed se presenta el pr\u00f3ximo curso acad\u00e9mico","datePublished":"2024-06-07T07:56:04+00:00","dateModified":"2024-06-07T08:09:51+00:00","mainEntityOfPage":{"@id":"https:\/\/www.copealcoy.es\/es\/el-campus-de-alcoy-preve-contar-con-hasta-700-nuevos-estudiantes-asi-se-presenta-el-proximo-curso-academico\/"},"wordCount":415,"commentCount":0,"image":{"@id":"https:\/\/www.copealcoy.es\/es\/el-campus-de-alcoy-preve-contar-con-hasta-700-nuevos-estudiantes-asi-se-presenta-el-proximo-curso-academico\/#primaryimage"},"thumbnailUrl":"https:\/\/www.copealcoy.es\/wp-content\/uploads\/2024\/06\/unnamed-1-7-scaled.jpg","keywords":["Alcoy","Campus UPV","Estudios","matriculaci\u00f3n","planificaci\u00f3n pr\u00f3ximo curso"],"articleSection":["Actualidad","Alcoy","Educaci\u00f3n","Noticias"],"inLanguage":"es"},{"@type":"WebPage","@id":"https:\/\/www.copealcoy.es\/es\/el-campus-de-alcoy-preve-contar-con-hasta-700-nuevos-estudiantes-asi-se-presenta-el-proximo-curso-academico\/","url":"https:\/\/www.copealcoy.es\/es\/el-campus-de-alcoy-preve-contar-con-hasta-700-nuevos-estudiantes-asi-se-presenta-el-proximo-curso-academico\/","name":"El Campus de Alcoy prev\u00e9 contar con hasta 700 nuevos estudiantes. As\u00ed se presenta el pr\u00f3ximo curso acad\u00e9mico - COPE Alcoy","isPartOf":{"@id":"https:\/\/www.copealcoy.es\/es\/#website"},"primaryImageOfPage":{"@id":"https:\/\/www.copealcoy.es\/es\/el-campus-de-alcoy-preve-contar-con-hasta-700-nuevos-estudiantes-asi-se-presenta-el-proximo-curso-academico\/#primaryimage"},"image":{"@id":"https:\/\/www.copealcoy.es\/es\/el-campus-de-alcoy-preve-contar-con-hasta-700-nuevos-estudiantes-asi-se-presenta-el-proximo-curso-academico\/#primaryimage"},"thumbnailUrl":"https:\/\/www.copealcoy.es\/wp-content\/uploads\/2024\/06\/unnamed-1-7-scaled.jpg","datePublished":"2024-06-07T07:56:04+00:00","dateModified":"2024-06-07T08:09:51+00:00","author":{"@id":"https:\/\/www.copealcoy.es\/es\/#\/schema\/person\/e777c87fa024e57d40170af9df39882c"},"description":"El Campus de Alcoy de la Universitat Polit\u00e8cnica de Val\u00e8ncia (UPV) ya ha iniciado el proceso previo a la preinscripci\u00f3n de nuevos alumnos para el pr\u00f3ximo curso acad\u00e9mico 2024-2025","breadcrumb":{"@id":"https:\/\/www.copealcoy.es\/es\/el-campus-de-alcoy-preve-contar-con-hasta-700-nuevos-estudiantes-asi-se-presenta-el-proximo-curso-academico\/#breadcrumb"},"inLanguage":"es","potentialAction":[{"@type":"ReadAction","target":["https:\/\/www.copealcoy.es\/es\/el-campus-de-alcoy-preve-contar-con-hasta-700-nuevos-estudiantes-asi-se-presenta-el-proximo-curso-academico\/"]}]},{"@type":"ImageObject","inLanguage":"es","@id":"https:\/\/www.copealcoy.es\/es\/el-campus-de-alcoy-preve-contar-con-hasta-700-nuevos-estudiantes-asi-se-presenta-el-proximo-curso-academico\/#primaryimage","url":"https:\/\/www.copealcoy.es\/wp-content\/uploads\/2024\/06\/unnamed-1-7-scaled.jpg","contentUrl":"https:\/\/www.copealcoy.es\/wp-content\/uploads\/2024\/06\/unnamed-1-7-scaled.jpg","width":1620,"height":1080},{"@type":"BreadcrumbList","@id":"https:\/\/www.copealcoy.es\/es\/el-campus-de-alcoy-preve-contar-con-hasta-700-nuevos-estudiantes-asi-se-presenta-el-proximo-curso-academico\/#breadcrumb","itemListElement":[{"@type":"ListItem","position":1,"name":"Portada","item":"https:\/\/www.copealcoy.es\/es\/"},{"@type":"ListItem","position":2,"name":"El Campus de Alcoy prev\u00e9 contar con hasta 700 nuevos estudiantes. As\u00ed se presenta el pr\u00f3ximo curso acad\u00e9mico"}]},{"@type":"WebSite","@id":"https:\/\/www.copealcoy.es\/es\/#website","url":"https:\/\/www.copealcoy.es\/es\/","name":"COPE Alcoy","description":"Emisora COPE de radio local con emisi\u00f3n online. Pont de Sant Jordi 8-10 03803 Alcoy","potentialAction":[{"@type":"SearchAction","target":{"@type":"EntryPoint","urlTemplate":"https:\/\/www.copealcoy.es\/es\/?s={search_term_string}"},"query-input":{"@type":"PropertyValueSpecification","valueRequired":true,"valueName":"search_term_string"}}],"inLanguage":"es"},{"@type":"Person","@id":"https:\/\/www.copealcoy.es\/es\/#\/schema\/person\/e777c87fa024e57d40170af9df39882c","name":"Cope Alcoy","image":{"@type":"ImageObject","inLanguage":"es","@id":"https:\/\/secure.gravatar.com\/avatar\/bb65d0283347e303893ba14f0692005417c1e0e690a325a4c5d8bb2b3943ee14?s=96&d=mm&r=g","url":"https:\/\/secure.gravatar.com\/avatar\/bb65d0283347e303893ba14f0692005417c1e0e690a325a4c5d8bb2b3943ee14?s=96&d=mm&r=g","contentUrl":"https:\/\/secure.gravatar.com\/avatar\/bb65d0283347e303893ba14f0692005417c1e0e690a325a4c5d8bb2b3943ee14?s=96&d=mm&r=g","caption":"Cope Alcoy"}}]}},"_links":{"self":[{"href":"https:\/\/www.copealcoy.es\/es\/wp-json\/wp\/v2\/posts\/134487","targetHints":{"allow":["GET"]}}],"collection":[{"href":"https:\/\/www.copealcoy.es\/es\/wp-json\/wp\/v2\/posts"}],"about":[{"href":"https:\/\/www.copealcoy.es\/es\/wp-json\/wp\/v2\/types\/post"}],"author":[{"embeddable":true,"href":"https:\/\/www.copealcoy.es\/es\/wp-json\/wp\/v2\/users\/1"}],"replies":[{"embeddable":true,"href":"https:\/\/www.copealcoy.es\/es\/wp-json\/wp\/v2\/comments?post=134487"}],"version-history":[{"count":0,"href":"https:\/\/www.copealcoy.es\/es\/wp-json\/wp\/v2\/posts\/134487\/revisions"}],"wp:featuredmedia":[{"embeddable":true,"href":"https:\/\/www.copealcoy.es\/es\/wp-json\/wp\/v2\/media\/134488"}],"wp:attachment":[{"href":"https:\/\/www.copealcoy.es\/es\/wp-json\/wp\/v2\/media?parent=134487"}],"wp:term":[{"taxonomy":"category","embeddable":true,"href":"https:\/\/www.copealcoy.es\/es\/wp-json\/wp\/v2\/categories?post=134487"},{"taxonomy":"post_tag","embeddable":true,"href":"https:\/\/www.copealcoy.es\/es\/wp-json\/wp\/v2\/tags?post=134487"}],"curies":[{"name":"wp","href":"https:\/\/api.w.org\/{rel}","templated":true}]}}