{"id":134480,"date":"2024-06-06T08:21:47","date_gmt":"2024-06-06T07:21:47","guid":{"rendered":"https:\/\/www.copealcoy.es\/?p=134480"},"modified":"2024-06-07T22:42:02","modified_gmt":"2024-06-07T21:42:02","slug":"muro-da-un-paso-hacia-adelante-para-revitalizar-su-casco-antiguo","status":"publish","type":"post","link":"https:\/\/www.copealcoy.es\/es\/muro-da-un-paso-hacia-adelante-para-revitalizar-su-casco-antiguo\/","title":{"rendered":"Muro da un paso hacia adelante para revitalizar su casco antiguo"},"content":{"rendered":"<p style=\"text-align: justify;\">El <strong><span style=\"color: #0000ff;\">Ayuntamiento de Muro<\/span><\/strong> ha presentado esta semana su <strong>Plan Estrat\u00e9gico Local de Rehabilitaci\u00f3n del Centro Hist\u00f3rico<\/strong>, un documento que <strong>recopila las medidas y acciones a impulsar desde diferentes \u00e1mbitos<\/strong> con el fin de revitalizar el casco antiguo del municipio e incluso frenar su posible degradaci\u00f3n. Para ello <strong>se han fijado varias \u00e1reas de actuaci\u00f3n<\/strong> centradas en la vivienda, la recuperaci\u00f3n de espacios p\u00fablicos, el patrimonio cultural o servicios culturales y tur\u00edsticos, y la potenciaci\u00f3n del tejido comercial y econ\u00f3mico.<\/p>\n<p style=\"text-align: justify;\">Precisamente, en el <strong>primero de los aspectos<\/strong> se incide en la rehabilitaci\u00f3n de inmuebles privados mediante ayudas directas y sencillas de tramitar, analizar las casas vac\u00edas para poder dar uso a las mismas y destinarlas a las personas que buscan una residencia o promover construcciones nuevas en los solares que ahora est\u00e1n vac\u00edos. Por otro lado,<strong> se apuesta por redise\u00f1ar el n\u00facleo hist\u00f3rico<\/strong> con materiales nobles para que sea un entorno adecuado a los elementos patrimoniales existentes en la zona e incluso se incide en la necesidad de mejorar la seguridad viaria o fomentar el uso peatonal. De igual forma, <strong>el Plan aboga por definir unas adecuadas comunicaciones peatonales y ciclistas<\/strong> desde el centro de la localidad a los principales servicios de uso diario como colegios, el instituto o los pol\u00edgonos industriales. Por \u00faltimo, <strong>se defiende poner en valor las caracter\u00edsticas m\u00e1s relevantes de las edificaciones del mismo casco antiguo y promover la creaci\u00f3n de nuevos negocios que den un impulso al tejido econ\u00f3mico<\/strong> de las calles m\u00e1s c\u00e9ntricas de esta localidad del Comtat \u201c<em>es un trabajo que ahora ha definido la hoja de ruta a seguir pero que se ir\u00e1 implementando durante los pr\u00f3ximos meses<\/em>\u201d, explicaba en la misma presentaci\u00f3n el arquitecto <strong>Fernando Navarro<\/strong> perteneciente a la empresa que se ha encargado de redactar el Plan al igual que de recoger toda la informaci\u00f3n para dar forma al mismo.<\/p>\n<p style=\"text-align: justify;\">Desde el Consistorio <strong>ponen foco ahora en la b\u00fasqueda de financiaci\u00f3n<\/strong>, a trav\u00e9s de ayudas de otras administraciones superiores, para poder ejecutar buena parte de las propuestas que plantea el proyecto \u201c<em>con los datos recogidos vamos a trabajar para rehabilitar, recuperar y poner en valor la vivienda del n\u00facleo hist\u00f3rico, el fomento de la movilidad sostenible, la creaci\u00f3n y mejora de espacios verdes y la reordenaci\u00f3n de la Pla\u00e7a Palacio. En definitiva, este Plan nos marca una direcci\u00f3n de trabajo para construir a largo plazo el Muro que queremos, un municipio que mira al futuro sin perder su esencia<\/em>\u201d, coment\u00f3 el concejal de Patrimonio; <strong>Sergi Silvestre<\/strong>. Por el momento, a la espera de ir implementando todo lo definido en esta estrategia, <strong>ya se est\u00e1n llevando a cabo algunas iniciativas<\/strong> como la revisi\u00f3n y adaptaci\u00f3n del cat\u00e1logo de bienes protegidos, el proyecto de rehabilitaci\u00f3n de la antigua f\u00e1brica de Les Caixetes y del edificio consistorial.<\/p>\n","protected":false},"excerpt":{"rendered":"<p>El Ayuntamiento de Muro ha presentado esta semana su Plan Estrat\u00e9gico Local de Rehabilitaci\u00f3n del Centro Hist\u00f3rico, un documento que&#8230;<\/p>\n","protected":false},"author":1,"featured_media":134481,"comment_status":"open","ping_status":"open","sticky":false,"template":"","format":"standard","meta":{"footnotes":""},"categories":[6909,98,75],"tags":[5455,139,135,1673,1939],"class_list":["post-134480","post","type-post","status-publish","format-standard","has-post-thumbnail","hentry","category-actualidad","category-comarcas","category-noticias","tag-casco-antiguo","tag-mejora","tag-muro","tag-plan-estrategico","tag-revitalizacion"],"yoast_head":"<!-- This site is optimized with the Yoast SEO plugin v27.3 - https:\/\/yoast.com\/product\/yoast-seo-wordpress\/ -->\n<title>Muro da un paso hacia adelante para revitalizar su casco antiguo - COPE Alcoy<\/title>\n<meta name=\"description\" content=\"El Ayuntamiento de Muro ha presentado esta semana su Plan Estrat\u00e9gico Local de Rehabilitaci\u00f3n del Centro Hist\u00f3rico\" \/>\n<meta name=\"robots\" content=\"index, follow, max-snippet:-1, max-image-preview:large, max-video-preview:-1\" \/>\n<link rel=\"canonical\" href=\"https:\/\/www.copealcoy.es\/es\/muro-da-un-paso-hacia-adelante-para-revitalizar-su-casco-antiguo\/\" \/>\n<meta property=\"og:locale\" content=\"es_ES\" \/>\n<meta property=\"og:type\" content=\"article\" \/>\n<meta property=\"og:title\" content=\"Muro da un paso hacia adelante para revitalizar su casco antiguo - COPE Alcoy\" \/>\n<meta property=\"og:description\" content=\"El Ayuntamiento de Muro ha presentado esta semana su Plan Estrat\u00e9gico Local de Rehabilitaci\u00f3n del Centro Hist\u00f3rico\" \/>\n<meta property=\"og:url\" content=\"https:\/\/www.copealcoy.es\/es\/muro-da-un-paso-hacia-adelante-para-revitalizar-su-casco-antiguo\/\" \/>\n<meta property=\"og:site_name\" content=\"COPE Alcoy\" \/>\n<meta property=\"article:published_time\" content=\"2024-06-06T07:21:47+00:00\" \/>\n<meta property=\"article:modified_time\" content=\"2024-06-07T21:42:02+00:00\" \/>\n<meta property=\"og:image\" content=\"https:\/\/www.copealcoy.es\/wp-content\/uploads\/2024\/06\/5-El-proyecto-se-presento-el-pasado-martes-en-el-Ayuntamiento-de-Muro-Foto-Ajuntament-de-Muro.jpg\" \/>\n\t<meta property=\"og:image:width\" content=\"1517\" \/>\n\t<meta property=\"og:image:height\" content=\"953\" \/>\n\t<meta property=\"og:image:type\" content=\"image\/jpeg\" \/>\n<meta name=\"author\" content=\"Cope Alcoy\" \/>\n<meta name=\"twitter:label1\" content=\"Escrito por\" \/>\n\t<meta name=\"twitter:data1\" content=\"Cope Alcoy\" \/>\n\t<meta name=\"twitter:label2\" content=\"Tiempo de lectura\" \/>\n\t<meta name=\"twitter:data2\" content=\"3 minutos\" \/>\n<script type=\"application\/ld+json\" class=\"yoast-schema-graph\">{\"@context\":\"https:\\\/\\\/schema.org\",\"@graph\":[{\"@type\":\"Article\",\"@id\":\"https:\\\/\\\/www.copealcoy.es\\\/es\\\/muro-da-un-paso-hacia-adelante-para-revitalizar-su-casco-antiguo\\\/#article\",\"isPartOf\":{\"@id\":\"https:\\\/\\\/www.copealcoy.es\\\/es\\\/muro-da-un-paso-hacia-adelante-para-revitalizar-su-casco-antiguo\\\/\"},\"author\":{\"name\":\"Cope Alcoy\",\"@id\":\"https:\\\/\\\/www.copealcoy.es\\\/es\\\/#\\\/schema\\\/person\\\/e777c87fa024e57d40170af9df39882c\"},\"headline\":\"Muro da un paso hacia adelante para revitalizar su casco antiguo\",\"datePublished\":\"2024-06-06T07:21:47+00:00\",\"dateModified\":\"2024-06-07T21:42:02+00:00\",\"mainEntityOfPage\":{\"@id\":\"https:\\\/\\\/www.copealcoy.es\\\/es\\\/muro-da-un-paso-hacia-adelante-para-revitalizar-su-casco-antiguo\\\/\"},\"wordCount\":517,\"commentCount\":0,\"image\":{\"@id\":\"https:\\\/\\\/www.copealcoy.es\\\/es\\\/muro-da-un-paso-hacia-adelante-para-revitalizar-su-casco-antiguo\\\/#primaryimage\"},\"thumbnailUrl\":\"https:\\\/\\\/www.copealcoy.es\\\/wp-content\\\/uploads\\\/2024\\\/06\\\/5-El-proyecto-se-presento-el-pasado-martes-en-el-Ayuntamiento-de-Muro-Foto-Ajuntament-de-Muro.jpg\",\"keywords\":[\"casco antiguo\",\"Mejora\",\"Muro\",\"Plan Estrat\u00e9gico\",\"Revitalizaci\u00f3n\"],\"articleSection\":[\"Actualidad\",\"Comarcas\",\"Noticias\"],\"inLanguage\":\"es\"},{\"@type\":\"WebPage\",\"@id\":\"https:\\\/\\\/www.copealcoy.es\\\/es\\\/muro-da-un-paso-hacia-adelante-para-revitalizar-su-casco-antiguo\\\/\",\"url\":\"https:\\\/\\\/www.copealcoy.es\\\/es\\\/muro-da-un-paso-hacia-adelante-para-revitalizar-su-casco-antiguo\\\/\",\"name\":\"Muro da un paso hacia adelante para revitalizar su casco antiguo - COPE Alcoy\",\"isPartOf\":{\"@id\":\"https:\\\/\\\/www.copealcoy.es\\\/es\\\/#website\"},\"primaryImageOfPage\":{\"@id\":\"https:\\\/\\\/www.copealcoy.es\\\/es\\\/muro-da-un-paso-hacia-adelante-para-revitalizar-su-casco-antiguo\\\/#primaryimage\"},\"image\":{\"@id\":\"https:\\\/\\\/www.copealcoy.es\\\/es\\\/muro-da-un-paso-hacia-adelante-para-revitalizar-su-casco-antiguo\\\/#primaryimage\"},\"thumbnailUrl\":\"https:\\\/\\\/www.copealcoy.es\\\/wp-content\\\/uploads\\\/2024\\\/06\\\/5-El-proyecto-se-presento-el-pasado-martes-en-el-Ayuntamiento-de-Muro-Foto-Ajuntament-de-Muro.jpg\",\"datePublished\":\"2024-06-06T07:21:47+00:00\",\"dateModified\":\"2024-06-07T21:42:02+00:00\",\"author\":{\"@id\":\"https:\\\/\\\/www.copealcoy.es\\\/es\\\/#\\\/schema\\\/person\\\/e777c87fa024e57d40170af9df39882c\"},\"description\":\"El Ayuntamiento de Muro ha presentado esta semana su Plan Estrat\u00e9gico Local de Rehabilitaci\u00f3n del Centro Hist\u00f3rico\",\"breadcrumb\":{\"@id\":\"https:\\\/\\\/www.copealcoy.es\\\/es\\\/muro-da-un-paso-hacia-adelante-para-revitalizar-su-casco-antiguo\\\/#breadcrumb\"},\"inLanguage\":\"es\",\"potentialAction\":[{\"@type\":\"ReadAction\",\"target\":[\"https:\\\/\\\/www.copealcoy.es\\\/es\\\/muro-da-un-paso-hacia-adelante-para-revitalizar-su-casco-antiguo\\\/\"]}]},{\"@type\":\"ImageObject\",\"inLanguage\":\"es\",\"@id\":\"https:\\\/\\\/www.copealcoy.es\\\/es\\\/muro-da-un-paso-hacia-adelante-para-revitalizar-su-casco-antiguo\\\/#primaryimage\",\"url\":\"https:\\\/\\\/www.copealcoy.es\\\/wp-content\\\/uploads\\\/2024\\\/06\\\/5-El-proyecto-se-presento-el-pasado-martes-en-el-Ayuntamiento-de-Muro-Foto-Ajuntament-de-Muro.jpg\",\"contentUrl\":\"https:\\\/\\\/www.copealcoy.es\\\/wp-content\\\/uploads\\\/2024\\\/06\\\/5-El-proyecto-se-presento-el-pasado-martes-en-el-Ayuntamiento-de-Muro-Foto-Ajuntament-de-Muro.jpg\",\"width\":1517,\"height\":953},{\"@type\":\"BreadcrumbList\",\"@id\":\"https:\\\/\\\/www.copealcoy.es\\\/es\\\/muro-da-un-paso-hacia-adelante-para-revitalizar-su-casco-antiguo\\\/#breadcrumb\",\"itemListElement\":[{\"@type\":\"ListItem\",\"position\":1,\"name\":\"Portada\",\"item\":\"https:\\\/\\\/www.copealcoy.es\\\/es\\\/\"},{\"@type\":\"ListItem\",\"position\":2,\"name\":\"Muro da un paso hacia adelante para revitalizar su casco antiguo\"}]},{\"@type\":\"WebSite\",\"@id\":\"https:\\\/\\\/www.copealcoy.es\\\/es\\\/#website\",\"url\":\"https:\\\/\\\/www.copealcoy.es\\\/es\\\/\",\"name\":\"COPE Alcoy\",\"description\":\"Emisora COPE de radio local con emisi\u00f3n online. Pont de Sant Jordi 8-10 03803 Alcoy\",\"potentialAction\":[{\"@type\":\"SearchAction\",\"target\":{\"@type\":\"EntryPoint\",\"urlTemplate\":\"https:\\\/\\\/www.copealcoy.es\\\/es\\\/?s={search_term_string}\"},\"query-input\":{\"@type\":\"PropertyValueSpecification\",\"valueRequired\":true,\"valueName\":\"search_term_string\"}}],\"inLanguage\":\"es\"},{\"@type\":\"Person\",\"@id\":\"https:\\\/\\\/www.copealcoy.es\\\/es\\\/#\\\/schema\\\/person\\\/e777c87fa024e57d40170af9df39882c\",\"name\":\"Cope Alcoy\",\"image\":{\"@type\":\"ImageObject\",\"inLanguage\":\"es\",\"@id\":\"https:\\\/\\\/secure.gravatar.com\\\/avatar\\\/bb65d0283347e303893ba14f0692005417c1e0e690a325a4c5d8bb2b3943ee14?s=96&d=mm&r=g\",\"url\":\"https:\\\/\\\/secure.gravatar.com\\\/avatar\\\/bb65d0283347e303893ba14f0692005417c1e0e690a325a4c5d8bb2b3943ee14?s=96&d=mm&r=g\",\"contentUrl\":\"https:\\\/\\\/secure.gravatar.com\\\/avatar\\\/bb65d0283347e303893ba14f0692005417c1e0e690a325a4c5d8bb2b3943ee14?s=96&d=mm&r=g\",\"caption\":\"Cope Alcoy\"}}]}<\/script>\n<!-- \/ Yoast SEO plugin. -->","yoast_head_json":{"title":"Muro da un paso hacia adelante para revitalizar su casco antiguo - COPE Alcoy","description":"El Ayuntamiento de Muro ha presentado esta semana su Plan Estrat\u00e9gico Local de Rehabilitaci\u00f3n del Centro Hist\u00f3rico","robots":{"index":"index","follow":"follow","max-snippet":"max-snippet:-1","max-image-preview":"max-image-preview:large","max-video-preview":"max-video-preview:-1"},"canonical":"https:\/\/www.copealcoy.es\/es\/muro-da-un-paso-hacia-adelante-para-revitalizar-su-casco-antiguo\/","og_locale":"es_ES","og_type":"article","og_title":"Muro da un paso hacia adelante para revitalizar su casco antiguo - COPE Alcoy","og_description":"El Ayuntamiento de Muro ha presentado esta semana su Plan Estrat\u00e9gico Local de Rehabilitaci\u00f3n del Centro Hist\u00f3rico","og_url":"https:\/\/www.copealcoy.es\/es\/muro-da-un-paso-hacia-adelante-para-revitalizar-su-casco-antiguo\/","og_site_name":"COPE Alcoy","article_published_time":"2024-06-06T07:21:47+00:00","article_modified_time":"2024-06-07T21:42:02+00:00","og_image":[{"width":1517,"height":953,"url":"https:\/\/www.copealcoy.es\/wp-content\/uploads\/2024\/06\/5-El-proyecto-se-presento-el-pasado-martes-en-el-Ayuntamiento-de-Muro-Foto-Ajuntament-de-Muro.jpg","type":"image\/jpeg"}],"author":"Cope Alcoy","twitter_misc":{"Escrito por":"Cope Alcoy","Tiempo de lectura":"3 minutos"},"schema":{"@context":"https:\/\/schema.org","@graph":[{"@type":"Article","@id":"https:\/\/www.copealcoy.es\/es\/muro-da-un-paso-hacia-adelante-para-revitalizar-su-casco-antiguo\/#article","isPartOf":{"@id":"https:\/\/www.copealcoy.es\/es\/muro-da-un-paso-hacia-adelante-para-revitalizar-su-casco-antiguo\/"},"author":{"name":"Cope Alcoy","@id":"https:\/\/www.copealcoy.es\/es\/#\/schema\/person\/e777c87fa024e57d40170af9df39882c"},"headline":"Muro da un paso hacia adelante para revitalizar su casco antiguo","datePublished":"2024-06-06T07:21:47+00:00","dateModified":"2024-06-07T21:42:02+00:00","mainEntityOfPage":{"@id":"https:\/\/www.copealcoy.es\/es\/muro-da-un-paso-hacia-adelante-para-revitalizar-su-casco-antiguo\/"},"wordCount":517,"commentCount":0,"image":{"@id":"https:\/\/www.copealcoy.es\/es\/muro-da-un-paso-hacia-adelante-para-revitalizar-su-casco-antiguo\/#primaryimage"},"thumbnailUrl":"https:\/\/www.copealcoy.es\/wp-content\/uploads\/2024\/06\/5-El-proyecto-se-presento-el-pasado-martes-en-el-Ayuntamiento-de-Muro-Foto-Ajuntament-de-Muro.jpg","keywords":["casco antiguo","Mejora","Muro","Plan Estrat\u00e9gico","Revitalizaci\u00f3n"],"articleSection":["Actualidad","Comarcas","Noticias"],"inLanguage":"es"},{"@type":"WebPage","@id":"https:\/\/www.copealcoy.es\/es\/muro-da-un-paso-hacia-adelante-para-revitalizar-su-casco-antiguo\/","url":"https:\/\/www.copealcoy.es\/es\/muro-da-un-paso-hacia-adelante-para-revitalizar-su-casco-antiguo\/","name":"Muro da un paso hacia adelante para revitalizar su casco antiguo - COPE Alcoy","isPartOf":{"@id":"https:\/\/www.copealcoy.es\/es\/#website"},"primaryImageOfPage":{"@id":"https:\/\/www.copealcoy.es\/es\/muro-da-un-paso-hacia-adelante-para-revitalizar-su-casco-antiguo\/#primaryimage"},"image":{"@id":"https:\/\/www.copealcoy.es\/es\/muro-da-un-paso-hacia-adelante-para-revitalizar-su-casco-antiguo\/#primaryimage"},"thumbnailUrl":"https:\/\/www.copealcoy.es\/wp-content\/uploads\/2024\/06\/5-El-proyecto-se-presento-el-pasado-martes-en-el-Ayuntamiento-de-Muro-Foto-Ajuntament-de-Muro.jpg","datePublished":"2024-06-06T07:21:47+00:00","dateModified":"2024-06-07T21:42:02+00:00","author":{"@id":"https:\/\/www.copealcoy.es\/es\/#\/schema\/person\/e777c87fa024e57d40170af9df39882c"},"description":"El Ayuntamiento de Muro ha presentado esta semana su Plan Estrat\u00e9gico Local de Rehabilitaci\u00f3n del Centro Hist\u00f3rico","breadcrumb":{"@id":"https:\/\/www.copealcoy.es\/es\/muro-da-un-paso-hacia-adelante-para-revitalizar-su-casco-antiguo\/#breadcrumb"},"inLanguage":"es","potentialAction":[{"@type":"ReadAction","target":["https:\/\/www.copealcoy.es\/es\/muro-da-un-paso-hacia-adelante-para-revitalizar-su-casco-antiguo\/"]}]},{"@type":"ImageObject","inLanguage":"es","@id":"https:\/\/www.copealcoy.es\/es\/muro-da-un-paso-hacia-adelante-para-revitalizar-su-casco-antiguo\/#primaryimage","url":"https:\/\/www.copealcoy.es\/wp-content\/uploads\/2024\/06\/5-El-proyecto-se-presento-el-pasado-martes-en-el-Ayuntamiento-de-Muro-Foto-Ajuntament-de-Muro.jpg","contentUrl":"https:\/\/www.copealcoy.es\/wp-content\/uploads\/2024\/06\/5-El-proyecto-se-presento-el-pasado-martes-en-el-Ayuntamiento-de-Muro-Foto-Ajuntament-de-Muro.jpg","width":1517,"height":953},{"@type":"BreadcrumbList","@id":"https:\/\/www.copealcoy.es\/es\/muro-da-un-paso-hacia-adelante-para-revitalizar-su-casco-antiguo\/#breadcrumb","itemListElement":[{"@type":"ListItem","position":1,"name":"Portada","item":"https:\/\/www.copealcoy.es\/es\/"},{"@type":"ListItem","position":2,"name":"Muro da un paso hacia adelante para revitalizar su casco antiguo"}]},{"@type":"WebSite","@id":"https:\/\/www.copealcoy.es\/es\/#website","url":"https:\/\/www.copealcoy.es\/es\/","name":"COPE Alcoy","description":"Emisora COPE de radio local con emisi\u00f3n online. Pont de Sant Jordi 8-10 03803 Alcoy","potentialAction":[{"@type":"SearchAction","target":{"@type":"EntryPoint","urlTemplate":"https:\/\/www.copealcoy.es\/es\/?s={search_term_string}"},"query-input":{"@type":"PropertyValueSpecification","valueRequired":true,"valueName":"search_term_string"}}],"inLanguage":"es"},{"@type":"Person","@id":"https:\/\/www.copealcoy.es\/es\/#\/schema\/person\/e777c87fa024e57d40170af9df39882c","name":"Cope Alcoy","image":{"@type":"ImageObject","inLanguage":"es","@id":"https:\/\/secure.gravatar.com\/avatar\/bb65d0283347e303893ba14f0692005417c1e0e690a325a4c5d8bb2b3943ee14?s=96&d=mm&r=g","url":"https:\/\/secure.gravatar.com\/avatar\/bb65d0283347e303893ba14f0692005417c1e0e690a325a4c5d8bb2b3943ee14?s=96&d=mm&r=g","contentUrl":"https:\/\/secure.gravatar.com\/avatar\/bb65d0283347e303893ba14f0692005417c1e0e690a325a4c5d8bb2b3943ee14?s=96&d=mm&r=g","caption":"Cope Alcoy"}}]}},"_links":{"self":[{"href":"https:\/\/www.copealcoy.es\/es\/wp-json\/wp\/v2\/posts\/134480","targetHints":{"allow":["GET"]}}],"collection":[{"href":"https:\/\/www.copealcoy.es\/es\/wp-json\/wp\/v2\/posts"}],"about":[{"href":"https:\/\/www.copealcoy.es\/es\/wp-json\/wp\/v2\/types\/post"}],"author":[{"embeddable":true,"href":"https:\/\/www.copealcoy.es\/es\/wp-json\/wp\/v2\/users\/1"}],"replies":[{"embeddable":true,"href":"https:\/\/www.copealcoy.es\/es\/wp-json\/wp\/v2\/comments?post=134480"}],"version-history":[{"count":0,"href":"https:\/\/www.copealcoy.es\/es\/wp-json\/wp\/v2\/posts\/134480\/revisions"}],"wp:featuredmedia":[{"embeddable":true,"href":"https:\/\/www.copealcoy.es\/es\/wp-json\/wp\/v2\/media\/134481"}],"wp:attachment":[{"href":"https:\/\/www.copealcoy.es\/es\/wp-json\/wp\/v2\/media?parent=134480"}],"wp:term":[{"taxonomy":"category","embeddable":true,"href":"https:\/\/www.copealcoy.es\/es\/wp-json\/wp\/v2\/categories?post=134480"},{"taxonomy":"post_tag","embeddable":true,"href":"https:\/\/www.copealcoy.es\/es\/wp-json\/wp\/v2\/tags?post=134480"}],"curies":[{"name":"wp","href":"https:\/\/api.w.org\/{rel}","templated":true}]}}