{"id":134437,"date":"2024-06-06T12:54:18","date_gmt":"2024-06-06T11:54:18","guid":{"rendered":"https:\/\/www.copealcoy.es\/?p=134437"},"modified":"2024-06-06T18:01:16","modified_gmt":"2024-06-06T17:01:16","slug":"la-abstencion-de-guanyar-permitira-que-alcoy-tenga-presupuesto-antes-del-verano","status":"publish","type":"post","link":"https:\/\/www.copealcoy.es\/es\/la-abstencion-de-guanyar-permitira-que-alcoy-tenga-presupuesto-antes-del-verano\/","title":{"rendered":"La abstenci\u00f3n de Guanyar permitir\u00e1 que Alcoy tenga Presupuesto antes del verano"},"content":{"rendered":"<p style=\"text-align: justify;\"><a href=\"https:\/\/www.facebook.com\/guanyaralcoi\" target=\"_blank\" rel=\"noopener\"><strong><span style=\"color: #0000ff;\">Guanyar Alcoi<\/span><\/strong><\/a> facilitar\u00e1 que este viernes <strong>se aprueben <a href=\"https:\/\/www.copealcoy.es\/cinco-meses-despues-de-comenzar-2024-arranca-el-proceso-para-aprobar-los-presupuestos-de-alcoy\/\" target=\"_blank\" rel=\"noopener\"><span style=\"color: #0000ff;\">los Presupuestos Municipales del 2024<\/span><\/a><\/strong>, unas cuentas que <strong>ser\u00e1n una realidad a las puertas del verano<\/strong> y seis meses despu\u00e9s de haber comenzado el a\u00f1o. La plataforma <strong>ha anunciado su abstenci\u00f3n<\/strong> tras alcanzar un acuerdo con el gobierno local de PSPV y Comprom\u00eds que <strong>ha quedado plasmado en un dec\u00e1logo<\/strong> firmado por las tres formaciones pol\u00edticas.<\/p>\n<p style=\"text-align: justify;\">El documento suscrito <strong>contempla un aumento de 40.000 euros en la partida destinada a la vivienda<\/strong> para adecuar las edificaciones que tiene en propiedad el Ayuntamiento con el fin de destinarlo a inmuebles sociales. Tambi\u00e9n destaca la licitaci\u00f3n por concurrencia para adquirir, antes de agosto de 2024, <strong>un local que permita reubicar las instalaciones del consultorio m\u00e9dico de la Zona Alta<\/strong>. Adem\u00e1s se prev\u00e9 <strong>aumentar en diez operarios la plantilla de la brigada de obras<\/strong> y se manifiesta el compromiso de <strong>ampliar hasta los 400.000 euros<\/strong> la partida para aplicar la carrera horizontal de los funcionarios, seguridad social incluida, con el fin de\u00a0 cumplir el acuerdo econ\u00f3mico al que se ha llegado con los sindicatos. Otro punto importante <strong>pasa por ejecutar las obras pendientes del 2023 dentro del Plan Integral de Accesibilidad y trazar la hoja de ruta para realizar las inversiones correspondientes al 2024<\/strong>. A todo ello se le une <strong>la intenci\u00f3n de fomentar el cooperativismo<\/strong> dentro de las actividades industriales que puedan desarrollarse en la ciudad.<\/p>\n<p style=\"text-align: justify;\">Para Guanyar es prioritario\u00a0 <strong>avanzar en la municipalizaci\u00f3n de servicios<\/strong> y esto ha quedado reflejado en el citado acuerdo. Los tres partidos se comprometen a que la empresa p\u00fablica del Ayuntamiento creada recientemente asuma, adem\u00e1s de la gesti\u00f3n del Complejo Deportivo Eduardo Latorre, la limpieza de servicios municipales cifrando en 280.000 euros el ahorro que esto podr\u00eda suponer para las arcas municipales. De igual forma se refleja la idea de separar la limpieza viaria de la recogida de residuos para que la primera pueda ser de gesti\u00f3n municipal antes de 2027 y de <strong>ir finalizando los contratos para auditorias externas de las empresas que prestan servicios al Consistorio <\/strong>&#8220;<em>se ha hecho un gran esfuerzo por todas las partes para poder definir estos puntos, estamos dispuestos a sumar y trabajaremos para que el borrador del Presupuesto de 2025 pueda estar ya listo antes de que termine este a\u00f1o. Tambi\u00e9n dejamos claro que en el momento en el hubiera alguna cantidad destinada al desarrollo del Pol\u00edgono de La Canal votar\u00edamos en contra<\/em>&#8220;, coment\u00f3 <strong>Sergi Rodr\u00edguez<\/strong>; portavoz de Guanyar.<\/p>\n<p style=\"text-align: justify;\">PSPV y Comprom\u00eds <strong>han agradecido el gesto de Guanyar<\/strong> y han resaltado &#8220;l<em>a voluntad de entendimiento entre todas las partes, y la responsabilidad, para sacar las cuentas adelante en unos tiempos en los se agudizan dos formas de hacer pol\u00edtica. La de las pol\u00edticas progresistas que se impusal en la ciudad o las de la extrema derecha con los recortes en muchos \u00e1mbitos que ya estamos viendo que se aplican desde instituciones como la Generalitat Valenciana donde gobiernan PP y VOX<\/em>&#8220;, manifestaron <strong>Toni Franc\u00e9s<\/strong> (alcalde de Alcoy) y <strong>\u00c1lex Cerradelo<\/strong> (vicealcalde). Los Presupuestos <strong>se aprobar\u00e1n en el Pleno ordinario de junio<\/strong> que se celebrar\u00e1 este viernes por la ma\u00f1ana en el Ayuntamiento de Alcoy.<\/p>\n","protected":false},"excerpt":{"rendered":"<p>Guanyar Alcoi facilitar\u00e1 que este viernes se aprueben los Presupuestos Municipales del 2024, unas cuentas que ser\u00e1n una realidad a&#8230;<\/p>\n","protected":false},"author":1,"featured_media":134439,"comment_status":"open","ping_status":"open","sticky":false,"template":"","format":"standard","meta":{"footnotes":""},"categories":[6909,97,75,79,125],"tags":[10781,1494,276,1325,1572],"class_list":["post-134437","post","type-post","status-publish","format-standard","has-post-thumbnail","hentry","category-actualidad","category-alcoy","category-noticias","category-politicayeconomia","category-portada","tag-abstencion","tag-alcoy","tag-aprobacion","tag-guanyar-alcoi","tag-presupuestos-municipales"],"yoast_head":"<!-- This site is optimized with the Yoast SEO plugin v27.3 - https:\/\/yoast.com\/product\/yoast-seo-wordpress\/ -->\n<title>La abstenci\u00f3n de Guanyar permitir\u00e1 que Alcoy tenga Presupuesto antes del verano - COPE Alcoy<\/title>\n<meta name=\"description\" content=\"Guanyar Alcoi facilitar\u00e1 que este viernes con su abstenci\u00f3n que se aprueben los Presupuestos Municipales del 2024\" \/>\n<meta name=\"robots\" content=\"index, follow, max-snippet:-1, max-image-preview:large, max-video-preview:-1\" \/>\n<link rel=\"canonical\" href=\"https:\/\/www.copealcoy.es\/es\/la-abstencion-de-guanyar-permitira-que-alcoy-tenga-presupuesto-antes-del-verano\/\" \/>\n<meta property=\"og:locale\" content=\"es_ES\" \/>\n<meta property=\"og:type\" content=\"article\" \/>\n<meta property=\"og:title\" content=\"La abstenci\u00f3n de Guanyar permitir\u00e1 que Alcoy tenga Presupuesto antes del verano - COPE Alcoy\" \/>\n<meta property=\"og:description\" content=\"Guanyar Alcoi facilitar\u00e1 que este viernes con su abstenci\u00f3n que se aprueben los Presupuestos Municipales del 2024\" \/>\n<meta property=\"og:url\" content=\"https:\/\/www.copealcoy.es\/es\/la-abstencion-de-guanyar-permitira-que-alcoy-tenga-presupuesto-antes-del-verano\/\" \/>\n<meta property=\"og:site_name\" content=\"COPE Alcoy\" \/>\n<meta property=\"article:published_time\" content=\"2024-06-06T11:54:18+00:00\" \/>\n<meta property=\"article:modified_time\" content=\"2024-06-06T17:01:16+00:00\" \/>\n<meta property=\"og:image\" content=\"https:\/\/www.copealcoy.es\/wp-content\/uploads\/2024\/06\/unnamed-1-5-scaled-e1717674936869.jpg\" \/>\n\t<meta property=\"og:image:width\" content=\"1832\" \/>\n\t<meta property=\"og:image:height\" content=\"1041\" \/>\n\t<meta property=\"og:image:type\" content=\"image\/jpeg\" \/>\n<meta name=\"author\" content=\"Cope Alcoy\" \/>\n<meta name=\"twitter:label1\" content=\"Escrito por\" \/>\n\t<meta name=\"twitter:data1\" content=\"Cope Alcoy\" \/>\n\t<meta name=\"twitter:label2\" content=\"Tiempo de lectura\" \/>\n\t<meta name=\"twitter:data2\" content=\"3 minutos\" \/>\n<script type=\"application\/ld+json\" class=\"yoast-schema-graph\">{\"@context\":\"https:\\\/\\\/schema.org\",\"@graph\":[{\"@type\":\"Article\",\"@id\":\"https:\\\/\\\/www.copealcoy.es\\\/es\\\/la-abstencion-de-guanyar-permitira-que-alcoy-tenga-presupuesto-antes-del-verano\\\/#article\",\"isPartOf\":{\"@id\":\"https:\\\/\\\/www.copealcoy.es\\\/es\\\/la-abstencion-de-guanyar-permitira-que-alcoy-tenga-presupuesto-antes-del-verano\\\/\"},\"author\":{\"name\":\"Cope Alcoy\",\"@id\":\"https:\\\/\\\/www.copealcoy.es\\\/es\\\/#\\\/schema\\\/person\\\/e777c87fa024e57d40170af9df39882c\"},\"headline\":\"La abstenci\u00f3n de Guanyar permitir\u00e1 que Alcoy tenga Presupuesto antes del verano\",\"datePublished\":\"2024-06-06T11:54:18+00:00\",\"dateModified\":\"2024-06-06T17:01:16+00:00\",\"mainEntityOfPage\":{\"@id\":\"https:\\\/\\\/www.copealcoy.es\\\/es\\\/la-abstencion-de-guanyar-permitira-que-alcoy-tenga-presupuesto-antes-del-verano\\\/\"},\"wordCount\":556,\"commentCount\":0,\"image\":{\"@id\":\"https:\\\/\\\/www.copealcoy.es\\\/es\\\/la-abstencion-de-guanyar-permitira-que-alcoy-tenga-presupuesto-antes-del-verano\\\/#primaryimage\"},\"thumbnailUrl\":\"https:\\\/\\\/www.copealcoy.es\\\/wp-content\\\/uploads\\\/2024\\\/06\\\/unnamed-1-5-scaled-e1717674936869.jpg\",\"keywords\":[\"Abstenci\u00f3n\",\"Alcoy\",\"Aprobaci\u00f3n\",\"Guanyar Alcoi\",\"Presupuestos Municipales\"],\"articleSection\":[\"Actualidad\",\"Alcoy\",\"Noticias\",\"Pol\u00edtica y Econom\u00eda\",\"Portada\"],\"inLanguage\":\"es\"},{\"@type\":\"WebPage\",\"@id\":\"https:\\\/\\\/www.copealcoy.es\\\/es\\\/la-abstencion-de-guanyar-permitira-que-alcoy-tenga-presupuesto-antes-del-verano\\\/\",\"url\":\"https:\\\/\\\/www.copealcoy.es\\\/es\\\/la-abstencion-de-guanyar-permitira-que-alcoy-tenga-presupuesto-antes-del-verano\\\/\",\"name\":\"La abstenci\u00f3n de Guanyar permitir\u00e1 que Alcoy tenga Presupuesto antes del verano - COPE Alcoy\",\"isPartOf\":{\"@id\":\"https:\\\/\\\/www.copealcoy.es\\\/es\\\/#website\"},\"primaryImageOfPage\":{\"@id\":\"https:\\\/\\\/www.copealcoy.es\\\/es\\\/la-abstencion-de-guanyar-permitira-que-alcoy-tenga-presupuesto-antes-del-verano\\\/#primaryimage\"},\"image\":{\"@id\":\"https:\\\/\\\/www.copealcoy.es\\\/es\\\/la-abstencion-de-guanyar-permitira-que-alcoy-tenga-presupuesto-antes-del-verano\\\/#primaryimage\"},\"thumbnailUrl\":\"https:\\\/\\\/www.copealcoy.es\\\/wp-content\\\/uploads\\\/2024\\\/06\\\/unnamed-1-5-scaled-e1717674936869.jpg\",\"datePublished\":\"2024-06-06T11:54:18+00:00\",\"dateModified\":\"2024-06-06T17:01:16+00:00\",\"author\":{\"@id\":\"https:\\\/\\\/www.copealcoy.es\\\/es\\\/#\\\/schema\\\/person\\\/e777c87fa024e57d40170af9df39882c\"},\"description\":\"Guanyar Alcoi facilitar\u00e1 que este viernes con su abstenci\u00f3n que se aprueben los Presupuestos Municipales del 2024\",\"breadcrumb\":{\"@id\":\"https:\\\/\\\/www.copealcoy.es\\\/es\\\/la-abstencion-de-guanyar-permitira-que-alcoy-tenga-presupuesto-antes-del-verano\\\/#breadcrumb\"},\"inLanguage\":\"es\",\"potentialAction\":[{\"@type\":\"ReadAction\",\"target\":[\"https:\\\/\\\/www.copealcoy.es\\\/es\\\/la-abstencion-de-guanyar-permitira-que-alcoy-tenga-presupuesto-antes-del-verano\\\/\"]}]},{\"@type\":\"ImageObject\",\"inLanguage\":\"es\",\"@id\":\"https:\\\/\\\/www.copealcoy.es\\\/es\\\/la-abstencion-de-guanyar-permitira-que-alcoy-tenga-presupuesto-antes-del-verano\\\/#primaryimage\",\"url\":\"https:\\\/\\\/www.copealcoy.es\\\/wp-content\\\/uploads\\\/2024\\\/06\\\/unnamed-1-5-scaled-e1717674936869.jpg\",\"contentUrl\":\"https:\\\/\\\/www.copealcoy.es\\\/wp-content\\\/uploads\\\/2024\\\/06\\\/unnamed-1-5-scaled-e1717674936869.jpg\",\"width\":1832,\"height\":1041},{\"@type\":\"BreadcrumbList\",\"@id\":\"https:\\\/\\\/www.copealcoy.es\\\/es\\\/la-abstencion-de-guanyar-permitira-que-alcoy-tenga-presupuesto-antes-del-verano\\\/#breadcrumb\",\"itemListElement\":[{\"@type\":\"ListItem\",\"position\":1,\"name\":\"Portada\",\"item\":\"https:\\\/\\\/www.copealcoy.es\\\/es\\\/\"},{\"@type\":\"ListItem\",\"position\":2,\"name\":\"La abstenci\u00f3n de Guanyar permitir\u00e1 que Alcoy tenga Presupuesto antes del verano\"}]},{\"@type\":\"WebSite\",\"@id\":\"https:\\\/\\\/www.copealcoy.es\\\/es\\\/#website\",\"url\":\"https:\\\/\\\/www.copealcoy.es\\\/es\\\/\",\"name\":\"COPE Alcoy\",\"description\":\"Emisora COPE de radio local con emisi\u00f3n online. Pont de Sant Jordi 8-10 03803 Alcoy\",\"potentialAction\":[{\"@type\":\"SearchAction\",\"target\":{\"@type\":\"EntryPoint\",\"urlTemplate\":\"https:\\\/\\\/www.copealcoy.es\\\/es\\\/?s={search_term_string}\"},\"query-input\":{\"@type\":\"PropertyValueSpecification\",\"valueRequired\":true,\"valueName\":\"search_term_string\"}}],\"inLanguage\":\"es\"},{\"@type\":\"Person\",\"@id\":\"https:\\\/\\\/www.copealcoy.es\\\/es\\\/#\\\/schema\\\/person\\\/e777c87fa024e57d40170af9df39882c\",\"name\":\"Cope Alcoy\",\"image\":{\"@type\":\"ImageObject\",\"inLanguage\":\"es\",\"@id\":\"https:\\\/\\\/secure.gravatar.com\\\/avatar\\\/bb65d0283347e303893ba14f0692005417c1e0e690a325a4c5d8bb2b3943ee14?s=96&d=mm&r=g\",\"url\":\"https:\\\/\\\/secure.gravatar.com\\\/avatar\\\/bb65d0283347e303893ba14f0692005417c1e0e690a325a4c5d8bb2b3943ee14?s=96&d=mm&r=g\",\"contentUrl\":\"https:\\\/\\\/secure.gravatar.com\\\/avatar\\\/bb65d0283347e303893ba14f0692005417c1e0e690a325a4c5d8bb2b3943ee14?s=96&d=mm&r=g\",\"caption\":\"Cope Alcoy\"}}]}<\/script>\n<!-- \/ Yoast SEO plugin. -->","yoast_head_json":{"title":"La abstenci\u00f3n de Guanyar permitir\u00e1 que Alcoy tenga Presupuesto antes del verano - COPE Alcoy","description":"Guanyar Alcoi facilitar\u00e1 que este viernes con su abstenci\u00f3n que se aprueben los Presupuestos Municipales del 2024","robots":{"index":"index","follow":"follow","max-snippet":"max-snippet:-1","max-image-preview":"max-image-preview:large","max-video-preview":"max-video-preview:-1"},"canonical":"https:\/\/www.copealcoy.es\/es\/la-abstencion-de-guanyar-permitira-que-alcoy-tenga-presupuesto-antes-del-verano\/","og_locale":"es_ES","og_type":"article","og_title":"La abstenci\u00f3n de Guanyar permitir\u00e1 que Alcoy tenga Presupuesto antes del verano - COPE Alcoy","og_description":"Guanyar Alcoi facilitar\u00e1 que este viernes con su abstenci\u00f3n que se aprueben los Presupuestos Municipales del 2024","og_url":"https:\/\/www.copealcoy.es\/es\/la-abstencion-de-guanyar-permitira-que-alcoy-tenga-presupuesto-antes-del-verano\/","og_site_name":"COPE Alcoy","article_published_time":"2024-06-06T11:54:18+00:00","article_modified_time":"2024-06-06T17:01:16+00:00","og_image":[{"width":1832,"height":1041,"url":"https:\/\/www.copealcoy.es\/wp-content\/uploads\/2024\/06\/unnamed-1-5-scaled-e1717674936869.jpg","type":"image\/jpeg"}],"author":"Cope Alcoy","twitter_misc":{"Escrito por":"Cope Alcoy","Tiempo de lectura":"3 minutos"},"schema":{"@context":"https:\/\/schema.org","@graph":[{"@type":"Article","@id":"https:\/\/www.copealcoy.es\/es\/la-abstencion-de-guanyar-permitira-que-alcoy-tenga-presupuesto-antes-del-verano\/#article","isPartOf":{"@id":"https:\/\/www.copealcoy.es\/es\/la-abstencion-de-guanyar-permitira-que-alcoy-tenga-presupuesto-antes-del-verano\/"},"author":{"name":"Cope Alcoy","@id":"https:\/\/www.copealcoy.es\/es\/#\/schema\/person\/e777c87fa024e57d40170af9df39882c"},"headline":"La abstenci\u00f3n de Guanyar permitir\u00e1 que Alcoy tenga Presupuesto antes del verano","datePublished":"2024-06-06T11:54:18+00:00","dateModified":"2024-06-06T17:01:16+00:00","mainEntityOfPage":{"@id":"https:\/\/www.copealcoy.es\/es\/la-abstencion-de-guanyar-permitira-que-alcoy-tenga-presupuesto-antes-del-verano\/"},"wordCount":556,"commentCount":0,"image":{"@id":"https:\/\/www.copealcoy.es\/es\/la-abstencion-de-guanyar-permitira-que-alcoy-tenga-presupuesto-antes-del-verano\/#primaryimage"},"thumbnailUrl":"https:\/\/www.copealcoy.es\/wp-content\/uploads\/2024\/06\/unnamed-1-5-scaled-e1717674936869.jpg","keywords":["Abstenci\u00f3n","Alcoy","Aprobaci\u00f3n","Guanyar Alcoi","Presupuestos Municipales"],"articleSection":["Actualidad","Alcoy","Noticias","Pol\u00edtica y Econom\u00eda","Portada"],"inLanguage":"es"},{"@type":"WebPage","@id":"https:\/\/www.copealcoy.es\/es\/la-abstencion-de-guanyar-permitira-que-alcoy-tenga-presupuesto-antes-del-verano\/","url":"https:\/\/www.copealcoy.es\/es\/la-abstencion-de-guanyar-permitira-que-alcoy-tenga-presupuesto-antes-del-verano\/","name":"La abstenci\u00f3n de Guanyar permitir\u00e1 que Alcoy tenga Presupuesto antes del verano - COPE Alcoy","isPartOf":{"@id":"https:\/\/www.copealcoy.es\/es\/#website"},"primaryImageOfPage":{"@id":"https:\/\/www.copealcoy.es\/es\/la-abstencion-de-guanyar-permitira-que-alcoy-tenga-presupuesto-antes-del-verano\/#primaryimage"},"image":{"@id":"https:\/\/www.copealcoy.es\/es\/la-abstencion-de-guanyar-permitira-que-alcoy-tenga-presupuesto-antes-del-verano\/#primaryimage"},"thumbnailUrl":"https:\/\/www.copealcoy.es\/wp-content\/uploads\/2024\/06\/unnamed-1-5-scaled-e1717674936869.jpg","datePublished":"2024-06-06T11:54:18+00:00","dateModified":"2024-06-06T17:01:16+00:00","author":{"@id":"https:\/\/www.copealcoy.es\/es\/#\/schema\/person\/e777c87fa024e57d40170af9df39882c"},"description":"Guanyar Alcoi facilitar\u00e1 que este viernes con su abstenci\u00f3n que se aprueben los Presupuestos Municipales del 2024","breadcrumb":{"@id":"https:\/\/www.copealcoy.es\/es\/la-abstencion-de-guanyar-permitira-que-alcoy-tenga-presupuesto-antes-del-verano\/#breadcrumb"},"inLanguage":"es","potentialAction":[{"@type":"ReadAction","target":["https:\/\/www.copealcoy.es\/es\/la-abstencion-de-guanyar-permitira-que-alcoy-tenga-presupuesto-antes-del-verano\/"]}]},{"@type":"ImageObject","inLanguage":"es","@id":"https:\/\/www.copealcoy.es\/es\/la-abstencion-de-guanyar-permitira-que-alcoy-tenga-presupuesto-antes-del-verano\/#primaryimage","url":"https:\/\/www.copealcoy.es\/wp-content\/uploads\/2024\/06\/unnamed-1-5-scaled-e1717674936869.jpg","contentUrl":"https:\/\/www.copealcoy.es\/wp-content\/uploads\/2024\/06\/unnamed-1-5-scaled-e1717674936869.jpg","width":1832,"height":1041},{"@type":"BreadcrumbList","@id":"https:\/\/www.copealcoy.es\/es\/la-abstencion-de-guanyar-permitira-que-alcoy-tenga-presupuesto-antes-del-verano\/#breadcrumb","itemListElement":[{"@type":"ListItem","position":1,"name":"Portada","item":"https:\/\/www.copealcoy.es\/es\/"},{"@type":"ListItem","position":2,"name":"La abstenci\u00f3n de Guanyar permitir\u00e1 que Alcoy tenga Presupuesto antes del verano"}]},{"@type":"WebSite","@id":"https:\/\/www.copealcoy.es\/es\/#website","url":"https:\/\/www.copealcoy.es\/es\/","name":"COPE Alcoy","description":"Emisora COPE de radio local con emisi\u00f3n online. Pont de Sant Jordi 8-10 03803 Alcoy","potentialAction":[{"@type":"SearchAction","target":{"@type":"EntryPoint","urlTemplate":"https:\/\/www.copealcoy.es\/es\/?s={search_term_string}"},"query-input":{"@type":"PropertyValueSpecification","valueRequired":true,"valueName":"search_term_string"}}],"inLanguage":"es"},{"@type":"Person","@id":"https:\/\/www.copealcoy.es\/es\/#\/schema\/person\/e777c87fa024e57d40170af9df39882c","name":"Cope Alcoy","image":{"@type":"ImageObject","inLanguage":"es","@id":"https:\/\/secure.gravatar.com\/avatar\/bb65d0283347e303893ba14f0692005417c1e0e690a325a4c5d8bb2b3943ee14?s=96&d=mm&r=g","url":"https:\/\/secure.gravatar.com\/avatar\/bb65d0283347e303893ba14f0692005417c1e0e690a325a4c5d8bb2b3943ee14?s=96&d=mm&r=g","contentUrl":"https:\/\/secure.gravatar.com\/avatar\/bb65d0283347e303893ba14f0692005417c1e0e690a325a4c5d8bb2b3943ee14?s=96&d=mm&r=g","caption":"Cope Alcoy"}}]}},"_links":{"self":[{"href":"https:\/\/www.copealcoy.es\/es\/wp-json\/wp\/v2\/posts\/134437","targetHints":{"allow":["GET"]}}],"collection":[{"href":"https:\/\/www.copealcoy.es\/es\/wp-json\/wp\/v2\/posts"}],"about":[{"href":"https:\/\/www.copealcoy.es\/es\/wp-json\/wp\/v2\/types\/post"}],"author":[{"embeddable":true,"href":"https:\/\/www.copealcoy.es\/es\/wp-json\/wp\/v2\/users\/1"}],"replies":[{"embeddable":true,"href":"https:\/\/www.copealcoy.es\/es\/wp-json\/wp\/v2\/comments?post=134437"}],"version-history":[{"count":0,"href":"https:\/\/www.copealcoy.es\/es\/wp-json\/wp\/v2\/posts\/134437\/revisions"}],"wp:featuredmedia":[{"embeddable":true,"href":"https:\/\/www.copealcoy.es\/es\/wp-json\/wp\/v2\/media\/134439"}],"wp:attachment":[{"href":"https:\/\/www.copealcoy.es\/es\/wp-json\/wp\/v2\/media?parent=134437"}],"wp:term":[{"taxonomy":"category","embeddable":true,"href":"https:\/\/www.copealcoy.es\/es\/wp-json\/wp\/v2\/categories?post=134437"},{"taxonomy":"post_tag","embeddable":true,"href":"https:\/\/www.copealcoy.es\/es\/wp-json\/wp\/v2\/tags?post=134437"}],"curies":[{"name":"wp","href":"https:\/\/api.w.org\/{rel}","templated":true}]}}