{"id":134380,"date":"2024-06-06T09:00:24","date_gmt":"2024-06-06T08:00:24","guid":{"rendered":"https:\/\/www.copealcoy.es\/?p=134380"},"modified":"2024-06-06T10:46:28","modified_gmt":"2024-06-06T09:46:28","slug":"peticion-para-que-la-cruz-de-san-jorge-siga-engalanando-los-balcones-de-alcoy-en-fiestas","status":"publish","type":"post","link":"https:\/\/www.copealcoy.es\/es\/peticion-para-que-la-cruz-de-san-jorge-siga-engalanando-los-balcones-de-alcoy-en-fiestas\/","title":{"rendered":"Petici\u00f3n para que la Cruz de San Jorge siga engalanando los balcones de Alcoy en Fiestas"},"content":{"rendered":"<p style=\"text-align: justify;\">Asesores art\u00edsticos, hist\u00f3ricos y cronistas de <a href=\"https:\/\/www.asjordi.org\/\" target=\"_blank\" rel=\"noopener\"><span style=\"color: #0000ff;\"><strong>la Asociaci\u00f3n de San Jorge<\/strong><\/span><\/a> han expresado su preocupaci\u00f3n por<strong> el creciente uso de dise\u00f1os y grafismos diversos en los balcones<\/strong> durante las Fiestas de Moros y Cristianos de Alcoy, una pr\u00e1ctica que seg\u00fan aseguran va en contra de la tradicional ornamentaci\u00f3n en la que la Cruz de San Jorge tiene todo el protagonismo. Los once firmantes del manifiesto presentado recientemente resaltan que esta situaci\u00f3n <strong>supone una alteraci\u00f3n significativa<\/strong> que desvirt\u00faa <strong>la norma establecida desde el a\u00f1o 1901<\/strong>, la cual adopt\u00f3 la ornamentaci\u00f3n de la Cruz de San Jorge como un elemento identificativo de la trilog\u00eda en honor a nuestro patr\u00f3n.<\/p>\n<p style=\"text-align: justify;\">En el documento, los mismos expertos<strong> expresan su inquietud por la proliferaci\u00f3n de nuevos dise\u00f1os en los balcones<\/strong>, que van desde her\u00e1ldicas de las Filaes hasta grafismos de empresas o de negocios. Insisten en que este hecho va en contra de la est\u00e9tica tradicional de las celebraciones en honor a San Jorge y <strong>apuestan porque se busque una soluci\u00f3n<\/strong> a esta situaci\u00f3n. Por ello, han solicitado a la Junta Directiva de la Asociaci\u00f3n de San Jorge, y\u00a0 tambi\u00e9n al Ayuntamiento de Alcoy, <strong>que regulen el uso de los cubrebalcones en las fachadas de las casas<\/strong>, con el fin de evitar la exhibici\u00f3n de grafismos distintos al tradicional elemento identificativo.<\/p>\n<p style=\"text-align: justify;\">Hay que recordar que durante la pasada Asamblea General de la Asociaci\u00f3n de San Jorge, celebrada el pasado jueves 30 de mayo, <strong>los firmantes presentaron este manifiesto<\/strong> &#8220;<em>con el objetivo de recuperar la imagen tradicional del cubrebalc\u00f3n con la Cruz de San Jorge sin aditivos<\/em>&#8220;, tal y como expresaron. Finalmente <strong>afirmaron que la citada Cruz de San Jorge<\/strong> &#8220;<em>es un s\u00edmbolo que caracteriza las Fiestas de Moros y Cristianos de Alcoy y as\u00ed est\u00e1 recogido en la declaraci\u00f3n de Bien de Inter\u00e9s Cultural (BIC) de las mismas<\/em>&#8220;, concluyeron.<\/p>\n","protected":false},"excerpt":{"rendered":"<p>Asesores art\u00edsticos, hist\u00f3ricos y cronistas de la Asociaci\u00f3n de San Jorge han expresado su preocupaci\u00f3n por el creciente uso de&#8230;<\/p>\n","protected":false},"author":1,"featured_media":134382,"comment_status":"open","ping_status":"open","sticky":false,"template":"","format":"standard","meta":{"footnotes":""},"categories":[6909,97,78,75],"tags":[1494,16938,2001,16937],"class_list":["post-134380","post","type-post","status-publish","format-standard","has-post-thumbnail","hentry","category-actualidad","category-alcoy","category-fiestaycultura","category-noticias","tag-alcoy","tag-cruz-de-san-jorge","tag-fiestas-de-moros-y-cristianos","tag-peticion-cubrebalcones"],"yoast_head":"<!-- This site is optimized with the Yoast SEO plugin v27.3 - https:\/\/yoast.com\/product\/yoast-seo-wordpress\/ -->\n<title>Petici\u00f3n para que la Cruz de San Jorge siga engalanando los balcones de Alcoy en Fiestas - COPE Alcoy<\/title>\n<meta name=\"description\" content=\"Asesores art\u00edsticos, hist\u00f3ricos y cronistas de la Asociaci\u00f3n de San Jorge piden que se regule el uso de la Cruz de San Jorge en los balcones\" \/>\n<meta name=\"robots\" content=\"index, follow, max-snippet:-1, max-image-preview:large, max-video-preview:-1\" \/>\n<link rel=\"canonical\" href=\"https:\/\/www.copealcoy.es\/es\/peticion-para-que-la-cruz-de-san-jorge-siga-engalanando-los-balcones-de-alcoy-en-fiestas\/\" \/>\n<meta property=\"og:locale\" content=\"es_ES\" \/>\n<meta property=\"og:type\" content=\"article\" \/>\n<meta property=\"og:title\" content=\"Petici\u00f3n para que la Cruz de San Jorge siga engalanando los balcones de Alcoy en Fiestas - COPE Alcoy\" \/>\n<meta property=\"og:description\" content=\"Asesores art\u00edsticos, hist\u00f3ricos y cronistas de la Asociaci\u00f3n de San Jorge piden que se regule el uso de la Cruz de San Jorge en los balcones\" \/>\n<meta property=\"og:url\" content=\"https:\/\/www.copealcoy.es\/es\/peticion-para-que-la-cruz-de-san-jorge-siga-engalanando-los-balcones-de-alcoy-en-fiestas\/\" \/>\n<meta property=\"og:site_name\" content=\"COPE Alcoy\" \/>\n<meta property=\"article:published_time\" content=\"2024-06-06T08:00:24+00:00\" \/>\n<meta property=\"article:modified_time\" content=\"2024-06-06T09:46:28+00:00\" \/>\n<meta property=\"og:image\" content=\"https:\/\/www.copealcoy.es\/wp-content\/uploads\/2024\/06\/timThumb.jpg\" \/>\n\t<meta property=\"og:image:width\" content=\"800\" \/>\n\t<meta property=\"og:image:height\" content=\"533\" \/>\n\t<meta property=\"og:image:type\" content=\"image\/jpeg\" \/>\n<meta name=\"author\" content=\"Cope Alcoy\" \/>\n<meta name=\"twitter:label1\" content=\"Escrito por\" \/>\n\t<meta name=\"twitter:data1\" content=\"Cope Alcoy\" \/>\n\t<meta name=\"twitter:label2\" content=\"Tiempo de lectura\" \/>\n\t<meta name=\"twitter:data2\" content=\"2 minutos\" \/>\n<script type=\"application\/ld+json\" class=\"yoast-schema-graph\">{\"@context\":\"https:\\\/\\\/schema.org\",\"@graph\":[{\"@type\":\"Article\",\"@id\":\"https:\\\/\\\/www.copealcoy.es\\\/es\\\/peticion-para-que-la-cruz-de-san-jorge-siga-engalanando-los-balcones-de-alcoy-en-fiestas\\\/#article\",\"isPartOf\":{\"@id\":\"https:\\\/\\\/www.copealcoy.es\\\/es\\\/peticion-para-que-la-cruz-de-san-jorge-siga-engalanando-los-balcones-de-alcoy-en-fiestas\\\/\"},\"author\":{\"name\":\"Cope Alcoy\",\"@id\":\"https:\\\/\\\/www.copealcoy.es\\\/es\\\/#\\\/schema\\\/person\\\/e777c87fa024e57d40170af9df39882c\"},\"headline\":\"Petici\u00f3n para que la Cruz de San Jorge siga engalanando los balcones de Alcoy en Fiestas\",\"datePublished\":\"2024-06-06T08:00:24+00:00\",\"dateModified\":\"2024-06-06T09:46:28+00:00\",\"mainEntityOfPage\":{\"@id\":\"https:\\\/\\\/www.copealcoy.es\\\/es\\\/peticion-para-que-la-cruz-de-san-jorge-siga-engalanando-los-balcones-de-alcoy-en-fiestas\\\/\"},\"wordCount\":348,\"commentCount\":0,\"image\":{\"@id\":\"https:\\\/\\\/www.copealcoy.es\\\/es\\\/peticion-para-que-la-cruz-de-san-jorge-siga-engalanando-los-balcones-de-alcoy-en-fiestas\\\/#primaryimage\"},\"thumbnailUrl\":\"https:\\\/\\\/www.copealcoy.es\\\/wp-content\\\/uploads\\\/2024\\\/06\\\/timThumb.jpg\",\"keywords\":[\"Alcoy\",\"cruz de San Jorge\",\"Fiestas de Moros y Cristianos\",\"petici\u00f3n cubrebalcones\"],\"articleSection\":[\"Actualidad\",\"Alcoy\",\"Fiesta y Cultura\",\"Noticias\"],\"inLanguage\":\"es\"},{\"@type\":\"WebPage\",\"@id\":\"https:\\\/\\\/www.copealcoy.es\\\/es\\\/peticion-para-que-la-cruz-de-san-jorge-siga-engalanando-los-balcones-de-alcoy-en-fiestas\\\/\",\"url\":\"https:\\\/\\\/www.copealcoy.es\\\/es\\\/peticion-para-que-la-cruz-de-san-jorge-siga-engalanando-los-balcones-de-alcoy-en-fiestas\\\/\",\"name\":\"Petici\u00f3n para que la Cruz de San Jorge siga engalanando los balcones de Alcoy en Fiestas - COPE Alcoy\",\"isPartOf\":{\"@id\":\"https:\\\/\\\/www.copealcoy.es\\\/es\\\/#website\"},\"primaryImageOfPage\":{\"@id\":\"https:\\\/\\\/www.copealcoy.es\\\/es\\\/peticion-para-que-la-cruz-de-san-jorge-siga-engalanando-los-balcones-de-alcoy-en-fiestas\\\/#primaryimage\"},\"image\":{\"@id\":\"https:\\\/\\\/www.copealcoy.es\\\/es\\\/peticion-para-que-la-cruz-de-san-jorge-siga-engalanando-los-balcones-de-alcoy-en-fiestas\\\/#primaryimage\"},\"thumbnailUrl\":\"https:\\\/\\\/www.copealcoy.es\\\/wp-content\\\/uploads\\\/2024\\\/06\\\/timThumb.jpg\",\"datePublished\":\"2024-06-06T08:00:24+00:00\",\"dateModified\":\"2024-06-06T09:46:28+00:00\",\"author\":{\"@id\":\"https:\\\/\\\/www.copealcoy.es\\\/es\\\/#\\\/schema\\\/person\\\/e777c87fa024e57d40170af9df39882c\"},\"description\":\"Asesores art\u00edsticos, hist\u00f3ricos y cronistas de la Asociaci\u00f3n de San Jorge piden que se regule el uso de la Cruz de San Jorge en los balcones\",\"breadcrumb\":{\"@id\":\"https:\\\/\\\/www.copealcoy.es\\\/es\\\/peticion-para-que-la-cruz-de-san-jorge-siga-engalanando-los-balcones-de-alcoy-en-fiestas\\\/#breadcrumb\"},\"inLanguage\":\"es\",\"potentialAction\":[{\"@type\":\"ReadAction\",\"target\":[\"https:\\\/\\\/www.copealcoy.es\\\/es\\\/peticion-para-que-la-cruz-de-san-jorge-siga-engalanando-los-balcones-de-alcoy-en-fiestas\\\/\"]}]},{\"@type\":\"ImageObject\",\"inLanguage\":\"es\",\"@id\":\"https:\\\/\\\/www.copealcoy.es\\\/es\\\/peticion-para-que-la-cruz-de-san-jorge-siga-engalanando-los-balcones-de-alcoy-en-fiestas\\\/#primaryimage\",\"url\":\"https:\\\/\\\/www.copealcoy.es\\\/wp-content\\\/uploads\\\/2024\\\/06\\\/timThumb.jpg\",\"contentUrl\":\"https:\\\/\\\/www.copealcoy.es\\\/wp-content\\\/uploads\\\/2024\\\/06\\\/timThumb.jpg\",\"width\":800,\"height\":533},{\"@type\":\"BreadcrumbList\",\"@id\":\"https:\\\/\\\/www.copealcoy.es\\\/es\\\/peticion-para-que-la-cruz-de-san-jorge-siga-engalanando-los-balcones-de-alcoy-en-fiestas\\\/#breadcrumb\",\"itemListElement\":[{\"@type\":\"ListItem\",\"position\":1,\"name\":\"Portada\",\"item\":\"https:\\\/\\\/www.copealcoy.es\\\/es\\\/\"},{\"@type\":\"ListItem\",\"position\":2,\"name\":\"Petici\u00f3n para que la Cruz de San Jorge siga engalanando los balcones de Alcoy en Fiestas\"}]},{\"@type\":\"WebSite\",\"@id\":\"https:\\\/\\\/www.copealcoy.es\\\/es\\\/#website\",\"url\":\"https:\\\/\\\/www.copealcoy.es\\\/es\\\/\",\"name\":\"COPE Alcoy\",\"description\":\"Emisora COPE de radio local con emisi\u00f3n online. Pont de Sant Jordi 8-10 03803 Alcoy\",\"potentialAction\":[{\"@type\":\"SearchAction\",\"target\":{\"@type\":\"EntryPoint\",\"urlTemplate\":\"https:\\\/\\\/www.copealcoy.es\\\/es\\\/?s={search_term_string}\"},\"query-input\":{\"@type\":\"PropertyValueSpecification\",\"valueRequired\":true,\"valueName\":\"search_term_string\"}}],\"inLanguage\":\"es\"},{\"@type\":\"Person\",\"@id\":\"https:\\\/\\\/www.copealcoy.es\\\/es\\\/#\\\/schema\\\/person\\\/e777c87fa024e57d40170af9df39882c\",\"name\":\"Cope Alcoy\",\"image\":{\"@type\":\"ImageObject\",\"inLanguage\":\"es\",\"@id\":\"https:\\\/\\\/secure.gravatar.com\\\/avatar\\\/bb65d0283347e303893ba14f0692005417c1e0e690a325a4c5d8bb2b3943ee14?s=96&d=mm&r=g\",\"url\":\"https:\\\/\\\/secure.gravatar.com\\\/avatar\\\/bb65d0283347e303893ba14f0692005417c1e0e690a325a4c5d8bb2b3943ee14?s=96&d=mm&r=g\",\"contentUrl\":\"https:\\\/\\\/secure.gravatar.com\\\/avatar\\\/bb65d0283347e303893ba14f0692005417c1e0e690a325a4c5d8bb2b3943ee14?s=96&d=mm&r=g\",\"caption\":\"Cope Alcoy\"}}]}<\/script>\n<!-- \/ Yoast SEO plugin. -->","yoast_head_json":{"title":"Petici\u00f3n para que la Cruz de San Jorge siga engalanando los balcones de Alcoy en Fiestas - COPE Alcoy","description":"Asesores art\u00edsticos, hist\u00f3ricos y cronistas de la Asociaci\u00f3n de San Jorge piden que se regule el uso de la Cruz de San Jorge en los balcones","robots":{"index":"index","follow":"follow","max-snippet":"max-snippet:-1","max-image-preview":"max-image-preview:large","max-video-preview":"max-video-preview:-1"},"canonical":"https:\/\/www.copealcoy.es\/es\/peticion-para-que-la-cruz-de-san-jorge-siga-engalanando-los-balcones-de-alcoy-en-fiestas\/","og_locale":"es_ES","og_type":"article","og_title":"Petici\u00f3n para que la Cruz de San Jorge siga engalanando los balcones de Alcoy en Fiestas - COPE Alcoy","og_description":"Asesores art\u00edsticos, hist\u00f3ricos y cronistas de la Asociaci\u00f3n de San Jorge piden que se regule el uso de la Cruz de San Jorge en los balcones","og_url":"https:\/\/www.copealcoy.es\/es\/peticion-para-que-la-cruz-de-san-jorge-siga-engalanando-los-balcones-de-alcoy-en-fiestas\/","og_site_name":"COPE Alcoy","article_published_time":"2024-06-06T08:00:24+00:00","article_modified_time":"2024-06-06T09:46:28+00:00","og_image":[{"width":800,"height":533,"url":"https:\/\/www.copealcoy.es\/wp-content\/uploads\/2024\/06\/timThumb.jpg","type":"image\/jpeg"}],"author":"Cope Alcoy","twitter_misc":{"Escrito por":"Cope Alcoy","Tiempo de lectura":"2 minutos"},"schema":{"@context":"https:\/\/schema.org","@graph":[{"@type":"Article","@id":"https:\/\/www.copealcoy.es\/es\/peticion-para-que-la-cruz-de-san-jorge-siga-engalanando-los-balcones-de-alcoy-en-fiestas\/#article","isPartOf":{"@id":"https:\/\/www.copealcoy.es\/es\/peticion-para-que-la-cruz-de-san-jorge-siga-engalanando-los-balcones-de-alcoy-en-fiestas\/"},"author":{"name":"Cope Alcoy","@id":"https:\/\/www.copealcoy.es\/es\/#\/schema\/person\/e777c87fa024e57d40170af9df39882c"},"headline":"Petici\u00f3n para que la Cruz de San Jorge siga engalanando los balcones de Alcoy en Fiestas","datePublished":"2024-06-06T08:00:24+00:00","dateModified":"2024-06-06T09:46:28+00:00","mainEntityOfPage":{"@id":"https:\/\/www.copealcoy.es\/es\/peticion-para-que-la-cruz-de-san-jorge-siga-engalanando-los-balcones-de-alcoy-en-fiestas\/"},"wordCount":348,"commentCount":0,"image":{"@id":"https:\/\/www.copealcoy.es\/es\/peticion-para-que-la-cruz-de-san-jorge-siga-engalanando-los-balcones-de-alcoy-en-fiestas\/#primaryimage"},"thumbnailUrl":"https:\/\/www.copealcoy.es\/wp-content\/uploads\/2024\/06\/timThumb.jpg","keywords":["Alcoy","cruz de San Jorge","Fiestas de Moros y Cristianos","petici\u00f3n cubrebalcones"],"articleSection":["Actualidad","Alcoy","Fiesta y Cultura","Noticias"],"inLanguage":"es"},{"@type":"WebPage","@id":"https:\/\/www.copealcoy.es\/es\/peticion-para-que-la-cruz-de-san-jorge-siga-engalanando-los-balcones-de-alcoy-en-fiestas\/","url":"https:\/\/www.copealcoy.es\/es\/peticion-para-que-la-cruz-de-san-jorge-siga-engalanando-los-balcones-de-alcoy-en-fiestas\/","name":"Petici\u00f3n para que la Cruz de San Jorge siga engalanando los balcones de Alcoy en Fiestas - COPE Alcoy","isPartOf":{"@id":"https:\/\/www.copealcoy.es\/es\/#website"},"primaryImageOfPage":{"@id":"https:\/\/www.copealcoy.es\/es\/peticion-para-que-la-cruz-de-san-jorge-siga-engalanando-los-balcones-de-alcoy-en-fiestas\/#primaryimage"},"image":{"@id":"https:\/\/www.copealcoy.es\/es\/peticion-para-que-la-cruz-de-san-jorge-siga-engalanando-los-balcones-de-alcoy-en-fiestas\/#primaryimage"},"thumbnailUrl":"https:\/\/www.copealcoy.es\/wp-content\/uploads\/2024\/06\/timThumb.jpg","datePublished":"2024-06-06T08:00:24+00:00","dateModified":"2024-06-06T09:46:28+00:00","author":{"@id":"https:\/\/www.copealcoy.es\/es\/#\/schema\/person\/e777c87fa024e57d40170af9df39882c"},"description":"Asesores art\u00edsticos, hist\u00f3ricos y cronistas de la Asociaci\u00f3n de San Jorge piden que se regule el uso de la Cruz de San Jorge en los balcones","breadcrumb":{"@id":"https:\/\/www.copealcoy.es\/es\/peticion-para-que-la-cruz-de-san-jorge-siga-engalanando-los-balcones-de-alcoy-en-fiestas\/#breadcrumb"},"inLanguage":"es","potentialAction":[{"@type":"ReadAction","target":["https:\/\/www.copealcoy.es\/es\/peticion-para-que-la-cruz-de-san-jorge-siga-engalanando-los-balcones-de-alcoy-en-fiestas\/"]}]},{"@type":"ImageObject","inLanguage":"es","@id":"https:\/\/www.copealcoy.es\/es\/peticion-para-que-la-cruz-de-san-jorge-siga-engalanando-los-balcones-de-alcoy-en-fiestas\/#primaryimage","url":"https:\/\/www.copealcoy.es\/wp-content\/uploads\/2024\/06\/timThumb.jpg","contentUrl":"https:\/\/www.copealcoy.es\/wp-content\/uploads\/2024\/06\/timThumb.jpg","width":800,"height":533},{"@type":"BreadcrumbList","@id":"https:\/\/www.copealcoy.es\/es\/peticion-para-que-la-cruz-de-san-jorge-siga-engalanando-los-balcones-de-alcoy-en-fiestas\/#breadcrumb","itemListElement":[{"@type":"ListItem","position":1,"name":"Portada","item":"https:\/\/www.copealcoy.es\/es\/"},{"@type":"ListItem","position":2,"name":"Petici\u00f3n para que la Cruz de San Jorge siga engalanando los balcones de Alcoy en Fiestas"}]},{"@type":"WebSite","@id":"https:\/\/www.copealcoy.es\/es\/#website","url":"https:\/\/www.copealcoy.es\/es\/","name":"COPE Alcoy","description":"Emisora COPE de radio local con emisi\u00f3n online. Pont de Sant Jordi 8-10 03803 Alcoy","potentialAction":[{"@type":"SearchAction","target":{"@type":"EntryPoint","urlTemplate":"https:\/\/www.copealcoy.es\/es\/?s={search_term_string}"},"query-input":{"@type":"PropertyValueSpecification","valueRequired":true,"valueName":"search_term_string"}}],"inLanguage":"es"},{"@type":"Person","@id":"https:\/\/www.copealcoy.es\/es\/#\/schema\/person\/e777c87fa024e57d40170af9df39882c","name":"Cope Alcoy","image":{"@type":"ImageObject","inLanguage":"es","@id":"https:\/\/secure.gravatar.com\/avatar\/bb65d0283347e303893ba14f0692005417c1e0e690a325a4c5d8bb2b3943ee14?s=96&d=mm&r=g","url":"https:\/\/secure.gravatar.com\/avatar\/bb65d0283347e303893ba14f0692005417c1e0e690a325a4c5d8bb2b3943ee14?s=96&d=mm&r=g","contentUrl":"https:\/\/secure.gravatar.com\/avatar\/bb65d0283347e303893ba14f0692005417c1e0e690a325a4c5d8bb2b3943ee14?s=96&d=mm&r=g","caption":"Cope Alcoy"}}]}},"_links":{"self":[{"href":"https:\/\/www.copealcoy.es\/es\/wp-json\/wp\/v2\/posts\/134380","targetHints":{"allow":["GET"]}}],"collection":[{"href":"https:\/\/www.copealcoy.es\/es\/wp-json\/wp\/v2\/posts"}],"about":[{"href":"https:\/\/www.copealcoy.es\/es\/wp-json\/wp\/v2\/types\/post"}],"author":[{"embeddable":true,"href":"https:\/\/www.copealcoy.es\/es\/wp-json\/wp\/v2\/users\/1"}],"replies":[{"embeddable":true,"href":"https:\/\/www.copealcoy.es\/es\/wp-json\/wp\/v2\/comments?post=134380"}],"version-history":[{"count":0,"href":"https:\/\/www.copealcoy.es\/es\/wp-json\/wp\/v2\/posts\/134380\/revisions"}],"wp:featuredmedia":[{"embeddable":true,"href":"https:\/\/www.copealcoy.es\/es\/wp-json\/wp\/v2\/media\/134382"}],"wp:attachment":[{"href":"https:\/\/www.copealcoy.es\/es\/wp-json\/wp\/v2\/media?parent=134380"}],"wp:term":[{"taxonomy":"category","embeddable":true,"href":"https:\/\/www.copealcoy.es\/es\/wp-json\/wp\/v2\/categories?post=134380"},{"taxonomy":"post_tag","embeddable":true,"href":"https:\/\/www.copealcoy.es\/es\/wp-json\/wp\/v2\/tags?post=134380"}],"curies":[{"name":"wp","href":"https:\/\/api.w.org\/{rel}","templated":true}]}}