{"id":134356,"date":"2024-06-04T14:17:01","date_gmt":"2024-06-04T13:17:01","guid":{"rendered":"https:\/\/www.copealcoy.es\/?p=134356"},"modified":"2024-06-04T14:22:55","modified_gmt":"2024-06-04T13:22:55","slug":"buenas-sensaciones-en-el-arranque-de-la-selectividad-en-alcoy-con-nervios-pero-no-ha-ido-mal","status":"publish","type":"post","link":"https:\/\/www.copealcoy.es\/es\/buenas-sensaciones-en-el-arranque-de-la-selectividad-en-alcoy-con-nervios-pero-no-ha-ido-mal\/","title":{"rendered":"Buenas sensaciones en el arranque de la Selectividad en Alcoy: &#8220;con nervios, pero no ha ido mal&#8221;"},"content":{"rendered":"<p style=\"text-align: justify;\">Un total de<strong> 466 alumnos<\/strong> se examinan desde hoy de <a href=\"https:\/\/www.upv.es\/otros\/como-llegar-upv\/campus-alcoy\/index-es.html\" target=\"_blank\" rel=\"noopener\"><span style=\"color: #0000ff;\"><strong>las Pruebas de Acceso a la Universidad<\/strong><\/span><\/a> en el Campus de Alcoy de la UPV. Proceden de nuestra ciudad, pero tambi\u00e9n de los institutos de Cocentaina, Muro y Banyeres de Mariola. La <strong>cifra de matriculados<\/strong> se incrementa en un 7% con respecto al a\u00f1o anterior, pasando de los 433 del 2023 a los 466 del 2024. Unos <strong>ex\u00e1menes temidos<\/strong> pero que <strong>son solo una parte de la nota final<\/strong> ya que tiene m\u00e1s peso <strong>la media <\/strong>conseguida en el Bachillerato.<\/p>\n<p style=\"text-align: justify;\">Este martes se han iniciado las pruebas con el examen de <strong>Lengua castellana y Literatura II<\/strong>, seguido de <strong>Valenciano: Lengua y Literatura II<\/strong>. Por <strong>la tarde<\/strong> ser\u00e1 el turno de los ex\u00e1menes de Biolog\u00eda, Empresa y Dise\u00f1o de Modelos de Negocio, Tecnolog\u00eda e Ingenier\u00eda II, Historia de la M\u00fasica y de la Danza y Fundamentos Art\u00edsticos. A continuaci\u00f3n, se har\u00e1n las pruebas de F\u00edsica; Historia del Arte; Coro y T\u00e9cnica Vocal II; y Dise\u00f1o.<\/p>\n<p style=\"text-align: justify;\">La primera prueba a la que se han tenido<strong> que enfrentar <\/strong>les ha dejado ciertas buenas sensaciones. Los habituales nervios previos han dado paso a las sonrisa y el alivio &#8220;<em>nos ha ca\u00eddo lo que esper\u00e1bamos en Literatura. Ha sido bastante f\u00e1cil<\/em>&#8220;, relatan algunos de los estudiantes que se han examinado esta ma\u00f1ana en las instalaciones del mismo Campus de Alcoy de la UPV.\u00a0 <strong>Lengua castellana y Literatura II\u00a0<\/strong>ha vuelto a ser la materia inaugural de los ex\u00e1menes de Selectividad y en la parte obligatoria del examen hab\u00eda que responder varias preguntas sobre <strong>un art\u00edculo de\u00a0<\/strong><strong>opini\u00f3n<\/strong><strong>\u00a0publicado en El Pa\u00eds el pasado 2 de enero que lleva como t\u00edtulo \u2018Estupidez artificial\u2019<\/strong>. En la segunda parte de la prueba de Castellano se propon\u00edan dos textos y hab\u00eda que elegir uno de ellos y contestar a varias preguntas. El texto 1 era el poema <strong>\u2018Sorpresa\u2019 de Federico Garc\u00eda Lorca<\/strong>. El segundo texto era un extracto de la obra de teatro <strong>\u2018Historia de una escalera\u2019 de Antonio Buero Vallejo, que se estren\u00f3 en 1949<\/strong>. En ella se analiza la sociedad espa\u00f1ola de la \u00e9poca a trav\u00e9s de los vecinos de una escalera.<\/p>\n<p style=\"text-align: justify;\">Los ex\u00e1menes <strong>seguir\u00e1n ma\u00f1ana mi\u00e9rcoles y finalizar\u00e1n el jueves<\/strong>. Las notas\u00a0<strong>se conocer\u00e1n a partir de la una del mediod\u00eda del viernes 14 de junio<\/strong>\u00a0abri\u00e9ndose despu\u00e9s el correspondiente periodo para solicitar revisiones que ser\u00e1n del 17 al 19 de junio. Tras ello, llegar\u00e1\u00a0<strong>la convocatoria extraordinaria<\/strong>\u00a0prevista para los d\u00edas 2, 3 y 4 de julio.<\/p>\n","protected":false},"excerpt":{"rendered":"<p>Un total de 466 alumnos se examinan desde hoy de las Pruebas de Acceso a la Universidad en el Campus&#8230;<\/p>\n","protected":false},"author":1,"featured_media":134357,"comment_status":"open","ping_status":"open","sticky":false,"template":"","format":"standard","meta":{"footnotes":""},"categories":[6909,97,75,125],"tags":[1494,8820,1215,1126],"class_list":["post-134356","post","type-post","status-publish","format-standard","has-post-thumbnail","hentry","category-actualidad","category-alcoy","category-noticias","category-portada","tag-alcoy","tag-examenes","tag-inicio","tag-selectividad"],"yoast_head":"<!-- This site is optimized with the Yoast SEO plugin v27.3 - https:\/\/yoast.com\/product\/yoast-seo-wordpress\/ -->\n<title>Buenas sensaciones en el arranque de la Selectividad en Alcoy: &quot;con nervios, pero no ha ido mal&quot; - COPE Alcoy<\/title>\n<meta name=\"description\" content=\"Un total de 466 alumnos se examinan desde hoy de las Pruebas de Acceso a la Universidad en el Campus de Alcoy de la UPV\" \/>\n<meta name=\"robots\" content=\"index, follow, max-snippet:-1, max-image-preview:large, max-video-preview:-1\" \/>\n<link rel=\"canonical\" href=\"https:\/\/www.copealcoy.es\/es\/buenas-sensaciones-en-el-arranque-de-la-selectividad-en-alcoy-con-nervios-pero-no-ha-ido-mal\/\" \/>\n<meta property=\"og:locale\" content=\"es_ES\" \/>\n<meta property=\"og:type\" content=\"article\" \/>\n<meta property=\"og:title\" content=\"Buenas sensaciones en el arranque de la Selectividad en Alcoy: &quot;con nervios, pero no ha ido mal&quot; - COPE Alcoy\" \/>\n<meta property=\"og:description\" content=\"Un total de 466 alumnos se examinan desde hoy de las Pruebas de Acceso a la Universidad en el Campus de Alcoy de la UPV\" \/>\n<meta property=\"og:url\" content=\"https:\/\/www.copealcoy.es\/es\/buenas-sensaciones-en-el-arranque-de-la-selectividad-en-alcoy-con-nervios-pero-no-ha-ido-mal\/\" \/>\n<meta property=\"og:site_name\" content=\"COPE Alcoy\" \/>\n<meta property=\"article:published_time\" content=\"2024-06-04T13:17:01+00:00\" \/>\n<meta property=\"article:modified_time\" content=\"2024-06-04T13:22:55+00:00\" \/>\n<meta property=\"og:image\" content=\"https:\/\/www.copealcoy.es\/wp-content\/uploads\/2024\/06\/unnamed-1-3.jpg\" \/>\n\t<meta property=\"og:image:width\" content=\"1085\" \/>\n\t<meta property=\"og:image:height\" content=\"640\" \/>\n\t<meta property=\"og:image:type\" content=\"image\/jpeg\" \/>\n<meta name=\"author\" content=\"Cope Alcoy\" \/>\n<meta name=\"twitter:label1\" content=\"Escrito por\" \/>\n\t<meta name=\"twitter:data1\" content=\"Cope Alcoy\" \/>\n\t<meta name=\"twitter:label2\" content=\"Tiempo de lectura\" \/>\n\t<meta name=\"twitter:data2\" content=\"3 minutos\" \/>\n<script type=\"application\/ld+json\" class=\"yoast-schema-graph\">{\"@context\":\"https:\\\/\\\/schema.org\",\"@graph\":[{\"@type\":\"Article\",\"@id\":\"https:\\\/\\\/www.copealcoy.es\\\/es\\\/buenas-sensaciones-en-el-arranque-de-la-selectividad-en-alcoy-con-nervios-pero-no-ha-ido-mal\\\/#article\",\"isPartOf\":{\"@id\":\"https:\\\/\\\/www.copealcoy.es\\\/es\\\/buenas-sensaciones-en-el-arranque-de-la-selectividad-en-alcoy-con-nervios-pero-no-ha-ido-mal\\\/\"},\"author\":{\"name\":\"Cope Alcoy\",\"@id\":\"https:\\\/\\\/www.copealcoy.es\\\/es\\\/#\\\/schema\\\/person\\\/e777c87fa024e57d40170af9df39882c\"},\"headline\":\"Buenas sensaciones en el arranque de la Selectividad en Alcoy: &#8220;con nervios, pero no ha ido mal&#8221;\",\"datePublished\":\"2024-06-04T13:17:01+00:00\",\"dateModified\":\"2024-06-04T13:22:55+00:00\",\"mainEntityOfPage\":{\"@id\":\"https:\\\/\\\/www.copealcoy.es\\\/es\\\/buenas-sensaciones-en-el-arranque-de-la-selectividad-en-alcoy-con-nervios-pero-no-ha-ido-mal\\\/\"},\"wordCount\":456,\"commentCount\":0,\"image\":{\"@id\":\"https:\\\/\\\/www.copealcoy.es\\\/es\\\/buenas-sensaciones-en-el-arranque-de-la-selectividad-en-alcoy-con-nervios-pero-no-ha-ido-mal\\\/#primaryimage\"},\"thumbnailUrl\":\"https:\\\/\\\/www.copealcoy.es\\\/wp-content\\\/uploads\\\/2024\\\/06\\\/unnamed-1-3.jpg\",\"keywords\":[\"Alcoy\",\"ex\u00e1menes\",\"inicio\",\"selectividad\"],\"articleSection\":[\"Actualidad\",\"Alcoy\",\"Noticias\",\"Portada\"],\"inLanguage\":\"es\"},{\"@type\":\"WebPage\",\"@id\":\"https:\\\/\\\/www.copealcoy.es\\\/es\\\/buenas-sensaciones-en-el-arranque-de-la-selectividad-en-alcoy-con-nervios-pero-no-ha-ido-mal\\\/\",\"url\":\"https:\\\/\\\/www.copealcoy.es\\\/es\\\/buenas-sensaciones-en-el-arranque-de-la-selectividad-en-alcoy-con-nervios-pero-no-ha-ido-mal\\\/\",\"name\":\"Buenas sensaciones en el arranque de la Selectividad en Alcoy: \\\"con nervios, pero no ha ido mal\\\" - COPE Alcoy\",\"isPartOf\":{\"@id\":\"https:\\\/\\\/www.copealcoy.es\\\/es\\\/#website\"},\"primaryImageOfPage\":{\"@id\":\"https:\\\/\\\/www.copealcoy.es\\\/es\\\/buenas-sensaciones-en-el-arranque-de-la-selectividad-en-alcoy-con-nervios-pero-no-ha-ido-mal\\\/#primaryimage\"},\"image\":{\"@id\":\"https:\\\/\\\/www.copealcoy.es\\\/es\\\/buenas-sensaciones-en-el-arranque-de-la-selectividad-en-alcoy-con-nervios-pero-no-ha-ido-mal\\\/#primaryimage\"},\"thumbnailUrl\":\"https:\\\/\\\/www.copealcoy.es\\\/wp-content\\\/uploads\\\/2024\\\/06\\\/unnamed-1-3.jpg\",\"datePublished\":\"2024-06-04T13:17:01+00:00\",\"dateModified\":\"2024-06-04T13:22:55+00:00\",\"author\":{\"@id\":\"https:\\\/\\\/www.copealcoy.es\\\/es\\\/#\\\/schema\\\/person\\\/e777c87fa024e57d40170af9df39882c\"},\"description\":\"Un total de 466 alumnos se examinan desde hoy de las Pruebas de Acceso a la Universidad en el Campus de Alcoy de la UPV\",\"breadcrumb\":{\"@id\":\"https:\\\/\\\/www.copealcoy.es\\\/es\\\/buenas-sensaciones-en-el-arranque-de-la-selectividad-en-alcoy-con-nervios-pero-no-ha-ido-mal\\\/#breadcrumb\"},\"inLanguage\":\"es\",\"potentialAction\":[{\"@type\":\"ReadAction\",\"target\":[\"https:\\\/\\\/www.copealcoy.es\\\/es\\\/buenas-sensaciones-en-el-arranque-de-la-selectividad-en-alcoy-con-nervios-pero-no-ha-ido-mal\\\/\"]}]},{\"@type\":\"ImageObject\",\"inLanguage\":\"es\",\"@id\":\"https:\\\/\\\/www.copealcoy.es\\\/es\\\/buenas-sensaciones-en-el-arranque-de-la-selectividad-en-alcoy-con-nervios-pero-no-ha-ido-mal\\\/#primaryimage\",\"url\":\"https:\\\/\\\/www.copealcoy.es\\\/wp-content\\\/uploads\\\/2024\\\/06\\\/unnamed-1-3.jpg\",\"contentUrl\":\"https:\\\/\\\/www.copealcoy.es\\\/wp-content\\\/uploads\\\/2024\\\/06\\\/unnamed-1-3.jpg\",\"width\":1085,\"height\":640},{\"@type\":\"BreadcrumbList\",\"@id\":\"https:\\\/\\\/www.copealcoy.es\\\/es\\\/buenas-sensaciones-en-el-arranque-de-la-selectividad-en-alcoy-con-nervios-pero-no-ha-ido-mal\\\/#breadcrumb\",\"itemListElement\":[{\"@type\":\"ListItem\",\"position\":1,\"name\":\"Portada\",\"item\":\"https:\\\/\\\/www.copealcoy.es\\\/es\\\/\"},{\"@type\":\"ListItem\",\"position\":2,\"name\":\"Buenas sensaciones en el arranque de la Selectividad en Alcoy: \u00abcon nervios, pero no ha ido mal\u00bb\"}]},{\"@type\":\"WebSite\",\"@id\":\"https:\\\/\\\/www.copealcoy.es\\\/es\\\/#website\",\"url\":\"https:\\\/\\\/www.copealcoy.es\\\/es\\\/\",\"name\":\"COPE Alcoy\",\"description\":\"Emisora COPE de radio local con emisi\u00f3n online. Pont de Sant Jordi 8-10 03803 Alcoy\",\"potentialAction\":[{\"@type\":\"SearchAction\",\"target\":{\"@type\":\"EntryPoint\",\"urlTemplate\":\"https:\\\/\\\/www.copealcoy.es\\\/es\\\/?s={search_term_string}\"},\"query-input\":{\"@type\":\"PropertyValueSpecification\",\"valueRequired\":true,\"valueName\":\"search_term_string\"}}],\"inLanguage\":\"es\"},{\"@type\":\"Person\",\"@id\":\"https:\\\/\\\/www.copealcoy.es\\\/es\\\/#\\\/schema\\\/person\\\/e777c87fa024e57d40170af9df39882c\",\"name\":\"Cope Alcoy\",\"image\":{\"@type\":\"ImageObject\",\"inLanguage\":\"es\",\"@id\":\"https:\\\/\\\/secure.gravatar.com\\\/avatar\\\/bb65d0283347e303893ba14f0692005417c1e0e690a325a4c5d8bb2b3943ee14?s=96&d=mm&r=g\",\"url\":\"https:\\\/\\\/secure.gravatar.com\\\/avatar\\\/bb65d0283347e303893ba14f0692005417c1e0e690a325a4c5d8bb2b3943ee14?s=96&d=mm&r=g\",\"contentUrl\":\"https:\\\/\\\/secure.gravatar.com\\\/avatar\\\/bb65d0283347e303893ba14f0692005417c1e0e690a325a4c5d8bb2b3943ee14?s=96&d=mm&r=g\",\"caption\":\"Cope Alcoy\"}}]}<\/script>\n<!-- \/ Yoast SEO plugin. -->","yoast_head_json":{"title":"Buenas sensaciones en el arranque de la Selectividad en Alcoy: \"con nervios, pero no ha ido mal\" - COPE Alcoy","description":"Un total de 466 alumnos se examinan desde hoy de las Pruebas de Acceso a la Universidad en el Campus de Alcoy de la UPV","robots":{"index":"index","follow":"follow","max-snippet":"max-snippet:-1","max-image-preview":"max-image-preview:large","max-video-preview":"max-video-preview:-1"},"canonical":"https:\/\/www.copealcoy.es\/es\/buenas-sensaciones-en-el-arranque-de-la-selectividad-en-alcoy-con-nervios-pero-no-ha-ido-mal\/","og_locale":"es_ES","og_type":"article","og_title":"Buenas sensaciones en el arranque de la Selectividad en Alcoy: \"con nervios, pero no ha ido mal\" - COPE Alcoy","og_description":"Un total de 466 alumnos se examinan desde hoy de las Pruebas de Acceso a la Universidad en el Campus de Alcoy de la UPV","og_url":"https:\/\/www.copealcoy.es\/es\/buenas-sensaciones-en-el-arranque-de-la-selectividad-en-alcoy-con-nervios-pero-no-ha-ido-mal\/","og_site_name":"COPE Alcoy","article_published_time":"2024-06-04T13:17:01+00:00","article_modified_time":"2024-06-04T13:22:55+00:00","og_image":[{"width":1085,"height":640,"url":"https:\/\/www.copealcoy.es\/wp-content\/uploads\/2024\/06\/unnamed-1-3.jpg","type":"image\/jpeg"}],"author":"Cope Alcoy","twitter_misc":{"Escrito por":"Cope Alcoy","Tiempo de lectura":"3 minutos"},"schema":{"@context":"https:\/\/schema.org","@graph":[{"@type":"Article","@id":"https:\/\/www.copealcoy.es\/es\/buenas-sensaciones-en-el-arranque-de-la-selectividad-en-alcoy-con-nervios-pero-no-ha-ido-mal\/#article","isPartOf":{"@id":"https:\/\/www.copealcoy.es\/es\/buenas-sensaciones-en-el-arranque-de-la-selectividad-en-alcoy-con-nervios-pero-no-ha-ido-mal\/"},"author":{"name":"Cope Alcoy","@id":"https:\/\/www.copealcoy.es\/es\/#\/schema\/person\/e777c87fa024e57d40170af9df39882c"},"headline":"Buenas sensaciones en el arranque de la Selectividad en Alcoy: &#8220;con nervios, pero no ha ido mal&#8221;","datePublished":"2024-06-04T13:17:01+00:00","dateModified":"2024-06-04T13:22:55+00:00","mainEntityOfPage":{"@id":"https:\/\/www.copealcoy.es\/es\/buenas-sensaciones-en-el-arranque-de-la-selectividad-en-alcoy-con-nervios-pero-no-ha-ido-mal\/"},"wordCount":456,"commentCount":0,"image":{"@id":"https:\/\/www.copealcoy.es\/es\/buenas-sensaciones-en-el-arranque-de-la-selectividad-en-alcoy-con-nervios-pero-no-ha-ido-mal\/#primaryimage"},"thumbnailUrl":"https:\/\/www.copealcoy.es\/wp-content\/uploads\/2024\/06\/unnamed-1-3.jpg","keywords":["Alcoy","ex\u00e1menes","inicio","selectividad"],"articleSection":["Actualidad","Alcoy","Noticias","Portada"],"inLanguage":"es"},{"@type":"WebPage","@id":"https:\/\/www.copealcoy.es\/es\/buenas-sensaciones-en-el-arranque-de-la-selectividad-en-alcoy-con-nervios-pero-no-ha-ido-mal\/","url":"https:\/\/www.copealcoy.es\/es\/buenas-sensaciones-en-el-arranque-de-la-selectividad-en-alcoy-con-nervios-pero-no-ha-ido-mal\/","name":"Buenas sensaciones en el arranque de la Selectividad en Alcoy: \"con nervios, pero no ha ido mal\" - COPE Alcoy","isPartOf":{"@id":"https:\/\/www.copealcoy.es\/es\/#website"},"primaryImageOfPage":{"@id":"https:\/\/www.copealcoy.es\/es\/buenas-sensaciones-en-el-arranque-de-la-selectividad-en-alcoy-con-nervios-pero-no-ha-ido-mal\/#primaryimage"},"image":{"@id":"https:\/\/www.copealcoy.es\/es\/buenas-sensaciones-en-el-arranque-de-la-selectividad-en-alcoy-con-nervios-pero-no-ha-ido-mal\/#primaryimage"},"thumbnailUrl":"https:\/\/www.copealcoy.es\/wp-content\/uploads\/2024\/06\/unnamed-1-3.jpg","datePublished":"2024-06-04T13:17:01+00:00","dateModified":"2024-06-04T13:22:55+00:00","author":{"@id":"https:\/\/www.copealcoy.es\/es\/#\/schema\/person\/e777c87fa024e57d40170af9df39882c"},"description":"Un total de 466 alumnos se examinan desde hoy de las Pruebas de Acceso a la Universidad en el Campus de Alcoy de la UPV","breadcrumb":{"@id":"https:\/\/www.copealcoy.es\/es\/buenas-sensaciones-en-el-arranque-de-la-selectividad-en-alcoy-con-nervios-pero-no-ha-ido-mal\/#breadcrumb"},"inLanguage":"es","potentialAction":[{"@type":"ReadAction","target":["https:\/\/www.copealcoy.es\/es\/buenas-sensaciones-en-el-arranque-de-la-selectividad-en-alcoy-con-nervios-pero-no-ha-ido-mal\/"]}]},{"@type":"ImageObject","inLanguage":"es","@id":"https:\/\/www.copealcoy.es\/es\/buenas-sensaciones-en-el-arranque-de-la-selectividad-en-alcoy-con-nervios-pero-no-ha-ido-mal\/#primaryimage","url":"https:\/\/www.copealcoy.es\/wp-content\/uploads\/2024\/06\/unnamed-1-3.jpg","contentUrl":"https:\/\/www.copealcoy.es\/wp-content\/uploads\/2024\/06\/unnamed-1-3.jpg","width":1085,"height":640},{"@type":"BreadcrumbList","@id":"https:\/\/www.copealcoy.es\/es\/buenas-sensaciones-en-el-arranque-de-la-selectividad-en-alcoy-con-nervios-pero-no-ha-ido-mal\/#breadcrumb","itemListElement":[{"@type":"ListItem","position":1,"name":"Portada","item":"https:\/\/www.copealcoy.es\/es\/"},{"@type":"ListItem","position":2,"name":"Buenas sensaciones en el arranque de la Selectividad en Alcoy: \u00abcon nervios, pero no ha ido mal\u00bb"}]},{"@type":"WebSite","@id":"https:\/\/www.copealcoy.es\/es\/#website","url":"https:\/\/www.copealcoy.es\/es\/","name":"COPE Alcoy","description":"Emisora COPE de radio local con emisi\u00f3n online. Pont de Sant Jordi 8-10 03803 Alcoy","potentialAction":[{"@type":"SearchAction","target":{"@type":"EntryPoint","urlTemplate":"https:\/\/www.copealcoy.es\/es\/?s={search_term_string}"},"query-input":{"@type":"PropertyValueSpecification","valueRequired":true,"valueName":"search_term_string"}}],"inLanguage":"es"},{"@type":"Person","@id":"https:\/\/www.copealcoy.es\/es\/#\/schema\/person\/e777c87fa024e57d40170af9df39882c","name":"Cope Alcoy","image":{"@type":"ImageObject","inLanguage":"es","@id":"https:\/\/secure.gravatar.com\/avatar\/bb65d0283347e303893ba14f0692005417c1e0e690a325a4c5d8bb2b3943ee14?s=96&d=mm&r=g","url":"https:\/\/secure.gravatar.com\/avatar\/bb65d0283347e303893ba14f0692005417c1e0e690a325a4c5d8bb2b3943ee14?s=96&d=mm&r=g","contentUrl":"https:\/\/secure.gravatar.com\/avatar\/bb65d0283347e303893ba14f0692005417c1e0e690a325a4c5d8bb2b3943ee14?s=96&d=mm&r=g","caption":"Cope Alcoy"}}]}},"_links":{"self":[{"href":"https:\/\/www.copealcoy.es\/es\/wp-json\/wp\/v2\/posts\/134356","targetHints":{"allow":["GET"]}}],"collection":[{"href":"https:\/\/www.copealcoy.es\/es\/wp-json\/wp\/v2\/posts"}],"about":[{"href":"https:\/\/www.copealcoy.es\/es\/wp-json\/wp\/v2\/types\/post"}],"author":[{"embeddable":true,"href":"https:\/\/www.copealcoy.es\/es\/wp-json\/wp\/v2\/users\/1"}],"replies":[{"embeddable":true,"href":"https:\/\/www.copealcoy.es\/es\/wp-json\/wp\/v2\/comments?post=134356"}],"version-history":[{"count":0,"href":"https:\/\/www.copealcoy.es\/es\/wp-json\/wp\/v2\/posts\/134356\/revisions"}],"wp:featuredmedia":[{"embeddable":true,"href":"https:\/\/www.copealcoy.es\/es\/wp-json\/wp\/v2\/media\/134357"}],"wp:attachment":[{"href":"https:\/\/www.copealcoy.es\/es\/wp-json\/wp\/v2\/media?parent=134356"}],"wp:term":[{"taxonomy":"category","embeddable":true,"href":"https:\/\/www.copealcoy.es\/es\/wp-json\/wp\/v2\/categories?post=134356"},{"taxonomy":"post_tag","embeddable":true,"href":"https:\/\/www.copealcoy.es\/es\/wp-json\/wp\/v2\/tags?post=134356"}],"curies":[{"name":"wp","href":"https:\/\/api.w.org\/{rel}","templated":true}]}}