{"id":134276,"date":"2024-06-03T09:09:11","date_gmt":"2024-06-03T08:09:11","guid":{"rendered":"https:\/\/www.copealcoy.es\/?p=134276"},"modified":"2024-06-03T09:17:33","modified_gmt":"2024-06-03T08:17:33","slug":"la-policia-nacional-festejo-su-200-aniversario-en-alcoy-con-un-acto-en-la-calle","status":"publish","type":"post","link":"https:\/\/www.copealcoy.es\/es\/la-policia-nacional-festejo-su-200-aniversario-en-alcoy-con-un-acto-en-la-calle\/","title":{"rendered":"La Polic\u00eda Nacional festej\u00f3 su 200 aniversario en Alcoy con un acto en la calle"},"content":{"rendered":"<p style=\"text-align: justify;\">La <strong>Polic\u00eda Nacional<\/strong> festej\u00f3 su<strong> 200 aniversario en Alcoy<\/strong> el pasado s\u00e1bado con <strong>un gran acto oficial<\/strong> que tuvo lugar a mediod\u00eda en la Plaza de Espa\u00f1a. Esta ceremonia <strong>clausur\u00f3 una intensa ma\u00f1ana en la que este cuerpo nacional de seguridad mostr\u00f3 su actividad a la ciudadan\u00eda<\/strong> y en la que tampoco faltaron <strong>las exhibiciones<\/strong> de gu\u00edas caninos o del servicio de medios a\u00e9reos y de seguridad a\u00e9rea de drones. Tambi\u00e9n <strong>se pudieron ver<\/strong> veh\u00edculos y quienes se acercaron hasta La Bandeja pudieron descubrir de cerca el trabajo de la Polic\u00eda Cient\u00edfica, los TEDAX o la Polic\u00eda de Participaci\u00f3n Ciudadana.<\/p>\n<p style=\"text-align: justify;\">Uno de los momentos m\u00e1s destacados del d\u00eda fue <strong>el citado acto institucional<\/strong> que se desarroll\u00f3 ante la presencia de representantes de la Corporaci\u00f3n Municipal e incluso de diferentes instituciones o entidades de la ciudad. Durante el mismo<strong> se record\u00f3 el aniversario que la Polic\u00eda Nacional est\u00e1 conmemorando en este 2024 y se destac\u00f3 el importante papel que desempe\u00f1an los agentes<\/strong> para garantizar la seguridad en nuestro d\u00eda a d\u00eda. Hubo tambi\u00e9n<strong> intercambio de obsequios<\/strong>, entre Consistorio y Polic\u00eda Nacional, y la ceremonia finaliz\u00f3 con las intervenciones del alcalde de Alcoy <strong>(Toni Franc\u00e9s)<\/strong> y el comisario jefe provincial de Alicante <strong>(Manuel Lafuente)<\/strong> y el jefe de operaciones en Alicante <strong>(Mat\u00edas Hern\u00e1ndez)<\/strong>. Ambos estuvieron acompa\u00f1ados por el inspector jefe de la comisar\u00eda de Alcoy <strong>(Jes\u00fas S\u00e1nchez)<\/strong> en una ma\u00f1ana radiante en la que el sol y las temperaturas agradables animaron a participar en todas las propuestas que se hab\u00edan previsto.<\/p>\n<p style=\"text-align: justify;\">Con este acto institucional se puso fin a una conmemoraci\u00f3n del bicentenario de la Polic\u00eda Nacional que <strong>ha incluido varias iniciativas<\/strong> en nuestra ciudad. Entre ellas destac\u00f3 la presencia de <span style=\"color: #0000ff;\"><a style=\"color: #0000ff;\" href=\"https:\/\/www.copealcoy.es\/la-policia-nacional-participara-en-las-entradas-de-alcoy\/\" target=\"_blank\" rel=\"noopener\"><strong>una unidad de gala de la misma Polic\u00eda Nacional <\/strong><\/a><\/span>que particip\u00f3 en las pasadas Fiestas de Moros y Cristianos de Alcoy abriendo cada una de las Entradas a caballo.<\/p>\n","protected":false},"excerpt":{"rendered":"<p>La Polic\u00eda Nacional festej\u00f3 su 200 aniversario en Alcoy el pasado s\u00e1bado con un gran acto oficial que tuvo lugar&#8230;<\/p>\n","protected":false},"author":1,"featured_media":134277,"comment_status":"open","ping_status":"open","sticky":false,"template":"","format":"standard","meta":{"footnotes":""},"categories":[6909,97,75],"tags":[1494,3800,16931,6636,1836],"class_list":["post-134276","post","type-post","status-publish","format-standard","has-post-thumbnail","hentry","category-actualidad","category-alcoy","category-noticias","tag-alcoy","tag-aniversario","tag-bicentenario","tag-conmemoracion","tag-policia-nacional"],"yoast_head":"<!-- This site is optimized with the Yoast SEO plugin v27.3 - https:\/\/yoast.com\/product\/yoast-seo-wordpress\/ -->\n<title>La Polic\u00eda Nacional festej\u00f3 su 200 aniversario en Alcoy con un acto en la calle - COPE Alcoy<\/title>\n<meta name=\"description\" content=\"La Polic\u00eda Nacional festej\u00f3 su 200 aniversario en Alcoy el pasado s\u00e1bado con un gran acto oficial que tuvo lugar a mediod\u00eda en la Plaza de Espa\u00f1a\" \/>\n<meta name=\"robots\" content=\"index, follow, max-snippet:-1, max-image-preview:large, max-video-preview:-1\" \/>\n<link rel=\"canonical\" href=\"https:\/\/www.copealcoy.es\/es\/la-policia-nacional-festejo-su-200-aniversario-en-alcoy-con-un-acto-en-la-calle\/\" \/>\n<meta property=\"og:locale\" content=\"es_ES\" \/>\n<meta property=\"og:type\" content=\"article\" \/>\n<meta property=\"og:title\" content=\"La Polic\u00eda Nacional festej\u00f3 su 200 aniversario en Alcoy con un acto en la calle - COPE Alcoy\" \/>\n<meta property=\"og:description\" content=\"La Polic\u00eda Nacional festej\u00f3 su 200 aniversario en Alcoy el pasado s\u00e1bado con un gran acto oficial que tuvo lugar a mediod\u00eda en la Plaza de Espa\u00f1a\" \/>\n<meta property=\"og:url\" content=\"https:\/\/www.copealcoy.es\/es\/la-policia-nacional-festejo-su-200-aniversario-en-alcoy-con-un-acto-en-la-calle\/\" \/>\n<meta property=\"og:site_name\" content=\"COPE Alcoy\" \/>\n<meta property=\"article:published_time\" content=\"2024-06-03T08:09:11+00:00\" \/>\n<meta property=\"article:modified_time\" content=\"2024-06-03T08:17:33+00:00\" \/>\n<meta property=\"og:image\" content=\"https:\/\/www.copealcoy.es\/wp-content\/uploads\/2024\/06\/447309623_844265074411503_7614864231453586924_n-scaled-e1717401076833.jpg\" \/>\n\t<meta property=\"og:image:width\" content=\"1360\" \/>\n\t<meta property=\"og:image:height\" content=\"813\" \/>\n\t<meta property=\"og:image:type\" content=\"image\/jpeg\" \/>\n<meta name=\"author\" content=\"Cope Alcoy\" \/>\n<meta name=\"twitter:label1\" content=\"Escrito por\" \/>\n\t<meta name=\"twitter:data1\" content=\"Cope Alcoy\" \/>\n\t<meta name=\"twitter:label2\" content=\"Tiempo de lectura\" \/>\n\t<meta name=\"twitter:data2\" content=\"2 minutos\" \/>\n<script type=\"application\/ld+json\" class=\"yoast-schema-graph\">{\"@context\":\"https:\\\/\\\/schema.org\",\"@graph\":[{\"@type\":\"Article\",\"@id\":\"https:\\\/\\\/www.copealcoy.es\\\/es\\\/la-policia-nacional-festejo-su-200-aniversario-en-alcoy-con-un-acto-en-la-calle\\\/#article\",\"isPartOf\":{\"@id\":\"https:\\\/\\\/www.copealcoy.es\\\/es\\\/la-policia-nacional-festejo-su-200-aniversario-en-alcoy-con-un-acto-en-la-calle\\\/\"},\"author\":{\"name\":\"Cope Alcoy\",\"@id\":\"https:\\\/\\\/www.copealcoy.es\\\/es\\\/#\\\/schema\\\/person\\\/e777c87fa024e57d40170af9df39882c\"},\"headline\":\"La Polic\u00eda Nacional festej\u00f3 su 200 aniversario en Alcoy con un acto en la calle\",\"datePublished\":\"2024-06-03T08:09:11+00:00\",\"dateModified\":\"2024-06-03T08:17:33+00:00\",\"mainEntityOfPage\":{\"@id\":\"https:\\\/\\\/www.copealcoy.es\\\/es\\\/la-policia-nacional-festejo-su-200-aniversario-en-alcoy-con-un-acto-en-la-calle\\\/\"},\"wordCount\":357,\"commentCount\":0,\"image\":{\"@id\":\"https:\\\/\\\/www.copealcoy.es\\\/es\\\/la-policia-nacional-festejo-su-200-aniversario-en-alcoy-con-un-acto-en-la-calle\\\/#primaryimage\"},\"thumbnailUrl\":\"https:\\\/\\\/www.copealcoy.es\\\/wp-content\\\/uploads\\\/2024\\\/06\\\/447309623_844265074411503_7614864231453586924_n-scaled-e1717401076833.jpg\",\"keywords\":[\"Alcoy\",\"aniversario\",\"bicentenario\",\"conmemoraci\u00f3n\",\"Polic\u00eda Nacional\"],\"articleSection\":[\"Actualidad\",\"Alcoy\",\"Noticias\"],\"inLanguage\":\"es\"},{\"@type\":\"WebPage\",\"@id\":\"https:\\\/\\\/www.copealcoy.es\\\/es\\\/la-policia-nacional-festejo-su-200-aniversario-en-alcoy-con-un-acto-en-la-calle\\\/\",\"url\":\"https:\\\/\\\/www.copealcoy.es\\\/es\\\/la-policia-nacional-festejo-su-200-aniversario-en-alcoy-con-un-acto-en-la-calle\\\/\",\"name\":\"La Polic\u00eda Nacional festej\u00f3 su 200 aniversario en Alcoy con un acto en la calle - COPE Alcoy\",\"isPartOf\":{\"@id\":\"https:\\\/\\\/www.copealcoy.es\\\/es\\\/#website\"},\"primaryImageOfPage\":{\"@id\":\"https:\\\/\\\/www.copealcoy.es\\\/es\\\/la-policia-nacional-festejo-su-200-aniversario-en-alcoy-con-un-acto-en-la-calle\\\/#primaryimage\"},\"image\":{\"@id\":\"https:\\\/\\\/www.copealcoy.es\\\/es\\\/la-policia-nacional-festejo-su-200-aniversario-en-alcoy-con-un-acto-en-la-calle\\\/#primaryimage\"},\"thumbnailUrl\":\"https:\\\/\\\/www.copealcoy.es\\\/wp-content\\\/uploads\\\/2024\\\/06\\\/447309623_844265074411503_7614864231453586924_n-scaled-e1717401076833.jpg\",\"datePublished\":\"2024-06-03T08:09:11+00:00\",\"dateModified\":\"2024-06-03T08:17:33+00:00\",\"author\":{\"@id\":\"https:\\\/\\\/www.copealcoy.es\\\/es\\\/#\\\/schema\\\/person\\\/e777c87fa024e57d40170af9df39882c\"},\"description\":\"La Polic\u00eda Nacional festej\u00f3 su 200 aniversario en Alcoy el pasado s\u00e1bado con un gran acto oficial que tuvo lugar a mediod\u00eda en la Plaza de Espa\u00f1a\",\"breadcrumb\":{\"@id\":\"https:\\\/\\\/www.copealcoy.es\\\/es\\\/la-policia-nacional-festejo-su-200-aniversario-en-alcoy-con-un-acto-en-la-calle\\\/#breadcrumb\"},\"inLanguage\":\"es\",\"potentialAction\":[{\"@type\":\"ReadAction\",\"target\":[\"https:\\\/\\\/www.copealcoy.es\\\/es\\\/la-policia-nacional-festejo-su-200-aniversario-en-alcoy-con-un-acto-en-la-calle\\\/\"]}]},{\"@type\":\"ImageObject\",\"inLanguage\":\"es\",\"@id\":\"https:\\\/\\\/www.copealcoy.es\\\/es\\\/la-policia-nacional-festejo-su-200-aniversario-en-alcoy-con-un-acto-en-la-calle\\\/#primaryimage\",\"url\":\"https:\\\/\\\/www.copealcoy.es\\\/wp-content\\\/uploads\\\/2024\\\/06\\\/447309623_844265074411503_7614864231453586924_n-scaled-e1717401076833.jpg\",\"contentUrl\":\"https:\\\/\\\/www.copealcoy.es\\\/wp-content\\\/uploads\\\/2024\\\/06\\\/447309623_844265074411503_7614864231453586924_n-scaled-e1717401076833.jpg\",\"width\":1360,\"height\":813},{\"@type\":\"BreadcrumbList\",\"@id\":\"https:\\\/\\\/www.copealcoy.es\\\/es\\\/la-policia-nacional-festejo-su-200-aniversario-en-alcoy-con-un-acto-en-la-calle\\\/#breadcrumb\",\"itemListElement\":[{\"@type\":\"ListItem\",\"position\":1,\"name\":\"Portada\",\"item\":\"https:\\\/\\\/www.copealcoy.es\\\/es\\\/\"},{\"@type\":\"ListItem\",\"position\":2,\"name\":\"La Polic\u00eda Nacional festej\u00f3 su 200 aniversario en Alcoy con un acto en la calle\"}]},{\"@type\":\"WebSite\",\"@id\":\"https:\\\/\\\/www.copealcoy.es\\\/es\\\/#website\",\"url\":\"https:\\\/\\\/www.copealcoy.es\\\/es\\\/\",\"name\":\"COPE Alcoy\",\"description\":\"Emisora COPE de radio local con emisi\u00f3n online. Pont de Sant Jordi 8-10 03803 Alcoy\",\"potentialAction\":[{\"@type\":\"SearchAction\",\"target\":{\"@type\":\"EntryPoint\",\"urlTemplate\":\"https:\\\/\\\/www.copealcoy.es\\\/es\\\/?s={search_term_string}\"},\"query-input\":{\"@type\":\"PropertyValueSpecification\",\"valueRequired\":true,\"valueName\":\"search_term_string\"}}],\"inLanguage\":\"es\"},{\"@type\":\"Person\",\"@id\":\"https:\\\/\\\/www.copealcoy.es\\\/es\\\/#\\\/schema\\\/person\\\/e777c87fa024e57d40170af9df39882c\",\"name\":\"Cope Alcoy\",\"image\":{\"@type\":\"ImageObject\",\"inLanguage\":\"es\",\"@id\":\"https:\\\/\\\/secure.gravatar.com\\\/avatar\\\/bb65d0283347e303893ba14f0692005417c1e0e690a325a4c5d8bb2b3943ee14?s=96&d=mm&r=g\",\"url\":\"https:\\\/\\\/secure.gravatar.com\\\/avatar\\\/bb65d0283347e303893ba14f0692005417c1e0e690a325a4c5d8bb2b3943ee14?s=96&d=mm&r=g\",\"contentUrl\":\"https:\\\/\\\/secure.gravatar.com\\\/avatar\\\/bb65d0283347e303893ba14f0692005417c1e0e690a325a4c5d8bb2b3943ee14?s=96&d=mm&r=g\",\"caption\":\"Cope Alcoy\"}}]}<\/script>\n<!-- \/ Yoast SEO plugin. -->","yoast_head_json":{"title":"La Polic\u00eda Nacional festej\u00f3 su 200 aniversario en Alcoy con un acto en la calle - COPE Alcoy","description":"La Polic\u00eda Nacional festej\u00f3 su 200 aniversario en Alcoy el pasado s\u00e1bado con un gran acto oficial que tuvo lugar a mediod\u00eda en la Plaza de Espa\u00f1a","robots":{"index":"index","follow":"follow","max-snippet":"max-snippet:-1","max-image-preview":"max-image-preview:large","max-video-preview":"max-video-preview:-1"},"canonical":"https:\/\/www.copealcoy.es\/es\/la-policia-nacional-festejo-su-200-aniversario-en-alcoy-con-un-acto-en-la-calle\/","og_locale":"es_ES","og_type":"article","og_title":"La Polic\u00eda Nacional festej\u00f3 su 200 aniversario en Alcoy con un acto en la calle - COPE Alcoy","og_description":"La Polic\u00eda Nacional festej\u00f3 su 200 aniversario en Alcoy el pasado s\u00e1bado con un gran acto oficial que tuvo lugar a mediod\u00eda en la Plaza de Espa\u00f1a","og_url":"https:\/\/www.copealcoy.es\/es\/la-policia-nacional-festejo-su-200-aniversario-en-alcoy-con-un-acto-en-la-calle\/","og_site_name":"COPE Alcoy","article_published_time":"2024-06-03T08:09:11+00:00","article_modified_time":"2024-06-03T08:17:33+00:00","og_image":[{"width":1360,"height":813,"url":"https:\/\/www.copealcoy.es\/wp-content\/uploads\/2024\/06\/447309623_844265074411503_7614864231453586924_n-scaled-e1717401076833.jpg","type":"image\/jpeg"}],"author":"Cope Alcoy","twitter_misc":{"Escrito por":"Cope Alcoy","Tiempo de lectura":"2 minutos"},"schema":{"@context":"https:\/\/schema.org","@graph":[{"@type":"Article","@id":"https:\/\/www.copealcoy.es\/es\/la-policia-nacional-festejo-su-200-aniversario-en-alcoy-con-un-acto-en-la-calle\/#article","isPartOf":{"@id":"https:\/\/www.copealcoy.es\/es\/la-policia-nacional-festejo-su-200-aniversario-en-alcoy-con-un-acto-en-la-calle\/"},"author":{"name":"Cope Alcoy","@id":"https:\/\/www.copealcoy.es\/es\/#\/schema\/person\/e777c87fa024e57d40170af9df39882c"},"headline":"La Polic\u00eda Nacional festej\u00f3 su 200 aniversario en Alcoy con un acto en la calle","datePublished":"2024-06-03T08:09:11+00:00","dateModified":"2024-06-03T08:17:33+00:00","mainEntityOfPage":{"@id":"https:\/\/www.copealcoy.es\/es\/la-policia-nacional-festejo-su-200-aniversario-en-alcoy-con-un-acto-en-la-calle\/"},"wordCount":357,"commentCount":0,"image":{"@id":"https:\/\/www.copealcoy.es\/es\/la-policia-nacional-festejo-su-200-aniversario-en-alcoy-con-un-acto-en-la-calle\/#primaryimage"},"thumbnailUrl":"https:\/\/www.copealcoy.es\/wp-content\/uploads\/2024\/06\/447309623_844265074411503_7614864231453586924_n-scaled-e1717401076833.jpg","keywords":["Alcoy","aniversario","bicentenario","conmemoraci\u00f3n","Polic\u00eda Nacional"],"articleSection":["Actualidad","Alcoy","Noticias"],"inLanguage":"es"},{"@type":"WebPage","@id":"https:\/\/www.copealcoy.es\/es\/la-policia-nacional-festejo-su-200-aniversario-en-alcoy-con-un-acto-en-la-calle\/","url":"https:\/\/www.copealcoy.es\/es\/la-policia-nacional-festejo-su-200-aniversario-en-alcoy-con-un-acto-en-la-calle\/","name":"La Polic\u00eda Nacional festej\u00f3 su 200 aniversario en Alcoy con un acto en la calle - COPE Alcoy","isPartOf":{"@id":"https:\/\/www.copealcoy.es\/es\/#website"},"primaryImageOfPage":{"@id":"https:\/\/www.copealcoy.es\/es\/la-policia-nacional-festejo-su-200-aniversario-en-alcoy-con-un-acto-en-la-calle\/#primaryimage"},"image":{"@id":"https:\/\/www.copealcoy.es\/es\/la-policia-nacional-festejo-su-200-aniversario-en-alcoy-con-un-acto-en-la-calle\/#primaryimage"},"thumbnailUrl":"https:\/\/www.copealcoy.es\/wp-content\/uploads\/2024\/06\/447309623_844265074411503_7614864231453586924_n-scaled-e1717401076833.jpg","datePublished":"2024-06-03T08:09:11+00:00","dateModified":"2024-06-03T08:17:33+00:00","author":{"@id":"https:\/\/www.copealcoy.es\/es\/#\/schema\/person\/e777c87fa024e57d40170af9df39882c"},"description":"La Polic\u00eda Nacional festej\u00f3 su 200 aniversario en Alcoy el pasado s\u00e1bado con un gran acto oficial que tuvo lugar a mediod\u00eda en la Plaza de Espa\u00f1a","breadcrumb":{"@id":"https:\/\/www.copealcoy.es\/es\/la-policia-nacional-festejo-su-200-aniversario-en-alcoy-con-un-acto-en-la-calle\/#breadcrumb"},"inLanguage":"es","potentialAction":[{"@type":"ReadAction","target":["https:\/\/www.copealcoy.es\/es\/la-policia-nacional-festejo-su-200-aniversario-en-alcoy-con-un-acto-en-la-calle\/"]}]},{"@type":"ImageObject","inLanguage":"es","@id":"https:\/\/www.copealcoy.es\/es\/la-policia-nacional-festejo-su-200-aniversario-en-alcoy-con-un-acto-en-la-calle\/#primaryimage","url":"https:\/\/www.copealcoy.es\/wp-content\/uploads\/2024\/06\/447309623_844265074411503_7614864231453586924_n-scaled-e1717401076833.jpg","contentUrl":"https:\/\/www.copealcoy.es\/wp-content\/uploads\/2024\/06\/447309623_844265074411503_7614864231453586924_n-scaled-e1717401076833.jpg","width":1360,"height":813},{"@type":"BreadcrumbList","@id":"https:\/\/www.copealcoy.es\/es\/la-policia-nacional-festejo-su-200-aniversario-en-alcoy-con-un-acto-en-la-calle\/#breadcrumb","itemListElement":[{"@type":"ListItem","position":1,"name":"Portada","item":"https:\/\/www.copealcoy.es\/es\/"},{"@type":"ListItem","position":2,"name":"La Polic\u00eda Nacional festej\u00f3 su 200 aniversario en Alcoy con un acto en la calle"}]},{"@type":"WebSite","@id":"https:\/\/www.copealcoy.es\/es\/#website","url":"https:\/\/www.copealcoy.es\/es\/","name":"COPE Alcoy","description":"Emisora COPE de radio local con emisi\u00f3n online. Pont de Sant Jordi 8-10 03803 Alcoy","potentialAction":[{"@type":"SearchAction","target":{"@type":"EntryPoint","urlTemplate":"https:\/\/www.copealcoy.es\/es\/?s={search_term_string}"},"query-input":{"@type":"PropertyValueSpecification","valueRequired":true,"valueName":"search_term_string"}}],"inLanguage":"es"},{"@type":"Person","@id":"https:\/\/www.copealcoy.es\/es\/#\/schema\/person\/e777c87fa024e57d40170af9df39882c","name":"Cope Alcoy","image":{"@type":"ImageObject","inLanguage":"es","@id":"https:\/\/secure.gravatar.com\/avatar\/bb65d0283347e303893ba14f0692005417c1e0e690a325a4c5d8bb2b3943ee14?s=96&d=mm&r=g","url":"https:\/\/secure.gravatar.com\/avatar\/bb65d0283347e303893ba14f0692005417c1e0e690a325a4c5d8bb2b3943ee14?s=96&d=mm&r=g","contentUrl":"https:\/\/secure.gravatar.com\/avatar\/bb65d0283347e303893ba14f0692005417c1e0e690a325a4c5d8bb2b3943ee14?s=96&d=mm&r=g","caption":"Cope Alcoy"}}]}},"_links":{"self":[{"href":"https:\/\/www.copealcoy.es\/es\/wp-json\/wp\/v2\/posts\/134276","targetHints":{"allow":["GET"]}}],"collection":[{"href":"https:\/\/www.copealcoy.es\/es\/wp-json\/wp\/v2\/posts"}],"about":[{"href":"https:\/\/www.copealcoy.es\/es\/wp-json\/wp\/v2\/types\/post"}],"author":[{"embeddable":true,"href":"https:\/\/www.copealcoy.es\/es\/wp-json\/wp\/v2\/users\/1"}],"replies":[{"embeddable":true,"href":"https:\/\/www.copealcoy.es\/es\/wp-json\/wp\/v2\/comments?post=134276"}],"version-history":[{"count":0,"href":"https:\/\/www.copealcoy.es\/es\/wp-json\/wp\/v2\/posts\/134276\/revisions"}],"wp:featuredmedia":[{"embeddable":true,"href":"https:\/\/www.copealcoy.es\/es\/wp-json\/wp\/v2\/media\/134277"}],"wp:attachment":[{"href":"https:\/\/www.copealcoy.es\/es\/wp-json\/wp\/v2\/media?parent=134276"}],"wp:term":[{"taxonomy":"category","embeddable":true,"href":"https:\/\/www.copealcoy.es\/es\/wp-json\/wp\/v2\/categories?post=134276"},{"taxonomy":"post_tag","embeddable":true,"href":"https:\/\/www.copealcoy.es\/es\/wp-json\/wp\/v2\/tags?post=134276"}],"curies":[{"name":"wp","href":"https:\/\/api.w.org\/{rel}","templated":true}]}}