{"id":134263,"date":"2024-05-31T18:05:30","date_gmt":"2024-05-31T17:05:30","guid":{"rendered":"https:\/\/www.copealcoy.es\/?p=134263"},"modified":"2024-06-23T18:30:01","modified_gmt":"2024-06-23T17:30:01","slug":"mazon-anuncia-36-millones-de-euros-para-mejorar-la-residencia-de-menores-el-teix-de-alcoy","status":"publish","type":"post","link":"https:\/\/www.copealcoy.es\/es\/mazon-anuncia-36-millones-de-euros-para-mejorar-la-residencia-de-menores-el-teix-de-alcoy\/","title":{"rendered":"Maz\u00f3n anuncia 3&#8217;6 millones de euros para mejorar la residencia de menores El Teix de Alcoy"},"content":{"rendered":"<p style=\"text-align: justify;\">El presidente de los <a href=\"https:\/\/www.facebook.com\/PartidoPopularCV\" target=\"_blank\" rel=\"noopener\"><strong><span style=\"color: #0000ff;\">populares de la Comunidad Valenciana<\/span><\/strong><\/a> ha estado este mediod\u00eda en Alcoy para <strong>participar en un acto de campa\u00f1a con ocasi\u00f3n de las Elecciones Europeas<\/strong> que se celebran el pr\u00f3ximo domingo 9 de junio. A la cita <strong>han acudido<\/strong> representantes del Partido Popular de Alcoy pero tambi\u00e9n de la totalidad de localidades de las comarcas de l&#8217;Alcoi\u00e0 y el Comtat.<\/p>\n<p style=\"text-align: justify;\">El tambi\u00e9n Jefe del Consell <strong>ha anunciado importantes inversiones para la ciudad<\/strong> como la mejora de la residencia de menores de El Teix, proyecto para el que la administraci\u00f3n auton\u00f3mica destinar\u00e1 unos 3&#8217;6 millones de euros. Tambi\u00e9n ha hecho referencia a la tan esperada ampliaci\u00f3n del Hospital Virgen de los Lirios &#8220;<em>las obras est\u00e1n listas,\u00a0 solo depende de que el Ayuntamiento cumpla con la norma urban\u00edstica para permitirlo, como el centro de salud Alcoy-la Bassa. Tambi\u00e9n desde la Generalitat pondremos en marcha tras el verano la comisi\u00f3n de investigaci\u00f3n de lo que ocurri\u00f3 con el Covid-19 en una residencia geri\u00e1trica Alcoy. Por la dignidad y la depuraci\u00f3n de responsabilidades. Alcoy no puede quedarse en el inmovilismo<\/em>&#8220;, ha manifestado Maz\u00f3n. Tambi\u00e9n ha hecho menci\u00f3n a <strong>la situaci\u00f3n por la que est\u00e1 atravesando el Club Deportivo Alcoyano<\/strong> felicitando al grupo municipal del PP en nuestra ciudad &#8220;<em>por su responsabilidad para remar y pensar en soluciones. Carlos Pastor me llam\u00f3 para dar tr\u00e1mite al BIC y estamos en disposici\u00f3n de ayudar. Ahora tiene que tramitarlo el Ayuntamiento. Tiempo habr\u00e1 para pedir responsabilidades por lo ocurrido<\/em>&#8220;, coment\u00f3 el dirigente. Por \u00faltimo<strong> inst\u00f3 a la administraci\u00f3n local<\/strong> a &#8220;<em>mover ficha<\/em>&#8221; de cara a dar todas las facilidades para que el corredor industrial en direcci\u00f3n a Ibi sea una realidad &#8220;<em>es b\u00e1sico atender la necesidad de suelo industrial, para poder ofertarlo a las empresas y que estas puedan elegir, algo que durante tantos a\u00f1os no se ha hecho en Alcoy<\/em>&#8220;, concluy\u00f3.<\/p>\n<p style=\"text-align: justify;\">Junto a Carlos Maz\u00f3n estuvieron el presidente de la Diputaci\u00f3n de Alicante, <strong>Toni P\u00e9rez<\/strong>, el secretario general del PP \u00a0valenciano,\u00a0<strong>Juan Francisco P\u00e9rez<\/strong>, el Diputado Auton\u00f3mico, <strong>Fernando Pastor, <\/strong>y la candidata a las elecciones europeas <strong>M<\/strong><strong>ari\u00e1n Cano<\/strong>. Tambi\u00e9n el Diputado Provincial y portavoz del PP en Alcoy, <strong>Carlos Pastor<\/strong>, estuvo junto al l\u00edder del PP regional destacando la importancia de contar con su presencia en esta jornada.<\/p>\n","protected":false},"excerpt":{"rendered":"<p>El presidente de los populares de la Comunidad Valenciana ha estado este mediod\u00eda en Alcoy para participar en un acto&#8230;<\/p>\n","protected":false},"author":1,"featured_media":134266,"comment_status":"open","ping_status":"open","sticky":false,"template":"","format":"standard","meta":{"footnotes":""},"categories":[6909,97,75,79],"tags":[14756,1494,6922,8792,1154],"class_list":["post-134263","post","type-post","status-publish","format-standard","has-post-thumbnail","hentry","category-actualidad","category-alcoy","category-noticias","category-politicayeconomia","tag-acto-de-campana","tag-alcoy","tag-carlos-mazon","tag-elecciones-europeas","tag-visita"],"yoast_head":"<!-- This site is optimized with the Yoast SEO plugin v27.3 - https:\/\/yoast.com\/product\/yoast-seo-wordpress\/ -->\n<title>Maz\u00f3n anuncia 3&#039;6 millones de euros para mejorar la residencia de menores El Teix de Alcoy - COPE Alcoy<\/title>\n<meta name=\"description\" content=\"El presidente de los populares de la Comunidad Valenciana ha estado este mediod\u00eda en Alcoy para participar en un acto de campa\u00f1a con ocasi\u00f3n de las Elecciones Europeas\" \/>\n<meta name=\"robots\" content=\"index, follow, max-snippet:-1, max-image-preview:large, max-video-preview:-1\" \/>\n<link rel=\"canonical\" href=\"https:\/\/www.copealcoy.es\/es\/mazon-anuncia-36-millones-de-euros-para-mejorar-la-residencia-de-menores-el-teix-de-alcoy\/\" \/>\n<meta property=\"og:locale\" content=\"es_ES\" \/>\n<meta property=\"og:type\" content=\"article\" \/>\n<meta property=\"og:title\" content=\"Maz\u00f3n anuncia 3&#039;6 millones de euros para mejorar la residencia de menores El Teix de Alcoy - COPE Alcoy\" \/>\n<meta property=\"og:description\" content=\"El presidente de los populares de la Comunidad Valenciana ha estado este mediod\u00eda en Alcoy para participar en un acto de campa\u00f1a con ocasi\u00f3n de las Elecciones Europeas\" \/>\n<meta property=\"og:url\" content=\"https:\/\/www.copealcoy.es\/es\/mazon-anuncia-36-millones-de-euros-para-mejorar-la-residencia-de-menores-el-teix-de-alcoy\/\" \/>\n<meta property=\"og:site_name\" content=\"COPE Alcoy\" \/>\n<meta property=\"article:published_time\" content=\"2024-05-31T17:05:30+00:00\" \/>\n<meta property=\"article:modified_time\" content=\"2024-06-23T17:30:01+00:00\" \/>\n<meta property=\"og:image\" content=\"https:\/\/www.copealcoy.es\/wp-content\/uploads\/2024\/05\/foto-alcoy-2-2.jpg\" \/>\n\t<meta property=\"og:image:width\" content=\"1200\" \/>\n\t<meta property=\"og:image:height\" content=\"801\" \/>\n\t<meta property=\"og:image:type\" content=\"image\/jpeg\" \/>\n<meta name=\"author\" content=\"Cope Alcoy\" \/>\n<meta name=\"twitter:label1\" content=\"Escrito por\" \/>\n\t<meta name=\"twitter:data1\" content=\"Cope Alcoy\" \/>\n\t<meta name=\"twitter:label2\" content=\"Tiempo de lectura\" \/>\n\t<meta name=\"twitter:data2\" content=\"2 minutos\" \/>\n<script type=\"application\/ld+json\" class=\"yoast-schema-graph\">{\"@context\":\"https:\\\/\\\/schema.org\",\"@graph\":[{\"@type\":\"Article\",\"@id\":\"https:\\\/\\\/www.copealcoy.es\\\/es\\\/mazon-anuncia-36-millones-de-euros-para-mejorar-la-residencia-de-menores-el-teix-de-alcoy\\\/#article\",\"isPartOf\":{\"@id\":\"https:\\\/\\\/www.copealcoy.es\\\/es\\\/mazon-anuncia-36-millones-de-euros-para-mejorar-la-residencia-de-menores-el-teix-de-alcoy\\\/\"},\"author\":{\"name\":\"Cope Alcoy\",\"@id\":\"https:\\\/\\\/www.copealcoy.es\\\/es\\\/#\\\/schema\\\/person\\\/e777c87fa024e57d40170af9df39882c\"},\"headline\":\"Maz\u00f3n anuncia 3&#8217;6 millones de euros para mejorar la residencia de menores El Teix de Alcoy\",\"datePublished\":\"2024-05-31T17:05:30+00:00\",\"dateModified\":\"2024-06-23T17:30:01+00:00\",\"mainEntityOfPage\":{\"@id\":\"https:\\\/\\\/www.copealcoy.es\\\/es\\\/mazon-anuncia-36-millones-de-euros-para-mejorar-la-residencia-de-menores-el-teix-de-alcoy\\\/\"},\"wordCount\":426,\"commentCount\":0,\"image\":{\"@id\":\"https:\\\/\\\/www.copealcoy.es\\\/es\\\/mazon-anuncia-36-millones-de-euros-para-mejorar-la-residencia-de-menores-el-teix-de-alcoy\\\/#primaryimage\"},\"thumbnailUrl\":\"https:\\\/\\\/www.copealcoy.es\\\/wp-content\\\/uploads\\\/2024\\\/05\\\/foto-alcoy-2-2.jpg\",\"keywords\":[\"acto de campa\u00f1a\",\"Alcoy\",\"Carlos Maz\u00f3n\",\"Elecciones Europeas\",\"Visita\"],\"articleSection\":[\"Actualidad\",\"Alcoy\",\"Noticias\",\"Pol\u00edtica y Econom\u00eda\"],\"inLanguage\":\"es\"},{\"@type\":\"WebPage\",\"@id\":\"https:\\\/\\\/www.copealcoy.es\\\/es\\\/mazon-anuncia-36-millones-de-euros-para-mejorar-la-residencia-de-menores-el-teix-de-alcoy\\\/\",\"url\":\"https:\\\/\\\/www.copealcoy.es\\\/es\\\/mazon-anuncia-36-millones-de-euros-para-mejorar-la-residencia-de-menores-el-teix-de-alcoy\\\/\",\"name\":\"Maz\u00f3n anuncia 3'6 millones de euros para mejorar la residencia de menores El Teix de Alcoy - COPE Alcoy\",\"isPartOf\":{\"@id\":\"https:\\\/\\\/www.copealcoy.es\\\/es\\\/#website\"},\"primaryImageOfPage\":{\"@id\":\"https:\\\/\\\/www.copealcoy.es\\\/es\\\/mazon-anuncia-36-millones-de-euros-para-mejorar-la-residencia-de-menores-el-teix-de-alcoy\\\/#primaryimage\"},\"image\":{\"@id\":\"https:\\\/\\\/www.copealcoy.es\\\/es\\\/mazon-anuncia-36-millones-de-euros-para-mejorar-la-residencia-de-menores-el-teix-de-alcoy\\\/#primaryimage\"},\"thumbnailUrl\":\"https:\\\/\\\/www.copealcoy.es\\\/wp-content\\\/uploads\\\/2024\\\/05\\\/foto-alcoy-2-2.jpg\",\"datePublished\":\"2024-05-31T17:05:30+00:00\",\"dateModified\":\"2024-06-23T17:30:01+00:00\",\"author\":{\"@id\":\"https:\\\/\\\/www.copealcoy.es\\\/es\\\/#\\\/schema\\\/person\\\/e777c87fa024e57d40170af9df39882c\"},\"description\":\"El presidente de los populares de la Comunidad Valenciana ha estado este mediod\u00eda en Alcoy para participar en un acto de campa\u00f1a con ocasi\u00f3n de las Elecciones Europeas\",\"breadcrumb\":{\"@id\":\"https:\\\/\\\/www.copealcoy.es\\\/es\\\/mazon-anuncia-36-millones-de-euros-para-mejorar-la-residencia-de-menores-el-teix-de-alcoy\\\/#breadcrumb\"},\"inLanguage\":\"es\",\"potentialAction\":[{\"@type\":\"ReadAction\",\"target\":[\"https:\\\/\\\/www.copealcoy.es\\\/es\\\/mazon-anuncia-36-millones-de-euros-para-mejorar-la-residencia-de-menores-el-teix-de-alcoy\\\/\"]}]},{\"@type\":\"ImageObject\",\"inLanguage\":\"es\",\"@id\":\"https:\\\/\\\/www.copealcoy.es\\\/es\\\/mazon-anuncia-36-millones-de-euros-para-mejorar-la-residencia-de-menores-el-teix-de-alcoy\\\/#primaryimage\",\"url\":\"https:\\\/\\\/www.copealcoy.es\\\/wp-content\\\/uploads\\\/2024\\\/05\\\/foto-alcoy-2-2.jpg\",\"contentUrl\":\"https:\\\/\\\/www.copealcoy.es\\\/wp-content\\\/uploads\\\/2024\\\/05\\\/foto-alcoy-2-2.jpg\",\"width\":1200,\"height\":801},{\"@type\":\"BreadcrumbList\",\"@id\":\"https:\\\/\\\/www.copealcoy.es\\\/es\\\/mazon-anuncia-36-millones-de-euros-para-mejorar-la-residencia-de-menores-el-teix-de-alcoy\\\/#breadcrumb\",\"itemListElement\":[{\"@type\":\"ListItem\",\"position\":1,\"name\":\"Portada\",\"item\":\"https:\\\/\\\/www.copealcoy.es\\\/es\\\/\"},{\"@type\":\"ListItem\",\"position\":2,\"name\":\"Maz\u00f3n anuncia 3&#8217;6 millones de euros para mejorar la residencia de menores El Teix de Alcoy\"}]},{\"@type\":\"WebSite\",\"@id\":\"https:\\\/\\\/www.copealcoy.es\\\/es\\\/#website\",\"url\":\"https:\\\/\\\/www.copealcoy.es\\\/es\\\/\",\"name\":\"COPE Alcoy\",\"description\":\"Emisora COPE de radio local con emisi\u00f3n online. Pont de Sant Jordi 8-10 03803 Alcoy\",\"potentialAction\":[{\"@type\":\"SearchAction\",\"target\":{\"@type\":\"EntryPoint\",\"urlTemplate\":\"https:\\\/\\\/www.copealcoy.es\\\/es\\\/?s={search_term_string}\"},\"query-input\":{\"@type\":\"PropertyValueSpecification\",\"valueRequired\":true,\"valueName\":\"search_term_string\"}}],\"inLanguage\":\"es\"},{\"@type\":\"Person\",\"@id\":\"https:\\\/\\\/www.copealcoy.es\\\/es\\\/#\\\/schema\\\/person\\\/e777c87fa024e57d40170af9df39882c\",\"name\":\"Cope Alcoy\",\"image\":{\"@type\":\"ImageObject\",\"inLanguage\":\"es\",\"@id\":\"https:\\\/\\\/secure.gravatar.com\\\/avatar\\\/bb65d0283347e303893ba14f0692005417c1e0e690a325a4c5d8bb2b3943ee14?s=96&d=mm&r=g\",\"url\":\"https:\\\/\\\/secure.gravatar.com\\\/avatar\\\/bb65d0283347e303893ba14f0692005417c1e0e690a325a4c5d8bb2b3943ee14?s=96&d=mm&r=g\",\"contentUrl\":\"https:\\\/\\\/secure.gravatar.com\\\/avatar\\\/bb65d0283347e303893ba14f0692005417c1e0e690a325a4c5d8bb2b3943ee14?s=96&d=mm&r=g\",\"caption\":\"Cope Alcoy\"}}]}<\/script>\n<!-- \/ Yoast SEO plugin. -->","yoast_head_json":{"title":"Maz\u00f3n anuncia 3'6 millones de euros para mejorar la residencia de menores El Teix de Alcoy - COPE Alcoy","description":"El presidente de los populares de la Comunidad Valenciana ha estado este mediod\u00eda en Alcoy para participar en un acto de campa\u00f1a con ocasi\u00f3n de las Elecciones Europeas","robots":{"index":"index","follow":"follow","max-snippet":"max-snippet:-1","max-image-preview":"max-image-preview:large","max-video-preview":"max-video-preview:-1"},"canonical":"https:\/\/www.copealcoy.es\/es\/mazon-anuncia-36-millones-de-euros-para-mejorar-la-residencia-de-menores-el-teix-de-alcoy\/","og_locale":"es_ES","og_type":"article","og_title":"Maz\u00f3n anuncia 3'6 millones de euros para mejorar la residencia de menores El Teix de Alcoy - COPE Alcoy","og_description":"El presidente de los populares de la Comunidad Valenciana ha estado este mediod\u00eda en Alcoy para participar en un acto de campa\u00f1a con ocasi\u00f3n de las Elecciones Europeas","og_url":"https:\/\/www.copealcoy.es\/es\/mazon-anuncia-36-millones-de-euros-para-mejorar-la-residencia-de-menores-el-teix-de-alcoy\/","og_site_name":"COPE Alcoy","article_published_time":"2024-05-31T17:05:30+00:00","article_modified_time":"2024-06-23T17:30:01+00:00","og_image":[{"width":1200,"height":801,"url":"https:\/\/www.copealcoy.es\/wp-content\/uploads\/2024\/05\/foto-alcoy-2-2.jpg","type":"image\/jpeg"}],"author":"Cope Alcoy","twitter_misc":{"Escrito por":"Cope Alcoy","Tiempo de lectura":"2 minutos"},"schema":{"@context":"https:\/\/schema.org","@graph":[{"@type":"Article","@id":"https:\/\/www.copealcoy.es\/es\/mazon-anuncia-36-millones-de-euros-para-mejorar-la-residencia-de-menores-el-teix-de-alcoy\/#article","isPartOf":{"@id":"https:\/\/www.copealcoy.es\/es\/mazon-anuncia-36-millones-de-euros-para-mejorar-la-residencia-de-menores-el-teix-de-alcoy\/"},"author":{"name":"Cope Alcoy","@id":"https:\/\/www.copealcoy.es\/es\/#\/schema\/person\/e777c87fa024e57d40170af9df39882c"},"headline":"Maz\u00f3n anuncia 3&#8217;6 millones de euros para mejorar la residencia de menores El Teix de Alcoy","datePublished":"2024-05-31T17:05:30+00:00","dateModified":"2024-06-23T17:30:01+00:00","mainEntityOfPage":{"@id":"https:\/\/www.copealcoy.es\/es\/mazon-anuncia-36-millones-de-euros-para-mejorar-la-residencia-de-menores-el-teix-de-alcoy\/"},"wordCount":426,"commentCount":0,"image":{"@id":"https:\/\/www.copealcoy.es\/es\/mazon-anuncia-36-millones-de-euros-para-mejorar-la-residencia-de-menores-el-teix-de-alcoy\/#primaryimage"},"thumbnailUrl":"https:\/\/www.copealcoy.es\/wp-content\/uploads\/2024\/05\/foto-alcoy-2-2.jpg","keywords":["acto de campa\u00f1a","Alcoy","Carlos Maz\u00f3n","Elecciones Europeas","Visita"],"articleSection":["Actualidad","Alcoy","Noticias","Pol\u00edtica y Econom\u00eda"],"inLanguage":"es"},{"@type":"WebPage","@id":"https:\/\/www.copealcoy.es\/es\/mazon-anuncia-36-millones-de-euros-para-mejorar-la-residencia-de-menores-el-teix-de-alcoy\/","url":"https:\/\/www.copealcoy.es\/es\/mazon-anuncia-36-millones-de-euros-para-mejorar-la-residencia-de-menores-el-teix-de-alcoy\/","name":"Maz\u00f3n anuncia 3'6 millones de euros para mejorar la residencia de menores El Teix de Alcoy - COPE Alcoy","isPartOf":{"@id":"https:\/\/www.copealcoy.es\/es\/#website"},"primaryImageOfPage":{"@id":"https:\/\/www.copealcoy.es\/es\/mazon-anuncia-36-millones-de-euros-para-mejorar-la-residencia-de-menores-el-teix-de-alcoy\/#primaryimage"},"image":{"@id":"https:\/\/www.copealcoy.es\/es\/mazon-anuncia-36-millones-de-euros-para-mejorar-la-residencia-de-menores-el-teix-de-alcoy\/#primaryimage"},"thumbnailUrl":"https:\/\/www.copealcoy.es\/wp-content\/uploads\/2024\/05\/foto-alcoy-2-2.jpg","datePublished":"2024-05-31T17:05:30+00:00","dateModified":"2024-06-23T17:30:01+00:00","author":{"@id":"https:\/\/www.copealcoy.es\/es\/#\/schema\/person\/e777c87fa024e57d40170af9df39882c"},"description":"El presidente de los populares de la Comunidad Valenciana ha estado este mediod\u00eda en Alcoy para participar en un acto de campa\u00f1a con ocasi\u00f3n de las Elecciones Europeas","breadcrumb":{"@id":"https:\/\/www.copealcoy.es\/es\/mazon-anuncia-36-millones-de-euros-para-mejorar-la-residencia-de-menores-el-teix-de-alcoy\/#breadcrumb"},"inLanguage":"es","potentialAction":[{"@type":"ReadAction","target":["https:\/\/www.copealcoy.es\/es\/mazon-anuncia-36-millones-de-euros-para-mejorar-la-residencia-de-menores-el-teix-de-alcoy\/"]}]},{"@type":"ImageObject","inLanguage":"es","@id":"https:\/\/www.copealcoy.es\/es\/mazon-anuncia-36-millones-de-euros-para-mejorar-la-residencia-de-menores-el-teix-de-alcoy\/#primaryimage","url":"https:\/\/www.copealcoy.es\/wp-content\/uploads\/2024\/05\/foto-alcoy-2-2.jpg","contentUrl":"https:\/\/www.copealcoy.es\/wp-content\/uploads\/2024\/05\/foto-alcoy-2-2.jpg","width":1200,"height":801},{"@type":"BreadcrumbList","@id":"https:\/\/www.copealcoy.es\/es\/mazon-anuncia-36-millones-de-euros-para-mejorar-la-residencia-de-menores-el-teix-de-alcoy\/#breadcrumb","itemListElement":[{"@type":"ListItem","position":1,"name":"Portada","item":"https:\/\/www.copealcoy.es\/es\/"},{"@type":"ListItem","position":2,"name":"Maz\u00f3n anuncia 3&#8217;6 millones de euros para mejorar la residencia de menores El Teix de Alcoy"}]},{"@type":"WebSite","@id":"https:\/\/www.copealcoy.es\/es\/#website","url":"https:\/\/www.copealcoy.es\/es\/","name":"COPE Alcoy","description":"Emisora COPE de radio local con emisi\u00f3n online. Pont de Sant Jordi 8-10 03803 Alcoy","potentialAction":[{"@type":"SearchAction","target":{"@type":"EntryPoint","urlTemplate":"https:\/\/www.copealcoy.es\/es\/?s={search_term_string}"},"query-input":{"@type":"PropertyValueSpecification","valueRequired":true,"valueName":"search_term_string"}}],"inLanguage":"es"},{"@type":"Person","@id":"https:\/\/www.copealcoy.es\/es\/#\/schema\/person\/e777c87fa024e57d40170af9df39882c","name":"Cope Alcoy","image":{"@type":"ImageObject","inLanguage":"es","@id":"https:\/\/secure.gravatar.com\/avatar\/bb65d0283347e303893ba14f0692005417c1e0e690a325a4c5d8bb2b3943ee14?s=96&d=mm&r=g","url":"https:\/\/secure.gravatar.com\/avatar\/bb65d0283347e303893ba14f0692005417c1e0e690a325a4c5d8bb2b3943ee14?s=96&d=mm&r=g","contentUrl":"https:\/\/secure.gravatar.com\/avatar\/bb65d0283347e303893ba14f0692005417c1e0e690a325a4c5d8bb2b3943ee14?s=96&d=mm&r=g","caption":"Cope Alcoy"}}]}},"_links":{"self":[{"href":"https:\/\/www.copealcoy.es\/es\/wp-json\/wp\/v2\/posts\/134263","targetHints":{"allow":["GET"]}}],"collection":[{"href":"https:\/\/www.copealcoy.es\/es\/wp-json\/wp\/v2\/posts"}],"about":[{"href":"https:\/\/www.copealcoy.es\/es\/wp-json\/wp\/v2\/types\/post"}],"author":[{"embeddable":true,"href":"https:\/\/www.copealcoy.es\/es\/wp-json\/wp\/v2\/users\/1"}],"replies":[{"embeddable":true,"href":"https:\/\/www.copealcoy.es\/es\/wp-json\/wp\/v2\/comments?post=134263"}],"version-history":[{"count":0,"href":"https:\/\/www.copealcoy.es\/es\/wp-json\/wp\/v2\/posts\/134263\/revisions"}],"wp:featuredmedia":[{"embeddable":true,"href":"https:\/\/www.copealcoy.es\/es\/wp-json\/wp\/v2\/media\/134266"}],"wp:attachment":[{"href":"https:\/\/www.copealcoy.es\/es\/wp-json\/wp\/v2\/media?parent=134263"}],"wp:term":[{"taxonomy":"category","embeddable":true,"href":"https:\/\/www.copealcoy.es\/es\/wp-json\/wp\/v2\/categories?post=134263"},{"taxonomy":"post_tag","embeddable":true,"href":"https:\/\/www.copealcoy.es\/es\/wp-json\/wp\/v2\/tags?post=134263"}],"curies":[{"name":"wp","href":"https:\/\/api.w.org\/{rel}","templated":true}]}}