{"id":134181,"date":"2024-05-30T10:31:59","date_gmt":"2024-05-30T09:31:59","guid":{"rendered":"https:\/\/www.copealcoy.es\/?p=134181"},"modified":"2024-05-30T11:34:22","modified_gmt":"2024-05-30T10:34:22","slug":"ocho-pequenos-aspiran-a-ser-sant-jordiet-de-las-fiestas-de-alcoy-2025","status":"publish","type":"post","link":"https:\/\/www.copealcoy.es\/es\/ocho-pequenos-aspiran-a-ser-sant-jordiet-de-las-fiestas-de-alcoy-2025\/","title":{"rendered":"Ocho peque\u00f1os aspiran a ser Sant Jordiet de las Fiestas de Alcoy 2025"},"content":{"rendered":"<p style=\"text-align: justify;\">Un total de <strong>ocho ni\u00f1os<\/strong> han presentado candidaturas para <strong>ser Sant Jordiet<\/strong> en las pr\u00f3ximas Fiestas de Moros y Cristianos de Alcoy del 2025. Por protecci\u00f3n de datos, <a href=\"https:\/\/www.asjordi.org\/\" target=\"_blank\" rel=\"noopener\"><span style=\"color: #0000ff;\"><strong>la Asociaci\u00f3n de San Jorge<\/strong><\/span><\/a> no facilita los nombres de los candidatos, pero <strong>s\u00ed se conoce la Fil\u00e0 a la que pertenecen<\/strong>. En este sentido, cabe destacar que <strong>la Fil\u00e0 Berberiscos<\/strong> cuenta con dos aspirantes mientras que han presentado uno <strong>las Filaes Llana, Domingo Miques, Verdes, Vascos, Navarros y Alcodianos<\/strong>. La elecci\u00f3n ser\u00e1 esta tarde, en el transcurso de la Asamblea General de la Asociaci\u00f3n de San Jorge, y el peque\u00f1o que resulte elegido <strong>ya participar\u00e1 el domingo en su primer acto oficial<\/strong> teniendo un protagonismo central durante la Procesi\u00f3n del Corpus Christi que recorrer\u00e1 las calles del Centro de la ciudad durante la tarde.<\/p>\n<p><strong><span style=\"color: #0000ff;\">El Principal, escenario de la Asamblea\u00a0<\/span><\/strong><\/p>\n<p style=\"text-align: justify;\">La Asamblea de la <a href=\"https:\/\/www.asjordi.org\/\" target=\"_blank\" rel=\"noopener\"><strong><span style=\"color: #0000ff;\">Asociaci\u00f3n de San Jorge <\/span><\/strong><\/a>arrancar\u00e1 a las 20:15h de la tarde y <strong>tendr\u00e1 lugar en el Teatre Principal<\/strong>. En el <strong>orden del d\u00eda<\/strong> de la misma est\u00e1 prevista la aprobaci\u00f3n de las actas de las asambleas ordinaria y extraordinaria del pasado 25 de enero as\u00ed como la ratificaci\u00f3n de la gesti\u00f3n de la Junta Directiva, los inventarios, las cuentas anuales y de la aplicaci\u00f3n de resultados. Tambi\u00e9n se leer\u00e1 la Cr\u00f3nica de la Festa y se analizar\u00e1 la \u00faltima trilog\u00eda en honor a San Jorge. Adem\u00e1s se dar\u00e1 cuenta de las Filaes de Cargo del pr\u00f3ximo a\u00f1o, y de las personas que desempe\u00f1ar\u00e1n los mismos, al igual que se propondr\u00e1n las fechas para la celebraci\u00f3n de los Festejos. Habr\u00e1 tambi\u00e9n un turno de preguntas y el todav\u00eda presidente de la instituci\u00f3n, Juan Jos\u00e9 Olcina, aprovechar\u00e1 para despedirse del cargo antes de proceder a la elecci\u00f3n del nuevo dirigente.<\/p>\n<p><strong><span style=\"color: #0000ff;\">Pol\u00e9mica ante las elecciones a presidente<\/span><\/strong><\/p>\n<p style=\"text-align: justify;\">Paco Garc\u00eda, Juan Antonio Canalejas y Lu\u00eds Sorolla <strong>son los tres candidatos que optan al cargo de presidente de la Asociaci\u00f3n de San Jorge<\/strong> en un proceso que no ha estado exento de pol\u00e9mica. Y es que <strong>siete aspirantes han emitido un comunicado<\/strong> en el que instaban a anular las elecciones porque una candidatura no cumple con los requisitos en lo que a antig\u00fcedad de uno de los integrantes se refiere. La Junta Directiva del Casal <strong>ha desestimado la impugnaci\u00f3n<\/strong> y el proceso sigue su curso como estaba previsto.<\/p>\n","protected":false},"excerpt":{"rendered":"<p>Un total de ocho ni\u00f1os han presentado candidaturas para ser Sant Jordiet en las pr\u00f3ximas Fiestas de Moros y Cristianos&#8230;<\/p>\n","protected":false},"author":1,"featured_media":132592,"comment_status":"open","ping_status":"open","sticky":false,"template":"","format":"standard","meta":{"footnotes":""},"categories":[6909,97,78,75],"tags":[1494,7080,1771,461],"class_list":["post-134181","post","type-post","status-publish","format-standard","has-post-thumbnail","hentry","category-actualidad","category-alcoy","category-fiestaycultura","category-noticias","tag-alcoy","tag-asamblea-general","tag-asociacion-de-san-jorge","tag-sant-jordiet"],"yoast_head":"<!-- This site is optimized with the Yoast SEO plugin v27.3 - https:\/\/yoast.com\/product\/yoast-seo-wordpress\/ -->\n<title>Ocho peque\u00f1os aspiran a ser Sant Jordiet de las Fiestas de Alcoy 2025 - COPE Alcoy<\/title>\n<meta name=\"description\" content=\"Un total de ocho ni\u00f1os han presentado candidaturas para ser Sant Jordiet en las pr\u00f3ximas Fiestas de Moros y Cristianos de Alcoy del 2025\" \/>\n<meta name=\"robots\" content=\"index, follow, max-snippet:-1, max-image-preview:large, max-video-preview:-1\" \/>\n<link rel=\"canonical\" href=\"https:\/\/www.copealcoy.es\/es\/ocho-pequenos-aspiran-a-ser-sant-jordiet-de-las-fiestas-de-alcoy-2025\/\" \/>\n<meta property=\"og:locale\" content=\"es_ES\" \/>\n<meta property=\"og:type\" content=\"article\" \/>\n<meta property=\"og:title\" content=\"Ocho peque\u00f1os aspiran a ser Sant Jordiet de las Fiestas de Alcoy 2025 - COPE Alcoy\" \/>\n<meta property=\"og:description\" content=\"Un total de ocho ni\u00f1os han presentado candidaturas para ser Sant Jordiet en las pr\u00f3ximas Fiestas de Moros y Cristianos de Alcoy del 2025\" \/>\n<meta property=\"og:url\" content=\"https:\/\/www.copealcoy.es\/es\/ocho-pequenos-aspiran-a-ser-sant-jordiet-de-las-fiestas-de-alcoy-2025\/\" \/>\n<meta property=\"og:site_name\" content=\"COPE Alcoy\" \/>\n<meta property=\"article:published_time\" content=\"2024-05-30T09:31:59+00:00\" \/>\n<meta property=\"article:modified_time\" content=\"2024-05-30T10:34:22+00:00\" \/>\n<meta property=\"og:image\" content=\"https:\/\/www.copealcoy.es\/wp-content\/uploads\/2024\/04\/IMG_1896-scaled-e1713706139700.jpeg\" \/>\n\t<meta property=\"og:image:width\" content=\"1526\" \/>\n\t<meta property=\"og:image:height\" content=\"900\" \/>\n\t<meta property=\"og:image:type\" content=\"image\/jpeg\" \/>\n<meta name=\"author\" content=\"Cope Alcoy\" \/>\n<meta name=\"twitter:label1\" content=\"Escrito por\" \/>\n\t<meta name=\"twitter:data1\" content=\"Cope Alcoy\" \/>\n\t<meta name=\"twitter:label2\" content=\"Tiempo de lectura\" \/>\n\t<meta name=\"twitter:data2\" content=\"2 minutos\" \/>\n<script type=\"application\/ld+json\" class=\"yoast-schema-graph\">{\"@context\":\"https:\\\/\\\/schema.org\",\"@graph\":[{\"@type\":\"Article\",\"@id\":\"https:\\\/\\\/www.copealcoy.es\\\/es\\\/ocho-pequenos-aspiran-a-ser-sant-jordiet-de-las-fiestas-de-alcoy-2025\\\/#article\",\"isPartOf\":{\"@id\":\"https:\\\/\\\/www.copealcoy.es\\\/es\\\/ocho-pequenos-aspiran-a-ser-sant-jordiet-de-las-fiestas-de-alcoy-2025\\\/\"},\"author\":{\"name\":\"Cope Alcoy\",\"@id\":\"https:\\\/\\\/www.copealcoy.es\\\/es\\\/#\\\/schema\\\/person\\\/e777c87fa024e57d40170af9df39882c\"},\"headline\":\"Ocho peque\u00f1os aspiran a ser Sant Jordiet de las Fiestas de Alcoy 2025\",\"datePublished\":\"2024-05-30T09:31:59+00:00\",\"dateModified\":\"2024-05-30T10:34:22+00:00\",\"mainEntityOfPage\":{\"@id\":\"https:\\\/\\\/www.copealcoy.es\\\/es\\\/ocho-pequenos-aspiran-a-ser-sant-jordiet-de-las-fiestas-de-alcoy-2025\\\/\"},\"wordCount\":432,\"commentCount\":0,\"image\":{\"@id\":\"https:\\\/\\\/www.copealcoy.es\\\/es\\\/ocho-pequenos-aspiran-a-ser-sant-jordiet-de-las-fiestas-de-alcoy-2025\\\/#primaryimage\"},\"thumbnailUrl\":\"https:\\\/\\\/www.copealcoy.es\\\/wp-content\\\/uploads\\\/2024\\\/04\\\/IMG_1896-scaled-e1713706139700.jpeg\",\"keywords\":[\"Alcoy\",\"Asamblea General\",\"Asociaci\u00f3n de San Jorge\",\"Sant Jordiet\"],\"articleSection\":[\"Actualidad\",\"Alcoy\",\"Fiesta y Cultura\",\"Noticias\"],\"inLanguage\":\"es\"},{\"@type\":\"WebPage\",\"@id\":\"https:\\\/\\\/www.copealcoy.es\\\/es\\\/ocho-pequenos-aspiran-a-ser-sant-jordiet-de-las-fiestas-de-alcoy-2025\\\/\",\"url\":\"https:\\\/\\\/www.copealcoy.es\\\/es\\\/ocho-pequenos-aspiran-a-ser-sant-jordiet-de-las-fiestas-de-alcoy-2025\\\/\",\"name\":\"Ocho peque\u00f1os aspiran a ser Sant Jordiet de las Fiestas de Alcoy 2025 - COPE Alcoy\",\"isPartOf\":{\"@id\":\"https:\\\/\\\/www.copealcoy.es\\\/es\\\/#website\"},\"primaryImageOfPage\":{\"@id\":\"https:\\\/\\\/www.copealcoy.es\\\/es\\\/ocho-pequenos-aspiran-a-ser-sant-jordiet-de-las-fiestas-de-alcoy-2025\\\/#primaryimage\"},\"image\":{\"@id\":\"https:\\\/\\\/www.copealcoy.es\\\/es\\\/ocho-pequenos-aspiran-a-ser-sant-jordiet-de-las-fiestas-de-alcoy-2025\\\/#primaryimage\"},\"thumbnailUrl\":\"https:\\\/\\\/www.copealcoy.es\\\/wp-content\\\/uploads\\\/2024\\\/04\\\/IMG_1896-scaled-e1713706139700.jpeg\",\"datePublished\":\"2024-05-30T09:31:59+00:00\",\"dateModified\":\"2024-05-30T10:34:22+00:00\",\"author\":{\"@id\":\"https:\\\/\\\/www.copealcoy.es\\\/es\\\/#\\\/schema\\\/person\\\/e777c87fa024e57d40170af9df39882c\"},\"description\":\"Un total de ocho ni\u00f1os han presentado candidaturas para ser Sant Jordiet en las pr\u00f3ximas Fiestas de Moros y Cristianos de Alcoy del 2025\",\"breadcrumb\":{\"@id\":\"https:\\\/\\\/www.copealcoy.es\\\/es\\\/ocho-pequenos-aspiran-a-ser-sant-jordiet-de-las-fiestas-de-alcoy-2025\\\/#breadcrumb\"},\"inLanguage\":\"es\",\"potentialAction\":[{\"@type\":\"ReadAction\",\"target\":[\"https:\\\/\\\/www.copealcoy.es\\\/es\\\/ocho-pequenos-aspiran-a-ser-sant-jordiet-de-las-fiestas-de-alcoy-2025\\\/\"]}]},{\"@type\":\"ImageObject\",\"inLanguage\":\"es\",\"@id\":\"https:\\\/\\\/www.copealcoy.es\\\/es\\\/ocho-pequenos-aspiran-a-ser-sant-jordiet-de-las-fiestas-de-alcoy-2025\\\/#primaryimage\",\"url\":\"https:\\\/\\\/www.copealcoy.es\\\/wp-content\\\/uploads\\\/2024\\\/04\\\/IMG_1896-scaled-e1713706139700.jpeg\",\"contentUrl\":\"https:\\\/\\\/www.copealcoy.es\\\/wp-content\\\/uploads\\\/2024\\\/04\\\/IMG_1896-scaled-e1713706139700.jpeg\",\"width\":1526,\"height\":900},{\"@type\":\"BreadcrumbList\",\"@id\":\"https:\\\/\\\/www.copealcoy.es\\\/es\\\/ocho-pequenos-aspiran-a-ser-sant-jordiet-de-las-fiestas-de-alcoy-2025\\\/#breadcrumb\",\"itemListElement\":[{\"@type\":\"ListItem\",\"position\":1,\"name\":\"Portada\",\"item\":\"https:\\\/\\\/www.copealcoy.es\\\/es\\\/\"},{\"@type\":\"ListItem\",\"position\":2,\"name\":\"Ocho peque\u00f1os aspiran a ser Sant Jordiet de las Fiestas de Alcoy 2025\"}]},{\"@type\":\"WebSite\",\"@id\":\"https:\\\/\\\/www.copealcoy.es\\\/es\\\/#website\",\"url\":\"https:\\\/\\\/www.copealcoy.es\\\/es\\\/\",\"name\":\"COPE Alcoy\",\"description\":\"Emisora COPE de radio local con emisi\u00f3n online. Pont de Sant Jordi 8-10 03803 Alcoy\",\"potentialAction\":[{\"@type\":\"SearchAction\",\"target\":{\"@type\":\"EntryPoint\",\"urlTemplate\":\"https:\\\/\\\/www.copealcoy.es\\\/es\\\/?s={search_term_string}\"},\"query-input\":{\"@type\":\"PropertyValueSpecification\",\"valueRequired\":true,\"valueName\":\"search_term_string\"}}],\"inLanguage\":\"es\"},{\"@type\":\"Person\",\"@id\":\"https:\\\/\\\/www.copealcoy.es\\\/es\\\/#\\\/schema\\\/person\\\/e777c87fa024e57d40170af9df39882c\",\"name\":\"Cope Alcoy\",\"image\":{\"@type\":\"ImageObject\",\"inLanguage\":\"es\",\"@id\":\"https:\\\/\\\/secure.gravatar.com\\\/avatar\\\/bb65d0283347e303893ba14f0692005417c1e0e690a325a4c5d8bb2b3943ee14?s=96&d=mm&r=g\",\"url\":\"https:\\\/\\\/secure.gravatar.com\\\/avatar\\\/bb65d0283347e303893ba14f0692005417c1e0e690a325a4c5d8bb2b3943ee14?s=96&d=mm&r=g\",\"contentUrl\":\"https:\\\/\\\/secure.gravatar.com\\\/avatar\\\/bb65d0283347e303893ba14f0692005417c1e0e690a325a4c5d8bb2b3943ee14?s=96&d=mm&r=g\",\"caption\":\"Cope Alcoy\"}}]}<\/script>\n<!-- \/ Yoast SEO plugin. -->","yoast_head_json":{"title":"Ocho peque\u00f1os aspiran a ser Sant Jordiet de las Fiestas de Alcoy 2025 - COPE Alcoy","description":"Un total de ocho ni\u00f1os han presentado candidaturas para ser Sant Jordiet en las pr\u00f3ximas Fiestas de Moros y Cristianos de Alcoy del 2025","robots":{"index":"index","follow":"follow","max-snippet":"max-snippet:-1","max-image-preview":"max-image-preview:large","max-video-preview":"max-video-preview:-1"},"canonical":"https:\/\/www.copealcoy.es\/es\/ocho-pequenos-aspiran-a-ser-sant-jordiet-de-las-fiestas-de-alcoy-2025\/","og_locale":"es_ES","og_type":"article","og_title":"Ocho peque\u00f1os aspiran a ser Sant Jordiet de las Fiestas de Alcoy 2025 - COPE Alcoy","og_description":"Un total de ocho ni\u00f1os han presentado candidaturas para ser Sant Jordiet en las pr\u00f3ximas Fiestas de Moros y Cristianos de Alcoy del 2025","og_url":"https:\/\/www.copealcoy.es\/es\/ocho-pequenos-aspiran-a-ser-sant-jordiet-de-las-fiestas-de-alcoy-2025\/","og_site_name":"COPE Alcoy","article_published_time":"2024-05-30T09:31:59+00:00","article_modified_time":"2024-05-30T10:34:22+00:00","og_image":[{"width":1526,"height":900,"url":"https:\/\/www.copealcoy.es\/wp-content\/uploads\/2024\/04\/IMG_1896-scaled-e1713706139700.jpeg","type":"image\/jpeg"}],"author":"Cope Alcoy","twitter_misc":{"Escrito por":"Cope Alcoy","Tiempo de lectura":"2 minutos"},"schema":{"@context":"https:\/\/schema.org","@graph":[{"@type":"Article","@id":"https:\/\/www.copealcoy.es\/es\/ocho-pequenos-aspiran-a-ser-sant-jordiet-de-las-fiestas-de-alcoy-2025\/#article","isPartOf":{"@id":"https:\/\/www.copealcoy.es\/es\/ocho-pequenos-aspiran-a-ser-sant-jordiet-de-las-fiestas-de-alcoy-2025\/"},"author":{"name":"Cope Alcoy","@id":"https:\/\/www.copealcoy.es\/es\/#\/schema\/person\/e777c87fa024e57d40170af9df39882c"},"headline":"Ocho peque\u00f1os aspiran a ser Sant Jordiet de las Fiestas de Alcoy 2025","datePublished":"2024-05-30T09:31:59+00:00","dateModified":"2024-05-30T10:34:22+00:00","mainEntityOfPage":{"@id":"https:\/\/www.copealcoy.es\/es\/ocho-pequenos-aspiran-a-ser-sant-jordiet-de-las-fiestas-de-alcoy-2025\/"},"wordCount":432,"commentCount":0,"image":{"@id":"https:\/\/www.copealcoy.es\/es\/ocho-pequenos-aspiran-a-ser-sant-jordiet-de-las-fiestas-de-alcoy-2025\/#primaryimage"},"thumbnailUrl":"https:\/\/www.copealcoy.es\/wp-content\/uploads\/2024\/04\/IMG_1896-scaled-e1713706139700.jpeg","keywords":["Alcoy","Asamblea General","Asociaci\u00f3n de San Jorge","Sant Jordiet"],"articleSection":["Actualidad","Alcoy","Fiesta y Cultura","Noticias"],"inLanguage":"es"},{"@type":"WebPage","@id":"https:\/\/www.copealcoy.es\/es\/ocho-pequenos-aspiran-a-ser-sant-jordiet-de-las-fiestas-de-alcoy-2025\/","url":"https:\/\/www.copealcoy.es\/es\/ocho-pequenos-aspiran-a-ser-sant-jordiet-de-las-fiestas-de-alcoy-2025\/","name":"Ocho peque\u00f1os aspiran a ser Sant Jordiet de las Fiestas de Alcoy 2025 - COPE Alcoy","isPartOf":{"@id":"https:\/\/www.copealcoy.es\/es\/#website"},"primaryImageOfPage":{"@id":"https:\/\/www.copealcoy.es\/es\/ocho-pequenos-aspiran-a-ser-sant-jordiet-de-las-fiestas-de-alcoy-2025\/#primaryimage"},"image":{"@id":"https:\/\/www.copealcoy.es\/es\/ocho-pequenos-aspiran-a-ser-sant-jordiet-de-las-fiestas-de-alcoy-2025\/#primaryimage"},"thumbnailUrl":"https:\/\/www.copealcoy.es\/wp-content\/uploads\/2024\/04\/IMG_1896-scaled-e1713706139700.jpeg","datePublished":"2024-05-30T09:31:59+00:00","dateModified":"2024-05-30T10:34:22+00:00","author":{"@id":"https:\/\/www.copealcoy.es\/es\/#\/schema\/person\/e777c87fa024e57d40170af9df39882c"},"description":"Un total de ocho ni\u00f1os han presentado candidaturas para ser Sant Jordiet en las pr\u00f3ximas Fiestas de Moros y Cristianos de Alcoy del 2025","breadcrumb":{"@id":"https:\/\/www.copealcoy.es\/es\/ocho-pequenos-aspiran-a-ser-sant-jordiet-de-las-fiestas-de-alcoy-2025\/#breadcrumb"},"inLanguage":"es","potentialAction":[{"@type":"ReadAction","target":["https:\/\/www.copealcoy.es\/es\/ocho-pequenos-aspiran-a-ser-sant-jordiet-de-las-fiestas-de-alcoy-2025\/"]}]},{"@type":"ImageObject","inLanguage":"es","@id":"https:\/\/www.copealcoy.es\/es\/ocho-pequenos-aspiran-a-ser-sant-jordiet-de-las-fiestas-de-alcoy-2025\/#primaryimage","url":"https:\/\/www.copealcoy.es\/wp-content\/uploads\/2024\/04\/IMG_1896-scaled-e1713706139700.jpeg","contentUrl":"https:\/\/www.copealcoy.es\/wp-content\/uploads\/2024\/04\/IMG_1896-scaled-e1713706139700.jpeg","width":1526,"height":900},{"@type":"BreadcrumbList","@id":"https:\/\/www.copealcoy.es\/es\/ocho-pequenos-aspiran-a-ser-sant-jordiet-de-las-fiestas-de-alcoy-2025\/#breadcrumb","itemListElement":[{"@type":"ListItem","position":1,"name":"Portada","item":"https:\/\/www.copealcoy.es\/es\/"},{"@type":"ListItem","position":2,"name":"Ocho peque\u00f1os aspiran a ser Sant Jordiet de las Fiestas de Alcoy 2025"}]},{"@type":"WebSite","@id":"https:\/\/www.copealcoy.es\/es\/#website","url":"https:\/\/www.copealcoy.es\/es\/","name":"COPE Alcoy","description":"Emisora COPE de radio local con emisi\u00f3n online. Pont de Sant Jordi 8-10 03803 Alcoy","potentialAction":[{"@type":"SearchAction","target":{"@type":"EntryPoint","urlTemplate":"https:\/\/www.copealcoy.es\/es\/?s={search_term_string}"},"query-input":{"@type":"PropertyValueSpecification","valueRequired":true,"valueName":"search_term_string"}}],"inLanguage":"es"},{"@type":"Person","@id":"https:\/\/www.copealcoy.es\/es\/#\/schema\/person\/e777c87fa024e57d40170af9df39882c","name":"Cope Alcoy","image":{"@type":"ImageObject","inLanguage":"es","@id":"https:\/\/secure.gravatar.com\/avatar\/bb65d0283347e303893ba14f0692005417c1e0e690a325a4c5d8bb2b3943ee14?s=96&d=mm&r=g","url":"https:\/\/secure.gravatar.com\/avatar\/bb65d0283347e303893ba14f0692005417c1e0e690a325a4c5d8bb2b3943ee14?s=96&d=mm&r=g","contentUrl":"https:\/\/secure.gravatar.com\/avatar\/bb65d0283347e303893ba14f0692005417c1e0e690a325a4c5d8bb2b3943ee14?s=96&d=mm&r=g","caption":"Cope Alcoy"}}]}},"_links":{"self":[{"href":"https:\/\/www.copealcoy.es\/es\/wp-json\/wp\/v2\/posts\/134181","targetHints":{"allow":["GET"]}}],"collection":[{"href":"https:\/\/www.copealcoy.es\/es\/wp-json\/wp\/v2\/posts"}],"about":[{"href":"https:\/\/www.copealcoy.es\/es\/wp-json\/wp\/v2\/types\/post"}],"author":[{"embeddable":true,"href":"https:\/\/www.copealcoy.es\/es\/wp-json\/wp\/v2\/users\/1"}],"replies":[{"embeddable":true,"href":"https:\/\/www.copealcoy.es\/es\/wp-json\/wp\/v2\/comments?post=134181"}],"version-history":[{"count":0,"href":"https:\/\/www.copealcoy.es\/es\/wp-json\/wp\/v2\/posts\/134181\/revisions"}],"wp:featuredmedia":[{"embeddable":true,"href":"https:\/\/www.copealcoy.es\/es\/wp-json\/wp\/v2\/media\/132592"}],"wp:attachment":[{"href":"https:\/\/www.copealcoy.es\/es\/wp-json\/wp\/v2\/media?parent=134181"}],"wp:term":[{"taxonomy":"category","embeddable":true,"href":"https:\/\/www.copealcoy.es\/es\/wp-json\/wp\/v2\/categories?post=134181"},{"taxonomy":"post_tag","embeddable":true,"href":"https:\/\/www.copealcoy.es\/es\/wp-json\/wp\/v2\/tags?post=134181"}],"curies":[{"name":"wp","href":"https:\/\/api.w.org\/{rel}","templated":true}]}}