{"id":134129,"date":"2024-05-29T07:30:13","date_gmt":"2024-05-29T06:30:13","guid":{"rendered":"https:\/\/www.copealcoy.es\/?p=134129"},"modified":"2024-05-29T09:02:07","modified_gmt":"2024-05-29T08:02:07","slug":"informativo-matinal-miercoles-29-de-mayo-2024-0720h","status":"publish","type":"post","link":"https:\/\/www.copealcoy.es\/es\/informativo-matinal-miercoles-29-de-mayo-2024-0720h\/","title":{"rendered":"Informativo matinal mi\u00e9rcoles 29 de mayo 2024 (07:20h)"},"content":{"rendered":"<p><iframe loading=\"lazy\" title=\"Informatiu Matinal Dimecres 29 De Maig 2024 (07:20h)\" width=\"100%\" height=\"120\" src=\"https:\/\/www.mixcloud.com\/widget\/iframe\/?feed=https%3A%2F%2Fwww.mixcloud.com%2FCOPEAlcoy%2Finformatiu-matinal-dimecres-29-de-maig-2024-0720h%2F&amp;hide_cover=1\" frameborder=\"0\"><\/iframe><\/p>\n<p style=\"text-align: justify;\">Hoy mi\u00e9rcoles te hemos destacado que <strong>el Hospital Virgen de los Lirios de Alcoy contar\u00e1 pronto con una unidad infanto juvenil para la atenci\u00f3n en salud mental<\/strong>. Adem\u00e1s hemos recordado <strong>el balance que hacen los partidos pol\u00edticos de Alcoy del primer a\u00f1o de legislatura<\/strong> tras las Elecciones Municipales del 28M de 2023.<\/p>\n<p style=\"text-align: justify;\">Hoy martes te hemos contado que\u00a0<strong>el Ayuntamiento de Alcoy va a licitar las obras<\/strong>\u00a0para hacer realidad el nuevo acceso al Pol\u00edgono Santiago Pay\u00e0. Adem\u00e1s\u00a0<strong>hemos hecho balance del primer a\u00f1o de legislatura<\/strong>\u00a0cuando se cumple el primer aniversario del 28M.<\/p>\n<p style=\"text-align: justify;\">Un total de 23 votos iniciales\u00a0<strong>separaron al PSOE y al PP<\/strong>\u00a0de conseguir la victoria en las Elecciones Municipales de hace justo un a\u00f1o. Aquel 28M\u00a0<strong>los socialistas<\/strong>\u00a0de Alcoy ve\u00edan como perd\u00edan 3 ediles, pasando de 12 a 9, mientras que\u00a0<strong>los populares<\/strong>\u00a0experimentaban un importante crecimiento en n\u00famero de votos y esto les permit\u00ed aumentar de 4 a 8 concejales.\u00a0<strong>Comprom\u00eds<\/strong>\u00a0obtuvo 3 ediles,\u00a0<strong>VOX<\/strong>\u00a0se qued\u00f3 como cuarta fuerza pol\u00edtica con tambi\u00e9n 3 representantes y\u00a0<strong>Guanyar Alcoi<\/strong>\u00a0consigui\u00f3 2.<\/p>\n<p style=\"text-align: justify;\">Tras unas semanas de negociaciones, el viernes 16 de junio<strong>\u00a0se anunciaba el acuerdo de gobierno que hab\u00edan alcanzado PSPV y Comprom\u00eds\u00a0<span style=\"color: #0000ff;\"><a style=\"color: #0000ff;\" href=\"https:\/\/www.copealcoy.es\/pspv-y-compromis-sellan-en-alcoy-el-pacto-del-parterre\/\" target=\"_blank\" rel=\"noopener\">tras la firma del \u2018Pacte del Parterre\u2019<\/a><\/span><\/strong>\u00a0y al d\u00eda siguiente\u00a0<strong>quedaba constituida la Corporaci\u00f3n Municipal<\/strong>\u00a0comenzando as\u00ed la actual legislatura. 366 d\u00edas despu\u00e9s, porque 2024 es bisiesto, los partidos pol\u00edticos hacen un balance de 12 meses de actividad y desde el PSPV reconocen que no ha sido un a\u00f1o f\u00e1cil \u00ab<em>ha sido muy intenso, con muchas variaciones\u00a0 a nivel econ\u00f3mico por temas de inflaci\u00f3n, pero que se han ido superando por la planificaci\u00f3n que este gobierno hab\u00eda hecho en la ciudad en los \u00faltimos a\u00f1os<\/em>\u00ab, destacaba este martes en el #TiempoDeAn\u00e1lisis de COPE ALCOY la edil de Hacienda;\u00a0<strong>Vanessa Molt\u00f3<\/strong>. Tambi\u00e9n\u00a0<strong>Comprom\u00ed<\/strong>s pon\u00eda el acento en que tanto en Alcoy como en las grandes localidades de la comarca se pudieron formar gobiernos de progreso tras las Elecciones de hace un a\u00f1o \u00ab<em>eso nos ha permitido seguir impulsando pol\u00edticas para atender las necesidades reales de las personas frente al rid\u00edculo que est\u00e1 haciendo en la Generalitat Valenciana el ejecutivo de PP y VOX<\/em>\u00ab, dijo\u00a0<strong>\u00c0lex Cerradelo<\/strong>.<\/p>\n<p><span style=\"color: #0000ff;\"><strong>Para la oposici\u00f3n la ciudad \u00absigue igual\u00bb<\/strong><\/span><\/p>\n<p style=\"text-align: justify;\">Los\u00a0<strong>partidos pol\u00edticos de la oposici\u00f3n<\/strong>\u00a0son en cambio muy cr\u00edticos con el gobierno de PSPV y Comprom\u00eds. Para\u00a0<strong>los populares<\/strong>\u00a0la ciudad est\u00e1 estancada \u00abs<em>e sigue actuando con prepotencia, Alcoy est\u00e1 m\u00e1s sucio, hay una gran falta de mantenimiento y no se avanza en temas fundamentales como buscar soluciones a la falta de suelo industrial. Estamos igual o peor que antes<\/em>\u00ab, asever\u00f3 el portavoz del PP;\u00a0<strong>Carlos Pastor<\/strong>. Tambi\u00e9n desde\u00a0<strong>VOX<\/strong>\u00a0se muestran cr\u00edticos y coinciden con el PP \u00abA<em>lcoy sigue dejado de la mano de Dios, lo vemos cada d\u00eda, y esta es la queja que m\u00e1s nos llega<\/em>\u00ab, coment\u00f3 la concejala\u00a0<strong>Maite Peidro<\/strong>. Por \u00faltimo\u00a0<strong>Guanyar Alcoi<\/strong>\u00a0incidi\u00f3 en lo pol\u00edtico \u00ab<em>no ha habido un cambio significativo respecto a lo que se ha hecho en legislaturas pasadas y seguimos viendo las mismas formas<\/em>\u00ab, concluy\u00f3 el portavoz\u00a0<strong>Sergi Rodr\u00edguez<\/strong>.<\/p>\n","protected":false},"excerpt":{"rendered":"<p>Hoy mi\u00e9rcoles te hemos destacado que el Hospital Virgen de los Lirios de Alcoy contar\u00e1 pronto con una unidad infanto&#8230;<\/p>\n","protected":false},"author":1,"featured_media":110612,"comment_status":"open","ping_status":"open","sticky":false,"template":"","format":"standard","meta":{"footnotes":""},"categories":[6909,89,91],"tags":[],"class_list":["post-134129","post","type-post","status-publish","format-standard","has-post-thumbnail","hentry","category-actualidad","category-audiosdelosprogramas","category-informativos"],"yoast_head":"<!-- This site is optimized with the Yoast SEO plugin v27.3 - https:\/\/yoast.com\/product\/yoast-seo-wordpress\/ -->\n<title>Informativo matinal mi\u00e9rcoles 29 de mayo 2024 (07:20h) - COPE Alcoy<\/title>\n<meta name=\"robots\" content=\"index, follow, max-snippet:-1, max-image-preview:large, max-video-preview:-1\" \/>\n<link rel=\"canonical\" href=\"https:\/\/www.copealcoy.es\/es\/informativo-matinal-miercoles-29-de-mayo-2024-0720h\/\" \/>\n<meta property=\"og:locale\" content=\"es_ES\" \/>\n<meta property=\"og:type\" content=\"article\" \/>\n<meta property=\"og:title\" content=\"Informativo matinal mi\u00e9rcoles 29 de mayo 2024 (07:20h) - COPE Alcoy\" \/>\n<meta property=\"og:description\" content=\"Hoy mi\u00e9rcoles te hemos destacado que el Hospital Virgen de los Lirios de Alcoy contar\u00e1 pronto con una unidad infanto...\" \/>\n<meta property=\"og:url\" content=\"https:\/\/www.copealcoy.es\/es\/informativo-matinal-miercoles-29-de-mayo-2024-0720h\/\" \/>\n<meta property=\"og:site_name\" content=\"COPE Alcoy\" \/>\n<meta property=\"article:published_time\" content=\"2024-05-29T06:30:13+00:00\" \/>\n<meta property=\"article:modified_time\" content=\"2024-05-29T08:02:07+00:00\" \/>\n<meta property=\"og:image\" content=\"https:\/\/www.copealcoy.es\/wp-content\/uploads\/2023\/02\/Herrera-en-COPE-Alcoy-4.png\" \/>\n\t<meta property=\"og:image:width\" content=\"357\" \/>\n\t<meta property=\"og:image:height\" content=\"290\" \/>\n\t<meta property=\"og:image:type\" content=\"image\/png\" \/>\n<meta name=\"author\" content=\"Cope Alcoy\" \/>\n<meta name=\"twitter:label1\" content=\"Escrito por\" \/>\n\t<meta name=\"twitter:data1\" content=\"Cope Alcoy\" \/>\n\t<meta name=\"twitter:label2\" content=\"Tiempo de lectura\" \/>\n\t<meta name=\"twitter:data2\" content=\"3 minutos\" \/>\n<script type=\"application\/ld+json\" class=\"yoast-schema-graph\">{\"@context\":\"https:\\\/\\\/schema.org\",\"@graph\":[{\"@type\":\"Article\",\"@id\":\"https:\\\/\\\/www.copealcoy.es\\\/es\\\/informativo-matinal-miercoles-29-de-mayo-2024-0720h\\\/#article\",\"isPartOf\":{\"@id\":\"https:\\\/\\\/www.copealcoy.es\\\/es\\\/informativo-matinal-miercoles-29-de-mayo-2024-0720h\\\/\"},\"author\":{\"name\":\"Cope Alcoy\",\"@id\":\"https:\\\/\\\/www.copealcoy.es\\\/es\\\/#\\\/schema\\\/person\\\/e777c87fa024e57d40170af9df39882c\"},\"headline\":\"Informativo matinal mi\u00e9rcoles 29 de mayo 2024 (07:20h)\",\"datePublished\":\"2024-05-29T06:30:13+00:00\",\"dateModified\":\"2024-05-29T08:02:07+00:00\",\"mainEntityOfPage\":{\"@id\":\"https:\\\/\\\/www.copealcoy.es\\\/es\\\/informativo-matinal-miercoles-29-de-mayo-2024-0720h\\\/\"},\"wordCount\":563,\"commentCount\":0,\"image\":{\"@id\":\"https:\\\/\\\/www.copealcoy.es\\\/es\\\/informativo-matinal-miercoles-29-de-mayo-2024-0720h\\\/#primaryimage\"},\"thumbnailUrl\":\"https:\\\/\\\/www.copealcoy.es\\\/wp-content\\\/uploads\\\/2023\\\/02\\\/Herrera-en-COPE-Alcoy-4.png\",\"articleSection\":[\"Actualidad\",\"Audios de los programas\",\"Informativos\"],\"inLanguage\":\"es\"},{\"@type\":\"WebPage\",\"@id\":\"https:\\\/\\\/www.copealcoy.es\\\/es\\\/informativo-matinal-miercoles-29-de-mayo-2024-0720h\\\/\",\"url\":\"https:\\\/\\\/www.copealcoy.es\\\/es\\\/informativo-matinal-miercoles-29-de-mayo-2024-0720h\\\/\",\"name\":\"Informativo matinal mi\u00e9rcoles 29 de mayo 2024 (07:20h) - COPE Alcoy\",\"isPartOf\":{\"@id\":\"https:\\\/\\\/www.copealcoy.es\\\/es\\\/#website\"},\"primaryImageOfPage\":{\"@id\":\"https:\\\/\\\/www.copealcoy.es\\\/es\\\/informativo-matinal-miercoles-29-de-mayo-2024-0720h\\\/#primaryimage\"},\"image\":{\"@id\":\"https:\\\/\\\/www.copealcoy.es\\\/es\\\/informativo-matinal-miercoles-29-de-mayo-2024-0720h\\\/#primaryimage\"},\"thumbnailUrl\":\"https:\\\/\\\/www.copealcoy.es\\\/wp-content\\\/uploads\\\/2023\\\/02\\\/Herrera-en-COPE-Alcoy-4.png\",\"datePublished\":\"2024-05-29T06:30:13+00:00\",\"dateModified\":\"2024-05-29T08:02:07+00:00\",\"author\":{\"@id\":\"https:\\\/\\\/www.copealcoy.es\\\/es\\\/#\\\/schema\\\/person\\\/e777c87fa024e57d40170af9df39882c\"},\"breadcrumb\":{\"@id\":\"https:\\\/\\\/www.copealcoy.es\\\/es\\\/informativo-matinal-miercoles-29-de-mayo-2024-0720h\\\/#breadcrumb\"},\"inLanguage\":\"es\",\"potentialAction\":[{\"@type\":\"ReadAction\",\"target\":[\"https:\\\/\\\/www.copealcoy.es\\\/es\\\/informativo-matinal-miercoles-29-de-mayo-2024-0720h\\\/\"]}]},{\"@type\":\"ImageObject\",\"inLanguage\":\"es\",\"@id\":\"https:\\\/\\\/www.copealcoy.es\\\/es\\\/informativo-matinal-miercoles-29-de-mayo-2024-0720h\\\/#primaryimage\",\"url\":\"https:\\\/\\\/www.copealcoy.es\\\/wp-content\\\/uploads\\\/2023\\\/02\\\/Herrera-en-COPE-Alcoy-4.png\",\"contentUrl\":\"https:\\\/\\\/www.copealcoy.es\\\/wp-content\\\/uploads\\\/2023\\\/02\\\/Herrera-en-COPE-Alcoy-4.png\",\"width\":357,\"height\":290},{\"@type\":\"BreadcrumbList\",\"@id\":\"https:\\\/\\\/www.copealcoy.es\\\/es\\\/informativo-matinal-miercoles-29-de-mayo-2024-0720h\\\/#breadcrumb\",\"itemListElement\":[{\"@type\":\"ListItem\",\"position\":1,\"name\":\"Portada\",\"item\":\"https:\\\/\\\/www.copealcoy.es\\\/es\\\/\"},{\"@type\":\"ListItem\",\"position\":2,\"name\":\"Informativo matinal mi\u00e9rcoles 29 de mayo 2024 (07:20h)\"}]},{\"@type\":\"WebSite\",\"@id\":\"https:\\\/\\\/www.copealcoy.es\\\/es\\\/#website\",\"url\":\"https:\\\/\\\/www.copealcoy.es\\\/es\\\/\",\"name\":\"COPE Alcoy\",\"description\":\"Emisora COPE de radio local con emisi\u00f3n online. Pont de Sant Jordi 8-10 03803 Alcoy\",\"potentialAction\":[{\"@type\":\"SearchAction\",\"target\":{\"@type\":\"EntryPoint\",\"urlTemplate\":\"https:\\\/\\\/www.copealcoy.es\\\/es\\\/?s={search_term_string}\"},\"query-input\":{\"@type\":\"PropertyValueSpecification\",\"valueRequired\":true,\"valueName\":\"search_term_string\"}}],\"inLanguage\":\"es\"},{\"@type\":\"Person\",\"@id\":\"https:\\\/\\\/www.copealcoy.es\\\/es\\\/#\\\/schema\\\/person\\\/e777c87fa024e57d40170af9df39882c\",\"name\":\"Cope Alcoy\",\"image\":{\"@type\":\"ImageObject\",\"inLanguage\":\"es\",\"@id\":\"https:\\\/\\\/secure.gravatar.com\\\/avatar\\\/bb65d0283347e303893ba14f0692005417c1e0e690a325a4c5d8bb2b3943ee14?s=96&d=mm&r=g\",\"url\":\"https:\\\/\\\/secure.gravatar.com\\\/avatar\\\/bb65d0283347e303893ba14f0692005417c1e0e690a325a4c5d8bb2b3943ee14?s=96&d=mm&r=g\",\"contentUrl\":\"https:\\\/\\\/secure.gravatar.com\\\/avatar\\\/bb65d0283347e303893ba14f0692005417c1e0e690a325a4c5d8bb2b3943ee14?s=96&d=mm&r=g\",\"caption\":\"Cope Alcoy\"}}]}<\/script>\n<!-- \/ Yoast SEO plugin. -->","yoast_head_json":{"title":"Informativo matinal mi\u00e9rcoles 29 de mayo 2024 (07:20h) - COPE Alcoy","robots":{"index":"index","follow":"follow","max-snippet":"max-snippet:-1","max-image-preview":"max-image-preview:large","max-video-preview":"max-video-preview:-1"},"canonical":"https:\/\/www.copealcoy.es\/es\/informativo-matinal-miercoles-29-de-mayo-2024-0720h\/","og_locale":"es_ES","og_type":"article","og_title":"Informativo matinal mi\u00e9rcoles 29 de mayo 2024 (07:20h) - COPE Alcoy","og_description":"Hoy mi\u00e9rcoles te hemos destacado que el Hospital Virgen de los Lirios de Alcoy contar\u00e1 pronto con una unidad infanto...","og_url":"https:\/\/www.copealcoy.es\/es\/informativo-matinal-miercoles-29-de-mayo-2024-0720h\/","og_site_name":"COPE Alcoy","article_published_time":"2024-05-29T06:30:13+00:00","article_modified_time":"2024-05-29T08:02:07+00:00","og_image":[{"width":357,"height":290,"url":"https:\/\/www.copealcoy.es\/wp-content\/uploads\/2023\/02\/Herrera-en-COPE-Alcoy-4.png","type":"image\/png"}],"author":"Cope Alcoy","twitter_misc":{"Escrito por":"Cope Alcoy","Tiempo de lectura":"3 minutos"},"schema":{"@context":"https:\/\/schema.org","@graph":[{"@type":"Article","@id":"https:\/\/www.copealcoy.es\/es\/informativo-matinal-miercoles-29-de-mayo-2024-0720h\/#article","isPartOf":{"@id":"https:\/\/www.copealcoy.es\/es\/informativo-matinal-miercoles-29-de-mayo-2024-0720h\/"},"author":{"name":"Cope Alcoy","@id":"https:\/\/www.copealcoy.es\/es\/#\/schema\/person\/e777c87fa024e57d40170af9df39882c"},"headline":"Informativo matinal mi\u00e9rcoles 29 de mayo 2024 (07:20h)","datePublished":"2024-05-29T06:30:13+00:00","dateModified":"2024-05-29T08:02:07+00:00","mainEntityOfPage":{"@id":"https:\/\/www.copealcoy.es\/es\/informativo-matinal-miercoles-29-de-mayo-2024-0720h\/"},"wordCount":563,"commentCount":0,"image":{"@id":"https:\/\/www.copealcoy.es\/es\/informativo-matinal-miercoles-29-de-mayo-2024-0720h\/#primaryimage"},"thumbnailUrl":"https:\/\/www.copealcoy.es\/wp-content\/uploads\/2023\/02\/Herrera-en-COPE-Alcoy-4.png","articleSection":["Actualidad","Audios de los programas","Informativos"],"inLanguage":"es"},{"@type":"WebPage","@id":"https:\/\/www.copealcoy.es\/es\/informativo-matinal-miercoles-29-de-mayo-2024-0720h\/","url":"https:\/\/www.copealcoy.es\/es\/informativo-matinal-miercoles-29-de-mayo-2024-0720h\/","name":"Informativo matinal mi\u00e9rcoles 29 de mayo 2024 (07:20h) - COPE Alcoy","isPartOf":{"@id":"https:\/\/www.copealcoy.es\/es\/#website"},"primaryImageOfPage":{"@id":"https:\/\/www.copealcoy.es\/es\/informativo-matinal-miercoles-29-de-mayo-2024-0720h\/#primaryimage"},"image":{"@id":"https:\/\/www.copealcoy.es\/es\/informativo-matinal-miercoles-29-de-mayo-2024-0720h\/#primaryimage"},"thumbnailUrl":"https:\/\/www.copealcoy.es\/wp-content\/uploads\/2023\/02\/Herrera-en-COPE-Alcoy-4.png","datePublished":"2024-05-29T06:30:13+00:00","dateModified":"2024-05-29T08:02:07+00:00","author":{"@id":"https:\/\/www.copealcoy.es\/es\/#\/schema\/person\/e777c87fa024e57d40170af9df39882c"},"breadcrumb":{"@id":"https:\/\/www.copealcoy.es\/es\/informativo-matinal-miercoles-29-de-mayo-2024-0720h\/#breadcrumb"},"inLanguage":"es","potentialAction":[{"@type":"ReadAction","target":["https:\/\/www.copealcoy.es\/es\/informativo-matinal-miercoles-29-de-mayo-2024-0720h\/"]}]},{"@type":"ImageObject","inLanguage":"es","@id":"https:\/\/www.copealcoy.es\/es\/informativo-matinal-miercoles-29-de-mayo-2024-0720h\/#primaryimage","url":"https:\/\/www.copealcoy.es\/wp-content\/uploads\/2023\/02\/Herrera-en-COPE-Alcoy-4.png","contentUrl":"https:\/\/www.copealcoy.es\/wp-content\/uploads\/2023\/02\/Herrera-en-COPE-Alcoy-4.png","width":357,"height":290},{"@type":"BreadcrumbList","@id":"https:\/\/www.copealcoy.es\/es\/informativo-matinal-miercoles-29-de-mayo-2024-0720h\/#breadcrumb","itemListElement":[{"@type":"ListItem","position":1,"name":"Portada","item":"https:\/\/www.copealcoy.es\/es\/"},{"@type":"ListItem","position":2,"name":"Informativo matinal mi\u00e9rcoles 29 de mayo 2024 (07:20h)"}]},{"@type":"WebSite","@id":"https:\/\/www.copealcoy.es\/es\/#website","url":"https:\/\/www.copealcoy.es\/es\/","name":"COPE Alcoy","description":"Emisora COPE de radio local con emisi\u00f3n online. Pont de Sant Jordi 8-10 03803 Alcoy","potentialAction":[{"@type":"SearchAction","target":{"@type":"EntryPoint","urlTemplate":"https:\/\/www.copealcoy.es\/es\/?s={search_term_string}"},"query-input":{"@type":"PropertyValueSpecification","valueRequired":true,"valueName":"search_term_string"}}],"inLanguage":"es"},{"@type":"Person","@id":"https:\/\/www.copealcoy.es\/es\/#\/schema\/person\/e777c87fa024e57d40170af9df39882c","name":"Cope Alcoy","image":{"@type":"ImageObject","inLanguage":"es","@id":"https:\/\/secure.gravatar.com\/avatar\/bb65d0283347e303893ba14f0692005417c1e0e690a325a4c5d8bb2b3943ee14?s=96&d=mm&r=g","url":"https:\/\/secure.gravatar.com\/avatar\/bb65d0283347e303893ba14f0692005417c1e0e690a325a4c5d8bb2b3943ee14?s=96&d=mm&r=g","contentUrl":"https:\/\/secure.gravatar.com\/avatar\/bb65d0283347e303893ba14f0692005417c1e0e690a325a4c5d8bb2b3943ee14?s=96&d=mm&r=g","caption":"Cope Alcoy"}}]}},"_links":{"self":[{"href":"https:\/\/www.copealcoy.es\/es\/wp-json\/wp\/v2\/posts\/134129","targetHints":{"allow":["GET"]}}],"collection":[{"href":"https:\/\/www.copealcoy.es\/es\/wp-json\/wp\/v2\/posts"}],"about":[{"href":"https:\/\/www.copealcoy.es\/es\/wp-json\/wp\/v2\/types\/post"}],"author":[{"embeddable":true,"href":"https:\/\/www.copealcoy.es\/es\/wp-json\/wp\/v2\/users\/1"}],"replies":[{"embeddable":true,"href":"https:\/\/www.copealcoy.es\/es\/wp-json\/wp\/v2\/comments?post=134129"}],"version-history":[{"count":0,"href":"https:\/\/www.copealcoy.es\/es\/wp-json\/wp\/v2\/posts\/134129\/revisions"}],"wp:featuredmedia":[{"embeddable":true,"href":"https:\/\/www.copealcoy.es\/es\/wp-json\/wp\/v2\/media\/110612"}],"wp:attachment":[{"href":"https:\/\/www.copealcoy.es\/es\/wp-json\/wp\/v2\/media?parent=134129"}],"wp:term":[{"taxonomy":"category","embeddable":true,"href":"https:\/\/www.copealcoy.es\/es\/wp-json\/wp\/v2\/categories?post=134129"},{"taxonomy":"post_tag","embeddable":true,"href":"https:\/\/www.copealcoy.es\/es\/wp-json\/wp\/v2\/tags?post=134129"}],"curies":[{"name":"wp","href":"https:\/\/api.w.org\/{rel}","templated":true}]}}