{"id":134109,"date":"2024-05-28T17:28:40","date_gmt":"2024-05-28T16:28:40","guid":{"rendered":"https:\/\/www.copealcoy.es\/?p=134109"},"modified":"2024-05-28T17:45:48","modified_gmt":"2024-05-28T16:45:48","slug":"28m-el-balance-en-alcoy-un-ano-despues-de-las-elecciones-municipales","status":"publish","type":"post","link":"https:\/\/www.copealcoy.es\/es\/28m-el-balance-en-alcoy-un-ano-despues-de-las-elecciones-municipales\/","title":{"rendered":"28M, el balance en Alcoy un a\u00f1o despu\u00e9s de las Elecciones Municipales"},"content":{"rendered":"<p style=\"text-align: justify;\">Un total de 23 votos iniciales <strong>separaron al PSOE y al PP<\/strong> de conseguir la victoria en las Elecciones Municipales de hace justo un a\u00f1o. Aquel 28M <strong>los socialistas<\/strong> de Alcoy ve\u00edan como perd\u00edan 3 ediles, pasando de 12 a 9, mientras que <strong>los populares<\/strong> experimentaban un importante crecimiento en n\u00famero de votos y esto les permit\u00ed aumentar de 4 a 8 concejales. <strong>Comprom\u00eds<\/strong> obtuvo 3 ediles, <strong>VOX<\/strong> se qued\u00f3 como cuarta fuerza pol\u00edtica con tambi\u00e9n 3 representantes y <strong>Guanyar Alcoi<\/strong> consigui\u00f3 2.<\/p>\n<p style=\"text-align: justify;\">Tras unas semanas de negociaciones, el viernes 16 de junio<strong> se anunciaba el acuerdo de gobierno que hab\u00edan alcanzado PSPV y Comprom\u00eds <a href=\"https:\/\/www.copealcoy.es\/pspv-y-compromis-sellan-en-alcoy-el-pacto-del-parterre\/\" target=\"_blank\" rel=\"noopener\"><span style=\"color: #0000ff;\">tras la firma del &#8216;Pacte del Parterre&#8217;<\/span><\/a><\/strong> y al d\u00eda siguiente <strong>quedaba constituida la Corporaci\u00f3n Municipal<\/strong> comenzando as\u00ed la actual legislatura. 366 d\u00edas despu\u00e9s, porque 2024 es bisiesto, los partidos pol\u00edticos hacen un balance de 12 meses de actividad y desde el PSPV reconocen que no ha sido un a\u00f1o f\u00e1cil &#8220;<em>ha sido muy intenso, con muchas variaciones\u00a0 a nivel econ\u00f3mico por temas de inflaci\u00f3n, pero que se han ido superando por la planificaci\u00f3n que este gobierno hab\u00eda hecho en la ciudad en los \u00faltimos a\u00f1os<\/em>&#8220;, destacaba este martes en el #TiempoDeAn\u00e1lisis de COPE ALCOY la edil de Hacienda; <strong>Vanessa Molt\u00f3<\/strong>. Tambi\u00e9n <strong>Comprom\u00ed<\/strong>s pon\u00eda el acento en que tanto en Alcoy como en las grandes localidades de la comarca se pudieron formar gobiernos de progreso tras las Elecciones de hace un a\u00f1o &#8220;<em>eso nos ha permitido seguir impulsando pol\u00edticas para atender las necesidades reales de las personas frente al rid\u00edculo que est\u00e1 haciendo en la Generalitat Valenciana el ejecutivo de PP y VOX<\/em>&#8220;, dijo <strong>\u00c0lex Cerradelo<\/strong>.<\/p>\n<p><strong><span style=\"color: #0000ff;\">Para la oposici\u00f3n la ciudad &#8220;sigue igual&#8221;<\/span><\/strong><\/p>\n<p style=\"text-align: justify;\"><span style=\"color: #333333;\">Los <strong>partidos pol\u00edticos de la oposici\u00f3n<\/strong> son en cambio muy cr\u00edticos con el gobierno de PSPV y Comprom\u00eds. Para <strong>los populares<\/strong> la ciudad est\u00e1 estancada &#8220;s<em>e sigue actuando con prepotencia, Alcoy est\u00e1 m\u00e1s sucio, hay una gran falta de mantenimiento y no se avanza en temas fundamentales como buscar soluciones a la falta de suelo industrial. Estamos igual o peor que antes<\/em>&#8220;, asever\u00f3 el portavoz del PP; <strong>Carlos Pastor<\/strong>. Tambi\u00e9n desde <strong>VOX<\/strong> se muestran cr\u00edticos y coinciden con el PP &#8220;A<em>lcoy sigue dejado de la mano de Dios, lo vemos cada d\u00eda, y esta es la queja que m\u00e1s nos llega<\/em>&#8220;, coment\u00f3 la concejala <strong>Maite Peidro<\/strong>. Por \u00faltimo <strong>Guanyar Alcoi<\/strong> incidi\u00f3 en lo pol\u00edtico &#8220;<em>no ha habido un cambio significativo respecto a lo que se ha hecho en legislaturas pasadas y seguimos viendo las mismas formas<\/em>&#8220;, concluy\u00f3 el portavoz <strong>Sergi Rodr\u00edguez<\/strong>.\u00a0<\/span><\/p>\n<p><span style=\"color: #0000ff;\"><strong>Comprom\u00eds denuncia las pol\u00edticas del gobierno auton\u00f3mico en nuestras comarcas<\/strong><\/span><\/p>\n<p style=\"text-align: justify;\">Y en este 28M de 2024 <strong>tambi\u00e9n ha salido a la palestra Comprom\u00eds<\/strong> para hacer <strong>un balance negativo del primer a\u00f1o de gobierno de PP y VOX en la Generalitat Valenciana<\/strong>. Han presentado una campa\u00f1a a nivel auton\u00f3mico, con la que quieren poner foco en los &#8220;recortes&#8221; que a su juicio est\u00e1 implementando el ejecutivo de Carlos Maz\u00f3n. En relaci\u00f3n a <strong>nuestras comarcas de l&#8217;Alcoi\u00e0 y el Comtat<\/strong> destacan que estos \u00faltimos 12 meses se ha ha materializado el cierre de unidades en colegios mientras que denuncian que el Departamento de Salud de Alcoy no haya sido considerado de dif\u00edcil cobertura. Tambi\u00e9n se\u00f1alan que han surgido problemas en el transporte en bus con Valencia y afirman que se han reducido las ayudas para la mejora de pol\u00edgonos industriales.<\/p>\n<p style=\"text-align: justify;\"><a href=\"https:\/\/www.copealcoy.es\/wp-content\/uploads\/2024\/05\/unnamed-2-3-scaled.jpg\"><img loading=\"lazy\" decoding=\"async\" class=\"wp-image-134112 aligncenter\" src=\"https:\/\/www.copealcoy.es\/wp-content\/uploads\/2024\/05\/unnamed-2-3-scaled.jpg\" alt=\"\" width=\"597\" height=\"349\" \/><\/a><\/p>\n<p style=\"text-align: justify;\">Han estado hoy en Alcoy <strong>Vicent Marz\u00e0<\/strong>, candidato de Comprom\u00eds-Sumar a las Europeas y <strong>MJ Calabuig<\/strong> diputada auton\u00f3mica en Les Corts Valencianes. Junto a ellos el vicealcalde de Alcoy (\u00c1lex Cerradelo), los alcaldes de Cocentaina y Muro (Jordi Pla y Vicent Molina) o concejales de Banyeres de Mariola e Ibi.<\/p>\n","protected":false},"excerpt":{"rendered":"<p>Un total de 23 votos iniciales separaron al PSOE y al PP de conseguir la victoria en las Elecciones Municipales&#8230;<\/p>\n","protected":false},"author":1,"featured_media":133815,"comment_status":"open","ping_status":"open","sticky":false,"template":"","format":"standard","meta":{"footnotes":""},"categories":[6909,97,75,125],"tags":[14907,1494,430,721,2596],"class_list":["post-134109","post","type-post","status-publish","format-standard","has-post-thumbnail","hentry","category-actualidad","category-alcoy","category-noticias","category-portada","tag-28m","tag-alcoy","tag-balance","tag-elecciones-municipales","tag-primer-ano"],"yoast_head":"<!-- This site is optimized with the Yoast SEO plugin v27.3 - https:\/\/yoast.com\/product\/yoast-seo-wordpress\/ -->\n<title>28M, el balance en Alcoy un a\u00f1o despu\u00e9s de las Elecciones Municipales - COPE Alcoy<\/title>\n<meta name=\"description\" content=\"Un total de 23 votos iniciales separaron al PSOE y al PP de conseguir la victoria en las Elecciones Municipales de hace justo un a\u00f1o\" \/>\n<meta name=\"robots\" content=\"index, follow, max-snippet:-1, max-image-preview:large, max-video-preview:-1\" \/>\n<link rel=\"canonical\" href=\"https:\/\/www.copealcoy.es\/es\/28m-el-balance-en-alcoy-un-ano-despues-de-las-elecciones-municipales\/\" \/>\n<meta property=\"og:locale\" content=\"es_ES\" \/>\n<meta property=\"og:type\" content=\"article\" \/>\n<meta property=\"og:title\" content=\"28M, el balance en Alcoy un a\u00f1o despu\u00e9s de las Elecciones Municipales - COPE Alcoy\" \/>\n<meta property=\"og:description\" content=\"Un total de 23 votos iniciales separaron al PSOE y al PP de conseguir la victoria en las Elecciones Municipales de hace justo un a\u00f1o\" \/>\n<meta property=\"og:url\" content=\"https:\/\/www.copealcoy.es\/es\/28m-el-balance-en-alcoy-un-ano-despues-de-las-elecciones-municipales\/\" \/>\n<meta property=\"og:site_name\" content=\"COPE Alcoy\" \/>\n<meta property=\"article:published_time\" content=\"2024-05-28T16:28:40+00:00\" \/>\n<meta property=\"article:modified_time\" content=\"2024-05-28T16:45:48+00:00\" \/>\n<meta property=\"og:image\" content=\"https:\/\/www.copealcoy.es\/wp-content\/uploads\/2024\/05\/unnamed-1-25-scaled.jpg\" \/>\n\t<meta property=\"og:image:width\" content=\"1670\" \/>\n\t<meta property=\"og:image:height\" content=\"1080\" \/>\n\t<meta property=\"og:image:type\" content=\"image\/jpeg\" \/>\n<meta name=\"author\" content=\"Cope Alcoy\" \/>\n<meta name=\"twitter:label1\" content=\"Escrito por\" \/>\n\t<meta name=\"twitter:data1\" content=\"Cope Alcoy\" \/>\n\t<meta name=\"twitter:label2\" content=\"Tiempo de lectura\" \/>\n\t<meta name=\"twitter:data2\" content=\"4 minutos\" \/>\n<script type=\"application\/ld+json\" class=\"yoast-schema-graph\">{\"@context\":\"https:\\\/\\\/schema.org\",\"@graph\":[{\"@type\":\"Article\",\"@id\":\"https:\\\/\\\/www.copealcoy.es\\\/es\\\/28m-el-balance-en-alcoy-un-ano-despues-de-las-elecciones-municipales\\\/#article\",\"isPartOf\":{\"@id\":\"https:\\\/\\\/www.copealcoy.es\\\/es\\\/28m-el-balance-en-alcoy-un-ano-despues-de-las-elecciones-municipales\\\/\"},\"author\":{\"name\":\"Cope Alcoy\",\"@id\":\"https:\\\/\\\/www.copealcoy.es\\\/es\\\/#\\\/schema\\\/person\\\/e777c87fa024e57d40170af9df39882c\"},\"headline\":\"28M, el balance en Alcoy un a\u00f1o despu\u00e9s de las Elecciones Municipales\",\"datePublished\":\"2024-05-28T16:28:40+00:00\",\"dateModified\":\"2024-05-28T16:45:48+00:00\",\"mainEntityOfPage\":{\"@id\":\"https:\\\/\\\/www.copealcoy.es\\\/es\\\/28m-el-balance-en-alcoy-un-ano-despues-de-las-elecciones-municipales\\\/\"},\"wordCount\":663,\"commentCount\":0,\"image\":{\"@id\":\"https:\\\/\\\/www.copealcoy.es\\\/es\\\/28m-el-balance-en-alcoy-un-ano-despues-de-las-elecciones-municipales\\\/#primaryimage\"},\"thumbnailUrl\":\"https:\\\/\\\/www.copealcoy.es\\\/wp-content\\\/uploads\\\/2024\\\/05\\\/unnamed-1-25-scaled.jpg\",\"keywords\":[\"28M\",\"Alcoy\",\"Balance\",\"Elecciones Municipales\",\"primer a\u00f1o\"],\"articleSection\":[\"Actualidad\",\"Alcoy\",\"Noticias\",\"Portada\"],\"inLanguage\":\"es\"},{\"@type\":\"WebPage\",\"@id\":\"https:\\\/\\\/www.copealcoy.es\\\/es\\\/28m-el-balance-en-alcoy-un-ano-despues-de-las-elecciones-municipales\\\/\",\"url\":\"https:\\\/\\\/www.copealcoy.es\\\/es\\\/28m-el-balance-en-alcoy-un-ano-despues-de-las-elecciones-municipales\\\/\",\"name\":\"28M, el balance en Alcoy un a\u00f1o despu\u00e9s de las Elecciones Municipales - COPE Alcoy\",\"isPartOf\":{\"@id\":\"https:\\\/\\\/www.copealcoy.es\\\/es\\\/#website\"},\"primaryImageOfPage\":{\"@id\":\"https:\\\/\\\/www.copealcoy.es\\\/es\\\/28m-el-balance-en-alcoy-un-ano-despues-de-las-elecciones-municipales\\\/#primaryimage\"},\"image\":{\"@id\":\"https:\\\/\\\/www.copealcoy.es\\\/es\\\/28m-el-balance-en-alcoy-un-ano-despues-de-las-elecciones-municipales\\\/#primaryimage\"},\"thumbnailUrl\":\"https:\\\/\\\/www.copealcoy.es\\\/wp-content\\\/uploads\\\/2024\\\/05\\\/unnamed-1-25-scaled.jpg\",\"datePublished\":\"2024-05-28T16:28:40+00:00\",\"dateModified\":\"2024-05-28T16:45:48+00:00\",\"author\":{\"@id\":\"https:\\\/\\\/www.copealcoy.es\\\/es\\\/#\\\/schema\\\/person\\\/e777c87fa024e57d40170af9df39882c\"},\"description\":\"Un total de 23 votos iniciales separaron al PSOE y al PP de conseguir la victoria en las Elecciones Municipales de hace justo un a\u00f1o\",\"breadcrumb\":{\"@id\":\"https:\\\/\\\/www.copealcoy.es\\\/es\\\/28m-el-balance-en-alcoy-un-ano-despues-de-las-elecciones-municipales\\\/#breadcrumb\"},\"inLanguage\":\"es\",\"potentialAction\":[{\"@type\":\"ReadAction\",\"target\":[\"https:\\\/\\\/www.copealcoy.es\\\/es\\\/28m-el-balance-en-alcoy-un-ano-despues-de-las-elecciones-municipales\\\/\"]}]},{\"@type\":\"ImageObject\",\"inLanguage\":\"es\",\"@id\":\"https:\\\/\\\/www.copealcoy.es\\\/es\\\/28m-el-balance-en-alcoy-un-ano-despues-de-las-elecciones-municipales\\\/#primaryimage\",\"url\":\"https:\\\/\\\/www.copealcoy.es\\\/wp-content\\\/uploads\\\/2024\\\/05\\\/unnamed-1-25-scaled.jpg\",\"contentUrl\":\"https:\\\/\\\/www.copealcoy.es\\\/wp-content\\\/uploads\\\/2024\\\/05\\\/unnamed-1-25-scaled.jpg\",\"width\":1670,\"height\":1080},{\"@type\":\"BreadcrumbList\",\"@id\":\"https:\\\/\\\/www.copealcoy.es\\\/es\\\/28m-el-balance-en-alcoy-un-ano-despues-de-las-elecciones-municipales\\\/#breadcrumb\",\"itemListElement\":[{\"@type\":\"ListItem\",\"position\":1,\"name\":\"Portada\",\"item\":\"https:\\\/\\\/www.copealcoy.es\\\/es\\\/\"},{\"@type\":\"ListItem\",\"position\":2,\"name\":\"28M, el balance en Alcoy un a\u00f1o despu\u00e9s de las Elecciones Municipales\"}]},{\"@type\":\"WebSite\",\"@id\":\"https:\\\/\\\/www.copealcoy.es\\\/es\\\/#website\",\"url\":\"https:\\\/\\\/www.copealcoy.es\\\/es\\\/\",\"name\":\"COPE Alcoy\",\"description\":\"Emisora COPE de radio local con emisi\u00f3n online. Pont de Sant Jordi 8-10 03803 Alcoy\",\"potentialAction\":[{\"@type\":\"SearchAction\",\"target\":{\"@type\":\"EntryPoint\",\"urlTemplate\":\"https:\\\/\\\/www.copealcoy.es\\\/es\\\/?s={search_term_string}\"},\"query-input\":{\"@type\":\"PropertyValueSpecification\",\"valueRequired\":true,\"valueName\":\"search_term_string\"}}],\"inLanguage\":\"es\"},{\"@type\":\"Person\",\"@id\":\"https:\\\/\\\/www.copealcoy.es\\\/es\\\/#\\\/schema\\\/person\\\/e777c87fa024e57d40170af9df39882c\",\"name\":\"Cope Alcoy\",\"image\":{\"@type\":\"ImageObject\",\"inLanguage\":\"es\",\"@id\":\"https:\\\/\\\/secure.gravatar.com\\\/avatar\\\/bb65d0283347e303893ba14f0692005417c1e0e690a325a4c5d8bb2b3943ee14?s=96&d=mm&r=g\",\"url\":\"https:\\\/\\\/secure.gravatar.com\\\/avatar\\\/bb65d0283347e303893ba14f0692005417c1e0e690a325a4c5d8bb2b3943ee14?s=96&d=mm&r=g\",\"contentUrl\":\"https:\\\/\\\/secure.gravatar.com\\\/avatar\\\/bb65d0283347e303893ba14f0692005417c1e0e690a325a4c5d8bb2b3943ee14?s=96&d=mm&r=g\",\"caption\":\"Cope Alcoy\"}}]}<\/script>\n<!-- \/ Yoast SEO plugin. -->","yoast_head_json":{"title":"28M, el balance en Alcoy un a\u00f1o despu\u00e9s de las Elecciones Municipales - COPE Alcoy","description":"Un total de 23 votos iniciales separaron al PSOE y al PP de conseguir la victoria en las Elecciones Municipales de hace justo un a\u00f1o","robots":{"index":"index","follow":"follow","max-snippet":"max-snippet:-1","max-image-preview":"max-image-preview:large","max-video-preview":"max-video-preview:-1"},"canonical":"https:\/\/www.copealcoy.es\/es\/28m-el-balance-en-alcoy-un-ano-despues-de-las-elecciones-municipales\/","og_locale":"es_ES","og_type":"article","og_title":"28M, el balance en Alcoy un a\u00f1o despu\u00e9s de las Elecciones Municipales - COPE Alcoy","og_description":"Un total de 23 votos iniciales separaron al PSOE y al PP de conseguir la victoria en las Elecciones Municipales de hace justo un a\u00f1o","og_url":"https:\/\/www.copealcoy.es\/es\/28m-el-balance-en-alcoy-un-ano-despues-de-las-elecciones-municipales\/","og_site_name":"COPE Alcoy","article_published_time":"2024-05-28T16:28:40+00:00","article_modified_time":"2024-05-28T16:45:48+00:00","og_image":[{"width":1670,"height":1080,"url":"https:\/\/www.copealcoy.es\/wp-content\/uploads\/2024\/05\/unnamed-1-25-scaled.jpg","type":"image\/jpeg"}],"author":"Cope Alcoy","twitter_misc":{"Escrito por":"Cope Alcoy","Tiempo de lectura":"4 minutos"},"schema":{"@context":"https:\/\/schema.org","@graph":[{"@type":"Article","@id":"https:\/\/www.copealcoy.es\/es\/28m-el-balance-en-alcoy-un-ano-despues-de-las-elecciones-municipales\/#article","isPartOf":{"@id":"https:\/\/www.copealcoy.es\/es\/28m-el-balance-en-alcoy-un-ano-despues-de-las-elecciones-municipales\/"},"author":{"name":"Cope Alcoy","@id":"https:\/\/www.copealcoy.es\/es\/#\/schema\/person\/e777c87fa024e57d40170af9df39882c"},"headline":"28M, el balance en Alcoy un a\u00f1o despu\u00e9s de las Elecciones Municipales","datePublished":"2024-05-28T16:28:40+00:00","dateModified":"2024-05-28T16:45:48+00:00","mainEntityOfPage":{"@id":"https:\/\/www.copealcoy.es\/es\/28m-el-balance-en-alcoy-un-ano-despues-de-las-elecciones-municipales\/"},"wordCount":663,"commentCount":0,"image":{"@id":"https:\/\/www.copealcoy.es\/es\/28m-el-balance-en-alcoy-un-ano-despues-de-las-elecciones-municipales\/#primaryimage"},"thumbnailUrl":"https:\/\/www.copealcoy.es\/wp-content\/uploads\/2024\/05\/unnamed-1-25-scaled.jpg","keywords":["28M","Alcoy","Balance","Elecciones Municipales","primer a\u00f1o"],"articleSection":["Actualidad","Alcoy","Noticias","Portada"],"inLanguage":"es"},{"@type":"WebPage","@id":"https:\/\/www.copealcoy.es\/es\/28m-el-balance-en-alcoy-un-ano-despues-de-las-elecciones-municipales\/","url":"https:\/\/www.copealcoy.es\/es\/28m-el-balance-en-alcoy-un-ano-despues-de-las-elecciones-municipales\/","name":"28M, el balance en Alcoy un a\u00f1o despu\u00e9s de las Elecciones Municipales - COPE Alcoy","isPartOf":{"@id":"https:\/\/www.copealcoy.es\/es\/#website"},"primaryImageOfPage":{"@id":"https:\/\/www.copealcoy.es\/es\/28m-el-balance-en-alcoy-un-ano-despues-de-las-elecciones-municipales\/#primaryimage"},"image":{"@id":"https:\/\/www.copealcoy.es\/es\/28m-el-balance-en-alcoy-un-ano-despues-de-las-elecciones-municipales\/#primaryimage"},"thumbnailUrl":"https:\/\/www.copealcoy.es\/wp-content\/uploads\/2024\/05\/unnamed-1-25-scaled.jpg","datePublished":"2024-05-28T16:28:40+00:00","dateModified":"2024-05-28T16:45:48+00:00","author":{"@id":"https:\/\/www.copealcoy.es\/es\/#\/schema\/person\/e777c87fa024e57d40170af9df39882c"},"description":"Un total de 23 votos iniciales separaron al PSOE y al PP de conseguir la victoria en las Elecciones Municipales de hace justo un a\u00f1o","breadcrumb":{"@id":"https:\/\/www.copealcoy.es\/es\/28m-el-balance-en-alcoy-un-ano-despues-de-las-elecciones-municipales\/#breadcrumb"},"inLanguage":"es","potentialAction":[{"@type":"ReadAction","target":["https:\/\/www.copealcoy.es\/es\/28m-el-balance-en-alcoy-un-ano-despues-de-las-elecciones-municipales\/"]}]},{"@type":"ImageObject","inLanguage":"es","@id":"https:\/\/www.copealcoy.es\/es\/28m-el-balance-en-alcoy-un-ano-despues-de-las-elecciones-municipales\/#primaryimage","url":"https:\/\/www.copealcoy.es\/wp-content\/uploads\/2024\/05\/unnamed-1-25-scaled.jpg","contentUrl":"https:\/\/www.copealcoy.es\/wp-content\/uploads\/2024\/05\/unnamed-1-25-scaled.jpg","width":1670,"height":1080},{"@type":"BreadcrumbList","@id":"https:\/\/www.copealcoy.es\/es\/28m-el-balance-en-alcoy-un-ano-despues-de-las-elecciones-municipales\/#breadcrumb","itemListElement":[{"@type":"ListItem","position":1,"name":"Portada","item":"https:\/\/www.copealcoy.es\/es\/"},{"@type":"ListItem","position":2,"name":"28M, el balance en Alcoy un a\u00f1o despu\u00e9s de las Elecciones Municipales"}]},{"@type":"WebSite","@id":"https:\/\/www.copealcoy.es\/es\/#website","url":"https:\/\/www.copealcoy.es\/es\/","name":"COPE Alcoy","description":"Emisora COPE de radio local con emisi\u00f3n online. Pont de Sant Jordi 8-10 03803 Alcoy","potentialAction":[{"@type":"SearchAction","target":{"@type":"EntryPoint","urlTemplate":"https:\/\/www.copealcoy.es\/es\/?s={search_term_string}"},"query-input":{"@type":"PropertyValueSpecification","valueRequired":true,"valueName":"search_term_string"}}],"inLanguage":"es"},{"@type":"Person","@id":"https:\/\/www.copealcoy.es\/es\/#\/schema\/person\/e777c87fa024e57d40170af9df39882c","name":"Cope Alcoy","image":{"@type":"ImageObject","inLanguage":"es","@id":"https:\/\/secure.gravatar.com\/avatar\/bb65d0283347e303893ba14f0692005417c1e0e690a325a4c5d8bb2b3943ee14?s=96&d=mm&r=g","url":"https:\/\/secure.gravatar.com\/avatar\/bb65d0283347e303893ba14f0692005417c1e0e690a325a4c5d8bb2b3943ee14?s=96&d=mm&r=g","contentUrl":"https:\/\/secure.gravatar.com\/avatar\/bb65d0283347e303893ba14f0692005417c1e0e690a325a4c5d8bb2b3943ee14?s=96&d=mm&r=g","caption":"Cope Alcoy"}}]}},"_links":{"self":[{"href":"https:\/\/www.copealcoy.es\/es\/wp-json\/wp\/v2\/posts\/134109","targetHints":{"allow":["GET"]}}],"collection":[{"href":"https:\/\/www.copealcoy.es\/es\/wp-json\/wp\/v2\/posts"}],"about":[{"href":"https:\/\/www.copealcoy.es\/es\/wp-json\/wp\/v2\/types\/post"}],"author":[{"embeddable":true,"href":"https:\/\/www.copealcoy.es\/es\/wp-json\/wp\/v2\/users\/1"}],"replies":[{"embeddable":true,"href":"https:\/\/www.copealcoy.es\/es\/wp-json\/wp\/v2\/comments?post=134109"}],"version-history":[{"count":0,"href":"https:\/\/www.copealcoy.es\/es\/wp-json\/wp\/v2\/posts\/134109\/revisions"}],"wp:featuredmedia":[{"embeddable":true,"href":"https:\/\/www.copealcoy.es\/es\/wp-json\/wp\/v2\/media\/133815"}],"wp:attachment":[{"href":"https:\/\/www.copealcoy.es\/es\/wp-json\/wp\/v2\/media?parent=134109"}],"wp:term":[{"taxonomy":"category","embeddable":true,"href":"https:\/\/www.copealcoy.es\/es\/wp-json\/wp\/v2\/categories?post=134109"},{"taxonomy":"post_tag","embeddable":true,"href":"https:\/\/www.copealcoy.es\/es\/wp-json\/wp\/v2\/tags?post=134109"}],"curies":[{"name":"wp","href":"https:\/\/api.w.org\/{rel}","templated":true}]}}