{"id":134055,"date":"2024-05-27T08:00:34","date_gmt":"2024-05-27T07:00:34","guid":{"rendered":"https:\/\/www.copealcoy.es\/?p=134055"},"modified":"2024-05-26T16:35:23","modified_gmt":"2024-05-26T15:35:23","slug":"encuentran-en-elche-un-saxofon-que-habia-sido-robado-en-alcoy","status":"publish","type":"post","link":"https:\/\/www.copealcoy.es\/es\/encuentran-en-elche-un-saxofon-que-habia-sido-robado-en-alcoy\/","title":{"rendered":"Encuentran en Elche un saxof\u00f3n que hab\u00eda sido robado en Alcoy"},"content":{"rendered":"<p style=\"text-align: justify;\">La <a href=\"https:\/\/policia.es\/_es\/index.php\" target=\"_blank\" rel=\"noopener\"><strong><span style=\"color: #0000ff;\">Polic\u00eda Nacional<\/span> <\/strong><\/a>ha detenido a tres hombres que <strong>intentaban vender un saxof\u00f3n robado en una tienda de segunda mano<\/strong> en la ciudad de Elche. Los individuos <strong>fueron sorprendidos en la calle<\/strong>, cerca de un establecimiento de compra-venta de objetos, llevando <strong>un malet\u00edn que conten\u00eda el instrumento musical valorado en un total de 2.200 euros<\/strong>. Los agentes de la Brigada de Seguridad Ciudadana <strong>notaron su comportamiento nervioso<\/strong> al ver el veh\u00edculo policial, lo que les llev\u00f3 a inspeccionar el malet\u00edn y a descubrir posteriormente el saxof\u00f3n dorado. El indicativo uniformado que los localiz\u00f3, <strong>tuvo sospechas de que el instrumento pod\u00eda estar involucrado directamente con alg\u00fan hecho delictivo<\/strong>.<\/p>\n<p style=\"text-align: justify;\">Tras realizar las primeras indagaciones, <strong>se determin\u00f3 que el instrumento estaba relacionado con un robo ocurrido recientemente en un chalet de Alcoy<\/strong>. En este, aprovechando que los moradores hab\u00edan salido de la vivienda durante unas horas, los ladrones aprovecharon para forzar la puerta de entrada, accediendo al interior y sustrayendo varios objetos de valor valorados en casi 10.000 euros.\u00a0 La Polic\u00eda Judicial continu\u00f3 la investigaci\u00f3n y<strong> logr\u00f3 arrestar a los tres individuos cinco d\u00edas despu\u00e9s del hurto<\/strong>. mostrando incluso un convencimiento digno de un actor experimentado, intentado enga\u00f1ar a los polic\u00edas en cuanto a la procedencia del instrumento. En ese momento tambi\u00e9n se pudieron intervenir del interior del veh\u00edculo de los detenidos, <strong>otra serie de objetos<\/strong> que pod\u00edan ser de procedencia il\u00edcita.<\/p>\n<p style=\"text-align: justify;\">Los detenidos, <strong>tres hombres espa\u00f1oles de 30, 39 y 41 a\u00f1os<\/strong>, contaban con antecedentes por diversos delitos. Ahora est\u00e1n siendo investigados por su participaci\u00f3n en el delito de receptaci\u00f3n y las actuaciones fueron puestas en conocimiento del Juzgado de Instrucci\u00f3n de Guardia de Elche.<\/p>\n<p style=\"text-align: justify;\">La Polic\u00eda Nacional <strong>entreg\u00f3 el saxof\u00f3n recuperado a su leg\u00edtimo propietario<\/strong>, quien confirm\u00f3 haberlo adquirido en Gran Breta\u00f1a en el a\u00f1o 2010. Sin duda alguna, unos hechos que no dejan de sorprender y en los que queda demostrado el <strong>importante trabajo policial<\/strong> para recuperar objetos robados e incluso llevar ante la justicia a quienes participan en actividades delictivas.<\/p>\n","protected":false},"excerpt":{"rendered":"<p>La Polic\u00eda Nacional ha detenido a tres hombres que intentaban vender un saxof\u00f3n robado en una tienda de segunda mano&#8230;<\/p>\n","protected":false},"author":1,"featured_media":123103,"comment_status":"open","ping_status":"open","sticky":false,"template":"","format":"standard","meta":{"footnotes":""},"categories":[6909,97,75,125],"tags":[1494,8328,1836,4297,16894],"class_list":["post-134055","post","type-post","status-publish","format-standard","has-post-thumbnail","hentry","category-actualidad","category-alcoy","category-noticias","category-portada","tag-alcoy","tag-investigacion","tag-policia-nacional","tag-robo","tag-saxofon"],"yoast_head":"<!-- This site is optimized with the Yoast SEO plugin v27.3 - https:\/\/yoast.com\/product\/yoast-seo-wordpress\/ -->\n<title>Encuentran en Elche un saxof\u00f3n que hab\u00eda sido robado en Alcoy - COPE Alcoy<\/title>\n<meta name=\"description\" content=\"La Polic\u00eda Nacional ha detenido a tres hombres que intentaban vender un saxof\u00f3n robado en una tienda de segunda mano en la ciudad de Elche\" \/>\n<meta name=\"robots\" content=\"index, follow, max-snippet:-1, max-image-preview:large, max-video-preview:-1\" \/>\n<link rel=\"canonical\" href=\"https:\/\/www.copealcoy.es\/es\/encuentran-en-elche-un-saxofon-que-habia-sido-robado-en-alcoy\/\" \/>\n<meta property=\"og:locale\" content=\"es_ES\" \/>\n<meta property=\"og:type\" content=\"article\" \/>\n<meta property=\"og:title\" content=\"Encuentran en Elche un saxof\u00f3n que hab\u00eda sido robado en Alcoy - COPE Alcoy\" \/>\n<meta property=\"og:description\" content=\"La Polic\u00eda Nacional ha detenido a tres hombres que intentaban vender un saxof\u00f3n robado en una tienda de segunda mano en la ciudad de Elche\" \/>\n<meta property=\"og:url\" content=\"https:\/\/www.copealcoy.es\/es\/encuentran-en-elche-un-saxofon-que-habia-sido-robado-en-alcoy\/\" \/>\n<meta property=\"og:site_name\" content=\"COPE Alcoy\" \/>\n<meta property=\"article:published_time\" content=\"2024-05-27T07:00:34+00:00\" \/>\n<meta property=\"og:image\" content=\"https:\/\/www.copealcoy.es\/wp-content\/uploads\/2023\/10\/Foto-Archivo-Alcoy-con-Escudo-1-scaled-e1696928917495.jpg\" \/>\n\t<meta property=\"og:image:width\" content=\"640\" \/>\n\t<meta property=\"og:image:height\" content=\"388\" \/>\n\t<meta property=\"og:image:type\" content=\"image\/jpeg\" \/>\n<meta name=\"author\" content=\"Cope Alcoy\" \/>\n<meta name=\"twitter:label1\" content=\"Escrito por\" \/>\n\t<meta name=\"twitter:data1\" content=\"Cope Alcoy\" \/>\n\t<meta name=\"twitter:label2\" content=\"Tiempo de lectura\" \/>\n\t<meta name=\"twitter:data2\" content=\"2 minutos\" \/>\n<script type=\"application\/ld+json\" class=\"yoast-schema-graph\">{\"@context\":\"https:\\\/\\\/schema.org\",\"@graph\":[{\"@type\":\"Article\",\"@id\":\"https:\\\/\\\/www.copealcoy.es\\\/es\\\/encuentran-en-elche-un-saxofon-que-habia-sido-robado-en-alcoy\\\/#article\",\"isPartOf\":{\"@id\":\"https:\\\/\\\/www.copealcoy.es\\\/es\\\/encuentran-en-elche-un-saxofon-que-habia-sido-robado-en-alcoy\\\/\"},\"author\":{\"name\":\"Cope Alcoy\",\"@id\":\"https:\\\/\\\/www.copealcoy.es\\\/es\\\/#\\\/schema\\\/person\\\/e777c87fa024e57d40170af9df39882c\"},\"headline\":\"Encuentran en Elche un saxof\u00f3n que hab\u00eda sido robado en Alcoy\",\"datePublished\":\"2024-05-27T07:00:34+00:00\",\"mainEntityOfPage\":{\"@id\":\"https:\\\/\\\/www.copealcoy.es\\\/es\\\/encuentran-en-elche-un-saxofon-que-habia-sido-robado-en-alcoy\\\/\"},\"wordCount\":369,\"commentCount\":0,\"image\":{\"@id\":\"https:\\\/\\\/www.copealcoy.es\\\/es\\\/encuentran-en-elche-un-saxofon-que-habia-sido-robado-en-alcoy\\\/#primaryimage\"},\"thumbnailUrl\":\"https:\\\/\\\/www.copealcoy.es\\\/wp-content\\\/uploads\\\/2023\\\/10\\\/Foto-Archivo-Alcoy-con-Escudo-1-scaled-e1696928917495.jpg\",\"keywords\":[\"Alcoy\",\"Investigaci\u00f3n\",\"Polic\u00eda Nacional\",\"Robo\",\"saxof\u00f3n\"],\"articleSection\":[\"Actualidad\",\"Alcoy\",\"Noticias\",\"Portada\"],\"inLanguage\":\"es\"},{\"@type\":\"WebPage\",\"@id\":\"https:\\\/\\\/www.copealcoy.es\\\/es\\\/encuentran-en-elche-un-saxofon-que-habia-sido-robado-en-alcoy\\\/\",\"url\":\"https:\\\/\\\/www.copealcoy.es\\\/es\\\/encuentran-en-elche-un-saxofon-que-habia-sido-robado-en-alcoy\\\/\",\"name\":\"Encuentran en Elche un saxof\u00f3n que hab\u00eda sido robado en Alcoy - COPE Alcoy\",\"isPartOf\":{\"@id\":\"https:\\\/\\\/www.copealcoy.es\\\/es\\\/#website\"},\"primaryImageOfPage\":{\"@id\":\"https:\\\/\\\/www.copealcoy.es\\\/es\\\/encuentran-en-elche-un-saxofon-que-habia-sido-robado-en-alcoy\\\/#primaryimage\"},\"image\":{\"@id\":\"https:\\\/\\\/www.copealcoy.es\\\/es\\\/encuentran-en-elche-un-saxofon-que-habia-sido-robado-en-alcoy\\\/#primaryimage\"},\"thumbnailUrl\":\"https:\\\/\\\/www.copealcoy.es\\\/wp-content\\\/uploads\\\/2023\\\/10\\\/Foto-Archivo-Alcoy-con-Escudo-1-scaled-e1696928917495.jpg\",\"datePublished\":\"2024-05-27T07:00:34+00:00\",\"author\":{\"@id\":\"https:\\\/\\\/www.copealcoy.es\\\/es\\\/#\\\/schema\\\/person\\\/e777c87fa024e57d40170af9df39882c\"},\"description\":\"La Polic\u00eda Nacional ha detenido a tres hombres que intentaban vender un saxof\u00f3n robado en una tienda de segunda mano en la ciudad de Elche\",\"breadcrumb\":{\"@id\":\"https:\\\/\\\/www.copealcoy.es\\\/es\\\/encuentran-en-elche-un-saxofon-que-habia-sido-robado-en-alcoy\\\/#breadcrumb\"},\"inLanguage\":\"es\",\"potentialAction\":[{\"@type\":\"ReadAction\",\"target\":[\"https:\\\/\\\/www.copealcoy.es\\\/es\\\/encuentran-en-elche-un-saxofon-que-habia-sido-robado-en-alcoy\\\/\"]}]},{\"@type\":\"ImageObject\",\"inLanguage\":\"es\",\"@id\":\"https:\\\/\\\/www.copealcoy.es\\\/es\\\/encuentran-en-elche-un-saxofon-que-habia-sido-robado-en-alcoy\\\/#primaryimage\",\"url\":\"https:\\\/\\\/www.copealcoy.es\\\/wp-content\\\/uploads\\\/2023\\\/10\\\/Foto-Archivo-Alcoy-con-Escudo-1-scaled-e1696928917495.jpg\",\"contentUrl\":\"https:\\\/\\\/www.copealcoy.es\\\/wp-content\\\/uploads\\\/2023\\\/10\\\/Foto-Archivo-Alcoy-con-Escudo-1-scaled-e1696928917495.jpg\",\"width\":640,\"height\":388},{\"@type\":\"BreadcrumbList\",\"@id\":\"https:\\\/\\\/www.copealcoy.es\\\/es\\\/encuentran-en-elche-un-saxofon-que-habia-sido-robado-en-alcoy\\\/#breadcrumb\",\"itemListElement\":[{\"@type\":\"ListItem\",\"position\":1,\"name\":\"Portada\",\"item\":\"https:\\\/\\\/www.copealcoy.es\\\/es\\\/\"},{\"@type\":\"ListItem\",\"position\":2,\"name\":\"Encuentran en Elche un saxof\u00f3n que hab\u00eda sido robado en Alcoy\"}]},{\"@type\":\"WebSite\",\"@id\":\"https:\\\/\\\/www.copealcoy.es\\\/es\\\/#website\",\"url\":\"https:\\\/\\\/www.copealcoy.es\\\/es\\\/\",\"name\":\"COPE Alcoy\",\"description\":\"Emisora COPE de radio local con emisi\u00f3n online. Pont de Sant Jordi 8-10 03803 Alcoy\",\"potentialAction\":[{\"@type\":\"SearchAction\",\"target\":{\"@type\":\"EntryPoint\",\"urlTemplate\":\"https:\\\/\\\/www.copealcoy.es\\\/es\\\/?s={search_term_string}\"},\"query-input\":{\"@type\":\"PropertyValueSpecification\",\"valueRequired\":true,\"valueName\":\"search_term_string\"}}],\"inLanguage\":\"es\"},{\"@type\":\"Person\",\"@id\":\"https:\\\/\\\/www.copealcoy.es\\\/es\\\/#\\\/schema\\\/person\\\/e777c87fa024e57d40170af9df39882c\",\"name\":\"Cope Alcoy\",\"image\":{\"@type\":\"ImageObject\",\"inLanguage\":\"es\",\"@id\":\"https:\\\/\\\/secure.gravatar.com\\\/avatar\\\/bb65d0283347e303893ba14f0692005417c1e0e690a325a4c5d8bb2b3943ee14?s=96&d=mm&r=g\",\"url\":\"https:\\\/\\\/secure.gravatar.com\\\/avatar\\\/bb65d0283347e303893ba14f0692005417c1e0e690a325a4c5d8bb2b3943ee14?s=96&d=mm&r=g\",\"contentUrl\":\"https:\\\/\\\/secure.gravatar.com\\\/avatar\\\/bb65d0283347e303893ba14f0692005417c1e0e690a325a4c5d8bb2b3943ee14?s=96&d=mm&r=g\",\"caption\":\"Cope Alcoy\"}}]}<\/script>\n<!-- \/ Yoast SEO plugin. -->","yoast_head_json":{"title":"Encuentran en Elche un saxof\u00f3n que hab\u00eda sido robado en Alcoy - COPE Alcoy","description":"La Polic\u00eda Nacional ha detenido a tres hombres que intentaban vender un saxof\u00f3n robado en una tienda de segunda mano en la ciudad de Elche","robots":{"index":"index","follow":"follow","max-snippet":"max-snippet:-1","max-image-preview":"max-image-preview:large","max-video-preview":"max-video-preview:-1"},"canonical":"https:\/\/www.copealcoy.es\/es\/encuentran-en-elche-un-saxofon-que-habia-sido-robado-en-alcoy\/","og_locale":"es_ES","og_type":"article","og_title":"Encuentran en Elche un saxof\u00f3n que hab\u00eda sido robado en Alcoy - COPE Alcoy","og_description":"La Polic\u00eda Nacional ha detenido a tres hombres que intentaban vender un saxof\u00f3n robado en una tienda de segunda mano en la ciudad de Elche","og_url":"https:\/\/www.copealcoy.es\/es\/encuentran-en-elche-un-saxofon-que-habia-sido-robado-en-alcoy\/","og_site_name":"COPE Alcoy","article_published_time":"2024-05-27T07:00:34+00:00","og_image":[{"width":640,"height":388,"url":"https:\/\/www.copealcoy.es\/wp-content\/uploads\/2023\/10\/Foto-Archivo-Alcoy-con-Escudo-1-scaled-e1696928917495.jpg","type":"image\/jpeg"}],"author":"Cope Alcoy","twitter_misc":{"Escrito por":"Cope Alcoy","Tiempo de lectura":"2 minutos"},"schema":{"@context":"https:\/\/schema.org","@graph":[{"@type":"Article","@id":"https:\/\/www.copealcoy.es\/es\/encuentran-en-elche-un-saxofon-que-habia-sido-robado-en-alcoy\/#article","isPartOf":{"@id":"https:\/\/www.copealcoy.es\/es\/encuentran-en-elche-un-saxofon-que-habia-sido-robado-en-alcoy\/"},"author":{"name":"Cope Alcoy","@id":"https:\/\/www.copealcoy.es\/es\/#\/schema\/person\/e777c87fa024e57d40170af9df39882c"},"headline":"Encuentran en Elche un saxof\u00f3n que hab\u00eda sido robado en Alcoy","datePublished":"2024-05-27T07:00:34+00:00","mainEntityOfPage":{"@id":"https:\/\/www.copealcoy.es\/es\/encuentran-en-elche-un-saxofon-que-habia-sido-robado-en-alcoy\/"},"wordCount":369,"commentCount":0,"image":{"@id":"https:\/\/www.copealcoy.es\/es\/encuentran-en-elche-un-saxofon-que-habia-sido-robado-en-alcoy\/#primaryimage"},"thumbnailUrl":"https:\/\/www.copealcoy.es\/wp-content\/uploads\/2023\/10\/Foto-Archivo-Alcoy-con-Escudo-1-scaled-e1696928917495.jpg","keywords":["Alcoy","Investigaci\u00f3n","Polic\u00eda Nacional","Robo","saxof\u00f3n"],"articleSection":["Actualidad","Alcoy","Noticias","Portada"],"inLanguage":"es"},{"@type":"WebPage","@id":"https:\/\/www.copealcoy.es\/es\/encuentran-en-elche-un-saxofon-que-habia-sido-robado-en-alcoy\/","url":"https:\/\/www.copealcoy.es\/es\/encuentran-en-elche-un-saxofon-que-habia-sido-robado-en-alcoy\/","name":"Encuentran en Elche un saxof\u00f3n que hab\u00eda sido robado en Alcoy - COPE Alcoy","isPartOf":{"@id":"https:\/\/www.copealcoy.es\/es\/#website"},"primaryImageOfPage":{"@id":"https:\/\/www.copealcoy.es\/es\/encuentran-en-elche-un-saxofon-que-habia-sido-robado-en-alcoy\/#primaryimage"},"image":{"@id":"https:\/\/www.copealcoy.es\/es\/encuentran-en-elche-un-saxofon-que-habia-sido-robado-en-alcoy\/#primaryimage"},"thumbnailUrl":"https:\/\/www.copealcoy.es\/wp-content\/uploads\/2023\/10\/Foto-Archivo-Alcoy-con-Escudo-1-scaled-e1696928917495.jpg","datePublished":"2024-05-27T07:00:34+00:00","author":{"@id":"https:\/\/www.copealcoy.es\/es\/#\/schema\/person\/e777c87fa024e57d40170af9df39882c"},"description":"La Polic\u00eda Nacional ha detenido a tres hombres que intentaban vender un saxof\u00f3n robado en una tienda de segunda mano en la ciudad de Elche","breadcrumb":{"@id":"https:\/\/www.copealcoy.es\/es\/encuentran-en-elche-un-saxofon-que-habia-sido-robado-en-alcoy\/#breadcrumb"},"inLanguage":"es","potentialAction":[{"@type":"ReadAction","target":["https:\/\/www.copealcoy.es\/es\/encuentran-en-elche-un-saxofon-que-habia-sido-robado-en-alcoy\/"]}]},{"@type":"ImageObject","inLanguage":"es","@id":"https:\/\/www.copealcoy.es\/es\/encuentran-en-elche-un-saxofon-que-habia-sido-robado-en-alcoy\/#primaryimage","url":"https:\/\/www.copealcoy.es\/wp-content\/uploads\/2023\/10\/Foto-Archivo-Alcoy-con-Escudo-1-scaled-e1696928917495.jpg","contentUrl":"https:\/\/www.copealcoy.es\/wp-content\/uploads\/2023\/10\/Foto-Archivo-Alcoy-con-Escudo-1-scaled-e1696928917495.jpg","width":640,"height":388},{"@type":"BreadcrumbList","@id":"https:\/\/www.copealcoy.es\/es\/encuentran-en-elche-un-saxofon-que-habia-sido-robado-en-alcoy\/#breadcrumb","itemListElement":[{"@type":"ListItem","position":1,"name":"Portada","item":"https:\/\/www.copealcoy.es\/es\/"},{"@type":"ListItem","position":2,"name":"Encuentran en Elche un saxof\u00f3n que hab\u00eda sido robado en Alcoy"}]},{"@type":"WebSite","@id":"https:\/\/www.copealcoy.es\/es\/#website","url":"https:\/\/www.copealcoy.es\/es\/","name":"COPE Alcoy","description":"Emisora COPE de radio local con emisi\u00f3n online. Pont de Sant Jordi 8-10 03803 Alcoy","potentialAction":[{"@type":"SearchAction","target":{"@type":"EntryPoint","urlTemplate":"https:\/\/www.copealcoy.es\/es\/?s={search_term_string}"},"query-input":{"@type":"PropertyValueSpecification","valueRequired":true,"valueName":"search_term_string"}}],"inLanguage":"es"},{"@type":"Person","@id":"https:\/\/www.copealcoy.es\/es\/#\/schema\/person\/e777c87fa024e57d40170af9df39882c","name":"Cope Alcoy","image":{"@type":"ImageObject","inLanguage":"es","@id":"https:\/\/secure.gravatar.com\/avatar\/bb65d0283347e303893ba14f0692005417c1e0e690a325a4c5d8bb2b3943ee14?s=96&d=mm&r=g","url":"https:\/\/secure.gravatar.com\/avatar\/bb65d0283347e303893ba14f0692005417c1e0e690a325a4c5d8bb2b3943ee14?s=96&d=mm&r=g","contentUrl":"https:\/\/secure.gravatar.com\/avatar\/bb65d0283347e303893ba14f0692005417c1e0e690a325a4c5d8bb2b3943ee14?s=96&d=mm&r=g","caption":"Cope Alcoy"}}]}},"_links":{"self":[{"href":"https:\/\/www.copealcoy.es\/es\/wp-json\/wp\/v2\/posts\/134055","targetHints":{"allow":["GET"]}}],"collection":[{"href":"https:\/\/www.copealcoy.es\/es\/wp-json\/wp\/v2\/posts"}],"about":[{"href":"https:\/\/www.copealcoy.es\/es\/wp-json\/wp\/v2\/types\/post"}],"author":[{"embeddable":true,"href":"https:\/\/www.copealcoy.es\/es\/wp-json\/wp\/v2\/users\/1"}],"replies":[{"embeddable":true,"href":"https:\/\/www.copealcoy.es\/es\/wp-json\/wp\/v2\/comments?post=134055"}],"version-history":[{"count":0,"href":"https:\/\/www.copealcoy.es\/es\/wp-json\/wp\/v2\/posts\/134055\/revisions"}],"wp:featuredmedia":[{"embeddable":true,"href":"https:\/\/www.copealcoy.es\/es\/wp-json\/wp\/v2\/media\/123103"}],"wp:attachment":[{"href":"https:\/\/www.copealcoy.es\/es\/wp-json\/wp\/v2\/media?parent=134055"}],"wp:term":[{"taxonomy":"category","embeddable":true,"href":"https:\/\/www.copealcoy.es\/es\/wp-json\/wp\/v2\/categories?post=134055"},{"taxonomy":"post_tag","embeddable":true,"href":"https:\/\/www.copealcoy.es\/es\/wp-json\/wp\/v2\/tags?post=134055"}],"curies":[{"name":"wp","href":"https:\/\/api.w.org\/{rel}","templated":true}]}}