{"id":134024,"date":"2024-05-24T10:55:21","date_gmt":"2024-05-24T09:55:21","guid":{"rendered":"https:\/\/www.copealcoy.es\/?p=134024"},"modified":"2024-05-24T11:08:43","modified_gmt":"2024-05-24T10:08:43","slug":"unanimidad-para-que-el-alcoyano-sea-bien-de-interes-cultural","status":"publish","type":"post","link":"https:\/\/www.copealcoy.es\/es\/unanimidad-para-que-el-alcoyano-sea-bien-de-interes-cultural\/","title":{"rendered":"Unanimidad para que el Alcoyano sea Bien de Inter\u00e9s Cultural"},"content":{"rendered":"<p style=\"text-align: justify;\">No se han producido sorpresas y <strong>la votaci\u00f3n en el Pleno Extraordinario celebrado en el Ayuntamiento de Alcoy a primera hora de la ma\u00f1ana de este viernes ha salido adelante<\/strong> seg\u00fan lo previsto. Ha habido <strong>unanimidad<\/strong> a la hora de aprobar que el<a href=\"https:\/\/cdalcoyano.net\/\" target=\"_blank\" rel=\"noopener\"><span style=\"color: #0000ff;\"><strong> Club Deportivo Alcoyano<\/strong><\/span><\/a> sea declarado como Bien de Inter\u00e9s Cultural (BIC), una propuesta que ahora ser\u00e1 elevada a la Generalitat Valenciana.<\/p>\n<p style=\"text-align: justify;\">El <strong>concejal de Patrimonio Cultural<\/strong> ha sido el encargado de defender la petici\u00f3n recordando la idiosincrasia del Club blanquiazul, entidad que fue fundada el 13 de septiembre de 1928. Tambi\u00e9n ha destacado <strong>la trayectoria deportiva y social del Alcoyano<\/strong> en sus casi cien a\u00f1os de historia &#8220;<em>un club con valores sociales centrados en la defensa de la relevancia local, y la importancia del festivo, l\u00fadico y recreativo, as\u00ed como ejemplo educacional para la sociedad en general pero, especialmente, para los individuos m\u00e1s peque\u00f1os que ven en el club un ejemplo de trabajo en equipo, respeto, compromiso, responsabilidad, esfuerzo, igualdad y disciplina<\/em>&#8220;, ha afirmado <strong>Ignacio Trelis<\/strong>. Desde el <strong>Partido Popular<\/strong> han tomado la palabra para <strong>hacer un importante anuncio<\/strong> &#8220;<em>nuestro partido ha hecho los deberes y tenemos el compromiso del presidente de la Generalitat Valenciana, Carlos Maz\u00f3n, para agilizar al m\u00e1ximo esta cuesti\u00f3n<\/em>&#8220;, ha dicho el concejal <strong>Jordi Reig<\/strong>.<\/p>\n<p><strong><span style=\"color: #0000ff;\">Ma\u00f1ana manifestaci\u00f3n hasta El Collao<\/span><\/strong><\/p>\n<p style=\"text-align: justify;\">Recordar que para este s\u00e1bado <strong>est\u00e1 convocada una manifestaci\u00f3n<\/strong> que partir\u00e1 a las cinco de la tarde desde el Ayuntamiento de Alcoy y que discurrir\u00e1 hasta El Collao. Desde la plataforma &#8216;<strong>La Moral No Morir\u00e1\u2019\u00a0<\/strong>han emitido un comunicado en el que animan a\u00a0la sociedad en general a sumarse a la marcha antes del encuentro <strong>Alcoyano-Intercity\u00a0<\/strong>que se disputar\u00e1 despu\u00e9s de la misma. Han emitido un comunicado en el que dejan claro que la marcha\u00a0&#8220;<em>no es contra nadie, sino a favor del Alcoyano y su supervivencia, por lo que pedimos a todos los asistentes que se reivindiquen, pero con civismo y respeto y sin provocar alteraciones del orden p\u00fablico<\/em>&#8220;. Recuerdan que &#8220;<em>somos una afici\u00f3n ejemplar<\/em>&#8221; y destacan que &#8220;<em>tenemos la oportunidad de mostr\u00e1rselo a toda Espa\u00f1a, que anda pendiente de nosotros&#8221;<\/em>. Finalmente dejan claro que detr\u00e1s de la convocatoria solo est\u00e1n ellos, de ah\u00ed que &#8220;<em>ning\u00fan representante ni partido pol\u00edtico la encabezar\u00e1 la marcha<\/em>&#8220;. \u00a0Puedes leer el texto\u00a0<span style=\"color: #0000ff;\"><a style=\"color: #0000ff;\" href=\"https:\/\/www.copealcoy.es\/wp-content\/uploads\/2024\/05\/COMUNICADO-PLATAFORMA-22-05-1.pdf\" target=\"_blank\" rel=\"noopener\"><strong>aqu\u00ed<\/strong><\/a><\/span>.<\/p>\n","protected":false},"excerpt":{"rendered":"<p>No se han producido sorpresas y la votaci\u00f3n en el Pleno Extraordinario celebrado en el Ayuntamiento de Alcoy a primera&#8230;<\/p>\n","protected":false},"author":1,"featured_media":134025,"comment_status":"open","ping_status":"open","sticky":false,"template":"","format":"standard","meta":{"footnotes":""},"categories":[6909,97,75,125],"tags":[1494,140,1616,5213],"class_list":["post-134024","post","type-post","status-publish","format-standard","has-post-thumbnail","hentry","category-actualidad","category-alcoy","category-noticias","category-portada","tag-alcoy","tag-alcoyano","tag-bic","tag-pleno-extraordinario"],"yoast_head":"<!-- This site is optimized with the Yoast SEO plugin v27.3 - https:\/\/yoast.com\/product\/yoast-seo-wordpress\/ -->\n<title>Unanimidad para que el Alcoyano sea Bien de Inter\u00e9s Cultural - COPE Alcoy<\/title>\n<meta name=\"description\" content=\"En el Pleno Extraordinario de este viernes ha salido adelante la propuesta para declarar BIC al Club Deportivo Alcoyano\" \/>\n<meta name=\"robots\" content=\"index, follow, max-snippet:-1, max-image-preview:large, max-video-preview:-1\" \/>\n<link rel=\"canonical\" href=\"https:\/\/www.copealcoy.es\/es\/unanimidad-para-que-el-alcoyano-sea-bien-de-interes-cultural\/\" \/>\n<meta property=\"og:locale\" content=\"es_ES\" \/>\n<meta property=\"og:type\" content=\"article\" \/>\n<meta property=\"og:title\" content=\"Unanimidad para que el Alcoyano sea Bien de Inter\u00e9s Cultural - COPE Alcoy\" \/>\n<meta property=\"og:description\" content=\"En el Pleno Extraordinario de este viernes ha salido adelante la propuesta para declarar BIC al Club Deportivo Alcoyano\" \/>\n<meta property=\"og:url\" content=\"https:\/\/www.copealcoy.es\/es\/unanimidad-para-que-el-alcoyano-sea-bien-de-interes-cultural\/\" \/>\n<meta property=\"og:site_name\" content=\"COPE Alcoy\" \/>\n<meta property=\"article:published_time\" content=\"2024-05-24T09:55:21+00:00\" \/>\n<meta property=\"article:modified_time\" content=\"2024-05-24T10:08:43+00:00\" \/>\n<meta property=\"og:image\" content=\"https:\/\/www.copealcoy.es\/wp-content\/uploads\/2024\/05\/unnamed-1-30-scaled.jpg\" \/>\n\t<meta property=\"og:image:width\" content=\"1920\" \/>\n\t<meta property=\"og:image:height\" content=\"1080\" \/>\n\t<meta property=\"og:image:type\" content=\"image\/jpeg\" \/>\n<meta name=\"author\" content=\"Cope Alcoy\" \/>\n<meta name=\"twitter:label1\" content=\"Escrito por\" \/>\n\t<meta name=\"twitter:data1\" content=\"Cope Alcoy\" \/>\n\t<meta name=\"twitter:label2\" content=\"Tiempo de lectura\" \/>\n\t<meta name=\"twitter:data2\" content=\"2 minutos\" \/>\n<script type=\"application\/ld+json\" class=\"yoast-schema-graph\">{\"@context\":\"https:\\\/\\\/schema.org\",\"@graph\":[{\"@type\":\"Article\",\"@id\":\"https:\\\/\\\/www.copealcoy.es\\\/es\\\/unanimidad-para-que-el-alcoyano-sea-bien-de-interes-cultural\\\/#article\",\"isPartOf\":{\"@id\":\"https:\\\/\\\/www.copealcoy.es\\\/es\\\/unanimidad-para-que-el-alcoyano-sea-bien-de-interes-cultural\\\/\"},\"author\":{\"name\":\"Cope Alcoy\",\"@id\":\"https:\\\/\\\/www.copealcoy.es\\\/es\\\/#\\\/schema\\\/person\\\/e777c87fa024e57d40170af9df39882c\"},\"headline\":\"Unanimidad para que el Alcoyano sea Bien de Inter\u00e9s Cultural\",\"datePublished\":\"2024-05-24T09:55:21+00:00\",\"dateModified\":\"2024-05-24T10:08:43+00:00\",\"mainEntityOfPage\":{\"@id\":\"https:\\\/\\\/www.copealcoy.es\\\/es\\\/unanimidad-para-que-el-alcoyano-sea-bien-de-interes-cultural\\\/\"},\"wordCount\":413,\"commentCount\":0,\"image\":{\"@id\":\"https:\\\/\\\/www.copealcoy.es\\\/es\\\/unanimidad-para-que-el-alcoyano-sea-bien-de-interes-cultural\\\/#primaryimage\"},\"thumbnailUrl\":\"https:\\\/\\\/www.copealcoy.es\\\/wp-content\\\/uploads\\\/2024\\\/05\\\/unnamed-1-30-scaled.jpg\",\"keywords\":[\"Alcoy\",\"Alcoyano\",\"BIC\",\"Pleno Extraordinario\"],\"articleSection\":[\"Actualidad\",\"Alcoy\",\"Noticias\",\"Portada\"],\"inLanguage\":\"es\"},{\"@type\":\"WebPage\",\"@id\":\"https:\\\/\\\/www.copealcoy.es\\\/es\\\/unanimidad-para-que-el-alcoyano-sea-bien-de-interes-cultural\\\/\",\"url\":\"https:\\\/\\\/www.copealcoy.es\\\/es\\\/unanimidad-para-que-el-alcoyano-sea-bien-de-interes-cultural\\\/\",\"name\":\"Unanimidad para que el Alcoyano sea Bien de Inter\u00e9s Cultural - COPE Alcoy\",\"isPartOf\":{\"@id\":\"https:\\\/\\\/www.copealcoy.es\\\/es\\\/#website\"},\"primaryImageOfPage\":{\"@id\":\"https:\\\/\\\/www.copealcoy.es\\\/es\\\/unanimidad-para-que-el-alcoyano-sea-bien-de-interes-cultural\\\/#primaryimage\"},\"image\":{\"@id\":\"https:\\\/\\\/www.copealcoy.es\\\/es\\\/unanimidad-para-que-el-alcoyano-sea-bien-de-interes-cultural\\\/#primaryimage\"},\"thumbnailUrl\":\"https:\\\/\\\/www.copealcoy.es\\\/wp-content\\\/uploads\\\/2024\\\/05\\\/unnamed-1-30-scaled.jpg\",\"datePublished\":\"2024-05-24T09:55:21+00:00\",\"dateModified\":\"2024-05-24T10:08:43+00:00\",\"author\":{\"@id\":\"https:\\\/\\\/www.copealcoy.es\\\/es\\\/#\\\/schema\\\/person\\\/e777c87fa024e57d40170af9df39882c\"},\"description\":\"En el Pleno Extraordinario de este viernes ha salido adelante la propuesta para declarar BIC al Club Deportivo Alcoyano\",\"breadcrumb\":{\"@id\":\"https:\\\/\\\/www.copealcoy.es\\\/es\\\/unanimidad-para-que-el-alcoyano-sea-bien-de-interes-cultural\\\/#breadcrumb\"},\"inLanguage\":\"es\",\"potentialAction\":[{\"@type\":\"ReadAction\",\"target\":[\"https:\\\/\\\/www.copealcoy.es\\\/es\\\/unanimidad-para-que-el-alcoyano-sea-bien-de-interes-cultural\\\/\"]}]},{\"@type\":\"ImageObject\",\"inLanguage\":\"es\",\"@id\":\"https:\\\/\\\/www.copealcoy.es\\\/es\\\/unanimidad-para-que-el-alcoyano-sea-bien-de-interes-cultural\\\/#primaryimage\",\"url\":\"https:\\\/\\\/www.copealcoy.es\\\/wp-content\\\/uploads\\\/2024\\\/05\\\/unnamed-1-30-scaled.jpg\",\"contentUrl\":\"https:\\\/\\\/www.copealcoy.es\\\/wp-content\\\/uploads\\\/2024\\\/05\\\/unnamed-1-30-scaled.jpg\",\"width\":1920,\"height\":1080},{\"@type\":\"BreadcrumbList\",\"@id\":\"https:\\\/\\\/www.copealcoy.es\\\/es\\\/unanimidad-para-que-el-alcoyano-sea-bien-de-interes-cultural\\\/#breadcrumb\",\"itemListElement\":[{\"@type\":\"ListItem\",\"position\":1,\"name\":\"Portada\",\"item\":\"https:\\\/\\\/www.copealcoy.es\\\/es\\\/\"},{\"@type\":\"ListItem\",\"position\":2,\"name\":\"Unanimidad para que el Alcoyano sea Bien de Inter\u00e9s Cultural\"}]},{\"@type\":\"WebSite\",\"@id\":\"https:\\\/\\\/www.copealcoy.es\\\/es\\\/#website\",\"url\":\"https:\\\/\\\/www.copealcoy.es\\\/es\\\/\",\"name\":\"COPE Alcoy\",\"description\":\"Emisora COPE de radio local con emisi\u00f3n online. Pont de Sant Jordi 8-10 03803 Alcoy\",\"potentialAction\":[{\"@type\":\"SearchAction\",\"target\":{\"@type\":\"EntryPoint\",\"urlTemplate\":\"https:\\\/\\\/www.copealcoy.es\\\/es\\\/?s={search_term_string}\"},\"query-input\":{\"@type\":\"PropertyValueSpecification\",\"valueRequired\":true,\"valueName\":\"search_term_string\"}}],\"inLanguage\":\"es\"},{\"@type\":\"Person\",\"@id\":\"https:\\\/\\\/www.copealcoy.es\\\/es\\\/#\\\/schema\\\/person\\\/e777c87fa024e57d40170af9df39882c\",\"name\":\"Cope Alcoy\",\"image\":{\"@type\":\"ImageObject\",\"inLanguage\":\"es\",\"@id\":\"https:\\\/\\\/secure.gravatar.com\\\/avatar\\\/bb65d0283347e303893ba14f0692005417c1e0e690a325a4c5d8bb2b3943ee14?s=96&d=mm&r=g\",\"url\":\"https:\\\/\\\/secure.gravatar.com\\\/avatar\\\/bb65d0283347e303893ba14f0692005417c1e0e690a325a4c5d8bb2b3943ee14?s=96&d=mm&r=g\",\"contentUrl\":\"https:\\\/\\\/secure.gravatar.com\\\/avatar\\\/bb65d0283347e303893ba14f0692005417c1e0e690a325a4c5d8bb2b3943ee14?s=96&d=mm&r=g\",\"caption\":\"Cope Alcoy\"}}]}<\/script>\n<!-- \/ Yoast SEO plugin. -->","yoast_head_json":{"title":"Unanimidad para que el Alcoyano sea Bien de Inter\u00e9s Cultural - COPE Alcoy","description":"En el Pleno Extraordinario de este viernes ha salido adelante la propuesta para declarar BIC al Club Deportivo Alcoyano","robots":{"index":"index","follow":"follow","max-snippet":"max-snippet:-1","max-image-preview":"max-image-preview:large","max-video-preview":"max-video-preview:-1"},"canonical":"https:\/\/www.copealcoy.es\/es\/unanimidad-para-que-el-alcoyano-sea-bien-de-interes-cultural\/","og_locale":"es_ES","og_type":"article","og_title":"Unanimidad para que el Alcoyano sea Bien de Inter\u00e9s Cultural - COPE Alcoy","og_description":"En el Pleno Extraordinario de este viernes ha salido adelante la propuesta para declarar BIC al Club Deportivo Alcoyano","og_url":"https:\/\/www.copealcoy.es\/es\/unanimidad-para-que-el-alcoyano-sea-bien-de-interes-cultural\/","og_site_name":"COPE Alcoy","article_published_time":"2024-05-24T09:55:21+00:00","article_modified_time":"2024-05-24T10:08:43+00:00","og_image":[{"width":1920,"height":1080,"url":"https:\/\/www.copealcoy.es\/wp-content\/uploads\/2024\/05\/unnamed-1-30-scaled.jpg","type":"image\/jpeg"}],"author":"Cope Alcoy","twitter_misc":{"Escrito por":"Cope Alcoy","Tiempo de lectura":"2 minutos"},"schema":{"@context":"https:\/\/schema.org","@graph":[{"@type":"Article","@id":"https:\/\/www.copealcoy.es\/es\/unanimidad-para-que-el-alcoyano-sea-bien-de-interes-cultural\/#article","isPartOf":{"@id":"https:\/\/www.copealcoy.es\/es\/unanimidad-para-que-el-alcoyano-sea-bien-de-interes-cultural\/"},"author":{"name":"Cope Alcoy","@id":"https:\/\/www.copealcoy.es\/es\/#\/schema\/person\/e777c87fa024e57d40170af9df39882c"},"headline":"Unanimidad para que el Alcoyano sea Bien de Inter\u00e9s Cultural","datePublished":"2024-05-24T09:55:21+00:00","dateModified":"2024-05-24T10:08:43+00:00","mainEntityOfPage":{"@id":"https:\/\/www.copealcoy.es\/es\/unanimidad-para-que-el-alcoyano-sea-bien-de-interes-cultural\/"},"wordCount":413,"commentCount":0,"image":{"@id":"https:\/\/www.copealcoy.es\/es\/unanimidad-para-que-el-alcoyano-sea-bien-de-interes-cultural\/#primaryimage"},"thumbnailUrl":"https:\/\/www.copealcoy.es\/wp-content\/uploads\/2024\/05\/unnamed-1-30-scaled.jpg","keywords":["Alcoy","Alcoyano","BIC","Pleno Extraordinario"],"articleSection":["Actualidad","Alcoy","Noticias","Portada"],"inLanguage":"es"},{"@type":"WebPage","@id":"https:\/\/www.copealcoy.es\/es\/unanimidad-para-que-el-alcoyano-sea-bien-de-interes-cultural\/","url":"https:\/\/www.copealcoy.es\/es\/unanimidad-para-que-el-alcoyano-sea-bien-de-interes-cultural\/","name":"Unanimidad para que el Alcoyano sea Bien de Inter\u00e9s Cultural - COPE Alcoy","isPartOf":{"@id":"https:\/\/www.copealcoy.es\/es\/#website"},"primaryImageOfPage":{"@id":"https:\/\/www.copealcoy.es\/es\/unanimidad-para-que-el-alcoyano-sea-bien-de-interes-cultural\/#primaryimage"},"image":{"@id":"https:\/\/www.copealcoy.es\/es\/unanimidad-para-que-el-alcoyano-sea-bien-de-interes-cultural\/#primaryimage"},"thumbnailUrl":"https:\/\/www.copealcoy.es\/wp-content\/uploads\/2024\/05\/unnamed-1-30-scaled.jpg","datePublished":"2024-05-24T09:55:21+00:00","dateModified":"2024-05-24T10:08:43+00:00","author":{"@id":"https:\/\/www.copealcoy.es\/es\/#\/schema\/person\/e777c87fa024e57d40170af9df39882c"},"description":"En el Pleno Extraordinario de este viernes ha salido adelante la propuesta para declarar BIC al Club Deportivo Alcoyano","breadcrumb":{"@id":"https:\/\/www.copealcoy.es\/es\/unanimidad-para-que-el-alcoyano-sea-bien-de-interes-cultural\/#breadcrumb"},"inLanguage":"es","potentialAction":[{"@type":"ReadAction","target":["https:\/\/www.copealcoy.es\/es\/unanimidad-para-que-el-alcoyano-sea-bien-de-interes-cultural\/"]}]},{"@type":"ImageObject","inLanguage":"es","@id":"https:\/\/www.copealcoy.es\/es\/unanimidad-para-que-el-alcoyano-sea-bien-de-interes-cultural\/#primaryimage","url":"https:\/\/www.copealcoy.es\/wp-content\/uploads\/2024\/05\/unnamed-1-30-scaled.jpg","contentUrl":"https:\/\/www.copealcoy.es\/wp-content\/uploads\/2024\/05\/unnamed-1-30-scaled.jpg","width":1920,"height":1080},{"@type":"BreadcrumbList","@id":"https:\/\/www.copealcoy.es\/es\/unanimidad-para-que-el-alcoyano-sea-bien-de-interes-cultural\/#breadcrumb","itemListElement":[{"@type":"ListItem","position":1,"name":"Portada","item":"https:\/\/www.copealcoy.es\/es\/"},{"@type":"ListItem","position":2,"name":"Unanimidad para que el Alcoyano sea Bien de Inter\u00e9s Cultural"}]},{"@type":"WebSite","@id":"https:\/\/www.copealcoy.es\/es\/#website","url":"https:\/\/www.copealcoy.es\/es\/","name":"COPE Alcoy","description":"Emisora COPE de radio local con emisi\u00f3n online. Pont de Sant Jordi 8-10 03803 Alcoy","potentialAction":[{"@type":"SearchAction","target":{"@type":"EntryPoint","urlTemplate":"https:\/\/www.copealcoy.es\/es\/?s={search_term_string}"},"query-input":{"@type":"PropertyValueSpecification","valueRequired":true,"valueName":"search_term_string"}}],"inLanguage":"es"},{"@type":"Person","@id":"https:\/\/www.copealcoy.es\/es\/#\/schema\/person\/e777c87fa024e57d40170af9df39882c","name":"Cope Alcoy","image":{"@type":"ImageObject","inLanguage":"es","@id":"https:\/\/secure.gravatar.com\/avatar\/bb65d0283347e303893ba14f0692005417c1e0e690a325a4c5d8bb2b3943ee14?s=96&d=mm&r=g","url":"https:\/\/secure.gravatar.com\/avatar\/bb65d0283347e303893ba14f0692005417c1e0e690a325a4c5d8bb2b3943ee14?s=96&d=mm&r=g","contentUrl":"https:\/\/secure.gravatar.com\/avatar\/bb65d0283347e303893ba14f0692005417c1e0e690a325a4c5d8bb2b3943ee14?s=96&d=mm&r=g","caption":"Cope Alcoy"}}]}},"_links":{"self":[{"href":"https:\/\/www.copealcoy.es\/es\/wp-json\/wp\/v2\/posts\/134024","targetHints":{"allow":["GET"]}}],"collection":[{"href":"https:\/\/www.copealcoy.es\/es\/wp-json\/wp\/v2\/posts"}],"about":[{"href":"https:\/\/www.copealcoy.es\/es\/wp-json\/wp\/v2\/types\/post"}],"author":[{"embeddable":true,"href":"https:\/\/www.copealcoy.es\/es\/wp-json\/wp\/v2\/users\/1"}],"replies":[{"embeddable":true,"href":"https:\/\/www.copealcoy.es\/es\/wp-json\/wp\/v2\/comments?post=134024"}],"version-history":[{"count":0,"href":"https:\/\/www.copealcoy.es\/es\/wp-json\/wp\/v2\/posts\/134024\/revisions"}],"wp:featuredmedia":[{"embeddable":true,"href":"https:\/\/www.copealcoy.es\/es\/wp-json\/wp\/v2\/media\/134025"}],"wp:attachment":[{"href":"https:\/\/www.copealcoy.es\/es\/wp-json\/wp\/v2\/media?parent=134024"}],"wp:term":[{"taxonomy":"category","embeddable":true,"href":"https:\/\/www.copealcoy.es\/es\/wp-json\/wp\/v2\/categories?post=134024"},{"taxonomy":"post_tag","embeddable":true,"href":"https:\/\/www.copealcoy.es\/es\/wp-json\/wp\/v2\/tags?post=134024"}],"curies":[{"name":"wp","href":"https:\/\/api.w.org\/{rel}","templated":true}]}}