{"id":133988,"date":"2024-05-23T18:15:50","date_gmt":"2024-05-23T17:15:50","guid":{"rendered":"https:\/\/www.copealcoy.es\/?p=133988"},"modified":"2024-05-23T18:15:50","modified_gmt":"2024-05-23T17:15:50","slug":"concentracion-tambien-en-alcoy-para-reclamar-mas-apoyo-a-la-educacion-publica","status":"publish","type":"post","link":"https:\/\/www.copealcoy.es\/es\/concentracion-tambien-en-alcoy-para-reclamar-mas-apoyo-a-la-educacion-publica\/","title":{"rendered":"Concentraci\u00f3n tambi\u00e9n en Alcoy para reclamar m\u00e1s apoyo a la educaci\u00f3n p\u00fablica"},"content":{"rendered":"<p style=\"text-align: justify;\">La <strong>Plaza de Espa\u00f1a de Alcoy<\/strong> ha acogido esta ma\u00f1ana <strong>una concentraci\u00f3n en defensa de la educaci\u00f3n p\u00fablica<\/strong>. Cerca de un centenar de personas de la ciudad, pero tambi\u00e9n de otros municipios de la comarca, <strong>han protestado contra las pol\u00edticas<\/strong> que en materia de Educaci\u00f3n se est\u00e1n implantando desde el Consell.<\/p>\n<p style=\"text-align: justify;\">Los manifestantes <strong>han mostrado su rechazo al recorte de unidades en la<\/strong> <strong>comarca<\/strong>, algo que afecta en Alcoy a colegios como El Romeral,<strong>\u00a0y han reclamado mejores condiciones laborales para el profesorado<\/strong>. Tambi\u00e9n <strong>se ha cuestionado<\/strong> el distrito \u00fanico y el incremento de la ratios en las aulas mientras que se ha le\u00eddo un manifiesto en el que tambi\u00e9n se instaba a un mayor fomento del uso del valenciano en la ense\u00f1anza. Por \u00faltimo <strong>se ha instado a participar en la gran marcha<\/strong> convocada en Alicante esta tarde.<\/p>\n<p><strong><span style=\"color: #0000ff;\">Una jornada marcada por los servicios m\u00ednimos<\/span><\/strong><\/p>\n<p style=\"text-align: justify;\">Los sindicatos <strong>cifran en que m\u00e1s de un 60% han secundado la huelga<\/strong> en estas comarcas en una jornada en la que la <a href=\"https:\/\/ceice.gva.es\/es\/\" target=\"_blank\" rel=\"noopener\"><strong><span style=\"color: #0000ff;\">Conselleria de Educaci\u00f3n<\/span><\/strong><\/a> traz\u00f3 un plan para garantizar los servicios m\u00ednimos. Todos los centros educativos <strong>deb\u00edan de contar con la presencia de una persona responsable del equipo directivo<\/strong>, con exclusi\u00f3n de actividades lectivas.<\/p>\n<p class=\"articleParagraph\" style=\"text-align: justify;\">En los centros educativos de <b>Infantil y Primaria\u00a0<\/b>ten\u00eda que haber un maestro por cada etapa, con un m\u00ednimo de un docente por cada cuatro unidades. En <strong>Educaci\u00f3n <\/strong><b>Infantil\u00a0<\/b>hab\u00edan de estar presentes dos educadores en el caso de que el colegio tuviera cinco o menos unidades y tres si se diera la situaci\u00f3n de hubiera m\u00e1s de cinco.<\/p>\n<p class=\"articleParagraph\" style=\"text-align: justify;\">En\u00a0<b>Educaci\u00f3n Especial<\/b> tan solo deb\u00eda de haber dos educadores por cada cinco unidades y en los <b>institutos, escuelas de idiomas o ense\u00f1anzas art\u00edsticas<\/b> tan solo se hab\u00eda contemplado un docente por cada etapa educativa, con un m\u00ednimo de un profesor por cada diez unidades.<\/p>\n","protected":false},"excerpt":{"rendered":"<p>La Plaza de Espa\u00f1a de Alcoy ha acogido esta ma\u00f1ana una concentraci\u00f3n en defensa de la educaci\u00f3n p\u00fablica. Cerca de&#8230;<\/p>\n","protected":false},"author":1,"featured_media":133989,"comment_status":"open","ping_status":"open","sticky":false,"template":"","format":"standard","meta":{"footnotes":""},"categories":[6909,97,75],"tags":[1494,8685,3815],"class_list":["post-133988","post","type-post","status-publish","format-standard","has-post-thumbnail","hentry","category-actualidad","category-alcoy","category-noticias","tag-alcoy","tag-educacion-publica","tag-manifestacion"],"yoast_head":"<!-- This site is optimized with the Yoast SEO plugin v27.3 - https:\/\/yoast.com\/product\/yoast-seo-wordpress\/ -->\n<title>Concentraci\u00f3n tambi\u00e9n en Alcoy para reclamar m\u00e1s apoyo a la educaci\u00f3n p\u00fablica - COPE Alcoy<\/title>\n<meta name=\"description\" content=\"La Plaza de Espa\u00f1a de Alcoy ha acogido esta ma\u00f1ana una concentraci\u00f3n en defensa de la educaci\u00f3n p\u00fablica.\" \/>\n<meta name=\"robots\" content=\"index, follow, max-snippet:-1, max-image-preview:large, max-video-preview:-1\" \/>\n<link rel=\"canonical\" href=\"https:\/\/www.copealcoy.es\/es\/concentracion-tambien-en-alcoy-para-reclamar-mas-apoyo-a-la-educacion-publica\/\" \/>\n<meta property=\"og:locale\" content=\"es_ES\" \/>\n<meta property=\"og:type\" content=\"article\" \/>\n<meta property=\"og:title\" content=\"Concentraci\u00f3n tambi\u00e9n en Alcoy para reclamar m\u00e1s apoyo a la educaci\u00f3n p\u00fablica - COPE Alcoy\" \/>\n<meta property=\"og:description\" content=\"La Plaza de Espa\u00f1a de Alcoy ha acogido esta ma\u00f1ana una concentraci\u00f3n en defensa de la educaci\u00f3n p\u00fablica.\" \/>\n<meta property=\"og:url\" content=\"https:\/\/www.copealcoy.es\/es\/concentracion-tambien-en-alcoy-para-reclamar-mas-apoyo-a-la-educacion-publica\/\" \/>\n<meta property=\"og:site_name\" content=\"COPE Alcoy\" \/>\n<meta property=\"article:published_time\" content=\"2024-05-23T17:15:50+00:00\" \/>\n<meta property=\"og:image\" content=\"https:\/\/www.copealcoy.es\/wp-content\/uploads\/2024\/05\/unnamed-1-5-1.jpg\" \/>\n\t<meta property=\"og:image:width\" content=\"1176\" \/>\n\t<meta property=\"og:image:height\" content=\"645\" \/>\n\t<meta property=\"og:image:type\" content=\"image\/jpeg\" \/>\n<meta name=\"author\" content=\"Cope Alcoy\" \/>\n<meta name=\"twitter:label1\" content=\"Escrito por\" \/>\n\t<meta name=\"twitter:data1\" content=\"Cope Alcoy\" \/>\n\t<meta name=\"twitter:label2\" content=\"Tiempo de lectura\" \/>\n\t<meta name=\"twitter:data2\" content=\"2 minutos\" \/>\n<script type=\"application\/ld+json\" class=\"yoast-schema-graph\">{\"@context\":\"https:\\\/\\\/schema.org\",\"@graph\":[{\"@type\":\"Article\",\"@id\":\"https:\\\/\\\/www.copealcoy.es\\\/es\\\/concentracion-tambien-en-alcoy-para-reclamar-mas-apoyo-a-la-educacion-publica\\\/#article\",\"isPartOf\":{\"@id\":\"https:\\\/\\\/www.copealcoy.es\\\/es\\\/concentracion-tambien-en-alcoy-para-reclamar-mas-apoyo-a-la-educacion-publica\\\/\"},\"author\":{\"name\":\"Cope Alcoy\",\"@id\":\"https:\\\/\\\/www.copealcoy.es\\\/es\\\/#\\\/schema\\\/person\\\/e777c87fa024e57d40170af9df39882c\"},\"headline\":\"Concentraci\u00f3n tambi\u00e9n en Alcoy para reclamar m\u00e1s apoyo a la educaci\u00f3n p\u00fablica\",\"datePublished\":\"2024-05-23T17:15:50+00:00\",\"mainEntityOfPage\":{\"@id\":\"https:\\\/\\\/www.copealcoy.es\\\/es\\\/concentracion-tambien-en-alcoy-para-reclamar-mas-apoyo-a-la-educacion-publica\\\/\"},\"wordCount\":353,\"commentCount\":0,\"image\":{\"@id\":\"https:\\\/\\\/www.copealcoy.es\\\/es\\\/concentracion-tambien-en-alcoy-para-reclamar-mas-apoyo-a-la-educacion-publica\\\/#primaryimage\"},\"thumbnailUrl\":\"https:\\\/\\\/www.copealcoy.es\\\/wp-content\\\/uploads\\\/2024\\\/05\\\/unnamed-1-5-1.jpg\",\"keywords\":[\"Alcoy\",\"Educaci\u00f3n P\u00fablica\",\"Manifestaci\u00f3n\"],\"articleSection\":[\"Actualidad\",\"Alcoy\",\"Noticias\"],\"inLanguage\":\"es\"},{\"@type\":\"WebPage\",\"@id\":\"https:\\\/\\\/www.copealcoy.es\\\/es\\\/concentracion-tambien-en-alcoy-para-reclamar-mas-apoyo-a-la-educacion-publica\\\/\",\"url\":\"https:\\\/\\\/www.copealcoy.es\\\/es\\\/concentracion-tambien-en-alcoy-para-reclamar-mas-apoyo-a-la-educacion-publica\\\/\",\"name\":\"Concentraci\u00f3n tambi\u00e9n en Alcoy para reclamar m\u00e1s apoyo a la educaci\u00f3n p\u00fablica - COPE Alcoy\",\"isPartOf\":{\"@id\":\"https:\\\/\\\/www.copealcoy.es\\\/es\\\/#website\"},\"primaryImageOfPage\":{\"@id\":\"https:\\\/\\\/www.copealcoy.es\\\/es\\\/concentracion-tambien-en-alcoy-para-reclamar-mas-apoyo-a-la-educacion-publica\\\/#primaryimage\"},\"image\":{\"@id\":\"https:\\\/\\\/www.copealcoy.es\\\/es\\\/concentracion-tambien-en-alcoy-para-reclamar-mas-apoyo-a-la-educacion-publica\\\/#primaryimage\"},\"thumbnailUrl\":\"https:\\\/\\\/www.copealcoy.es\\\/wp-content\\\/uploads\\\/2024\\\/05\\\/unnamed-1-5-1.jpg\",\"datePublished\":\"2024-05-23T17:15:50+00:00\",\"author\":{\"@id\":\"https:\\\/\\\/www.copealcoy.es\\\/es\\\/#\\\/schema\\\/person\\\/e777c87fa024e57d40170af9df39882c\"},\"description\":\"La Plaza de Espa\u00f1a de Alcoy ha acogido esta ma\u00f1ana una concentraci\u00f3n en defensa de la educaci\u00f3n p\u00fablica.\",\"breadcrumb\":{\"@id\":\"https:\\\/\\\/www.copealcoy.es\\\/es\\\/concentracion-tambien-en-alcoy-para-reclamar-mas-apoyo-a-la-educacion-publica\\\/#breadcrumb\"},\"inLanguage\":\"es\",\"potentialAction\":[{\"@type\":\"ReadAction\",\"target\":[\"https:\\\/\\\/www.copealcoy.es\\\/es\\\/concentracion-tambien-en-alcoy-para-reclamar-mas-apoyo-a-la-educacion-publica\\\/\"]}]},{\"@type\":\"ImageObject\",\"inLanguage\":\"es\",\"@id\":\"https:\\\/\\\/www.copealcoy.es\\\/es\\\/concentracion-tambien-en-alcoy-para-reclamar-mas-apoyo-a-la-educacion-publica\\\/#primaryimage\",\"url\":\"https:\\\/\\\/www.copealcoy.es\\\/wp-content\\\/uploads\\\/2024\\\/05\\\/unnamed-1-5-1.jpg\",\"contentUrl\":\"https:\\\/\\\/www.copealcoy.es\\\/wp-content\\\/uploads\\\/2024\\\/05\\\/unnamed-1-5-1.jpg\",\"width\":1176,\"height\":645},{\"@type\":\"BreadcrumbList\",\"@id\":\"https:\\\/\\\/www.copealcoy.es\\\/es\\\/concentracion-tambien-en-alcoy-para-reclamar-mas-apoyo-a-la-educacion-publica\\\/#breadcrumb\",\"itemListElement\":[{\"@type\":\"ListItem\",\"position\":1,\"name\":\"Portada\",\"item\":\"https:\\\/\\\/www.copealcoy.es\\\/es\\\/\"},{\"@type\":\"ListItem\",\"position\":2,\"name\":\"Concentraci\u00f3n tambi\u00e9n en Alcoy para reclamar m\u00e1s apoyo a la educaci\u00f3n p\u00fablica\"}]},{\"@type\":\"WebSite\",\"@id\":\"https:\\\/\\\/www.copealcoy.es\\\/es\\\/#website\",\"url\":\"https:\\\/\\\/www.copealcoy.es\\\/es\\\/\",\"name\":\"COPE Alcoy\",\"description\":\"Emisora COPE de radio local con emisi\u00f3n online. Pont de Sant Jordi 8-10 03803 Alcoy\",\"potentialAction\":[{\"@type\":\"SearchAction\",\"target\":{\"@type\":\"EntryPoint\",\"urlTemplate\":\"https:\\\/\\\/www.copealcoy.es\\\/es\\\/?s={search_term_string}\"},\"query-input\":{\"@type\":\"PropertyValueSpecification\",\"valueRequired\":true,\"valueName\":\"search_term_string\"}}],\"inLanguage\":\"es\"},{\"@type\":\"Person\",\"@id\":\"https:\\\/\\\/www.copealcoy.es\\\/es\\\/#\\\/schema\\\/person\\\/e777c87fa024e57d40170af9df39882c\",\"name\":\"Cope Alcoy\",\"image\":{\"@type\":\"ImageObject\",\"inLanguage\":\"es\",\"@id\":\"https:\\\/\\\/secure.gravatar.com\\\/avatar\\\/bb65d0283347e303893ba14f0692005417c1e0e690a325a4c5d8bb2b3943ee14?s=96&d=mm&r=g\",\"url\":\"https:\\\/\\\/secure.gravatar.com\\\/avatar\\\/bb65d0283347e303893ba14f0692005417c1e0e690a325a4c5d8bb2b3943ee14?s=96&d=mm&r=g\",\"contentUrl\":\"https:\\\/\\\/secure.gravatar.com\\\/avatar\\\/bb65d0283347e303893ba14f0692005417c1e0e690a325a4c5d8bb2b3943ee14?s=96&d=mm&r=g\",\"caption\":\"Cope Alcoy\"}}]}<\/script>\n<!-- \/ Yoast SEO plugin. -->","yoast_head_json":{"title":"Concentraci\u00f3n tambi\u00e9n en Alcoy para reclamar m\u00e1s apoyo a la educaci\u00f3n p\u00fablica - COPE Alcoy","description":"La Plaza de Espa\u00f1a de Alcoy ha acogido esta ma\u00f1ana una concentraci\u00f3n en defensa de la educaci\u00f3n p\u00fablica.","robots":{"index":"index","follow":"follow","max-snippet":"max-snippet:-1","max-image-preview":"max-image-preview:large","max-video-preview":"max-video-preview:-1"},"canonical":"https:\/\/www.copealcoy.es\/es\/concentracion-tambien-en-alcoy-para-reclamar-mas-apoyo-a-la-educacion-publica\/","og_locale":"es_ES","og_type":"article","og_title":"Concentraci\u00f3n tambi\u00e9n en Alcoy para reclamar m\u00e1s apoyo a la educaci\u00f3n p\u00fablica - COPE Alcoy","og_description":"La Plaza de Espa\u00f1a de Alcoy ha acogido esta ma\u00f1ana una concentraci\u00f3n en defensa de la educaci\u00f3n p\u00fablica.","og_url":"https:\/\/www.copealcoy.es\/es\/concentracion-tambien-en-alcoy-para-reclamar-mas-apoyo-a-la-educacion-publica\/","og_site_name":"COPE Alcoy","article_published_time":"2024-05-23T17:15:50+00:00","og_image":[{"width":1176,"height":645,"url":"https:\/\/www.copealcoy.es\/wp-content\/uploads\/2024\/05\/unnamed-1-5-1.jpg","type":"image\/jpeg"}],"author":"Cope Alcoy","twitter_misc":{"Escrito por":"Cope Alcoy","Tiempo de lectura":"2 minutos"},"schema":{"@context":"https:\/\/schema.org","@graph":[{"@type":"Article","@id":"https:\/\/www.copealcoy.es\/es\/concentracion-tambien-en-alcoy-para-reclamar-mas-apoyo-a-la-educacion-publica\/#article","isPartOf":{"@id":"https:\/\/www.copealcoy.es\/es\/concentracion-tambien-en-alcoy-para-reclamar-mas-apoyo-a-la-educacion-publica\/"},"author":{"name":"Cope Alcoy","@id":"https:\/\/www.copealcoy.es\/es\/#\/schema\/person\/e777c87fa024e57d40170af9df39882c"},"headline":"Concentraci\u00f3n tambi\u00e9n en Alcoy para reclamar m\u00e1s apoyo a la educaci\u00f3n p\u00fablica","datePublished":"2024-05-23T17:15:50+00:00","mainEntityOfPage":{"@id":"https:\/\/www.copealcoy.es\/es\/concentracion-tambien-en-alcoy-para-reclamar-mas-apoyo-a-la-educacion-publica\/"},"wordCount":353,"commentCount":0,"image":{"@id":"https:\/\/www.copealcoy.es\/es\/concentracion-tambien-en-alcoy-para-reclamar-mas-apoyo-a-la-educacion-publica\/#primaryimage"},"thumbnailUrl":"https:\/\/www.copealcoy.es\/wp-content\/uploads\/2024\/05\/unnamed-1-5-1.jpg","keywords":["Alcoy","Educaci\u00f3n P\u00fablica","Manifestaci\u00f3n"],"articleSection":["Actualidad","Alcoy","Noticias"],"inLanguage":"es"},{"@type":"WebPage","@id":"https:\/\/www.copealcoy.es\/es\/concentracion-tambien-en-alcoy-para-reclamar-mas-apoyo-a-la-educacion-publica\/","url":"https:\/\/www.copealcoy.es\/es\/concentracion-tambien-en-alcoy-para-reclamar-mas-apoyo-a-la-educacion-publica\/","name":"Concentraci\u00f3n tambi\u00e9n en Alcoy para reclamar m\u00e1s apoyo a la educaci\u00f3n p\u00fablica - COPE Alcoy","isPartOf":{"@id":"https:\/\/www.copealcoy.es\/es\/#website"},"primaryImageOfPage":{"@id":"https:\/\/www.copealcoy.es\/es\/concentracion-tambien-en-alcoy-para-reclamar-mas-apoyo-a-la-educacion-publica\/#primaryimage"},"image":{"@id":"https:\/\/www.copealcoy.es\/es\/concentracion-tambien-en-alcoy-para-reclamar-mas-apoyo-a-la-educacion-publica\/#primaryimage"},"thumbnailUrl":"https:\/\/www.copealcoy.es\/wp-content\/uploads\/2024\/05\/unnamed-1-5-1.jpg","datePublished":"2024-05-23T17:15:50+00:00","author":{"@id":"https:\/\/www.copealcoy.es\/es\/#\/schema\/person\/e777c87fa024e57d40170af9df39882c"},"description":"La Plaza de Espa\u00f1a de Alcoy ha acogido esta ma\u00f1ana una concentraci\u00f3n en defensa de la educaci\u00f3n p\u00fablica.","breadcrumb":{"@id":"https:\/\/www.copealcoy.es\/es\/concentracion-tambien-en-alcoy-para-reclamar-mas-apoyo-a-la-educacion-publica\/#breadcrumb"},"inLanguage":"es","potentialAction":[{"@type":"ReadAction","target":["https:\/\/www.copealcoy.es\/es\/concentracion-tambien-en-alcoy-para-reclamar-mas-apoyo-a-la-educacion-publica\/"]}]},{"@type":"ImageObject","inLanguage":"es","@id":"https:\/\/www.copealcoy.es\/es\/concentracion-tambien-en-alcoy-para-reclamar-mas-apoyo-a-la-educacion-publica\/#primaryimage","url":"https:\/\/www.copealcoy.es\/wp-content\/uploads\/2024\/05\/unnamed-1-5-1.jpg","contentUrl":"https:\/\/www.copealcoy.es\/wp-content\/uploads\/2024\/05\/unnamed-1-5-1.jpg","width":1176,"height":645},{"@type":"BreadcrumbList","@id":"https:\/\/www.copealcoy.es\/es\/concentracion-tambien-en-alcoy-para-reclamar-mas-apoyo-a-la-educacion-publica\/#breadcrumb","itemListElement":[{"@type":"ListItem","position":1,"name":"Portada","item":"https:\/\/www.copealcoy.es\/es\/"},{"@type":"ListItem","position":2,"name":"Concentraci\u00f3n tambi\u00e9n en Alcoy para reclamar m\u00e1s apoyo a la educaci\u00f3n p\u00fablica"}]},{"@type":"WebSite","@id":"https:\/\/www.copealcoy.es\/es\/#website","url":"https:\/\/www.copealcoy.es\/es\/","name":"COPE Alcoy","description":"Emisora COPE de radio local con emisi\u00f3n online. Pont de Sant Jordi 8-10 03803 Alcoy","potentialAction":[{"@type":"SearchAction","target":{"@type":"EntryPoint","urlTemplate":"https:\/\/www.copealcoy.es\/es\/?s={search_term_string}"},"query-input":{"@type":"PropertyValueSpecification","valueRequired":true,"valueName":"search_term_string"}}],"inLanguage":"es"},{"@type":"Person","@id":"https:\/\/www.copealcoy.es\/es\/#\/schema\/person\/e777c87fa024e57d40170af9df39882c","name":"Cope Alcoy","image":{"@type":"ImageObject","inLanguage":"es","@id":"https:\/\/secure.gravatar.com\/avatar\/bb65d0283347e303893ba14f0692005417c1e0e690a325a4c5d8bb2b3943ee14?s=96&d=mm&r=g","url":"https:\/\/secure.gravatar.com\/avatar\/bb65d0283347e303893ba14f0692005417c1e0e690a325a4c5d8bb2b3943ee14?s=96&d=mm&r=g","contentUrl":"https:\/\/secure.gravatar.com\/avatar\/bb65d0283347e303893ba14f0692005417c1e0e690a325a4c5d8bb2b3943ee14?s=96&d=mm&r=g","caption":"Cope Alcoy"}}]}},"_links":{"self":[{"href":"https:\/\/www.copealcoy.es\/es\/wp-json\/wp\/v2\/posts\/133988","targetHints":{"allow":["GET"]}}],"collection":[{"href":"https:\/\/www.copealcoy.es\/es\/wp-json\/wp\/v2\/posts"}],"about":[{"href":"https:\/\/www.copealcoy.es\/es\/wp-json\/wp\/v2\/types\/post"}],"author":[{"embeddable":true,"href":"https:\/\/www.copealcoy.es\/es\/wp-json\/wp\/v2\/users\/1"}],"replies":[{"embeddable":true,"href":"https:\/\/www.copealcoy.es\/es\/wp-json\/wp\/v2\/comments?post=133988"}],"version-history":[{"count":0,"href":"https:\/\/www.copealcoy.es\/es\/wp-json\/wp\/v2\/posts\/133988\/revisions"}],"wp:featuredmedia":[{"embeddable":true,"href":"https:\/\/www.copealcoy.es\/es\/wp-json\/wp\/v2\/media\/133989"}],"wp:attachment":[{"href":"https:\/\/www.copealcoy.es\/es\/wp-json\/wp\/v2\/media?parent=133988"}],"wp:term":[{"taxonomy":"category","embeddable":true,"href":"https:\/\/www.copealcoy.es\/es\/wp-json\/wp\/v2\/categories?post=133988"},{"taxonomy":"post_tag","embeddable":true,"href":"https:\/\/www.copealcoy.es\/es\/wp-json\/wp\/v2\/tags?post=133988"}],"curies":[{"name":"wp","href":"https:\/\/api.w.org\/{rel}","templated":true}]}}