{"id":133958,"date":"2024-05-23T11:40:33","date_gmt":"2024-05-23T10:40:33","guid":{"rendered":"https:\/\/www.copealcoy.es\/?p=133958"},"modified":"2024-05-23T17:32:31","modified_gmt":"2024-05-23T16:32:31","slug":"las-principales-fechas-que-hay-que-tener-en-cuenta-de-cara-al-proximo-curso-escolar","status":"publish","type":"post","link":"https:\/\/www.copealcoy.es\/es\/las-principales-fechas-que-hay-que-tener-en-cuenta-de-cara-al-proximo-curso-escolar\/","title":{"rendered":"Las principales fechas que hay que tener en cuenta de cara al pr\u00f3ximo curso escolar"},"content":{"rendered":"<p style=\"text-align: justify;\">La <a href=\"https:\/\/ceice.gva.es\/es\/\" target=\"_blank\" rel=\"noopener\"><strong><span style=\"color: #0000ff;\">Conselleria de Educaci\u00f3n, Universidades y Empleo<\/span><\/strong><\/a>, a trav\u00e9s de la Direcci\u00f3n General de Centros Docentes, ha propuesto en la mesa sectorial, mesa de padres y mesa de alumnos que el\u00a0<strong>pr\u00f3ximo curso escolar 24\/25 comience el lunes 9 de septiembre<\/strong>\u00a0en las etapas de Infantil, Primaria, ESO, Bachillerato y Formaci\u00f3n Profesional, tanto en FP Grado B\u00e1sico (FPB) como en las titulaciones de Grado Medio y Superior.<\/p>\n<p style=\"text-align: justify;\"><strong>Asimismo, el \u00faltimo d\u00eda lectivo del curso ser\u00e1 el 18 de junio de 2025<\/strong>\u00a0en Infantil, Primaria, Secundaria, Bachillerato y FP Grado B\u00e1sico y titulaciones de grado Medio y Superior. Esta fecha se ha adelantado\u00a0<strong>para que no coincida con la festividad de San Juan<\/strong>.<\/p>\n<p><span style=\"color: #0000ff;\"><strong>Otras fechas clave en el pr\u00f3ximo curso<\/strong><\/span><\/p>\n<p style=\"text-align: justify;\">Por su parte, los <strong>programas formativos de cualificaci\u00f3n b\u00e1sica y FP de segunda oportunidad<\/strong> comenzar\u00e1n el curso el 11 de septiembre y finalizar\u00e1n el 18 de junio.<\/p>\n<p style=\"text-align: justify;\">En cuanto a la <strong>Formaci\u00f3n de Personas Adultas<\/strong>, las clases comenzar\u00e1n el 16 de septiembre de 2024 y finalizar\u00e1n el 13 de junio de 2025. Por su parte, en<strong> Ense\u00f1anzas Art\u00edsticas de M\u00fasica y Danza, elementales y profesionales, Ense\u00f1anzas Profesionales de Artes Pl\u00e1sticas y Dise\u00f1o y Ense\u00f1anzas Deportivas de R\u00e9gimen Especial<\/strong> comenzar\u00e1n el 16 de septiembre de 2024 y finalizar\u00e1n el 13 de junio de 2025.<\/p>\n<p><strong><span style=\"color: #0000ff;\">Propuestos tambi\u00e9n los periodos vacacionales<\/span><\/strong><\/p>\n<p style=\"text-align: justify;\">Los periodos no lectivos durante el curso 24\/25 comprenden <strong>las vacaciones de Navidad<\/strong>, que ser\u00e1n desde el 23 de diciembre de 2024 al 6 de enero de 2025, ambos inclusive; y las <strong>vacaciones de Pascua<\/strong>, que engloban desde el 17 al 28 de abril de 2025, ambos inclusive.<\/p>\n<p style=\"text-align: justify;\">Asimismo, durante este curso escolar<strong>\u00a0no ser\u00e1n lectivos los d\u00edas festivos<\/strong> 9 d&#8217;Octubre, D\u00eda de la Comunitat Valenciana; 1 de noviembre, Fiesta de Todos los Santos; 6 de diciembre, D\u00eda de la Constituci\u00f3n; 25 de diciembre, D\u00eda de la Natividad del Se\u00f1or; 19 de marzo, D\u00eda de San Jos\u00e9; 18 de abril, Viernes Santo; y 1 de mayo, D\u00eda Internacional de los Trabajadores.<\/p>\n<p style=\"text-align: justify;\">Adem\u00e1s,<strong>\u00a0los Ayuntamientos podr\u00e1n proponer como no lectivos hasta un m\u00e1ximo de tres d\u00edas<\/strong>, de acuerdo con el procedimiento dispuesto en el art\u00edculo quinto de la Orden de 11 de junio de 1998, de la Conselleria de Cultura, Educaci\u00f3n y Ciencia, que establece los criterios generales por los que se ha de regir el calendario escolar para todos los centros docentes de la Comunitat Valenciana que imparten ense\u00f1anzas de Educaci\u00f3n Infantil, Educaci\u00f3n Primaria, Educaci\u00f3n Secundaria Obligatoria, Formaci\u00f3n Profesional, Bachillerato, Ense\u00f1anzas Art\u00edsticas y Ense\u00f1anzas de Idiomas.<\/p>\n<p style=\"text-align: justify;\">La <strong>Direcci\u00f3n General de Centros Docentes<\/strong> podr\u00e1 autorizar, para un centro o una localidad, <strong>un calendario escolar diferente<\/strong> del establecido cuando concurran circunstancias excepcionales, de acuerdo con el procedimiento establecido en el art\u00edculo noveno de la citada orden.<\/p>\n","protected":false},"excerpt":{"rendered":"<p>La Conselleria de Educaci\u00f3n, Universidades y Empleo, a trav\u00e9s de la Direcci\u00f3n General de Centros Docentes, ha propuesto en la&#8230;<\/p>\n","protected":false},"author":1,"featured_media":117057,"comment_status":"open","ping_status":"open","sticky":false,"template":"","format":"standard","meta":{"footnotes":""},"categories":[6909,98,75],"tags":[482,1494,5993,237,16881],"class_list":["post-133958","post","type-post","status-publish","format-standard","has-post-thumbnail","hentry","category-actualidad","category-comarcas","category-noticias","tag-alcoia","tag-alcoy","tag-calendario-escolar","tag-comtat","tag-comunitari-valenciana"],"yoast_head":"<!-- This site is optimized with the Yoast SEO plugin v27.3 - https:\/\/yoast.com\/product\/yoast-seo-wordpress\/ -->\n<title>Las principales fechas que hay que tener en cuenta de cara al pr\u00f3ximo curso escolar - COPE Alcoy<\/title>\n<meta name=\"description\" content=\"La Conselleria de Educaci\u00f3n ha propuesto las fechas de inicio y final del pr\u00f3ximo curso as\u00ed como los principales periodos vacacionales\" \/>\n<meta name=\"robots\" content=\"index, follow, max-snippet:-1, max-image-preview:large, max-video-preview:-1\" \/>\n<link rel=\"canonical\" href=\"https:\/\/www.copealcoy.es\/es\/las-principales-fechas-que-hay-que-tener-en-cuenta-de-cara-al-proximo-curso-escolar\/\" \/>\n<meta property=\"og:locale\" content=\"es_ES\" \/>\n<meta property=\"og:type\" content=\"article\" \/>\n<meta property=\"og:title\" content=\"Las principales fechas que hay que tener en cuenta de cara al pr\u00f3ximo curso escolar - COPE Alcoy\" \/>\n<meta property=\"og:description\" content=\"La Conselleria de Educaci\u00f3n ha propuesto las fechas de inicio y final del pr\u00f3ximo curso as\u00ed como los principales periodos vacacionales\" \/>\n<meta property=\"og:url\" content=\"https:\/\/www.copealcoy.es\/es\/las-principales-fechas-que-hay-que-tener-en-cuenta-de-cara-al-proximo-curso-escolar\/\" \/>\n<meta property=\"og:site_name\" content=\"COPE Alcoy\" \/>\n<meta property=\"article:published_time\" content=\"2024-05-23T10:40:33+00:00\" \/>\n<meta property=\"article:modified_time\" content=\"2024-05-23T16:32:31+00:00\" \/>\n<meta property=\"og:image\" content=\"https:\/\/www.copealcoy.es\/wp-content\/uploads\/2023\/06\/unnamed-1-5-e1686039872265.jpg\" \/>\n\t<meta property=\"og:image:width\" content=\"640\" \/>\n\t<meta property=\"og:image:height\" content=\"480\" \/>\n\t<meta property=\"og:image:type\" content=\"image\/jpeg\" \/>\n<meta name=\"author\" content=\"Cope Alcoy\" \/>\n<meta name=\"twitter:label1\" content=\"Escrito por\" \/>\n\t<meta name=\"twitter:data1\" content=\"Cope Alcoy\" \/>\n\t<meta name=\"twitter:label2\" content=\"Tiempo de lectura\" \/>\n\t<meta name=\"twitter:data2\" content=\"3 minutos\" \/>\n<script type=\"application\/ld+json\" class=\"yoast-schema-graph\">{\"@context\":\"https:\\\/\\\/schema.org\",\"@graph\":[{\"@type\":\"Article\",\"@id\":\"https:\\\/\\\/www.copealcoy.es\\\/es\\\/las-principales-fechas-que-hay-que-tener-en-cuenta-de-cara-al-proximo-curso-escolar\\\/#article\",\"isPartOf\":{\"@id\":\"https:\\\/\\\/www.copealcoy.es\\\/es\\\/las-principales-fechas-que-hay-que-tener-en-cuenta-de-cara-al-proximo-curso-escolar\\\/\"},\"author\":{\"name\":\"Cope Alcoy\",\"@id\":\"https:\\\/\\\/www.copealcoy.es\\\/es\\\/#\\\/schema\\\/person\\\/e777c87fa024e57d40170af9df39882c\"},\"headline\":\"Las principales fechas que hay que tener en cuenta de cara al pr\u00f3ximo curso escolar\",\"datePublished\":\"2024-05-23T10:40:33+00:00\",\"dateModified\":\"2024-05-23T16:32:31+00:00\",\"mainEntityOfPage\":{\"@id\":\"https:\\\/\\\/www.copealcoy.es\\\/es\\\/las-principales-fechas-que-hay-que-tener-en-cuenta-de-cara-al-proximo-curso-escolar\\\/\"},\"wordCount\":490,\"commentCount\":0,\"image\":{\"@id\":\"https:\\\/\\\/www.copealcoy.es\\\/es\\\/las-principales-fechas-que-hay-que-tener-en-cuenta-de-cara-al-proximo-curso-escolar\\\/#primaryimage\"},\"thumbnailUrl\":\"https:\\\/\\\/www.copealcoy.es\\\/wp-content\\\/uploads\\\/2023\\\/06\\\/unnamed-1-5-e1686039872265.jpg\",\"keywords\":[\"Alcoi\u00e0\",\"Alcoy\",\"calendario escolar\",\"Comtat\",\"Comunitari Valenciana\"],\"articleSection\":[\"Actualidad\",\"Comarcas\",\"Noticias\"],\"inLanguage\":\"es\"},{\"@type\":\"WebPage\",\"@id\":\"https:\\\/\\\/www.copealcoy.es\\\/es\\\/las-principales-fechas-que-hay-que-tener-en-cuenta-de-cara-al-proximo-curso-escolar\\\/\",\"url\":\"https:\\\/\\\/www.copealcoy.es\\\/es\\\/las-principales-fechas-que-hay-que-tener-en-cuenta-de-cara-al-proximo-curso-escolar\\\/\",\"name\":\"Las principales fechas que hay que tener en cuenta de cara al pr\u00f3ximo curso escolar - COPE Alcoy\",\"isPartOf\":{\"@id\":\"https:\\\/\\\/www.copealcoy.es\\\/es\\\/#website\"},\"primaryImageOfPage\":{\"@id\":\"https:\\\/\\\/www.copealcoy.es\\\/es\\\/las-principales-fechas-que-hay-que-tener-en-cuenta-de-cara-al-proximo-curso-escolar\\\/#primaryimage\"},\"image\":{\"@id\":\"https:\\\/\\\/www.copealcoy.es\\\/es\\\/las-principales-fechas-que-hay-que-tener-en-cuenta-de-cara-al-proximo-curso-escolar\\\/#primaryimage\"},\"thumbnailUrl\":\"https:\\\/\\\/www.copealcoy.es\\\/wp-content\\\/uploads\\\/2023\\\/06\\\/unnamed-1-5-e1686039872265.jpg\",\"datePublished\":\"2024-05-23T10:40:33+00:00\",\"dateModified\":\"2024-05-23T16:32:31+00:00\",\"author\":{\"@id\":\"https:\\\/\\\/www.copealcoy.es\\\/es\\\/#\\\/schema\\\/person\\\/e777c87fa024e57d40170af9df39882c\"},\"description\":\"La Conselleria de Educaci\u00f3n ha propuesto las fechas de inicio y final del pr\u00f3ximo curso as\u00ed como los principales periodos vacacionales\",\"breadcrumb\":{\"@id\":\"https:\\\/\\\/www.copealcoy.es\\\/es\\\/las-principales-fechas-que-hay-que-tener-en-cuenta-de-cara-al-proximo-curso-escolar\\\/#breadcrumb\"},\"inLanguage\":\"es\",\"potentialAction\":[{\"@type\":\"ReadAction\",\"target\":[\"https:\\\/\\\/www.copealcoy.es\\\/es\\\/las-principales-fechas-que-hay-que-tener-en-cuenta-de-cara-al-proximo-curso-escolar\\\/\"]}]},{\"@type\":\"ImageObject\",\"inLanguage\":\"es\",\"@id\":\"https:\\\/\\\/www.copealcoy.es\\\/es\\\/las-principales-fechas-que-hay-que-tener-en-cuenta-de-cara-al-proximo-curso-escolar\\\/#primaryimage\",\"url\":\"https:\\\/\\\/www.copealcoy.es\\\/wp-content\\\/uploads\\\/2023\\\/06\\\/unnamed-1-5-e1686039872265.jpg\",\"contentUrl\":\"https:\\\/\\\/www.copealcoy.es\\\/wp-content\\\/uploads\\\/2023\\\/06\\\/unnamed-1-5-e1686039872265.jpg\",\"width\":640,\"height\":480},{\"@type\":\"BreadcrumbList\",\"@id\":\"https:\\\/\\\/www.copealcoy.es\\\/es\\\/las-principales-fechas-que-hay-que-tener-en-cuenta-de-cara-al-proximo-curso-escolar\\\/#breadcrumb\",\"itemListElement\":[{\"@type\":\"ListItem\",\"position\":1,\"name\":\"Portada\",\"item\":\"https:\\\/\\\/www.copealcoy.es\\\/es\\\/\"},{\"@type\":\"ListItem\",\"position\":2,\"name\":\"Las principales fechas que hay que tener en cuenta de cara al pr\u00f3ximo curso escolar\"}]},{\"@type\":\"WebSite\",\"@id\":\"https:\\\/\\\/www.copealcoy.es\\\/es\\\/#website\",\"url\":\"https:\\\/\\\/www.copealcoy.es\\\/es\\\/\",\"name\":\"COPE Alcoy\",\"description\":\"Emisora COPE de radio local con emisi\u00f3n online. Pont de Sant Jordi 8-10 03803 Alcoy\",\"potentialAction\":[{\"@type\":\"SearchAction\",\"target\":{\"@type\":\"EntryPoint\",\"urlTemplate\":\"https:\\\/\\\/www.copealcoy.es\\\/es\\\/?s={search_term_string}\"},\"query-input\":{\"@type\":\"PropertyValueSpecification\",\"valueRequired\":true,\"valueName\":\"search_term_string\"}}],\"inLanguage\":\"es\"},{\"@type\":\"Person\",\"@id\":\"https:\\\/\\\/www.copealcoy.es\\\/es\\\/#\\\/schema\\\/person\\\/e777c87fa024e57d40170af9df39882c\",\"name\":\"Cope Alcoy\",\"image\":{\"@type\":\"ImageObject\",\"inLanguage\":\"es\",\"@id\":\"https:\\\/\\\/secure.gravatar.com\\\/avatar\\\/bb65d0283347e303893ba14f0692005417c1e0e690a325a4c5d8bb2b3943ee14?s=96&d=mm&r=g\",\"url\":\"https:\\\/\\\/secure.gravatar.com\\\/avatar\\\/bb65d0283347e303893ba14f0692005417c1e0e690a325a4c5d8bb2b3943ee14?s=96&d=mm&r=g\",\"contentUrl\":\"https:\\\/\\\/secure.gravatar.com\\\/avatar\\\/bb65d0283347e303893ba14f0692005417c1e0e690a325a4c5d8bb2b3943ee14?s=96&d=mm&r=g\",\"caption\":\"Cope Alcoy\"}}]}<\/script>\n<!-- \/ Yoast SEO plugin. -->","yoast_head_json":{"title":"Las principales fechas que hay que tener en cuenta de cara al pr\u00f3ximo curso escolar - COPE Alcoy","description":"La Conselleria de Educaci\u00f3n ha propuesto las fechas de inicio y final del pr\u00f3ximo curso as\u00ed como los principales periodos vacacionales","robots":{"index":"index","follow":"follow","max-snippet":"max-snippet:-1","max-image-preview":"max-image-preview:large","max-video-preview":"max-video-preview:-1"},"canonical":"https:\/\/www.copealcoy.es\/es\/las-principales-fechas-que-hay-que-tener-en-cuenta-de-cara-al-proximo-curso-escolar\/","og_locale":"es_ES","og_type":"article","og_title":"Las principales fechas que hay que tener en cuenta de cara al pr\u00f3ximo curso escolar - COPE Alcoy","og_description":"La Conselleria de Educaci\u00f3n ha propuesto las fechas de inicio y final del pr\u00f3ximo curso as\u00ed como los principales periodos vacacionales","og_url":"https:\/\/www.copealcoy.es\/es\/las-principales-fechas-que-hay-que-tener-en-cuenta-de-cara-al-proximo-curso-escolar\/","og_site_name":"COPE Alcoy","article_published_time":"2024-05-23T10:40:33+00:00","article_modified_time":"2024-05-23T16:32:31+00:00","og_image":[{"width":640,"height":480,"url":"https:\/\/www.copealcoy.es\/wp-content\/uploads\/2023\/06\/unnamed-1-5-e1686039872265.jpg","type":"image\/jpeg"}],"author":"Cope Alcoy","twitter_misc":{"Escrito por":"Cope Alcoy","Tiempo de lectura":"3 minutos"},"schema":{"@context":"https:\/\/schema.org","@graph":[{"@type":"Article","@id":"https:\/\/www.copealcoy.es\/es\/las-principales-fechas-que-hay-que-tener-en-cuenta-de-cara-al-proximo-curso-escolar\/#article","isPartOf":{"@id":"https:\/\/www.copealcoy.es\/es\/las-principales-fechas-que-hay-que-tener-en-cuenta-de-cara-al-proximo-curso-escolar\/"},"author":{"name":"Cope Alcoy","@id":"https:\/\/www.copealcoy.es\/es\/#\/schema\/person\/e777c87fa024e57d40170af9df39882c"},"headline":"Las principales fechas que hay que tener en cuenta de cara al pr\u00f3ximo curso escolar","datePublished":"2024-05-23T10:40:33+00:00","dateModified":"2024-05-23T16:32:31+00:00","mainEntityOfPage":{"@id":"https:\/\/www.copealcoy.es\/es\/las-principales-fechas-que-hay-que-tener-en-cuenta-de-cara-al-proximo-curso-escolar\/"},"wordCount":490,"commentCount":0,"image":{"@id":"https:\/\/www.copealcoy.es\/es\/las-principales-fechas-que-hay-que-tener-en-cuenta-de-cara-al-proximo-curso-escolar\/#primaryimage"},"thumbnailUrl":"https:\/\/www.copealcoy.es\/wp-content\/uploads\/2023\/06\/unnamed-1-5-e1686039872265.jpg","keywords":["Alcoi\u00e0","Alcoy","calendario escolar","Comtat","Comunitari Valenciana"],"articleSection":["Actualidad","Comarcas","Noticias"],"inLanguage":"es"},{"@type":"WebPage","@id":"https:\/\/www.copealcoy.es\/es\/las-principales-fechas-que-hay-que-tener-en-cuenta-de-cara-al-proximo-curso-escolar\/","url":"https:\/\/www.copealcoy.es\/es\/las-principales-fechas-que-hay-que-tener-en-cuenta-de-cara-al-proximo-curso-escolar\/","name":"Las principales fechas que hay que tener en cuenta de cara al pr\u00f3ximo curso escolar - COPE Alcoy","isPartOf":{"@id":"https:\/\/www.copealcoy.es\/es\/#website"},"primaryImageOfPage":{"@id":"https:\/\/www.copealcoy.es\/es\/las-principales-fechas-que-hay-que-tener-en-cuenta-de-cara-al-proximo-curso-escolar\/#primaryimage"},"image":{"@id":"https:\/\/www.copealcoy.es\/es\/las-principales-fechas-que-hay-que-tener-en-cuenta-de-cara-al-proximo-curso-escolar\/#primaryimage"},"thumbnailUrl":"https:\/\/www.copealcoy.es\/wp-content\/uploads\/2023\/06\/unnamed-1-5-e1686039872265.jpg","datePublished":"2024-05-23T10:40:33+00:00","dateModified":"2024-05-23T16:32:31+00:00","author":{"@id":"https:\/\/www.copealcoy.es\/es\/#\/schema\/person\/e777c87fa024e57d40170af9df39882c"},"description":"La Conselleria de Educaci\u00f3n ha propuesto las fechas de inicio y final del pr\u00f3ximo curso as\u00ed como los principales periodos vacacionales","breadcrumb":{"@id":"https:\/\/www.copealcoy.es\/es\/las-principales-fechas-que-hay-que-tener-en-cuenta-de-cara-al-proximo-curso-escolar\/#breadcrumb"},"inLanguage":"es","potentialAction":[{"@type":"ReadAction","target":["https:\/\/www.copealcoy.es\/es\/las-principales-fechas-que-hay-que-tener-en-cuenta-de-cara-al-proximo-curso-escolar\/"]}]},{"@type":"ImageObject","inLanguage":"es","@id":"https:\/\/www.copealcoy.es\/es\/las-principales-fechas-que-hay-que-tener-en-cuenta-de-cara-al-proximo-curso-escolar\/#primaryimage","url":"https:\/\/www.copealcoy.es\/wp-content\/uploads\/2023\/06\/unnamed-1-5-e1686039872265.jpg","contentUrl":"https:\/\/www.copealcoy.es\/wp-content\/uploads\/2023\/06\/unnamed-1-5-e1686039872265.jpg","width":640,"height":480},{"@type":"BreadcrumbList","@id":"https:\/\/www.copealcoy.es\/es\/las-principales-fechas-que-hay-que-tener-en-cuenta-de-cara-al-proximo-curso-escolar\/#breadcrumb","itemListElement":[{"@type":"ListItem","position":1,"name":"Portada","item":"https:\/\/www.copealcoy.es\/es\/"},{"@type":"ListItem","position":2,"name":"Las principales fechas que hay que tener en cuenta de cara al pr\u00f3ximo curso escolar"}]},{"@type":"WebSite","@id":"https:\/\/www.copealcoy.es\/es\/#website","url":"https:\/\/www.copealcoy.es\/es\/","name":"COPE Alcoy","description":"Emisora COPE de radio local con emisi\u00f3n online. Pont de Sant Jordi 8-10 03803 Alcoy","potentialAction":[{"@type":"SearchAction","target":{"@type":"EntryPoint","urlTemplate":"https:\/\/www.copealcoy.es\/es\/?s={search_term_string}"},"query-input":{"@type":"PropertyValueSpecification","valueRequired":true,"valueName":"search_term_string"}}],"inLanguage":"es"},{"@type":"Person","@id":"https:\/\/www.copealcoy.es\/es\/#\/schema\/person\/e777c87fa024e57d40170af9df39882c","name":"Cope Alcoy","image":{"@type":"ImageObject","inLanguage":"es","@id":"https:\/\/secure.gravatar.com\/avatar\/bb65d0283347e303893ba14f0692005417c1e0e690a325a4c5d8bb2b3943ee14?s=96&d=mm&r=g","url":"https:\/\/secure.gravatar.com\/avatar\/bb65d0283347e303893ba14f0692005417c1e0e690a325a4c5d8bb2b3943ee14?s=96&d=mm&r=g","contentUrl":"https:\/\/secure.gravatar.com\/avatar\/bb65d0283347e303893ba14f0692005417c1e0e690a325a4c5d8bb2b3943ee14?s=96&d=mm&r=g","caption":"Cope Alcoy"}}]}},"_links":{"self":[{"href":"https:\/\/www.copealcoy.es\/es\/wp-json\/wp\/v2\/posts\/133958","targetHints":{"allow":["GET"]}}],"collection":[{"href":"https:\/\/www.copealcoy.es\/es\/wp-json\/wp\/v2\/posts"}],"about":[{"href":"https:\/\/www.copealcoy.es\/es\/wp-json\/wp\/v2\/types\/post"}],"author":[{"embeddable":true,"href":"https:\/\/www.copealcoy.es\/es\/wp-json\/wp\/v2\/users\/1"}],"replies":[{"embeddable":true,"href":"https:\/\/www.copealcoy.es\/es\/wp-json\/wp\/v2\/comments?post=133958"}],"version-history":[{"count":0,"href":"https:\/\/www.copealcoy.es\/es\/wp-json\/wp\/v2\/posts\/133958\/revisions"}],"wp:featuredmedia":[{"embeddable":true,"href":"https:\/\/www.copealcoy.es\/es\/wp-json\/wp\/v2\/media\/117057"}],"wp:attachment":[{"href":"https:\/\/www.copealcoy.es\/es\/wp-json\/wp\/v2\/media?parent=133958"}],"wp:term":[{"taxonomy":"category","embeddable":true,"href":"https:\/\/www.copealcoy.es\/es\/wp-json\/wp\/v2\/categories?post=133958"},{"taxonomy":"post_tag","embeddable":true,"href":"https:\/\/www.copealcoy.es\/es\/wp-json\/wp\/v2\/tags?post=133958"}],"curies":[{"name":"wp","href":"https:\/\/api.w.org\/{rel}","templated":true}]}}