{"id":133952,"date":"2024-05-23T07:30:11","date_gmt":"2024-05-23T06:30:11","guid":{"rendered":"https:\/\/www.copealcoy.es\/?p=133952"},"modified":"2024-05-23T11:12:09","modified_gmt":"2024-05-23T10:12:09","slug":"informativo-matinal-jueves-23-de-mayo-2024-0720h","status":"publish","type":"post","link":"https:\/\/www.copealcoy.es\/es\/informativo-matinal-jueves-23-de-mayo-2024-0720h\/","title":{"rendered":"Informativo matinal jueves 23 de mayo 2024 (07:20h)"},"content":{"rendered":"<p><iframe loading=\"lazy\" title=\"Informatiu Matinal Dijous 23 De Maig 2024 (07:20h)\" width=\"100%\" height=\"120\" src=\"https:\/\/www.mixcloud.com\/widget\/iframe\/?feed=https%3A%2F%2Fwww.mixcloud.com%2FCOPEAlcoy%2Finformatiu-matinal-dijous-23-de-maig-2024-0720h%2F&amp;hide_cover=1\" frameborder=\"0\"><\/iframe><\/p>\n<p style=\"text-align: justify;\">Los <strong>beneficios que aporta la escuela rural<\/strong> a las familias de las localidades peque\u00f1as de nuestras comarcas es una de las noticias que os hemos contado hoy. Tambi\u00e9n hemos recordado <strong>la entrevista que mantuvimos ayer<\/strong> con los candidatos a presidir la Asociaci\u00f3n de San Jorge.<\/p>\n<p style=\"text-align: justify;\"><strong>Paco Garc\u00eda<\/strong>\u00a0de la Fil\u00e0 Judios,\u00a0<strong>Juan Antonio Canalejas<\/strong>\u00a0de la Fil\u00e0 Benimerines y\u00a0<strong>Lu\u00eds Sorolla<\/strong>\u00a0de la Fil\u00e0 Llana son\u00a0<strong>los tres candidatos que aspiran a ser presidente de\u00a0<span style=\"color: #0000ff;\"><a style=\"color: #0000ff;\" href=\"https:\/\/www.asjordi.org\/\" target=\"_blank\" rel=\"noopener\">la Asociaci\u00f3n de San Jorge de Alcoy<\/a><\/span><\/strong>. Sus candidaturas fueron formalizadas oficialmente d\u00edas atr\u00e1s y\u00a0<strong>los tres aspirantes est\u00e1n dando a conocer el proyecto<\/strong>\u00a0con el que quieren encaminar a la Festa e incluso a la m\u00e1xima entidad festera de la ciudad hacia el futuro m\u00e1s inmediato.<\/p>\n<p style=\"text-align: justify;\">Antes de la elecci\u00f3n, prevista para el pr\u00f3ximo jueves 30 de mayo,\u00a0<strong>han pasado por el espacio #LaNostraFesta de COPE ALCOY que conduce cada mi\u00e9rcoles nuestro compa\u00f1ero Carlos Tal\u00e9ns<\/strong>\u00a0con el patrocinio de Licores SINC. Los presidenciables\u00a0<strong>coinciden<\/strong>\u00a0en la necesidad de que hay que trabajar para regular la participaci\u00f3n en actos como las Entradas con el fin de evitar la masificaci\u00f3n de los desfiles y que se cumplan horarios. Tambi\u00e9n abogan por potenciar el Museu Alcoi\u00e0 de la Festa (MAF) y darlo a conocer entre la ciudadan\u00eda, especialmente las futuras generaciones, y se pronuncian sobre la incorporaci\u00f3n de la mujer en las Fiestas. Son conscientes en que los alcoyanos y las alcoyanas debe de conocer m\u00e1s el importante trabajo que se realiza en la instituci\u00f3n y en su programa no pasa desapercibido el hecho de preparar actos especiales para conmemorar dignamente en 2026 el 750 aniversario del patronazgo de San Jorge. De igual forma, apuestan por reforzar el trabajo conjunto con Primers Trons, recuperar el protagonismo que debe de tener el Cuerpo de Mayorales e intentar que\u00a0<strong>el 23 de abril pueda ser siempre festivo<\/strong>\u00a0\u00ab<em>esta \u00faltima cuesti\u00f3n se tiene que trabajar detalladamente con el Ayuntamiento, porque es quien fija los festivos locales, y hay que avanzar hacia opciones como la posibilidad de conseguir que un festivo auton\u00f3mico se pueda adaptar a las necesidades de la ciudad<\/em>\u00ab, coment\u00f3\u00a0<strong>Paco Garc\u00eda<\/strong>. Por su parte,\u00a0<strong>Juan Antonio Canalejas<\/strong>\u00a0destac\u00f3 la idea de potenciar la labor que llevan a cabo los Mayorales \u00ab<em>tienen que tener la libertad para poder hacer las tareas de cuidar la iglesia, coordinar las procesiones o potenciar los actos religiosos en honor al patr\u00f3n<\/em>\u00ab, dijo. Y\u00a0<strong>Lu\u00eds Sorolla<\/strong>\u00a0tambi\u00e9n coincidi\u00f3 en que las Fiestas de Moros y Cristianos no tendr\u00edan sentido alguno sin el culto a San Jorge \u00ab<em>si perdemos de vista a nuestro patr\u00f3n vamos mal. Todos los actos son espectaculares pero el punto central es San Jorge y esto es algo que no podemos olvidar<\/em>\u00ab, apostill\u00f3 en alusi\u00f3n tambi\u00e9n a que el 23 de abril sea festivo.<\/p>\n<p style=\"text-align: justify;\">Son algunas pinceladas de lo que han destacado cada uno de ellos en esta interesante entrevista. El nombre del elegido se conocer\u00e1 el jueves que viene y antes, este s\u00e1bado 25 de mayo, ser\u00e1n <a href=\"https:\/\/www.asjordi.org\/upload\/files\/elecciones\/2024\/Mayorales%202024\/CANDIDATOS%20ELECCIONES%20MAYORALES%202024.pdf\" target=\"_blank\" rel=\"noopener\"><strong><span style=\"color: #0000ff;\">las<\/span> <span style=\"color: #0000ff;\">Elecciones a Mayorales<\/span><\/strong><\/a>.<\/p>\n","protected":false},"excerpt":{"rendered":"<p>Los beneficios que aporta la escuela rural a las familias de las localidades peque\u00f1as de nuestras comarcas es una de&#8230;<\/p>\n","protected":false},"author":1,"featured_media":110612,"comment_status":"open","ping_status":"open","sticky":false,"template":"","format":"standard","meta":{"footnotes":""},"categories":[6909,89,91],"tags":[],"class_list":["post-133952","post","type-post","status-publish","format-standard","has-post-thumbnail","hentry","category-actualidad","category-audiosdelosprogramas","category-informativos"],"yoast_head":"<!-- This site is optimized with the Yoast SEO plugin v27.3 - https:\/\/yoast.com\/product\/yoast-seo-wordpress\/ -->\n<title>Informativo matinal jueves 23 de mayo 2024 (07:20h) - COPE Alcoy<\/title>\n<meta name=\"robots\" content=\"index, follow, max-snippet:-1, max-image-preview:large, max-video-preview:-1\" \/>\n<link rel=\"canonical\" href=\"https:\/\/www.copealcoy.es\/es\/informativo-matinal-jueves-23-de-mayo-2024-0720h\/\" \/>\n<meta property=\"og:locale\" content=\"es_ES\" \/>\n<meta property=\"og:type\" content=\"article\" \/>\n<meta property=\"og:title\" content=\"Informativo matinal jueves 23 de mayo 2024 (07:20h) - COPE Alcoy\" \/>\n<meta property=\"og:description\" content=\"Los beneficios que aporta la escuela rural a las familias de las localidades peque\u00f1as de nuestras comarcas es una de...\" \/>\n<meta property=\"og:url\" content=\"https:\/\/www.copealcoy.es\/es\/informativo-matinal-jueves-23-de-mayo-2024-0720h\/\" \/>\n<meta property=\"og:site_name\" content=\"COPE Alcoy\" \/>\n<meta property=\"article:published_time\" content=\"2024-05-23T06:30:11+00:00\" \/>\n<meta property=\"article:modified_time\" content=\"2024-05-23T10:12:09+00:00\" \/>\n<meta property=\"og:image\" content=\"https:\/\/www.copealcoy.es\/wp-content\/uploads\/2023\/02\/Herrera-en-COPE-Alcoy-4.png\" \/>\n\t<meta property=\"og:image:width\" content=\"357\" \/>\n\t<meta property=\"og:image:height\" content=\"290\" \/>\n\t<meta property=\"og:image:type\" content=\"image\/png\" \/>\n<meta name=\"author\" content=\"Cope Alcoy\" \/>\n<meta name=\"twitter:label1\" content=\"Escrito por\" \/>\n\t<meta name=\"twitter:data1\" content=\"Cope Alcoy\" \/>\n\t<meta name=\"twitter:label2\" content=\"Tiempo de lectura\" \/>\n\t<meta name=\"twitter:data2\" content=\"3 minutos\" \/>\n<script type=\"application\/ld+json\" class=\"yoast-schema-graph\">{\"@context\":\"https:\\\/\\\/schema.org\",\"@graph\":[{\"@type\":\"Article\",\"@id\":\"https:\\\/\\\/www.copealcoy.es\\\/es\\\/informativo-matinal-jueves-23-de-mayo-2024-0720h\\\/#article\",\"isPartOf\":{\"@id\":\"https:\\\/\\\/www.copealcoy.es\\\/es\\\/informativo-matinal-jueves-23-de-mayo-2024-0720h\\\/\"},\"author\":{\"name\":\"Cope Alcoy\",\"@id\":\"https:\\\/\\\/www.copealcoy.es\\\/es\\\/#\\\/schema\\\/person\\\/e777c87fa024e57d40170af9df39882c\"},\"headline\":\"Informativo matinal jueves 23 de mayo 2024 (07:20h)\",\"datePublished\":\"2024-05-23T06:30:11+00:00\",\"dateModified\":\"2024-05-23T10:12:09+00:00\",\"mainEntityOfPage\":{\"@id\":\"https:\\\/\\\/www.copealcoy.es\\\/es\\\/informativo-matinal-jueves-23-de-mayo-2024-0720h\\\/\"},\"wordCount\":545,\"commentCount\":0,\"image\":{\"@id\":\"https:\\\/\\\/www.copealcoy.es\\\/es\\\/informativo-matinal-jueves-23-de-mayo-2024-0720h\\\/#primaryimage\"},\"thumbnailUrl\":\"https:\\\/\\\/www.copealcoy.es\\\/wp-content\\\/uploads\\\/2023\\\/02\\\/Herrera-en-COPE-Alcoy-4.png\",\"articleSection\":[\"Actualidad\",\"Audios de los programas\",\"Informativos\"],\"inLanguage\":\"es\"},{\"@type\":\"WebPage\",\"@id\":\"https:\\\/\\\/www.copealcoy.es\\\/es\\\/informativo-matinal-jueves-23-de-mayo-2024-0720h\\\/\",\"url\":\"https:\\\/\\\/www.copealcoy.es\\\/es\\\/informativo-matinal-jueves-23-de-mayo-2024-0720h\\\/\",\"name\":\"Informativo matinal jueves 23 de mayo 2024 (07:20h) - COPE Alcoy\",\"isPartOf\":{\"@id\":\"https:\\\/\\\/www.copealcoy.es\\\/es\\\/#website\"},\"primaryImageOfPage\":{\"@id\":\"https:\\\/\\\/www.copealcoy.es\\\/es\\\/informativo-matinal-jueves-23-de-mayo-2024-0720h\\\/#primaryimage\"},\"image\":{\"@id\":\"https:\\\/\\\/www.copealcoy.es\\\/es\\\/informativo-matinal-jueves-23-de-mayo-2024-0720h\\\/#primaryimage\"},\"thumbnailUrl\":\"https:\\\/\\\/www.copealcoy.es\\\/wp-content\\\/uploads\\\/2023\\\/02\\\/Herrera-en-COPE-Alcoy-4.png\",\"datePublished\":\"2024-05-23T06:30:11+00:00\",\"dateModified\":\"2024-05-23T10:12:09+00:00\",\"author\":{\"@id\":\"https:\\\/\\\/www.copealcoy.es\\\/es\\\/#\\\/schema\\\/person\\\/e777c87fa024e57d40170af9df39882c\"},\"breadcrumb\":{\"@id\":\"https:\\\/\\\/www.copealcoy.es\\\/es\\\/informativo-matinal-jueves-23-de-mayo-2024-0720h\\\/#breadcrumb\"},\"inLanguage\":\"es\",\"potentialAction\":[{\"@type\":\"ReadAction\",\"target\":[\"https:\\\/\\\/www.copealcoy.es\\\/es\\\/informativo-matinal-jueves-23-de-mayo-2024-0720h\\\/\"]}]},{\"@type\":\"ImageObject\",\"inLanguage\":\"es\",\"@id\":\"https:\\\/\\\/www.copealcoy.es\\\/es\\\/informativo-matinal-jueves-23-de-mayo-2024-0720h\\\/#primaryimage\",\"url\":\"https:\\\/\\\/www.copealcoy.es\\\/wp-content\\\/uploads\\\/2023\\\/02\\\/Herrera-en-COPE-Alcoy-4.png\",\"contentUrl\":\"https:\\\/\\\/www.copealcoy.es\\\/wp-content\\\/uploads\\\/2023\\\/02\\\/Herrera-en-COPE-Alcoy-4.png\",\"width\":357,\"height\":290},{\"@type\":\"BreadcrumbList\",\"@id\":\"https:\\\/\\\/www.copealcoy.es\\\/es\\\/informativo-matinal-jueves-23-de-mayo-2024-0720h\\\/#breadcrumb\",\"itemListElement\":[{\"@type\":\"ListItem\",\"position\":1,\"name\":\"Portada\",\"item\":\"https:\\\/\\\/www.copealcoy.es\\\/es\\\/\"},{\"@type\":\"ListItem\",\"position\":2,\"name\":\"Informativo matinal jueves 23 de mayo 2024 (07:20h)\"}]},{\"@type\":\"WebSite\",\"@id\":\"https:\\\/\\\/www.copealcoy.es\\\/es\\\/#website\",\"url\":\"https:\\\/\\\/www.copealcoy.es\\\/es\\\/\",\"name\":\"COPE Alcoy\",\"description\":\"Emisora COPE de radio local con emisi\u00f3n online. Pont de Sant Jordi 8-10 03803 Alcoy\",\"potentialAction\":[{\"@type\":\"SearchAction\",\"target\":{\"@type\":\"EntryPoint\",\"urlTemplate\":\"https:\\\/\\\/www.copealcoy.es\\\/es\\\/?s={search_term_string}\"},\"query-input\":{\"@type\":\"PropertyValueSpecification\",\"valueRequired\":true,\"valueName\":\"search_term_string\"}}],\"inLanguage\":\"es\"},{\"@type\":\"Person\",\"@id\":\"https:\\\/\\\/www.copealcoy.es\\\/es\\\/#\\\/schema\\\/person\\\/e777c87fa024e57d40170af9df39882c\",\"name\":\"Cope Alcoy\",\"image\":{\"@type\":\"ImageObject\",\"inLanguage\":\"es\",\"@id\":\"https:\\\/\\\/secure.gravatar.com\\\/avatar\\\/bb65d0283347e303893ba14f0692005417c1e0e690a325a4c5d8bb2b3943ee14?s=96&d=mm&r=g\",\"url\":\"https:\\\/\\\/secure.gravatar.com\\\/avatar\\\/bb65d0283347e303893ba14f0692005417c1e0e690a325a4c5d8bb2b3943ee14?s=96&d=mm&r=g\",\"contentUrl\":\"https:\\\/\\\/secure.gravatar.com\\\/avatar\\\/bb65d0283347e303893ba14f0692005417c1e0e690a325a4c5d8bb2b3943ee14?s=96&d=mm&r=g\",\"caption\":\"Cope Alcoy\"}}]}<\/script>\n<!-- \/ Yoast SEO plugin. -->","yoast_head_json":{"title":"Informativo matinal jueves 23 de mayo 2024 (07:20h) - COPE Alcoy","robots":{"index":"index","follow":"follow","max-snippet":"max-snippet:-1","max-image-preview":"max-image-preview:large","max-video-preview":"max-video-preview:-1"},"canonical":"https:\/\/www.copealcoy.es\/es\/informativo-matinal-jueves-23-de-mayo-2024-0720h\/","og_locale":"es_ES","og_type":"article","og_title":"Informativo matinal jueves 23 de mayo 2024 (07:20h) - COPE Alcoy","og_description":"Los beneficios que aporta la escuela rural a las familias de las localidades peque\u00f1as de nuestras comarcas es una de...","og_url":"https:\/\/www.copealcoy.es\/es\/informativo-matinal-jueves-23-de-mayo-2024-0720h\/","og_site_name":"COPE Alcoy","article_published_time":"2024-05-23T06:30:11+00:00","article_modified_time":"2024-05-23T10:12:09+00:00","og_image":[{"width":357,"height":290,"url":"https:\/\/www.copealcoy.es\/wp-content\/uploads\/2023\/02\/Herrera-en-COPE-Alcoy-4.png","type":"image\/png"}],"author":"Cope Alcoy","twitter_misc":{"Escrito por":"Cope Alcoy","Tiempo de lectura":"3 minutos"},"schema":{"@context":"https:\/\/schema.org","@graph":[{"@type":"Article","@id":"https:\/\/www.copealcoy.es\/es\/informativo-matinal-jueves-23-de-mayo-2024-0720h\/#article","isPartOf":{"@id":"https:\/\/www.copealcoy.es\/es\/informativo-matinal-jueves-23-de-mayo-2024-0720h\/"},"author":{"name":"Cope Alcoy","@id":"https:\/\/www.copealcoy.es\/es\/#\/schema\/person\/e777c87fa024e57d40170af9df39882c"},"headline":"Informativo matinal jueves 23 de mayo 2024 (07:20h)","datePublished":"2024-05-23T06:30:11+00:00","dateModified":"2024-05-23T10:12:09+00:00","mainEntityOfPage":{"@id":"https:\/\/www.copealcoy.es\/es\/informativo-matinal-jueves-23-de-mayo-2024-0720h\/"},"wordCount":545,"commentCount":0,"image":{"@id":"https:\/\/www.copealcoy.es\/es\/informativo-matinal-jueves-23-de-mayo-2024-0720h\/#primaryimage"},"thumbnailUrl":"https:\/\/www.copealcoy.es\/wp-content\/uploads\/2023\/02\/Herrera-en-COPE-Alcoy-4.png","articleSection":["Actualidad","Audios de los programas","Informativos"],"inLanguage":"es"},{"@type":"WebPage","@id":"https:\/\/www.copealcoy.es\/es\/informativo-matinal-jueves-23-de-mayo-2024-0720h\/","url":"https:\/\/www.copealcoy.es\/es\/informativo-matinal-jueves-23-de-mayo-2024-0720h\/","name":"Informativo matinal jueves 23 de mayo 2024 (07:20h) - COPE Alcoy","isPartOf":{"@id":"https:\/\/www.copealcoy.es\/es\/#website"},"primaryImageOfPage":{"@id":"https:\/\/www.copealcoy.es\/es\/informativo-matinal-jueves-23-de-mayo-2024-0720h\/#primaryimage"},"image":{"@id":"https:\/\/www.copealcoy.es\/es\/informativo-matinal-jueves-23-de-mayo-2024-0720h\/#primaryimage"},"thumbnailUrl":"https:\/\/www.copealcoy.es\/wp-content\/uploads\/2023\/02\/Herrera-en-COPE-Alcoy-4.png","datePublished":"2024-05-23T06:30:11+00:00","dateModified":"2024-05-23T10:12:09+00:00","author":{"@id":"https:\/\/www.copealcoy.es\/es\/#\/schema\/person\/e777c87fa024e57d40170af9df39882c"},"breadcrumb":{"@id":"https:\/\/www.copealcoy.es\/es\/informativo-matinal-jueves-23-de-mayo-2024-0720h\/#breadcrumb"},"inLanguage":"es","potentialAction":[{"@type":"ReadAction","target":["https:\/\/www.copealcoy.es\/es\/informativo-matinal-jueves-23-de-mayo-2024-0720h\/"]}]},{"@type":"ImageObject","inLanguage":"es","@id":"https:\/\/www.copealcoy.es\/es\/informativo-matinal-jueves-23-de-mayo-2024-0720h\/#primaryimage","url":"https:\/\/www.copealcoy.es\/wp-content\/uploads\/2023\/02\/Herrera-en-COPE-Alcoy-4.png","contentUrl":"https:\/\/www.copealcoy.es\/wp-content\/uploads\/2023\/02\/Herrera-en-COPE-Alcoy-4.png","width":357,"height":290},{"@type":"BreadcrumbList","@id":"https:\/\/www.copealcoy.es\/es\/informativo-matinal-jueves-23-de-mayo-2024-0720h\/#breadcrumb","itemListElement":[{"@type":"ListItem","position":1,"name":"Portada","item":"https:\/\/www.copealcoy.es\/es\/"},{"@type":"ListItem","position":2,"name":"Informativo matinal jueves 23 de mayo 2024 (07:20h)"}]},{"@type":"WebSite","@id":"https:\/\/www.copealcoy.es\/es\/#website","url":"https:\/\/www.copealcoy.es\/es\/","name":"COPE Alcoy","description":"Emisora COPE de radio local con emisi\u00f3n online. Pont de Sant Jordi 8-10 03803 Alcoy","potentialAction":[{"@type":"SearchAction","target":{"@type":"EntryPoint","urlTemplate":"https:\/\/www.copealcoy.es\/es\/?s={search_term_string}"},"query-input":{"@type":"PropertyValueSpecification","valueRequired":true,"valueName":"search_term_string"}}],"inLanguage":"es"},{"@type":"Person","@id":"https:\/\/www.copealcoy.es\/es\/#\/schema\/person\/e777c87fa024e57d40170af9df39882c","name":"Cope Alcoy","image":{"@type":"ImageObject","inLanguage":"es","@id":"https:\/\/secure.gravatar.com\/avatar\/bb65d0283347e303893ba14f0692005417c1e0e690a325a4c5d8bb2b3943ee14?s=96&d=mm&r=g","url":"https:\/\/secure.gravatar.com\/avatar\/bb65d0283347e303893ba14f0692005417c1e0e690a325a4c5d8bb2b3943ee14?s=96&d=mm&r=g","contentUrl":"https:\/\/secure.gravatar.com\/avatar\/bb65d0283347e303893ba14f0692005417c1e0e690a325a4c5d8bb2b3943ee14?s=96&d=mm&r=g","caption":"Cope Alcoy"}}]}},"_links":{"self":[{"href":"https:\/\/www.copealcoy.es\/es\/wp-json\/wp\/v2\/posts\/133952","targetHints":{"allow":["GET"]}}],"collection":[{"href":"https:\/\/www.copealcoy.es\/es\/wp-json\/wp\/v2\/posts"}],"about":[{"href":"https:\/\/www.copealcoy.es\/es\/wp-json\/wp\/v2\/types\/post"}],"author":[{"embeddable":true,"href":"https:\/\/www.copealcoy.es\/es\/wp-json\/wp\/v2\/users\/1"}],"replies":[{"embeddable":true,"href":"https:\/\/www.copealcoy.es\/es\/wp-json\/wp\/v2\/comments?post=133952"}],"version-history":[{"count":0,"href":"https:\/\/www.copealcoy.es\/es\/wp-json\/wp\/v2\/posts\/133952\/revisions"}],"wp:featuredmedia":[{"embeddable":true,"href":"https:\/\/www.copealcoy.es\/es\/wp-json\/wp\/v2\/media\/110612"}],"wp:attachment":[{"href":"https:\/\/www.copealcoy.es\/es\/wp-json\/wp\/v2\/media?parent=133952"}],"wp:term":[{"taxonomy":"category","embeddable":true,"href":"https:\/\/www.copealcoy.es\/es\/wp-json\/wp\/v2\/categories?post=133952"},{"taxonomy":"post_tag","embeddable":true,"href":"https:\/\/www.copealcoy.es\/es\/wp-json\/wp\/v2\/tags?post=133952"}],"curies":[{"name":"wp","href":"https:\/\/api.w.org\/{rel}","templated":true}]}}