{"id":133945,"date":"2024-05-22T10:47:04","date_gmt":"2024-05-22T09:47:04","guid":{"rendered":"https:\/\/www.copealcoy.es\/?p=133945"},"modified":"2024-05-23T18:17:19","modified_gmt":"2024-05-23T17:17:19","slug":"la-puja-despidio-las-fiestas-de-muro-mas-participativas","status":"publish","type":"post","link":"https:\/\/www.copealcoy.es\/es\/la-puja-despidio-las-fiestas-de-muro-mas-participativas\/","title":{"rendered":"La &#8216;Puj\u00e0&#8217; despidi\u00f3 las Fiestas de Muro m\u00e1s participativas"},"content":{"rendered":"<p style=\"text-align: justify;\">Como manda la tradici\u00f3n, <a href=\"https:\/\/www.facebook.com\/JuntaDeFestesDeMorosICristiansDeMuro\" target=\"_blank\" rel=\"noopener\"><span style=\"color: #0000ff;\"><strong>las Fiestas de Moros y Cristianos de Muro<\/strong><\/span><\/a> culminaron con <strong>el retorno procesional de la Virgen de los Desamparados<\/strong> desde la parroquia de San Juan Bautista hasta su Ermita, un acto que tuvo lugar <strong>al anochecer del domingo 19 de mayo<\/strong>. Pero antes de ello, <strong>la Festa volvi\u00f3 a salir a calle en la noche del s\u00e1bado anterior con la tradicional \u2018Entraeta de La Puj\u00e0\u2019<\/strong> y esta arranc\u00f3 pasadas las 23:30h contando con la participaci\u00f3n de la totalidad de las Filaes por el recorrido de costumbre. La jornada finaliz\u00f3 con <strong>una nueva propuesta de ocio nocturno en la Pla\u00e7a del Matzem<\/strong> en la que destac\u00f3 la presencia de varios DJ\u2019s.<\/p>\n<p style=\"text-align: justify;\">Al d\u00eda siguiente, la actividad festiva dio comienzo a partir de las ocho de la ma\u00f1ana con <strong>una Diana informal<\/strong> que realizaron las Filaes con un recorrido marcado en funci\u00f3n a la ubicaci\u00f3n de sus respectivas mesas de almuerzo. A mediod\u00eda se celebr\u00f3 <strong>la eucarist\u00eda en recuerdo de los difuntos de Muro<\/strong>, una misa que llen\u00f3 por completo la iglesia y que estuvo oficiada por el p\u00e1rroco Don Diego Ferr\u00e1ndiz. Despu\u00e9s de este momento, la fiesta se traslad\u00f3 de nuevo a las calles del casco antiguo con <strong>un pasacalle<\/strong> de todas las Filaes en el que los vecinos y las vecinas del pueblo pudieron ver de cerca los dise\u00f1os que lucieron los Cargos de este a\u00f1o. Tras la \u00faltima comida de Fiestas, <strong>comenz\u00f3 la Entrada<\/strong> a partir de las seis de la tarde en la que moros y cristianos volvieron a desfilar agotando as\u00ed las \u00faltimas horas de unas Fiestas de Moros y Cristianos que terminar\u00edan pasadas las 20:30h con <strong>el inicio de <\/strong><em><strong>La Puj\u00e0<\/strong> <\/em>de la Virgen de los Desamparados.<\/p>\n<p style=\"text-align: justify;\">El <strong>volteo de las campanas de la parroquia<\/strong> salud\u00f3 a la patrona a la salida del templo y todas las Filaes, junto a Las Clavariesas y Daniela P\u00e9rez Ba\u00f1uls (Angelet 2024), tomaron parte en la comitiva para acompa\u00f1ar a la patrona hasta su Ermita. Los aplausos a la Mare de D\u00e9u sonaron a lo largo de un trayecto que <strong>culmin\u00f3 unos metros m\u00e1s arriba de la Pla\u00e7a de L\u2019Ermita<\/strong>, punto en el que junto al recinto ferial <strong>se dispar\u00f3 un gran castillo de fuegos artificiales<\/strong> que sirvi\u00f3 para poner el colof\u00f3n de forma brillante a los festejos. El ta\u00f1ido de los bronces de la misma Ermita <strong>anunci\u00f3 la llegada de la Mare de D\u00e9u dels Desemparats a su iglesia<\/strong> y all\u00ed, a las puertas de la misma, festeros, devotos y gran parte del pueblo de Muro, <strong>cantaron con fervor el himno dedicado a la patrona<\/strong>. Posteriormente se produjo el esperado momento de la entrada de la Mare de D\u00e9u a su capilla y ya dentro <strong>se sortearon las Clavariesas de este a\u00f1o<\/strong> al igual que se procedi\u00f3 al <strong>traspaso de cargos<\/strong> festeros.<\/p>\n<p style=\"text-align: justify;\">En 2025<strong> las Filaes Mare de D\u00e9u y Arqueros<\/strong> ser\u00e1n las que desempe\u00f1ar\u00e1n la Capitan\u00eda y el Abanderado en las tropas de la cruz mientras que en el bando moro har\u00e1n lo propio <strong>Realistes y Moros del Rif<\/strong>. De esta forma terminaron los festejos de 2024 y <strong>se inici\u00f3 el camino hacia las celebraciones del pr\u00f3ximo a\u00f1o<\/strong>, una cuenta atr\u00e1s hacia los d\u00edas grandes el segundo fin de semana de mayo y para los que ya restan menos de 365 d\u00edas.<\/p>\n","protected":false},"excerpt":{"rendered":"<p>Como manda la tradici\u00f3n, las Fiestas de Moros y Cristianos de Muro culminaron con el retorno procesional de la Virgen&#8230;<\/p>\n","protected":false},"author":1,"featured_media":133946,"comment_status":"open","ping_status":"open","sticky":false,"template":"","format":"standard","meta":{"footnotes":""},"categories":[6909,98,75],"tags":[2001,4702,135,16878],"class_list":["post-133945","post","type-post","status-publish","format-standard","has-post-thumbnail","hentry","category-actualidad","category-comarcas","category-noticias","tag-fiestas-de-moros-y-cristianos","tag-final","tag-muro","tag-puja-mare-de-deu"],"yoast_head":"<!-- This site is optimized with the Yoast SEO plugin v27.3 - https:\/\/yoast.com\/product\/yoast-seo-wordpress\/ -->\n<title>La &#039;Puj\u00e0&#039; despidi\u00f3 las Fiestas de Muro m\u00e1s participativas - COPE Alcoy<\/title>\n<meta name=\"description\" content=\"Las Fiestas de Moros y Cristianos de Muro culminaron con el retorno procesional de la Virgen de los Desamparados desde la parroquia a su Ermita\" \/>\n<meta name=\"robots\" content=\"index, follow, max-snippet:-1, max-image-preview:large, max-video-preview:-1\" \/>\n<link rel=\"canonical\" href=\"https:\/\/www.copealcoy.es\/es\/la-puja-despidio-las-fiestas-de-muro-mas-participativas\/\" \/>\n<meta property=\"og:locale\" content=\"es_ES\" \/>\n<meta property=\"og:type\" content=\"article\" \/>\n<meta property=\"og:title\" content=\"La &#039;Puj\u00e0&#039; despidi\u00f3 las Fiestas de Muro m\u00e1s participativas - COPE Alcoy\" \/>\n<meta property=\"og:description\" content=\"Las Fiestas de Moros y Cristianos de Muro culminaron con el retorno procesional de la Virgen de los Desamparados desde la parroquia a su Ermita\" \/>\n<meta property=\"og:url\" content=\"https:\/\/www.copealcoy.es\/es\/la-puja-despidio-las-fiestas-de-muro-mas-participativas\/\" \/>\n<meta property=\"og:site_name\" content=\"COPE Alcoy\" \/>\n<meta property=\"article:published_time\" content=\"2024-05-22T09:47:04+00:00\" \/>\n<meta property=\"article:modified_time\" content=\"2024-05-23T17:17:19+00:00\" \/>\n<meta property=\"og:image\" content=\"https:\/\/www.copealcoy.es\/wp-content\/uploads\/2024\/05\/unnamed-1-29-scaled.jpg\" \/>\n\t<meta property=\"og:image:width\" content=\"1774\" \/>\n\t<meta property=\"og:image:height\" content=\"1080\" \/>\n\t<meta property=\"og:image:type\" content=\"image\/jpeg\" \/>\n<meta name=\"author\" content=\"Cope Alcoy\" \/>\n<meta name=\"twitter:label1\" content=\"Escrito por\" \/>\n\t<meta name=\"twitter:data1\" content=\"Cope Alcoy\" \/>\n\t<meta name=\"twitter:label2\" content=\"Tiempo de lectura\" \/>\n\t<meta name=\"twitter:data2\" content=\"3 minutos\" \/>\n<script type=\"application\/ld+json\" class=\"yoast-schema-graph\">{\"@context\":\"https:\\\/\\\/schema.org\",\"@graph\":[{\"@type\":\"Article\",\"@id\":\"https:\\\/\\\/www.copealcoy.es\\\/es\\\/la-puja-despidio-las-fiestas-de-muro-mas-participativas\\\/#article\",\"isPartOf\":{\"@id\":\"https:\\\/\\\/www.copealcoy.es\\\/es\\\/la-puja-despidio-las-fiestas-de-muro-mas-participativas\\\/\"},\"author\":{\"name\":\"Cope Alcoy\",\"@id\":\"https:\\\/\\\/www.copealcoy.es\\\/es\\\/#\\\/schema\\\/person\\\/e777c87fa024e57d40170af9df39882c\"},\"headline\":\"La &#8216;Puj\u00e0&#8217; despidi\u00f3 las Fiestas de Muro m\u00e1s participativas\",\"datePublished\":\"2024-05-22T09:47:04+00:00\",\"dateModified\":\"2024-05-23T17:17:19+00:00\",\"mainEntityOfPage\":{\"@id\":\"https:\\\/\\\/www.copealcoy.es\\\/es\\\/la-puja-despidio-las-fiestas-de-muro-mas-participativas\\\/\"},\"wordCount\":593,\"commentCount\":0,\"image\":{\"@id\":\"https:\\\/\\\/www.copealcoy.es\\\/es\\\/la-puja-despidio-las-fiestas-de-muro-mas-participativas\\\/#primaryimage\"},\"thumbnailUrl\":\"https:\\\/\\\/www.copealcoy.es\\\/wp-content\\\/uploads\\\/2024\\\/05\\\/unnamed-1-29-scaled.jpg\",\"keywords\":[\"Fiestas de Moros y Cristianos\",\"final\",\"Muro\",\"Puj\u00e0 Mare de D\u00e9u\"],\"articleSection\":[\"Actualidad\",\"Comarcas\",\"Noticias\"],\"inLanguage\":\"es\"},{\"@type\":\"WebPage\",\"@id\":\"https:\\\/\\\/www.copealcoy.es\\\/es\\\/la-puja-despidio-las-fiestas-de-muro-mas-participativas\\\/\",\"url\":\"https:\\\/\\\/www.copealcoy.es\\\/es\\\/la-puja-despidio-las-fiestas-de-muro-mas-participativas\\\/\",\"name\":\"La 'Puj\u00e0' despidi\u00f3 las Fiestas de Muro m\u00e1s participativas - COPE Alcoy\",\"isPartOf\":{\"@id\":\"https:\\\/\\\/www.copealcoy.es\\\/es\\\/#website\"},\"primaryImageOfPage\":{\"@id\":\"https:\\\/\\\/www.copealcoy.es\\\/es\\\/la-puja-despidio-las-fiestas-de-muro-mas-participativas\\\/#primaryimage\"},\"image\":{\"@id\":\"https:\\\/\\\/www.copealcoy.es\\\/es\\\/la-puja-despidio-las-fiestas-de-muro-mas-participativas\\\/#primaryimage\"},\"thumbnailUrl\":\"https:\\\/\\\/www.copealcoy.es\\\/wp-content\\\/uploads\\\/2024\\\/05\\\/unnamed-1-29-scaled.jpg\",\"datePublished\":\"2024-05-22T09:47:04+00:00\",\"dateModified\":\"2024-05-23T17:17:19+00:00\",\"author\":{\"@id\":\"https:\\\/\\\/www.copealcoy.es\\\/es\\\/#\\\/schema\\\/person\\\/e777c87fa024e57d40170af9df39882c\"},\"description\":\"Las Fiestas de Moros y Cristianos de Muro culminaron con el retorno procesional de la Virgen de los Desamparados desde la parroquia a su Ermita\",\"breadcrumb\":{\"@id\":\"https:\\\/\\\/www.copealcoy.es\\\/es\\\/la-puja-despidio-las-fiestas-de-muro-mas-participativas\\\/#breadcrumb\"},\"inLanguage\":\"es\",\"potentialAction\":[{\"@type\":\"ReadAction\",\"target\":[\"https:\\\/\\\/www.copealcoy.es\\\/es\\\/la-puja-despidio-las-fiestas-de-muro-mas-participativas\\\/\"]}]},{\"@type\":\"ImageObject\",\"inLanguage\":\"es\",\"@id\":\"https:\\\/\\\/www.copealcoy.es\\\/es\\\/la-puja-despidio-las-fiestas-de-muro-mas-participativas\\\/#primaryimage\",\"url\":\"https:\\\/\\\/www.copealcoy.es\\\/wp-content\\\/uploads\\\/2024\\\/05\\\/unnamed-1-29-scaled.jpg\",\"contentUrl\":\"https:\\\/\\\/www.copealcoy.es\\\/wp-content\\\/uploads\\\/2024\\\/05\\\/unnamed-1-29-scaled.jpg\",\"width\":1774,\"height\":1080},{\"@type\":\"BreadcrumbList\",\"@id\":\"https:\\\/\\\/www.copealcoy.es\\\/es\\\/la-puja-despidio-las-fiestas-de-muro-mas-participativas\\\/#breadcrumb\",\"itemListElement\":[{\"@type\":\"ListItem\",\"position\":1,\"name\":\"Portada\",\"item\":\"https:\\\/\\\/www.copealcoy.es\\\/es\\\/\"},{\"@type\":\"ListItem\",\"position\":2,\"name\":\"La &#8216;Puj\u00e0&#8217; despidi\u00f3 las Fiestas de Muro m\u00e1s participativas\"}]},{\"@type\":\"WebSite\",\"@id\":\"https:\\\/\\\/www.copealcoy.es\\\/es\\\/#website\",\"url\":\"https:\\\/\\\/www.copealcoy.es\\\/es\\\/\",\"name\":\"COPE Alcoy\",\"description\":\"Emisora COPE de radio local con emisi\u00f3n online. Pont de Sant Jordi 8-10 03803 Alcoy\",\"potentialAction\":[{\"@type\":\"SearchAction\",\"target\":{\"@type\":\"EntryPoint\",\"urlTemplate\":\"https:\\\/\\\/www.copealcoy.es\\\/es\\\/?s={search_term_string}\"},\"query-input\":{\"@type\":\"PropertyValueSpecification\",\"valueRequired\":true,\"valueName\":\"search_term_string\"}}],\"inLanguage\":\"es\"},{\"@type\":\"Person\",\"@id\":\"https:\\\/\\\/www.copealcoy.es\\\/es\\\/#\\\/schema\\\/person\\\/e777c87fa024e57d40170af9df39882c\",\"name\":\"Cope Alcoy\",\"image\":{\"@type\":\"ImageObject\",\"inLanguage\":\"es\",\"@id\":\"https:\\\/\\\/secure.gravatar.com\\\/avatar\\\/bb65d0283347e303893ba14f0692005417c1e0e690a325a4c5d8bb2b3943ee14?s=96&d=mm&r=g\",\"url\":\"https:\\\/\\\/secure.gravatar.com\\\/avatar\\\/bb65d0283347e303893ba14f0692005417c1e0e690a325a4c5d8bb2b3943ee14?s=96&d=mm&r=g\",\"contentUrl\":\"https:\\\/\\\/secure.gravatar.com\\\/avatar\\\/bb65d0283347e303893ba14f0692005417c1e0e690a325a4c5d8bb2b3943ee14?s=96&d=mm&r=g\",\"caption\":\"Cope Alcoy\"}}]}<\/script>\n<!-- \/ Yoast SEO plugin. -->","yoast_head_json":{"title":"La 'Puj\u00e0' despidi\u00f3 las Fiestas de Muro m\u00e1s participativas - COPE Alcoy","description":"Las Fiestas de Moros y Cristianos de Muro culminaron con el retorno procesional de la Virgen de los Desamparados desde la parroquia a su Ermita","robots":{"index":"index","follow":"follow","max-snippet":"max-snippet:-1","max-image-preview":"max-image-preview:large","max-video-preview":"max-video-preview:-1"},"canonical":"https:\/\/www.copealcoy.es\/es\/la-puja-despidio-las-fiestas-de-muro-mas-participativas\/","og_locale":"es_ES","og_type":"article","og_title":"La 'Puj\u00e0' despidi\u00f3 las Fiestas de Muro m\u00e1s participativas - COPE Alcoy","og_description":"Las Fiestas de Moros y Cristianos de Muro culminaron con el retorno procesional de la Virgen de los Desamparados desde la parroquia a su Ermita","og_url":"https:\/\/www.copealcoy.es\/es\/la-puja-despidio-las-fiestas-de-muro-mas-participativas\/","og_site_name":"COPE Alcoy","article_published_time":"2024-05-22T09:47:04+00:00","article_modified_time":"2024-05-23T17:17:19+00:00","og_image":[{"width":1774,"height":1080,"url":"https:\/\/www.copealcoy.es\/wp-content\/uploads\/2024\/05\/unnamed-1-29-scaled.jpg","type":"image\/jpeg"}],"author":"Cope Alcoy","twitter_misc":{"Escrito por":"Cope Alcoy","Tiempo de lectura":"3 minutos"},"schema":{"@context":"https:\/\/schema.org","@graph":[{"@type":"Article","@id":"https:\/\/www.copealcoy.es\/es\/la-puja-despidio-las-fiestas-de-muro-mas-participativas\/#article","isPartOf":{"@id":"https:\/\/www.copealcoy.es\/es\/la-puja-despidio-las-fiestas-de-muro-mas-participativas\/"},"author":{"name":"Cope Alcoy","@id":"https:\/\/www.copealcoy.es\/es\/#\/schema\/person\/e777c87fa024e57d40170af9df39882c"},"headline":"La &#8216;Puj\u00e0&#8217; despidi\u00f3 las Fiestas de Muro m\u00e1s participativas","datePublished":"2024-05-22T09:47:04+00:00","dateModified":"2024-05-23T17:17:19+00:00","mainEntityOfPage":{"@id":"https:\/\/www.copealcoy.es\/es\/la-puja-despidio-las-fiestas-de-muro-mas-participativas\/"},"wordCount":593,"commentCount":0,"image":{"@id":"https:\/\/www.copealcoy.es\/es\/la-puja-despidio-las-fiestas-de-muro-mas-participativas\/#primaryimage"},"thumbnailUrl":"https:\/\/www.copealcoy.es\/wp-content\/uploads\/2024\/05\/unnamed-1-29-scaled.jpg","keywords":["Fiestas de Moros y Cristianos","final","Muro","Puj\u00e0 Mare de D\u00e9u"],"articleSection":["Actualidad","Comarcas","Noticias"],"inLanguage":"es"},{"@type":"WebPage","@id":"https:\/\/www.copealcoy.es\/es\/la-puja-despidio-las-fiestas-de-muro-mas-participativas\/","url":"https:\/\/www.copealcoy.es\/es\/la-puja-despidio-las-fiestas-de-muro-mas-participativas\/","name":"La 'Puj\u00e0' despidi\u00f3 las Fiestas de Muro m\u00e1s participativas - COPE Alcoy","isPartOf":{"@id":"https:\/\/www.copealcoy.es\/es\/#website"},"primaryImageOfPage":{"@id":"https:\/\/www.copealcoy.es\/es\/la-puja-despidio-las-fiestas-de-muro-mas-participativas\/#primaryimage"},"image":{"@id":"https:\/\/www.copealcoy.es\/es\/la-puja-despidio-las-fiestas-de-muro-mas-participativas\/#primaryimage"},"thumbnailUrl":"https:\/\/www.copealcoy.es\/wp-content\/uploads\/2024\/05\/unnamed-1-29-scaled.jpg","datePublished":"2024-05-22T09:47:04+00:00","dateModified":"2024-05-23T17:17:19+00:00","author":{"@id":"https:\/\/www.copealcoy.es\/es\/#\/schema\/person\/e777c87fa024e57d40170af9df39882c"},"description":"Las Fiestas de Moros y Cristianos de Muro culminaron con el retorno procesional de la Virgen de los Desamparados desde la parroquia a su Ermita","breadcrumb":{"@id":"https:\/\/www.copealcoy.es\/es\/la-puja-despidio-las-fiestas-de-muro-mas-participativas\/#breadcrumb"},"inLanguage":"es","potentialAction":[{"@type":"ReadAction","target":["https:\/\/www.copealcoy.es\/es\/la-puja-despidio-las-fiestas-de-muro-mas-participativas\/"]}]},{"@type":"ImageObject","inLanguage":"es","@id":"https:\/\/www.copealcoy.es\/es\/la-puja-despidio-las-fiestas-de-muro-mas-participativas\/#primaryimage","url":"https:\/\/www.copealcoy.es\/wp-content\/uploads\/2024\/05\/unnamed-1-29-scaled.jpg","contentUrl":"https:\/\/www.copealcoy.es\/wp-content\/uploads\/2024\/05\/unnamed-1-29-scaled.jpg","width":1774,"height":1080},{"@type":"BreadcrumbList","@id":"https:\/\/www.copealcoy.es\/es\/la-puja-despidio-las-fiestas-de-muro-mas-participativas\/#breadcrumb","itemListElement":[{"@type":"ListItem","position":1,"name":"Portada","item":"https:\/\/www.copealcoy.es\/es\/"},{"@type":"ListItem","position":2,"name":"La &#8216;Puj\u00e0&#8217; despidi\u00f3 las Fiestas de Muro m\u00e1s participativas"}]},{"@type":"WebSite","@id":"https:\/\/www.copealcoy.es\/es\/#website","url":"https:\/\/www.copealcoy.es\/es\/","name":"COPE Alcoy","description":"Emisora COPE de radio local con emisi\u00f3n online. Pont de Sant Jordi 8-10 03803 Alcoy","potentialAction":[{"@type":"SearchAction","target":{"@type":"EntryPoint","urlTemplate":"https:\/\/www.copealcoy.es\/es\/?s={search_term_string}"},"query-input":{"@type":"PropertyValueSpecification","valueRequired":true,"valueName":"search_term_string"}}],"inLanguage":"es"},{"@type":"Person","@id":"https:\/\/www.copealcoy.es\/es\/#\/schema\/person\/e777c87fa024e57d40170af9df39882c","name":"Cope Alcoy","image":{"@type":"ImageObject","inLanguage":"es","@id":"https:\/\/secure.gravatar.com\/avatar\/bb65d0283347e303893ba14f0692005417c1e0e690a325a4c5d8bb2b3943ee14?s=96&d=mm&r=g","url":"https:\/\/secure.gravatar.com\/avatar\/bb65d0283347e303893ba14f0692005417c1e0e690a325a4c5d8bb2b3943ee14?s=96&d=mm&r=g","contentUrl":"https:\/\/secure.gravatar.com\/avatar\/bb65d0283347e303893ba14f0692005417c1e0e690a325a4c5d8bb2b3943ee14?s=96&d=mm&r=g","caption":"Cope Alcoy"}}]}},"_links":{"self":[{"href":"https:\/\/www.copealcoy.es\/es\/wp-json\/wp\/v2\/posts\/133945","targetHints":{"allow":["GET"]}}],"collection":[{"href":"https:\/\/www.copealcoy.es\/es\/wp-json\/wp\/v2\/posts"}],"about":[{"href":"https:\/\/www.copealcoy.es\/es\/wp-json\/wp\/v2\/types\/post"}],"author":[{"embeddable":true,"href":"https:\/\/www.copealcoy.es\/es\/wp-json\/wp\/v2\/users\/1"}],"replies":[{"embeddable":true,"href":"https:\/\/www.copealcoy.es\/es\/wp-json\/wp\/v2\/comments?post=133945"}],"version-history":[{"count":0,"href":"https:\/\/www.copealcoy.es\/es\/wp-json\/wp\/v2\/posts\/133945\/revisions"}],"wp:featuredmedia":[{"embeddable":true,"href":"https:\/\/www.copealcoy.es\/es\/wp-json\/wp\/v2\/media\/133946"}],"wp:attachment":[{"href":"https:\/\/www.copealcoy.es\/es\/wp-json\/wp\/v2\/media?parent=133945"}],"wp:term":[{"taxonomy":"category","embeddable":true,"href":"https:\/\/www.copealcoy.es\/es\/wp-json\/wp\/v2\/categories?post=133945"},{"taxonomy":"post_tag","embeddable":true,"href":"https:\/\/www.copealcoy.es\/es\/wp-json\/wp\/v2\/tags?post=133945"}],"curies":[{"name":"wp","href":"https:\/\/api.w.org\/{rel}","templated":true}]}}