{"id":133866,"date":"2024-05-21T14:47:50","date_gmt":"2024-05-21T13:47:50","guid":{"rendered":"https:\/\/www.copealcoy.es\/?p=133866"},"modified":"2024-05-21T14:47:50","modified_gmt":"2024-05-21T13:47:50","slug":"detenido-cuando-intentaba-robar-en-una-tienda-de-alcoy","status":"publish","type":"post","link":"https:\/\/www.copealcoy.es\/es\/detenido-cuando-intentaba-robar-en-una-tienda-de-alcoy\/","title":{"rendered":"Detenido cuando intentaba robar en una tienda de Alcoy"},"content":{"rendered":"<p style=\"text-align: justify;\">Un <strong>hombre de 41 a\u00f1os<\/strong> ha sido detenido en Alcoy por un intento de robo en una tienda de ropa. Los hechos ocurrieron durante la noche, cuando la Polic\u00eda Nacional<strong> recibi\u00f3 un aviso sobre un individuo que estaba forzando el escaparate de un establecimiento<\/strong>. Varios medios policiales se movilizaron y establecieron un per\u00edmetro alrededor del \u00e1rea donde se estaban los hechos, bloqueando las posibles rutas de escape.<\/p>\n<p style=\"text-align: justify;\">Los agentes <strong>se personaron en el establecimiento<\/strong>, encontrando la puerta de cristal fracturada. En ese momento, <strong>un hombre de mediana edad sal\u00eda apresuradamente del interior<\/strong>, portando una tapa del alcantarillado municipal con la que hab\u00eda roto la puerta. Ante la presencia policial, <strong>el autor intent\u00f3 abandonar la zona del robo<\/strong>, deshaci\u00e9ndose del objeto que llevaba en sus manos.<\/p>\n<p style=\"text-align: justify;\">La Polic\u00eda Nacional <strong>intercept\u00f3 y detuvo al individuo<\/strong>, quien no logr\u00f3 llevarse ning\u00fan art\u00edculo pero caus\u00f3 <strong>da\u00f1os significativos<\/strong> en las instalaciones. El detenido, con antecedentes por hechos similares, <strong>fue puesto a disposici\u00f3n del Juzgado<\/strong>.<\/p>\n<p><span style=\"color: #0000ff;\"><strong>Traslado de una mujer tras sufrir una parada card\u00edaca<\/strong><\/span><\/p>\n<p style=\"text-align: justify;\">El\u00a0<span style=\"color: #0000ff;\"><a style=\"color: #0000ff;\" href=\"https:\/\/ses.san.gva.es\/es\/descripcio-de-recursos\/-\/asset_publisher\/2FUkle9MG1W5\/content\/prueba-recurso-asistencial-1\" target=\"_blank\" rel=\"noopener\"><strong>Centro de Coordinaci\u00f3n de Urgencias de la Generalitat Valenciana (CICU), <\/strong><\/a><\/span>como ya contamos en COPE ALCOY ayer, inform\u00f3 este pasado fin de semana de un servicio prestado en la localidad de <strong>Castalla<\/strong>. Y es que\u00a0<strong>una mujer de 60 a\u00f1os fue trasladada al Hospital Virgen de los Lirios de Alcoy<\/strong>\u00a0despu\u00e9s de sufrir\u00a0<strong>una parada card\u00edaca<\/strong>\u00a0en plena v\u00eda p\u00fablica de este municipio de la Foia.<\/p>\n<p style=\"text-align: justify;\">El aviso, seg\u00fan la informaci\u00f3n facilitada,\u00a0<strong>se recibi\u00f3 en torno a las 20:21h del s\u00e1bado<\/strong>\u00a0y hasta el lugar de los hechos, la calle San Antonio de Castalla;\u00a0<strong>acudi\u00f3 una unidad del SAMU<\/strong>\u00a0que pudo recuperar a la afectada. Posteriormente, esta\u00a0<strong>fue trasladada al Hospital Virgen de los Lirios de Alcoy<\/strong>\u00a0y todo qued\u00f3 en un susto. La<strong>\u00a0r\u00e1pida actuaci\u00f3n de los servicios sanitarios<\/strong>\u00a0permiti\u00f3 salvarle la vida a la afectada.<\/p>\n","protected":false},"excerpt":{"rendered":"<p>Un hombre de 41 a\u00f1os ha sido detenido en Alcoy por un intento de robo en una tienda de ropa&#8230;.<\/p>\n","protected":false},"author":1,"featured_media":123103,"comment_status":"open","ping_status":"open","sticky":false,"template":"","format":"standard","meta":{"footnotes":""},"categories":[6909,97,75],"tags":[1494,16865,1836,11317],"class_list":["post-133866","post","type-post","status-publish","format-standard","has-post-thumbnail","hentry","category-actualidad","category-alcoy","category-noticias","tag-alcoy","tag-intento-de-robo","tag-policia-nacional","tag-tienda"],"yoast_head":"<!-- This site is optimized with the Yoast SEO plugin v27.3 - https:\/\/yoast.com\/product\/yoast-seo-wordpress\/ -->\n<title>Detenido cuando intentaba robar en una tienda de Alcoy - COPE Alcoy<\/title>\n<meta name=\"robots\" content=\"index, follow, max-snippet:-1, max-image-preview:large, max-video-preview:-1\" \/>\n<link rel=\"canonical\" href=\"https:\/\/www.copealcoy.es\/es\/detenido-cuando-intentaba-robar-en-una-tienda-de-alcoy\/\" \/>\n<meta property=\"og:locale\" content=\"es_ES\" \/>\n<meta property=\"og:type\" content=\"article\" \/>\n<meta property=\"og:title\" content=\"Detenido cuando intentaba robar en una tienda de Alcoy - COPE Alcoy\" \/>\n<meta property=\"og:description\" content=\"Un hombre de 41 a\u00f1os ha sido detenido en Alcoy por un intento de robo en una tienda de ropa....\" \/>\n<meta property=\"og:url\" content=\"https:\/\/www.copealcoy.es\/es\/detenido-cuando-intentaba-robar-en-una-tienda-de-alcoy\/\" \/>\n<meta property=\"og:site_name\" content=\"COPE Alcoy\" \/>\n<meta property=\"article:published_time\" content=\"2024-05-21T13:47:50+00:00\" \/>\n<meta property=\"og:image\" content=\"https:\/\/www.copealcoy.es\/wp-content\/uploads\/2023\/10\/Foto-Archivo-Alcoy-con-Escudo-1-scaled-e1696928917495.jpg\" \/>\n\t<meta property=\"og:image:width\" content=\"640\" \/>\n\t<meta property=\"og:image:height\" content=\"388\" \/>\n\t<meta property=\"og:image:type\" content=\"image\/jpeg\" \/>\n<meta name=\"author\" content=\"Cope Alcoy\" \/>\n<meta name=\"twitter:label1\" content=\"Escrito por\" \/>\n\t<meta name=\"twitter:data1\" content=\"Cope Alcoy\" \/>\n\t<meta name=\"twitter:label2\" content=\"Tiempo de lectura\" \/>\n\t<meta name=\"twitter:data2\" content=\"2 minutos\" \/>\n<script type=\"application\/ld+json\" class=\"yoast-schema-graph\">{\"@context\":\"https:\\\/\\\/schema.org\",\"@graph\":[{\"@type\":\"Article\",\"@id\":\"https:\\\/\\\/www.copealcoy.es\\\/es\\\/detenido-cuando-intentaba-robar-en-una-tienda-de-alcoy\\\/#article\",\"isPartOf\":{\"@id\":\"https:\\\/\\\/www.copealcoy.es\\\/es\\\/detenido-cuando-intentaba-robar-en-una-tienda-de-alcoy\\\/\"},\"author\":{\"name\":\"Cope Alcoy\",\"@id\":\"https:\\\/\\\/www.copealcoy.es\\\/es\\\/#\\\/schema\\\/person\\\/e777c87fa024e57d40170af9df39882c\"},\"headline\":\"Detenido cuando intentaba robar en una tienda de Alcoy\",\"datePublished\":\"2024-05-21T13:47:50+00:00\",\"mainEntityOfPage\":{\"@id\":\"https:\\\/\\\/www.copealcoy.es\\\/es\\\/detenido-cuando-intentaba-robar-en-una-tienda-de-alcoy\\\/\"},\"wordCount\":336,\"commentCount\":0,\"image\":{\"@id\":\"https:\\\/\\\/www.copealcoy.es\\\/es\\\/detenido-cuando-intentaba-robar-en-una-tienda-de-alcoy\\\/#primaryimage\"},\"thumbnailUrl\":\"https:\\\/\\\/www.copealcoy.es\\\/wp-content\\\/uploads\\\/2023\\\/10\\\/Foto-Archivo-Alcoy-con-Escudo-1-scaled-e1696928917495.jpg\",\"keywords\":[\"Alcoy\",\"intento de robo\",\"Polic\u00eda Nacional\",\"tienda\"],\"articleSection\":[\"Actualidad\",\"Alcoy\",\"Noticias\"],\"inLanguage\":\"es\"},{\"@type\":\"WebPage\",\"@id\":\"https:\\\/\\\/www.copealcoy.es\\\/es\\\/detenido-cuando-intentaba-robar-en-una-tienda-de-alcoy\\\/\",\"url\":\"https:\\\/\\\/www.copealcoy.es\\\/es\\\/detenido-cuando-intentaba-robar-en-una-tienda-de-alcoy\\\/\",\"name\":\"Detenido cuando intentaba robar en una tienda de Alcoy - COPE Alcoy\",\"isPartOf\":{\"@id\":\"https:\\\/\\\/www.copealcoy.es\\\/es\\\/#website\"},\"primaryImageOfPage\":{\"@id\":\"https:\\\/\\\/www.copealcoy.es\\\/es\\\/detenido-cuando-intentaba-robar-en-una-tienda-de-alcoy\\\/#primaryimage\"},\"image\":{\"@id\":\"https:\\\/\\\/www.copealcoy.es\\\/es\\\/detenido-cuando-intentaba-robar-en-una-tienda-de-alcoy\\\/#primaryimage\"},\"thumbnailUrl\":\"https:\\\/\\\/www.copealcoy.es\\\/wp-content\\\/uploads\\\/2023\\\/10\\\/Foto-Archivo-Alcoy-con-Escudo-1-scaled-e1696928917495.jpg\",\"datePublished\":\"2024-05-21T13:47:50+00:00\",\"author\":{\"@id\":\"https:\\\/\\\/www.copealcoy.es\\\/es\\\/#\\\/schema\\\/person\\\/e777c87fa024e57d40170af9df39882c\"},\"breadcrumb\":{\"@id\":\"https:\\\/\\\/www.copealcoy.es\\\/es\\\/detenido-cuando-intentaba-robar-en-una-tienda-de-alcoy\\\/#breadcrumb\"},\"inLanguage\":\"es\",\"potentialAction\":[{\"@type\":\"ReadAction\",\"target\":[\"https:\\\/\\\/www.copealcoy.es\\\/es\\\/detenido-cuando-intentaba-robar-en-una-tienda-de-alcoy\\\/\"]}]},{\"@type\":\"ImageObject\",\"inLanguage\":\"es\",\"@id\":\"https:\\\/\\\/www.copealcoy.es\\\/es\\\/detenido-cuando-intentaba-robar-en-una-tienda-de-alcoy\\\/#primaryimage\",\"url\":\"https:\\\/\\\/www.copealcoy.es\\\/wp-content\\\/uploads\\\/2023\\\/10\\\/Foto-Archivo-Alcoy-con-Escudo-1-scaled-e1696928917495.jpg\",\"contentUrl\":\"https:\\\/\\\/www.copealcoy.es\\\/wp-content\\\/uploads\\\/2023\\\/10\\\/Foto-Archivo-Alcoy-con-Escudo-1-scaled-e1696928917495.jpg\",\"width\":640,\"height\":388},{\"@type\":\"BreadcrumbList\",\"@id\":\"https:\\\/\\\/www.copealcoy.es\\\/es\\\/detenido-cuando-intentaba-robar-en-una-tienda-de-alcoy\\\/#breadcrumb\",\"itemListElement\":[{\"@type\":\"ListItem\",\"position\":1,\"name\":\"Portada\",\"item\":\"https:\\\/\\\/www.copealcoy.es\\\/es\\\/\"},{\"@type\":\"ListItem\",\"position\":2,\"name\":\"Detenido cuando intentaba robar en una tienda de Alcoy\"}]},{\"@type\":\"WebSite\",\"@id\":\"https:\\\/\\\/www.copealcoy.es\\\/es\\\/#website\",\"url\":\"https:\\\/\\\/www.copealcoy.es\\\/es\\\/\",\"name\":\"COPE Alcoy\",\"description\":\"Emisora COPE de radio local con emisi\u00f3n online. Pont de Sant Jordi 8-10 03803 Alcoy\",\"potentialAction\":[{\"@type\":\"SearchAction\",\"target\":{\"@type\":\"EntryPoint\",\"urlTemplate\":\"https:\\\/\\\/www.copealcoy.es\\\/es\\\/?s={search_term_string}\"},\"query-input\":{\"@type\":\"PropertyValueSpecification\",\"valueRequired\":true,\"valueName\":\"search_term_string\"}}],\"inLanguage\":\"es\"},{\"@type\":\"Person\",\"@id\":\"https:\\\/\\\/www.copealcoy.es\\\/es\\\/#\\\/schema\\\/person\\\/e777c87fa024e57d40170af9df39882c\",\"name\":\"Cope Alcoy\",\"image\":{\"@type\":\"ImageObject\",\"inLanguage\":\"es\",\"@id\":\"https:\\\/\\\/secure.gravatar.com\\\/avatar\\\/bb65d0283347e303893ba14f0692005417c1e0e690a325a4c5d8bb2b3943ee14?s=96&d=mm&r=g\",\"url\":\"https:\\\/\\\/secure.gravatar.com\\\/avatar\\\/bb65d0283347e303893ba14f0692005417c1e0e690a325a4c5d8bb2b3943ee14?s=96&d=mm&r=g\",\"contentUrl\":\"https:\\\/\\\/secure.gravatar.com\\\/avatar\\\/bb65d0283347e303893ba14f0692005417c1e0e690a325a4c5d8bb2b3943ee14?s=96&d=mm&r=g\",\"caption\":\"Cope Alcoy\"}}]}<\/script>\n<!-- \/ Yoast SEO plugin. -->","yoast_head_json":{"title":"Detenido cuando intentaba robar en una tienda de Alcoy - COPE Alcoy","robots":{"index":"index","follow":"follow","max-snippet":"max-snippet:-1","max-image-preview":"max-image-preview:large","max-video-preview":"max-video-preview:-1"},"canonical":"https:\/\/www.copealcoy.es\/es\/detenido-cuando-intentaba-robar-en-una-tienda-de-alcoy\/","og_locale":"es_ES","og_type":"article","og_title":"Detenido cuando intentaba robar en una tienda de Alcoy - COPE Alcoy","og_description":"Un hombre de 41 a\u00f1os ha sido detenido en Alcoy por un intento de robo en una tienda de ropa....","og_url":"https:\/\/www.copealcoy.es\/es\/detenido-cuando-intentaba-robar-en-una-tienda-de-alcoy\/","og_site_name":"COPE Alcoy","article_published_time":"2024-05-21T13:47:50+00:00","og_image":[{"width":640,"height":388,"url":"https:\/\/www.copealcoy.es\/wp-content\/uploads\/2023\/10\/Foto-Archivo-Alcoy-con-Escudo-1-scaled-e1696928917495.jpg","type":"image\/jpeg"}],"author":"Cope Alcoy","twitter_misc":{"Escrito por":"Cope Alcoy","Tiempo de lectura":"2 minutos"},"schema":{"@context":"https:\/\/schema.org","@graph":[{"@type":"Article","@id":"https:\/\/www.copealcoy.es\/es\/detenido-cuando-intentaba-robar-en-una-tienda-de-alcoy\/#article","isPartOf":{"@id":"https:\/\/www.copealcoy.es\/es\/detenido-cuando-intentaba-robar-en-una-tienda-de-alcoy\/"},"author":{"name":"Cope Alcoy","@id":"https:\/\/www.copealcoy.es\/es\/#\/schema\/person\/e777c87fa024e57d40170af9df39882c"},"headline":"Detenido cuando intentaba robar en una tienda de Alcoy","datePublished":"2024-05-21T13:47:50+00:00","mainEntityOfPage":{"@id":"https:\/\/www.copealcoy.es\/es\/detenido-cuando-intentaba-robar-en-una-tienda-de-alcoy\/"},"wordCount":336,"commentCount":0,"image":{"@id":"https:\/\/www.copealcoy.es\/es\/detenido-cuando-intentaba-robar-en-una-tienda-de-alcoy\/#primaryimage"},"thumbnailUrl":"https:\/\/www.copealcoy.es\/wp-content\/uploads\/2023\/10\/Foto-Archivo-Alcoy-con-Escudo-1-scaled-e1696928917495.jpg","keywords":["Alcoy","intento de robo","Polic\u00eda Nacional","tienda"],"articleSection":["Actualidad","Alcoy","Noticias"],"inLanguage":"es"},{"@type":"WebPage","@id":"https:\/\/www.copealcoy.es\/es\/detenido-cuando-intentaba-robar-en-una-tienda-de-alcoy\/","url":"https:\/\/www.copealcoy.es\/es\/detenido-cuando-intentaba-robar-en-una-tienda-de-alcoy\/","name":"Detenido cuando intentaba robar en una tienda de Alcoy - COPE Alcoy","isPartOf":{"@id":"https:\/\/www.copealcoy.es\/es\/#website"},"primaryImageOfPage":{"@id":"https:\/\/www.copealcoy.es\/es\/detenido-cuando-intentaba-robar-en-una-tienda-de-alcoy\/#primaryimage"},"image":{"@id":"https:\/\/www.copealcoy.es\/es\/detenido-cuando-intentaba-robar-en-una-tienda-de-alcoy\/#primaryimage"},"thumbnailUrl":"https:\/\/www.copealcoy.es\/wp-content\/uploads\/2023\/10\/Foto-Archivo-Alcoy-con-Escudo-1-scaled-e1696928917495.jpg","datePublished":"2024-05-21T13:47:50+00:00","author":{"@id":"https:\/\/www.copealcoy.es\/es\/#\/schema\/person\/e777c87fa024e57d40170af9df39882c"},"breadcrumb":{"@id":"https:\/\/www.copealcoy.es\/es\/detenido-cuando-intentaba-robar-en-una-tienda-de-alcoy\/#breadcrumb"},"inLanguage":"es","potentialAction":[{"@type":"ReadAction","target":["https:\/\/www.copealcoy.es\/es\/detenido-cuando-intentaba-robar-en-una-tienda-de-alcoy\/"]}]},{"@type":"ImageObject","inLanguage":"es","@id":"https:\/\/www.copealcoy.es\/es\/detenido-cuando-intentaba-robar-en-una-tienda-de-alcoy\/#primaryimage","url":"https:\/\/www.copealcoy.es\/wp-content\/uploads\/2023\/10\/Foto-Archivo-Alcoy-con-Escudo-1-scaled-e1696928917495.jpg","contentUrl":"https:\/\/www.copealcoy.es\/wp-content\/uploads\/2023\/10\/Foto-Archivo-Alcoy-con-Escudo-1-scaled-e1696928917495.jpg","width":640,"height":388},{"@type":"BreadcrumbList","@id":"https:\/\/www.copealcoy.es\/es\/detenido-cuando-intentaba-robar-en-una-tienda-de-alcoy\/#breadcrumb","itemListElement":[{"@type":"ListItem","position":1,"name":"Portada","item":"https:\/\/www.copealcoy.es\/es\/"},{"@type":"ListItem","position":2,"name":"Detenido cuando intentaba robar en una tienda de Alcoy"}]},{"@type":"WebSite","@id":"https:\/\/www.copealcoy.es\/es\/#website","url":"https:\/\/www.copealcoy.es\/es\/","name":"COPE Alcoy","description":"Emisora COPE de radio local con emisi\u00f3n online. Pont de Sant Jordi 8-10 03803 Alcoy","potentialAction":[{"@type":"SearchAction","target":{"@type":"EntryPoint","urlTemplate":"https:\/\/www.copealcoy.es\/es\/?s={search_term_string}"},"query-input":{"@type":"PropertyValueSpecification","valueRequired":true,"valueName":"search_term_string"}}],"inLanguage":"es"},{"@type":"Person","@id":"https:\/\/www.copealcoy.es\/es\/#\/schema\/person\/e777c87fa024e57d40170af9df39882c","name":"Cope Alcoy","image":{"@type":"ImageObject","inLanguage":"es","@id":"https:\/\/secure.gravatar.com\/avatar\/bb65d0283347e303893ba14f0692005417c1e0e690a325a4c5d8bb2b3943ee14?s=96&d=mm&r=g","url":"https:\/\/secure.gravatar.com\/avatar\/bb65d0283347e303893ba14f0692005417c1e0e690a325a4c5d8bb2b3943ee14?s=96&d=mm&r=g","contentUrl":"https:\/\/secure.gravatar.com\/avatar\/bb65d0283347e303893ba14f0692005417c1e0e690a325a4c5d8bb2b3943ee14?s=96&d=mm&r=g","caption":"Cope Alcoy"}}]}},"_links":{"self":[{"href":"https:\/\/www.copealcoy.es\/es\/wp-json\/wp\/v2\/posts\/133866","targetHints":{"allow":["GET"]}}],"collection":[{"href":"https:\/\/www.copealcoy.es\/es\/wp-json\/wp\/v2\/posts"}],"about":[{"href":"https:\/\/www.copealcoy.es\/es\/wp-json\/wp\/v2\/types\/post"}],"author":[{"embeddable":true,"href":"https:\/\/www.copealcoy.es\/es\/wp-json\/wp\/v2\/users\/1"}],"replies":[{"embeddable":true,"href":"https:\/\/www.copealcoy.es\/es\/wp-json\/wp\/v2\/comments?post=133866"}],"version-history":[{"count":0,"href":"https:\/\/www.copealcoy.es\/es\/wp-json\/wp\/v2\/posts\/133866\/revisions"}],"wp:featuredmedia":[{"embeddable":true,"href":"https:\/\/www.copealcoy.es\/es\/wp-json\/wp\/v2\/media\/123103"}],"wp:attachment":[{"href":"https:\/\/www.copealcoy.es\/es\/wp-json\/wp\/v2\/media?parent=133866"}],"wp:term":[{"taxonomy":"category","embeddable":true,"href":"https:\/\/www.copealcoy.es\/es\/wp-json\/wp\/v2\/categories?post=133866"},{"taxonomy":"post_tag","embeddable":true,"href":"https:\/\/www.copealcoy.es\/es\/wp-json\/wp\/v2\/tags?post=133866"}],"curies":[{"name":"wp","href":"https:\/\/api.w.org\/{rel}","templated":true}]}}