{"id":133814,"date":"2024-05-21T08:00:52","date_gmt":"2024-05-21T07:00:52","guid":{"rendered":"https:\/\/www.copealcoy.es\/?p=133814"},"modified":"2024-05-21T08:49:32","modified_gmt":"2024-05-21T07:49:32","slug":"cinco-meses-despues-de-comenzar-2024-arranca-el-proceso-para-aprobar-los-presupuestos-de-alcoy","status":"publish","type":"post","link":"https:\/\/www.copealcoy.es\/es\/cinco-meses-despues-de-comenzar-2024-arranca-el-proceso-para-aprobar-los-presupuestos-de-alcoy\/","title":{"rendered":"Cinco meses despu\u00e9s de comenzar 2024, arranca el proceso para aprobar los Presupuestos de Alcoy"},"content":{"rendered":"<p style=\"text-align: justify;\">El gobierno local, <strong>formado por <a href=\"https:\/\/www.facebook.com\/psoealcoi\" target=\"_blank\" rel=\"noopener\"><span style=\"color: #0000ff;\">PSPV<\/span><\/a> y <a href=\"https:\/\/alcoi.compromis.net\/\" target=\"_blank\" rel=\"noopener\"><span style=\"color: #0000ff;\">Comprom\u00eds<\/span><\/a><\/strong>, ha iniciado el proceso para aprobar los Presupuestos Municipales del 2024. Las cuentas <strong>llegan casi seis meses despu\u00e9s de que comenzara el a\u00f1o<\/strong> y la intenci\u00f3n es que <strong>puedan ser debatidas<\/strong> en el pleno ordinario del mes de junio previsto para el viernes d\u00eda 7.<\/p>\n<p style=\"text-align: justify;\">En cuanto a las cifras, cabe destacar que <strong>el Presupuesto correspondiente a gasto corriente se eleva a 64&#8217;2 millones de euros<\/strong> y esto supone<strong> un incremento de casi el 4%<\/strong> en relaci\u00f3n al del a\u00f1o anterior. A esta cantidad <strong>hay que sumarle los m\u00e1s de treinta millones de euros pendientes de ejecutar<\/strong>, de los cuales <strong>20 ya tienen autorizado el gasto<\/strong> seg\u00fan informan desde el ejecutivo, con lo cual la cifra total de las mencionadas cuentas <strong>roza los 100 millones<\/strong> &#8220;<em>se ha dise\u00f1ado un Presupuesto que se articula en torno a tres patas fundamentales como son las pol\u00edticas sociales, mantenimiento y gastos de persona<\/em>l&#8221;, afirma la edil de Hacienda; <strong>Vanessa Molt\u00f3<\/strong>.<\/p>\n<p style=\"text-align: justify;\">Y en relaci\u00f3n a esto \u00faltimo que apunta la concejala, cabe destacar que <strong>la mencionada partida de personal pasar\u00e1 de 27 a 29&#8217;5 millones de euros<\/strong> para reforzar la plantilla en departamentos municipales como las Brigadas o para aplicar el reglamento de carrera horizontal en los funcionarios con car\u00e1cter retroactivo. En materia de <strong>servicios sociales<\/strong> se incrementa la asignaci\u00f3n porque el Ayuntamiento tiene que destinar \u00edntegramente los 900.000 euros para este fin &#8220;<em>despu\u00e9s de que la Diputaci\u00f3n retirara la subvenci\u00f3n de 650.000 euros que destinaba para ello<\/em>&#8220;, detall\u00f3 el viernes el alcalde, Toni Franc\u00e9s. El primer edil tambi\u00e9n explic\u00f3 que <strong>la cuant\u00eda para el mantenimiento de la ciudad aumenta en un mill\u00f3n de euros<\/strong>, llegando a los 420.000 euros para reparaci\u00f3n de aceras o pavimentos, y alcanzando los 400.000 euros en jardines &#8220;<em>es un Presupuesto que se ha dise\u00f1ado atendiendo las necesidades reales de Alcoy y pensando en el futuro<\/em>&#8220;, coment\u00f3 al respecto en la presentaci\u00f3n del borrador <strong>\u00c0lex Cerrradelo<\/strong>, vicealcalde de nuestra ciudad.<\/p>\n<p style=\"text-align: justify;\">Desde el gobierno local destacan que <strong><a href=\"https:\/\/www.facebook.com\/VOXAlcoy\" target=\"_blank\" rel=\"noopener\"><span style=\"color: #0000ff;\">VOX<\/span><\/a> ya ha puesto sobre la mesa que no respaldar\u00e1 las cuentas<\/strong> y se\u00f1alan que <strong>el <a href=\"https:\/\/www.facebook.com\/populares.alcoy\" target=\"_blank\" rel=\"noopener\"><span style=\"color: #0000ff;\">PP<\/span><\/a> no ha contactado con ellos<\/strong> para hacer aportaciones. Por \u00faltimo destacan que <strong>van por buen camino las negociaciones con <a href=\"https:\/\/www.facebook.com\/guanyaralcoi\" target=\"_blank\" rel=\"noopener\"><span style=\"color: #0000ff;\">Guanyar Alcoi<\/span><\/a><\/strong>, lo cual deja entrever que que el Presupuesto saldr\u00e1 adelante con amplio respaldo.<\/p>\n<p><span style=\"color: #0000ff;\"><strong>El PP pone sus l\u00edneas rojas<\/strong><\/span><\/p>\n<p style=\"text-align: justify;\">El Partido Popular de Alcoy <strong>ha lamentado que el PSPV y Comprom\u00eds presenten el Presupuesto fuera de plazo y a punto de llegar el verano<\/strong>. Los populares <strong>condicionan su voto<\/strong> a favor al hecho de que se incluya definitivamente en el borrador <strong>la partida de 400.000 euros para el reglamento de carrera horizontal de los funcionarios<\/strong> &#8220;<em>sin esto no tendr\u00e1n nuestro apoyo, y dudo que puedan tener el de otros partidos de la oposici\u00f3n. Esto nos llevar\u00eda a un escenario en el que el alcalde se tendr\u00eda que someter a una moci\u00f3n de confianza, poniendo en entredicho un liderazgo que ya est\u00e1 siendo cuestionando internamente. Ser\u00eda la primera vez en la historia que un alcalde tiene que enfrentarse a esta situaci\u00f3n en nuestro Ayuntamiento<\/em>&#8220;, concluye el portavoz de la formaci\u00f3n; <strong>Carlos Pastor<\/strong>.<\/p>\n","protected":false},"excerpt":{"rendered":"<p>El gobierno local, formado por PSPV y Comprom\u00eds, ha iniciado el proceso para aprobar los Presupuestos Municipales del 2024. Las&#8230;<\/p>\n","protected":false},"author":1,"featured_media":133815,"comment_status":"open","ping_status":"open","sticky":false,"template":"","format":"standard","meta":{"footnotes":""},"categories":[6909,97,75,79],"tags":[12752,1494,2058,1572],"class_list":["post-133814","post","type-post","status-publish","format-standard","has-post-thumbnail","hentry","category-actualidad","category-alcoy","category-noticias","category-politicayeconomia","tag-12752","tag-alcoy","tag-ayuntamiento-de-alcoy","tag-presupuestos-municipales"],"yoast_head":"<!-- This site is optimized with the Yoast SEO plugin v27.3 - https:\/\/yoast.com\/product\/yoast-seo-wordpress\/ -->\n<title>Cinco meses despu\u00e9s de comenzar 2024, arranca el proceso para aprobar los Presupuestos de Alcoy - COPE Alcoy<\/title>\n<meta name=\"description\" content=\"El gobierno local, formado por PSPV y Comprom\u00eds, ha iniciado el proceso para aprobar los Presupuestos Municipales del 2024\" \/>\n<meta name=\"robots\" content=\"index, follow, max-snippet:-1, max-image-preview:large, max-video-preview:-1\" \/>\n<link rel=\"canonical\" href=\"https:\/\/www.copealcoy.es\/es\/cinco-meses-despues-de-comenzar-2024-arranca-el-proceso-para-aprobar-los-presupuestos-de-alcoy\/\" \/>\n<meta property=\"og:locale\" content=\"es_ES\" \/>\n<meta property=\"og:type\" content=\"article\" \/>\n<meta property=\"og:title\" content=\"Cinco meses despu\u00e9s de comenzar 2024, arranca el proceso para aprobar los Presupuestos de Alcoy - COPE Alcoy\" \/>\n<meta property=\"og:description\" content=\"El gobierno local, formado por PSPV y Comprom\u00eds, ha iniciado el proceso para aprobar los Presupuestos Municipales del 2024\" \/>\n<meta property=\"og:url\" content=\"https:\/\/www.copealcoy.es\/es\/cinco-meses-despues-de-comenzar-2024-arranca-el-proceso-para-aprobar-los-presupuestos-de-alcoy\/\" \/>\n<meta property=\"og:site_name\" content=\"COPE Alcoy\" \/>\n<meta property=\"article:published_time\" content=\"2024-05-21T07:00:52+00:00\" \/>\n<meta property=\"article:modified_time\" content=\"2024-05-21T07:49:32+00:00\" \/>\n<meta property=\"og:image\" content=\"https:\/\/www.copealcoy.es\/wp-content\/uploads\/2024\/05\/unnamed-1-25-scaled.jpg\" \/>\n\t<meta property=\"og:image:width\" content=\"1670\" \/>\n\t<meta property=\"og:image:height\" content=\"1080\" \/>\n\t<meta property=\"og:image:type\" content=\"image\/jpeg\" \/>\n<meta name=\"author\" content=\"Cope Alcoy\" \/>\n<meta name=\"twitter:label1\" content=\"Escrito por\" \/>\n\t<meta name=\"twitter:data1\" content=\"Cope Alcoy\" \/>\n\t<meta name=\"twitter:label2\" content=\"Tiempo de lectura\" \/>\n\t<meta name=\"twitter:data2\" content=\"3 minutos\" \/>\n<script type=\"application\/ld+json\" class=\"yoast-schema-graph\">{\"@context\":\"https:\\\/\\\/schema.org\",\"@graph\":[{\"@type\":\"Article\",\"@id\":\"https:\\\/\\\/www.copealcoy.es\\\/es\\\/cinco-meses-despues-de-comenzar-2024-arranca-el-proceso-para-aprobar-los-presupuestos-de-alcoy\\\/#article\",\"isPartOf\":{\"@id\":\"https:\\\/\\\/www.copealcoy.es\\\/es\\\/cinco-meses-despues-de-comenzar-2024-arranca-el-proceso-para-aprobar-los-presupuestos-de-alcoy\\\/\"},\"author\":{\"name\":\"Cope Alcoy\",\"@id\":\"https:\\\/\\\/www.copealcoy.es\\\/es\\\/#\\\/schema\\\/person\\\/e777c87fa024e57d40170af9df39882c\"},\"headline\":\"Cinco meses despu\u00e9s de comenzar 2024, arranca el proceso para aprobar los Presupuestos de Alcoy\",\"datePublished\":\"2024-05-21T07:00:52+00:00\",\"dateModified\":\"2024-05-21T07:49:32+00:00\",\"mainEntityOfPage\":{\"@id\":\"https:\\\/\\\/www.copealcoy.es\\\/es\\\/cinco-meses-despues-de-comenzar-2024-arranca-el-proceso-para-aprobar-los-presupuestos-de-alcoy\\\/\"},\"wordCount\":560,\"commentCount\":0,\"image\":{\"@id\":\"https:\\\/\\\/www.copealcoy.es\\\/es\\\/cinco-meses-despues-de-comenzar-2024-arranca-el-proceso-para-aprobar-los-presupuestos-de-alcoy\\\/#primaryimage\"},\"thumbnailUrl\":\"https:\\\/\\\/www.copealcoy.es\\\/wp-content\\\/uploads\\\/2024\\\/05\\\/unnamed-1-25-scaled.jpg\",\"keywords\":[\"2024\",\"Alcoy\",\"Ayuntamiento de Alcoy\",\"Presupuestos Municipales\"],\"articleSection\":[\"Actualidad\",\"Alcoy\",\"Noticias\",\"Pol\u00edtica y Econom\u00eda\"],\"inLanguage\":\"es\"},{\"@type\":\"WebPage\",\"@id\":\"https:\\\/\\\/www.copealcoy.es\\\/es\\\/cinco-meses-despues-de-comenzar-2024-arranca-el-proceso-para-aprobar-los-presupuestos-de-alcoy\\\/\",\"url\":\"https:\\\/\\\/www.copealcoy.es\\\/es\\\/cinco-meses-despues-de-comenzar-2024-arranca-el-proceso-para-aprobar-los-presupuestos-de-alcoy\\\/\",\"name\":\"Cinco meses despu\u00e9s de comenzar 2024, arranca el proceso para aprobar los Presupuestos de Alcoy - COPE Alcoy\",\"isPartOf\":{\"@id\":\"https:\\\/\\\/www.copealcoy.es\\\/es\\\/#website\"},\"primaryImageOfPage\":{\"@id\":\"https:\\\/\\\/www.copealcoy.es\\\/es\\\/cinco-meses-despues-de-comenzar-2024-arranca-el-proceso-para-aprobar-los-presupuestos-de-alcoy\\\/#primaryimage\"},\"image\":{\"@id\":\"https:\\\/\\\/www.copealcoy.es\\\/es\\\/cinco-meses-despues-de-comenzar-2024-arranca-el-proceso-para-aprobar-los-presupuestos-de-alcoy\\\/#primaryimage\"},\"thumbnailUrl\":\"https:\\\/\\\/www.copealcoy.es\\\/wp-content\\\/uploads\\\/2024\\\/05\\\/unnamed-1-25-scaled.jpg\",\"datePublished\":\"2024-05-21T07:00:52+00:00\",\"dateModified\":\"2024-05-21T07:49:32+00:00\",\"author\":{\"@id\":\"https:\\\/\\\/www.copealcoy.es\\\/es\\\/#\\\/schema\\\/person\\\/e777c87fa024e57d40170af9df39882c\"},\"description\":\"El gobierno local, formado por PSPV y Comprom\u00eds, ha iniciado el proceso para aprobar los Presupuestos Municipales del 2024\",\"breadcrumb\":{\"@id\":\"https:\\\/\\\/www.copealcoy.es\\\/es\\\/cinco-meses-despues-de-comenzar-2024-arranca-el-proceso-para-aprobar-los-presupuestos-de-alcoy\\\/#breadcrumb\"},\"inLanguage\":\"es\",\"potentialAction\":[{\"@type\":\"ReadAction\",\"target\":[\"https:\\\/\\\/www.copealcoy.es\\\/es\\\/cinco-meses-despues-de-comenzar-2024-arranca-el-proceso-para-aprobar-los-presupuestos-de-alcoy\\\/\"]}]},{\"@type\":\"ImageObject\",\"inLanguage\":\"es\",\"@id\":\"https:\\\/\\\/www.copealcoy.es\\\/es\\\/cinco-meses-despues-de-comenzar-2024-arranca-el-proceso-para-aprobar-los-presupuestos-de-alcoy\\\/#primaryimage\",\"url\":\"https:\\\/\\\/www.copealcoy.es\\\/wp-content\\\/uploads\\\/2024\\\/05\\\/unnamed-1-25-scaled.jpg\",\"contentUrl\":\"https:\\\/\\\/www.copealcoy.es\\\/wp-content\\\/uploads\\\/2024\\\/05\\\/unnamed-1-25-scaled.jpg\",\"width\":1670,\"height\":1080},{\"@type\":\"BreadcrumbList\",\"@id\":\"https:\\\/\\\/www.copealcoy.es\\\/es\\\/cinco-meses-despues-de-comenzar-2024-arranca-el-proceso-para-aprobar-los-presupuestos-de-alcoy\\\/#breadcrumb\",\"itemListElement\":[{\"@type\":\"ListItem\",\"position\":1,\"name\":\"Portada\",\"item\":\"https:\\\/\\\/www.copealcoy.es\\\/es\\\/\"},{\"@type\":\"ListItem\",\"position\":2,\"name\":\"Cinco meses despu\u00e9s de comenzar 2024, arranca el proceso para aprobar los Presupuestos de Alcoy\"}]},{\"@type\":\"WebSite\",\"@id\":\"https:\\\/\\\/www.copealcoy.es\\\/es\\\/#website\",\"url\":\"https:\\\/\\\/www.copealcoy.es\\\/es\\\/\",\"name\":\"COPE Alcoy\",\"description\":\"Emisora COPE de radio local con emisi\u00f3n online. Pont de Sant Jordi 8-10 03803 Alcoy\",\"potentialAction\":[{\"@type\":\"SearchAction\",\"target\":{\"@type\":\"EntryPoint\",\"urlTemplate\":\"https:\\\/\\\/www.copealcoy.es\\\/es\\\/?s={search_term_string}\"},\"query-input\":{\"@type\":\"PropertyValueSpecification\",\"valueRequired\":true,\"valueName\":\"search_term_string\"}}],\"inLanguage\":\"es\"},{\"@type\":\"Person\",\"@id\":\"https:\\\/\\\/www.copealcoy.es\\\/es\\\/#\\\/schema\\\/person\\\/e777c87fa024e57d40170af9df39882c\",\"name\":\"Cope Alcoy\",\"image\":{\"@type\":\"ImageObject\",\"inLanguage\":\"es\",\"@id\":\"https:\\\/\\\/secure.gravatar.com\\\/avatar\\\/bb65d0283347e303893ba14f0692005417c1e0e690a325a4c5d8bb2b3943ee14?s=96&d=mm&r=g\",\"url\":\"https:\\\/\\\/secure.gravatar.com\\\/avatar\\\/bb65d0283347e303893ba14f0692005417c1e0e690a325a4c5d8bb2b3943ee14?s=96&d=mm&r=g\",\"contentUrl\":\"https:\\\/\\\/secure.gravatar.com\\\/avatar\\\/bb65d0283347e303893ba14f0692005417c1e0e690a325a4c5d8bb2b3943ee14?s=96&d=mm&r=g\",\"caption\":\"Cope Alcoy\"}}]}<\/script>\n<!-- \/ Yoast SEO plugin. -->","yoast_head_json":{"title":"Cinco meses despu\u00e9s de comenzar 2024, arranca el proceso para aprobar los Presupuestos de Alcoy - COPE Alcoy","description":"El gobierno local, formado por PSPV y Comprom\u00eds, ha iniciado el proceso para aprobar los Presupuestos Municipales del 2024","robots":{"index":"index","follow":"follow","max-snippet":"max-snippet:-1","max-image-preview":"max-image-preview:large","max-video-preview":"max-video-preview:-1"},"canonical":"https:\/\/www.copealcoy.es\/es\/cinco-meses-despues-de-comenzar-2024-arranca-el-proceso-para-aprobar-los-presupuestos-de-alcoy\/","og_locale":"es_ES","og_type":"article","og_title":"Cinco meses despu\u00e9s de comenzar 2024, arranca el proceso para aprobar los Presupuestos de Alcoy - COPE Alcoy","og_description":"El gobierno local, formado por PSPV y Comprom\u00eds, ha iniciado el proceso para aprobar los Presupuestos Municipales del 2024","og_url":"https:\/\/www.copealcoy.es\/es\/cinco-meses-despues-de-comenzar-2024-arranca-el-proceso-para-aprobar-los-presupuestos-de-alcoy\/","og_site_name":"COPE Alcoy","article_published_time":"2024-05-21T07:00:52+00:00","article_modified_time":"2024-05-21T07:49:32+00:00","og_image":[{"width":1670,"height":1080,"url":"https:\/\/www.copealcoy.es\/wp-content\/uploads\/2024\/05\/unnamed-1-25-scaled.jpg","type":"image\/jpeg"}],"author":"Cope Alcoy","twitter_misc":{"Escrito por":"Cope Alcoy","Tiempo de lectura":"3 minutos"},"schema":{"@context":"https:\/\/schema.org","@graph":[{"@type":"Article","@id":"https:\/\/www.copealcoy.es\/es\/cinco-meses-despues-de-comenzar-2024-arranca-el-proceso-para-aprobar-los-presupuestos-de-alcoy\/#article","isPartOf":{"@id":"https:\/\/www.copealcoy.es\/es\/cinco-meses-despues-de-comenzar-2024-arranca-el-proceso-para-aprobar-los-presupuestos-de-alcoy\/"},"author":{"name":"Cope Alcoy","@id":"https:\/\/www.copealcoy.es\/es\/#\/schema\/person\/e777c87fa024e57d40170af9df39882c"},"headline":"Cinco meses despu\u00e9s de comenzar 2024, arranca el proceso para aprobar los Presupuestos de Alcoy","datePublished":"2024-05-21T07:00:52+00:00","dateModified":"2024-05-21T07:49:32+00:00","mainEntityOfPage":{"@id":"https:\/\/www.copealcoy.es\/es\/cinco-meses-despues-de-comenzar-2024-arranca-el-proceso-para-aprobar-los-presupuestos-de-alcoy\/"},"wordCount":560,"commentCount":0,"image":{"@id":"https:\/\/www.copealcoy.es\/es\/cinco-meses-despues-de-comenzar-2024-arranca-el-proceso-para-aprobar-los-presupuestos-de-alcoy\/#primaryimage"},"thumbnailUrl":"https:\/\/www.copealcoy.es\/wp-content\/uploads\/2024\/05\/unnamed-1-25-scaled.jpg","keywords":["2024","Alcoy","Ayuntamiento de Alcoy","Presupuestos Municipales"],"articleSection":["Actualidad","Alcoy","Noticias","Pol\u00edtica y Econom\u00eda"],"inLanguage":"es"},{"@type":"WebPage","@id":"https:\/\/www.copealcoy.es\/es\/cinco-meses-despues-de-comenzar-2024-arranca-el-proceso-para-aprobar-los-presupuestos-de-alcoy\/","url":"https:\/\/www.copealcoy.es\/es\/cinco-meses-despues-de-comenzar-2024-arranca-el-proceso-para-aprobar-los-presupuestos-de-alcoy\/","name":"Cinco meses despu\u00e9s de comenzar 2024, arranca el proceso para aprobar los Presupuestos de Alcoy - COPE Alcoy","isPartOf":{"@id":"https:\/\/www.copealcoy.es\/es\/#website"},"primaryImageOfPage":{"@id":"https:\/\/www.copealcoy.es\/es\/cinco-meses-despues-de-comenzar-2024-arranca-el-proceso-para-aprobar-los-presupuestos-de-alcoy\/#primaryimage"},"image":{"@id":"https:\/\/www.copealcoy.es\/es\/cinco-meses-despues-de-comenzar-2024-arranca-el-proceso-para-aprobar-los-presupuestos-de-alcoy\/#primaryimage"},"thumbnailUrl":"https:\/\/www.copealcoy.es\/wp-content\/uploads\/2024\/05\/unnamed-1-25-scaled.jpg","datePublished":"2024-05-21T07:00:52+00:00","dateModified":"2024-05-21T07:49:32+00:00","author":{"@id":"https:\/\/www.copealcoy.es\/es\/#\/schema\/person\/e777c87fa024e57d40170af9df39882c"},"description":"El gobierno local, formado por PSPV y Comprom\u00eds, ha iniciado el proceso para aprobar los Presupuestos Municipales del 2024","breadcrumb":{"@id":"https:\/\/www.copealcoy.es\/es\/cinco-meses-despues-de-comenzar-2024-arranca-el-proceso-para-aprobar-los-presupuestos-de-alcoy\/#breadcrumb"},"inLanguage":"es","potentialAction":[{"@type":"ReadAction","target":["https:\/\/www.copealcoy.es\/es\/cinco-meses-despues-de-comenzar-2024-arranca-el-proceso-para-aprobar-los-presupuestos-de-alcoy\/"]}]},{"@type":"ImageObject","inLanguage":"es","@id":"https:\/\/www.copealcoy.es\/es\/cinco-meses-despues-de-comenzar-2024-arranca-el-proceso-para-aprobar-los-presupuestos-de-alcoy\/#primaryimage","url":"https:\/\/www.copealcoy.es\/wp-content\/uploads\/2024\/05\/unnamed-1-25-scaled.jpg","contentUrl":"https:\/\/www.copealcoy.es\/wp-content\/uploads\/2024\/05\/unnamed-1-25-scaled.jpg","width":1670,"height":1080},{"@type":"BreadcrumbList","@id":"https:\/\/www.copealcoy.es\/es\/cinco-meses-despues-de-comenzar-2024-arranca-el-proceso-para-aprobar-los-presupuestos-de-alcoy\/#breadcrumb","itemListElement":[{"@type":"ListItem","position":1,"name":"Portada","item":"https:\/\/www.copealcoy.es\/es\/"},{"@type":"ListItem","position":2,"name":"Cinco meses despu\u00e9s de comenzar 2024, arranca el proceso para aprobar los Presupuestos de Alcoy"}]},{"@type":"WebSite","@id":"https:\/\/www.copealcoy.es\/es\/#website","url":"https:\/\/www.copealcoy.es\/es\/","name":"COPE Alcoy","description":"Emisora COPE de radio local con emisi\u00f3n online. Pont de Sant Jordi 8-10 03803 Alcoy","potentialAction":[{"@type":"SearchAction","target":{"@type":"EntryPoint","urlTemplate":"https:\/\/www.copealcoy.es\/es\/?s={search_term_string}"},"query-input":{"@type":"PropertyValueSpecification","valueRequired":true,"valueName":"search_term_string"}}],"inLanguage":"es"},{"@type":"Person","@id":"https:\/\/www.copealcoy.es\/es\/#\/schema\/person\/e777c87fa024e57d40170af9df39882c","name":"Cope Alcoy","image":{"@type":"ImageObject","inLanguage":"es","@id":"https:\/\/secure.gravatar.com\/avatar\/bb65d0283347e303893ba14f0692005417c1e0e690a325a4c5d8bb2b3943ee14?s=96&d=mm&r=g","url":"https:\/\/secure.gravatar.com\/avatar\/bb65d0283347e303893ba14f0692005417c1e0e690a325a4c5d8bb2b3943ee14?s=96&d=mm&r=g","contentUrl":"https:\/\/secure.gravatar.com\/avatar\/bb65d0283347e303893ba14f0692005417c1e0e690a325a4c5d8bb2b3943ee14?s=96&d=mm&r=g","caption":"Cope Alcoy"}}]}},"_links":{"self":[{"href":"https:\/\/www.copealcoy.es\/es\/wp-json\/wp\/v2\/posts\/133814","targetHints":{"allow":["GET"]}}],"collection":[{"href":"https:\/\/www.copealcoy.es\/es\/wp-json\/wp\/v2\/posts"}],"about":[{"href":"https:\/\/www.copealcoy.es\/es\/wp-json\/wp\/v2\/types\/post"}],"author":[{"embeddable":true,"href":"https:\/\/www.copealcoy.es\/es\/wp-json\/wp\/v2\/users\/1"}],"replies":[{"embeddable":true,"href":"https:\/\/www.copealcoy.es\/es\/wp-json\/wp\/v2\/comments?post=133814"}],"version-history":[{"count":0,"href":"https:\/\/www.copealcoy.es\/es\/wp-json\/wp\/v2\/posts\/133814\/revisions"}],"wp:featuredmedia":[{"embeddable":true,"href":"https:\/\/www.copealcoy.es\/es\/wp-json\/wp\/v2\/media\/133815"}],"wp:attachment":[{"href":"https:\/\/www.copealcoy.es\/es\/wp-json\/wp\/v2\/media?parent=133814"}],"wp:term":[{"taxonomy":"category","embeddable":true,"href":"https:\/\/www.copealcoy.es\/es\/wp-json\/wp\/v2\/categories?post=133814"},{"taxonomy":"post_tag","embeddable":true,"href":"https:\/\/www.copealcoy.es\/es\/wp-json\/wp\/v2\/tags?post=133814"}],"curies":[{"name":"wp","href":"https:\/\/api.w.org\/{rel}","templated":true}]}}