{"id":133806,"date":"2024-05-20T09:43:57","date_gmt":"2024-05-20T08:43:57","guid":{"rendered":"https:\/\/www.copealcoy.es\/?p=133806"},"modified":"2024-05-20T09:43:57","modified_gmt":"2024-05-20T08:43:57","slug":"los-pasos-que-empieza-a-dar-el-ayuntamiento-de-alcoy-ante-la-situacion-del-alcoyano","status":"publish","type":"post","link":"https:\/\/www.copealcoy.es\/es\/los-pasos-que-empieza-a-dar-el-ayuntamiento-de-alcoy-ante-la-situacion-del-alcoyano\/","title":{"rendered":"Los pasos que empieza a dar el Ayuntamiento de Alcoy ante la situaci\u00f3n del Alcoyano"},"content":{"rendered":"<p style=\"text-align: justify;\">El alcalde de Alcoy <strong>ha pedido unidad a los grupos pol\u00edticos del Ayuntamiento<\/strong> de nuestra ciudad ante <span style=\"color: #0000ff;\"><a style=\"color: #0000ff;\" href=\"https:\/\/www.copealcoy.es\/el-alcoyano-plantea-jugar-en-tercera-federacion-y-la-aficion-se-planta-hay-que-evitar-que-el-club-salga-de-alcoy\/\" target=\"_blank\" rel=\"noopener\"><strong>la complicada situaci\u00f3n por la que atraviesa el Club Deportivo Alcoyano<\/strong><\/a><\/span>. As\u00ed se ha puesto de manifiesto en <strong>la Junta de Portavoces del Consistorio<\/strong> que se ha celebrado esta ma\u00f1ana para analizar los \u00faltimos acontecimientos que se han producido en torno a la entidad blanquiazul.<\/p>\n<p style=\"text-align: justify;\">El primer edil considera que <strong>es momento de luchar conjuntamente para garantizar que el Alcoyano siga en nuestra ciudad<\/strong>. Franc\u00e9s ha explicado que <strong>ha pedido a los diferentes grupos pol\u00edticos<\/strong> &#8220;<em>dejar las diferencias al margen, y trabajar unidos en la defensa de un patrimonio que es de todo Alcoy, de las generaciones que nos han precedido y han construido la leyenda del equipo de la moral, de las generaciones actuales y de las futuras, la moral no morir\u00e1<\/em>&#8220;, afirma. Tambi\u00e9n <strong>ha a\u00f1adido<\/strong> que &#8220;<em>libraremos una batalla dif\u00edcil y trascendental para que Alcoy no pierda nuestro Alcoyano, una batalla en la que necesitamos unidad y cohesi\u00f3n; ayuntamiento, afici\u00f3n y el conjunto de la sociedad Alcoyana<\/em>\u201d, concluy\u00f3.<\/p>\n<p><span style=\"color: #0000ff;\"><strong>Los pasos a partir de ahora<\/strong><\/span><\/p>\n<p style=\"text-align: justify;\">Las reuniones <strong>continuar\u00e1n esta tarde<\/strong> con representantes de las pe\u00f1as del Deportivo y tambi\u00e9n durante la semana con la Federaci\u00f3n de F\u00fatbol de la Comunidad Valenciana. En la reuni\u00f3n con <strong>las pe\u00f1as<\/strong> estar\u00e1n presentes todos los grupos pol\u00edticos para demostrar la unidad y cohesi\u00f3n de toda la corporaci\u00f3n en este tema. Antes que nada se mostrar\u00e1 toda la adhesi\u00f3n y apoyo hacia ellas, y a toda la afici\u00f3n del equipo, sum\u00e1ndose a la manifestaci\u00f3n que tendr\u00e1 lugar el pr\u00f3ximo s\u00e1bado. Adem\u00e1s, se resolver\u00e1n todas las dudas que puedan plantear. En cuanto a la reuni\u00f3n con<strong> la Federaci\u00f3n<\/strong> el objetivo es tratar de frenar la decisi\u00f3n del propietario del Alcoyano de cambiar la sede social de la SAD &#8220;<em>recordamos que mientras el viernes se lanzaban falsas acusaciones contra el Ayuntamiento de Alcoy para justificar un descenso por motivos econ\u00f3micos, estaba convocando una junta de accionistas para cambiar el domicilio a La Nuc\u00eda. Todo esto ha sido una maniobra oscura en la que ha buscado el enfrentamiento con el Ayuntamiento para justificar una decisi\u00f3n tomada hace tiempo<\/em>&#8220;, concluye <strong>Toni Franc\u00e9s<\/strong>.<\/p>\n","protected":false},"excerpt":{"rendered":"<p>El alcalde de Alcoy ha pedido unidad a los grupos pol\u00edticos del Ayuntamiento de nuestra ciudad ante la complicada situaci\u00f3n&#8230;<\/p>\n","protected":false},"author":1,"featured_media":133807,"comment_status":"open","ping_status":"open","sticky":false,"template":"","format":"standard","meta":{"footnotes":""},"categories":[6909,97,75,125],"tags":[1494,140,229,4779,681],"class_list":["post-133806","post","type-post","status-publish","format-standard","has-post-thumbnail","hentry","category-actualidad","category-alcoy","category-noticias","category-portada","tag-alcoy","tag-alcoyano","tag-ayuntamiento","tag-situacion","tag-toni-frances"],"yoast_head":"<!-- This site is optimized with the Yoast SEO plugin v27.3 - https:\/\/yoast.com\/product\/yoast-seo-wordpress\/ -->\n<title>Los pasos que empieza a dar el Ayuntamiento de Alcoy ante la situaci\u00f3n del Alcoyano - COPE Alcoy<\/title>\n<meta name=\"description\" content=\"El alcalde de Alcoy ha pedido unidad a los grupos pol\u00edticos del Ayuntamiento de nuestra ciudad ante la complicada situaci\u00f3n por la que atraviesa el Club Deportivo Alcoyano\" \/>\n<meta name=\"robots\" content=\"index, follow, max-snippet:-1, max-image-preview:large, max-video-preview:-1\" \/>\n<link rel=\"canonical\" href=\"https:\/\/www.copealcoy.es\/es\/los-pasos-que-empieza-a-dar-el-ayuntamiento-de-alcoy-ante-la-situacion-del-alcoyano\/\" \/>\n<meta property=\"og:locale\" content=\"es_ES\" \/>\n<meta property=\"og:type\" content=\"article\" \/>\n<meta property=\"og:title\" content=\"Los pasos que empieza a dar el Ayuntamiento de Alcoy ante la situaci\u00f3n del Alcoyano - COPE Alcoy\" \/>\n<meta property=\"og:description\" content=\"El alcalde de Alcoy ha pedido unidad a los grupos pol\u00edticos del Ayuntamiento de nuestra ciudad ante la complicada situaci\u00f3n por la que atraviesa el Club Deportivo Alcoyano\" \/>\n<meta property=\"og:url\" content=\"https:\/\/www.copealcoy.es\/es\/los-pasos-que-empieza-a-dar-el-ayuntamiento-de-alcoy-ante-la-situacion-del-alcoyano\/\" \/>\n<meta property=\"og:site_name\" content=\"COPE Alcoy\" \/>\n<meta property=\"article:published_time\" content=\"2024-05-20T08:43:57+00:00\" \/>\n<meta property=\"og:image\" content=\"https:\/\/www.copealcoy.es\/wp-content\/uploads\/2024\/05\/Junta-de-Portaveus-de-lAjuntament-dAlcoi-20-05-2024.jpeg\" \/>\n\t<meta property=\"og:image:width\" content=\"1440\" \/>\n\t<meta property=\"og:image:height\" content=\"1080\" \/>\n\t<meta property=\"og:image:type\" content=\"image\/jpeg\" \/>\n<meta name=\"author\" content=\"Cope Alcoy\" \/>\n<meta name=\"twitter:label1\" content=\"Escrito por\" \/>\n\t<meta name=\"twitter:data1\" content=\"Cope Alcoy\" \/>\n\t<meta name=\"twitter:label2\" content=\"Tiempo de lectura\" \/>\n\t<meta name=\"twitter:data2\" content=\"2 minutos\" \/>\n<script type=\"application\/ld+json\" class=\"yoast-schema-graph\">{\"@context\":\"https:\\\/\\\/schema.org\",\"@graph\":[{\"@type\":\"Article\",\"@id\":\"https:\\\/\\\/www.copealcoy.es\\\/es\\\/los-pasos-que-empieza-a-dar-el-ayuntamiento-de-alcoy-ante-la-situacion-del-alcoyano\\\/#article\",\"isPartOf\":{\"@id\":\"https:\\\/\\\/www.copealcoy.es\\\/es\\\/los-pasos-que-empieza-a-dar-el-ayuntamiento-de-alcoy-ante-la-situacion-del-alcoyano\\\/\"},\"author\":{\"name\":\"Cope Alcoy\",\"@id\":\"https:\\\/\\\/www.copealcoy.es\\\/es\\\/#\\\/schema\\\/person\\\/e777c87fa024e57d40170af9df39882c\"},\"headline\":\"Los pasos que empieza a dar el Ayuntamiento de Alcoy ante la situaci\u00f3n del Alcoyano\",\"datePublished\":\"2024-05-20T08:43:57+00:00\",\"mainEntityOfPage\":{\"@id\":\"https:\\\/\\\/www.copealcoy.es\\\/es\\\/los-pasos-que-empieza-a-dar-el-ayuntamiento-de-alcoy-ante-la-situacion-del-alcoyano\\\/\"},\"wordCount\":413,\"commentCount\":0,\"image\":{\"@id\":\"https:\\\/\\\/www.copealcoy.es\\\/es\\\/los-pasos-que-empieza-a-dar-el-ayuntamiento-de-alcoy-ante-la-situacion-del-alcoyano\\\/#primaryimage\"},\"thumbnailUrl\":\"https:\\\/\\\/www.copealcoy.es\\\/wp-content\\\/uploads\\\/2024\\\/05\\\/Junta-de-Portaveus-de-lAjuntament-dAlcoi-20-05-2024.jpeg\",\"keywords\":[\"Alcoy\",\"Alcoyano\",\"Ayuntamiento\",\"situaci\u00f3n\",\"Toni Franc\u00e9s\"],\"articleSection\":[\"Actualidad\",\"Alcoy\",\"Noticias\",\"Portada\"],\"inLanguage\":\"es\"},{\"@type\":\"WebPage\",\"@id\":\"https:\\\/\\\/www.copealcoy.es\\\/es\\\/los-pasos-que-empieza-a-dar-el-ayuntamiento-de-alcoy-ante-la-situacion-del-alcoyano\\\/\",\"url\":\"https:\\\/\\\/www.copealcoy.es\\\/es\\\/los-pasos-que-empieza-a-dar-el-ayuntamiento-de-alcoy-ante-la-situacion-del-alcoyano\\\/\",\"name\":\"Los pasos que empieza a dar el Ayuntamiento de Alcoy ante la situaci\u00f3n del Alcoyano - COPE Alcoy\",\"isPartOf\":{\"@id\":\"https:\\\/\\\/www.copealcoy.es\\\/es\\\/#website\"},\"primaryImageOfPage\":{\"@id\":\"https:\\\/\\\/www.copealcoy.es\\\/es\\\/los-pasos-que-empieza-a-dar-el-ayuntamiento-de-alcoy-ante-la-situacion-del-alcoyano\\\/#primaryimage\"},\"image\":{\"@id\":\"https:\\\/\\\/www.copealcoy.es\\\/es\\\/los-pasos-que-empieza-a-dar-el-ayuntamiento-de-alcoy-ante-la-situacion-del-alcoyano\\\/#primaryimage\"},\"thumbnailUrl\":\"https:\\\/\\\/www.copealcoy.es\\\/wp-content\\\/uploads\\\/2024\\\/05\\\/Junta-de-Portaveus-de-lAjuntament-dAlcoi-20-05-2024.jpeg\",\"datePublished\":\"2024-05-20T08:43:57+00:00\",\"author\":{\"@id\":\"https:\\\/\\\/www.copealcoy.es\\\/es\\\/#\\\/schema\\\/person\\\/e777c87fa024e57d40170af9df39882c\"},\"description\":\"El alcalde de Alcoy ha pedido unidad a los grupos pol\u00edticos del Ayuntamiento de nuestra ciudad ante la complicada situaci\u00f3n por la que atraviesa el Club Deportivo Alcoyano\",\"breadcrumb\":{\"@id\":\"https:\\\/\\\/www.copealcoy.es\\\/es\\\/los-pasos-que-empieza-a-dar-el-ayuntamiento-de-alcoy-ante-la-situacion-del-alcoyano\\\/#breadcrumb\"},\"inLanguage\":\"es\",\"potentialAction\":[{\"@type\":\"ReadAction\",\"target\":[\"https:\\\/\\\/www.copealcoy.es\\\/es\\\/los-pasos-que-empieza-a-dar-el-ayuntamiento-de-alcoy-ante-la-situacion-del-alcoyano\\\/\"]}]},{\"@type\":\"ImageObject\",\"inLanguage\":\"es\",\"@id\":\"https:\\\/\\\/www.copealcoy.es\\\/es\\\/los-pasos-que-empieza-a-dar-el-ayuntamiento-de-alcoy-ante-la-situacion-del-alcoyano\\\/#primaryimage\",\"url\":\"https:\\\/\\\/www.copealcoy.es\\\/wp-content\\\/uploads\\\/2024\\\/05\\\/Junta-de-Portaveus-de-lAjuntament-dAlcoi-20-05-2024.jpeg\",\"contentUrl\":\"https:\\\/\\\/www.copealcoy.es\\\/wp-content\\\/uploads\\\/2024\\\/05\\\/Junta-de-Portaveus-de-lAjuntament-dAlcoi-20-05-2024.jpeg\",\"width\":1440,\"height\":1080},{\"@type\":\"BreadcrumbList\",\"@id\":\"https:\\\/\\\/www.copealcoy.es\\\/es\\\/los-pasos-que-empieza-a-dar-el-ayuntamiento-de-alcoy-ante-la-situacion-del-alcoyano\\\/#breadcrumb\",\"itemListElement\":[{\"@type\":\"ListItem\",\"position\":1,\"name\":\"Portada\",\"item\":\"https:\\\/\\\/www.copealcoy.es\\\/es\\\/\"},{\"@type\":\"ListItem\",\"position\":2,\"name\":\"Los pasos que empieza a dar el Ayuntamiento de Alcoy ante la situaci\u00f3n del Alcoyano\"}]},{\"@type\":\"WebSite\",\"@id\":\"https:\\\/\\\/www.copealcoy.es\\\/es\\\/#website\",\"url\":\"https:\\\/\\\/www.copealcoy.es\\\/es\\\/\",\"name\":\"COPE Alcoy\",\"description\":\"Emisora COPE de radio local con emisi\u00f3n online. Pont de Sant Jordi 8-10 03803 Alcoy\",\"potentialAction\":[{\"@type\":\"SearchAction\",\"target\":{\"@type\":\"EntryPoint\",\"urlTemplate\":\"https:\\\/\\\/www.copealcoy.es\\\/es\\\/?s={search_term_string}\"},\"query-input\":{\"@type\":\"PropertyValueSpecification\",\"valueRequired\":true,\"valueName\":\"search_term_string\"}}],\"inLanguage\":\"es\"},{\"@type\":\"Person\",\"@id\":\"https:\\\/\\\/www.copealcoy.es\\\/es\\\/#\\\/schema\\\/person\\\/e777c87fa024e57d40170af9df39882c\",\"name\":\"Cope Alcoy\",\"image\":{\"@type\":\"ImageObject\",\"inLanguage\":\"es\",\"@id\":\"https:\\\/\\\/secure.gravatar.com\\\/avatar\\\/bb65d0283347e303893ba14f0692005417c1e0e690a325a4c5d8bb2b3943ee14?s=96&d=mm&r=g\",\"url\":\"https:\\\/\\\/secure.gravatar.com\\\/avatar\\\/bb65d0283347e303893ba14f0692005417c1e0e690a325a4c5d8bb2b3943ee14?s=96&d=mm&r=g\",\"contentUrl\":\"https:\\\/\\\/secure.gravatar.com\\\/avatar\\\/bb65d0283347e303893ba14f0692005417c1e0e690a325a4c5d8bb2b3943ee14?s=96&d=mm&r=g\",\"caption\":\"Cope Alcoy\"}}]}<\/script>\n<!-- \/ Yoast SEO plugin. -->","yoast_head_json":{"title":"Los pasos que empieza a dar el Ayuntamiento de Alcoy ante la situaci\u00f3n del Alcoyano - COPE Alcoy","description":"El alcalde de Alcoy ha pedido unidad a los grupos pol\u00edticos del Ayuntamiento de nuestra ciudad ante la complicada situaci\u00f3n por la que atraviesa el Club Deportivo Alcoyano","robots":{"index":"index","follow":"follow","max-snippet":"max-snippet:-1","max-image-preview":"max-image-preview:large","max-video-preview":"max-video-preview:-1"},"canonical":"https:\/\/www.copealcoy.es\/es\/los-pasos-que-empieza-a-dar-el-ayuntamiento-de-alcoy-ante-la-situacion-del-alcoyano\/","og_locale":"es_ES","og_type":"article","og_title":"Los pasos que empieza a dar el Ayuntamiento de Alcoy ante la situaci\u00f3n del Alcoyano - COPE Alcoy","og_description":"El alcalde de Alcoy ha pedido unidad a los grupos pol\u00edticos del Ayuntamiento de nuestra ciudad ante la complicada situaci\u00f3n por la que atraviesa el Club Deportivo Alcoyano","og_url":"https:\/\/www.copealcoy.es\/es\/los-pasos-que-empieza-a-dar-el-ayuntamiento-de-alcoy-ante-la-situacion-del-alcoyano\/","og_site_name":"COPE Alcoy","article_published_time":"2024-05-20T08:43:57+00:00","og_image":[{"width":1440,"height":1080,"url":"https:\/\/www.copealcoy.es\/wp-content\/uploads\/2024\/05\/Junta-de-Portaveus-de-lAjuntament-dAlcoi-20-05-2024.jpeg","type":"image\/jpeg"}],"author":"Cope Alcoy","twitter_misc":{"Escrito por":"Cope Alcoy","Tiempo de lectura":"2 minutos"},"schema":{"@context":"https:\/\/schema.org","@graph":[{"@type":"Article","@id":"https:\/\/www.copealcoy.es\/es\/los-pasos-que-empieza-a-dar-el-ayuntamiento-de-alcoy-ante-la-situacion-del-alcoyano\/#article","isPartOf":{"@id":"https:\/\/www.copealcoy.es\/es\/los-pasos-que-empieza-a-dar-el-ayuntamiento-de-alcoy-ante-la-situacion-del-alcoyano\/"},"author":{"name":"Cope Alcoy","@id":"https:\/\/www.copealcoy.es\/es\/#\/schema\/person\/e777c87fa024e57d40170af9df39882c"},"headline":"Los pasos que empieza a dar el Ayuntamiento de Alcoy ante la situaci\u00f3n del Alcoyano","datePublished":"2024-05-20T08:43:57+00:00","mainEntityOfPage":{"@id":"https:\/\/www.copealcoy.es\/es\/los-pasos-que-empieza-a-dar-el-ayuntamiento-de-alcoy-ante-la-situacion-del-alcoyano\/"},"wordCount":413,"commentCount":0,"image":{"@id":"https:\/\/www.copealcoy.es\/es\/los-pasos-que-empieza-a-dar-el-ayuntamiento-de-alcoy-ante-la-situacion-del-alcoyano\/#primaryimage"},"thumbnailUrl":"https:\/\/www.copealcoy.es\/wp-content\/uploads\/2024\/05\/Junta-de-Portaveus-de-lAjuntament-dAlcoi-20-05-2024.jpeg","keywords":["Alcoy","Alcoyano","Ayuntamiento","situaci\u00f3n","Toni Franc\u00e9s"],"articleSection":["Actualidad","Alcoy","Noticias","Portada"],"inLanguage":"es"},{"@type":"WebPage","@id":"https:\/\/www.copealcoy.es\/es\/los-pasos-que-empieza-a-dar-el-ayuntamiento-de-alcoy-ante-la-situacion-del-alcoyano\/","url":"https:\/\/www.copealcoy.es\/es\/los-pasos-que-empieza-a-dar-el-ayuntamiento-de-alcoy-ante-la-situacion-del-alcoyano\/","name":"Los pasos que empieza a dar el Ayuntamiento de Alcoy ante la situaci\u00f3n del Alcoyano - COPE Alcoy","isPartOf":{"@id":"https:\/\/www.copealcoy.es\/es\/#website"},"primaryImageOfPage":{"@id":"https:\/\/www.copealcoy.es\/es\/los-pasos-que-empieza-a-dar-el-ayuntamiento-de-alcoy-ante-la-situacion-del-alcoyano\/#primaryimage"},"image":{"@id":"https:\/\/www.copealcoy.es\/es\/los-pasos-que-empieza-a-dar-el-ayuntamiento-de-alcoy-ante-la-situacion-del-alcoyano\/#primaryimage"},"thumbnailUrl":"https:\/\/www.copealcoy.es\/wp-content\/uploads\/2024\/05\/Junta-de-Portaveus-de-lAjuntament-dAlcoi-20-05-2024.jpeg","datePublished":"2024-05-20T08:43:57+00:00","author":{"@id":"https:\/\/www.copealcoy.es\/es\/#\/schema\/person\/e777c87fa024e57d40170af9df39882c"},"description":"El alcalde de Alcoy ha pedido unidad a los grupos pol\u00edticos del Ayuntamiento de nuestra ciudad ante la complicada situaci\u00f3n por la que atraviesa el Club Deportivo Alcoyano","breadcrumb":{"@id":"https:\/\/www.copealcoy.es\/es\/los-pasos-que-empieza-a-dar-el-ayuntamiento-de-alcoy-ante-la-situacion-del-alcoyano\/#breadcrumb"},"inLanguage":"es","potentialAction":[{"@type":"ReadAction","target":["https:\/\/www.copealcoy.es\/es\/los-pasos-que-empieza-a-dar-el-ayuntamiento-de-alcoy-ante-la-situacion-del-alcoyano\/"]}]},{"@type":"ImageObject","inLanguage":"es","@id":"https:\/\/www.copealcoy.es\/es\/los-pasos-que-empieza-a-dar-el-ayuntamiento-de-alcoy-ante-la-situacion-del-alcoyano\/#primaryimage","url":"https:\/\/www.copealcoy.es\/wp-content\/uploads\/2024\/05\/Junta-de-Portaveus-de-lAjuntament-dAlcoi-20-05-2024.jpeg","contentUrl":"https:\/\/www.copealcoy.es\/wp-content\/uploads\/2024\/05\/Junta-de-Portaveus-de-lAjuntament-dAlcoi-20-05-2024.jpeg","width":1440,"height":1080},{"@type":"BreadcrumbList","@id":"https:\/\/www.copealcoy.es\/es\/los-pasos-que-empieza-a-dar-el-ayuntamiento-de-alcoy-ante-la-situacion-del-alcoyano\/#breadcrumb","itemListElement":[{"@type":"ListItem","position":1,"name":"Portada","item":"https:\/\/www.copealcoy.es\/es\/"},{"@type":"ListItem","position":2,"name":"Los pasos que empieza a dar el Ayuntamiento de Alcoy ante la situaci\u00f3n del Alcoyano"}]},{"@type":"WebSite","@id":"https:\/\/www.copealcoy.es\/es\/#website","url":"https:\/\/www.copealcoy.es\/es\/","name":"COPE Alcoy","description":"Emisora COPE de radio local con emisi\u00f3n online. Pont de Sant Jordi 8-10 03803 Alcoy","potentialAction":[{"@type":"SearchAction","target":{"@type":"EntryPoint","urlTemplate":"https:\/\/www.copealcoy.es\/es\/?s={search_term_string}"},"query-input":{"@type":"PropertyValueSpecification","valueRequired":true,"valueName":"search_term_string"}}],"inLanguage":"es"},{"@type":"Person","@id":"https:\/\/www.copealcoy.es\/es\/#\/schema\/person\/e777c87fa024e57d40170af9df39882c","name":"Cope Alcoy","image":{"@type":"ImageObject","inLanguage":"es","@id":"https:\/\/secure.gravatar.com\/avatar\/bb65d0283347e303893ba14f0692005417c1e0e690a325a4c5d8bb2b3943ee14?s=96&d=mm&r=g","url":"https:\/\/secure.gravatar.com\/avatar\/bb65d0283347e303893ba14f0692005417c1e0e690a325a4c5d8bb2b3943ee14?s=96&d=mm&r=g","contentUrl":"https:\/\/secure.gravatar.com\/avatar\/bb65d0283347e303893ba14f0692005417c1e0e690a325a4c5d8bb2b3943ee14?s=96&d=mm&r=g","caption":"Cope Alcoy"}}]}},"_links":{"self":[{"href":"https:\/\/www.copealcoy.es\/es\/wp-json\/wp\/v2\/posts\/133806","targetHints":{"allow":["GET"]}}],"collection":[{"href":"https:\/\/www.copealcoy.es\/es\/wp-json\/wp\/v2\/posts"}],"about":[{"href":"https:\/\/www.copealcoy.es\/es\/wp-json\/wp\/v2\/types\/post"}],"author":[{"embeddable":true,"href":"https:\/\/www.copealcoy.es\/es\/wp-json\/wp\/v2\/users\/1"}],"replies":[{"embeddable":true,"href":"https:\/\/www.copealcoy.es\/es\/wp-json\/wp\/v2\/comments?post=133806"}],"version-history":[{"count":0,"href":"https:\/\/www.copealcoy.es\/es\/wp-json\/wp\/v2\/posts\/133806\/revisions"}],"wp:featuredmedia":[{"embeddable":true,"href":"https:\/\/www.copealcoy.es\/es\/wp-json\/wp\/v2\/media\/133807"}],"wp:attachment":[{"href":"https:\/\/www.copealcoy.es\/es\/wp-json\/wp\/v2\/media?parent=133806"}],"wp:term":[{"taxonomy":"category","embeddable":true,"href":"https:\/\/www.copealcoy.es\/es\/wp-json\/wp\/v2\/categories?post=133806"},{"taxonomy":"post_tag","embeddable":true,"href":"https:\/\/www.copealcoy.es\/es\/wp-json\/wp\/v2\/tags?post=133806"}],"curies":[{"name":"wp","href":"https:\/\/api.w.org\/{rel}","templated":true}]}}