{"id":133762,"date":"2024-05-17T15:30:43","date_gmt":"2024-05-17T14:30:43","guid":{"rendered":"https:\/\/www.copealcoy.es\/?p=133762"},"modified":"2024-05-17T18:21:51","modified_gmt":"2024-05-17T17:21:51","slug":"toni-frances-ante-la-situacion-del-alcoyano-la-propuesta-de-ramirez-es-inmoral","status":"publish","type":"post","link":"https:\/\/www.copealcoy.es\/es\/toni-frances-ante-la-situacion-del-alcoyano-la-propuesta-de-ramirez-es-inmoral\/","title":{"rendered":"Toni Franc\u00e9s ante la situaci\u00f3n del Alcoyano: &#8220;la propuesta de Ram\u00edrez es inmoral&#8221;"},"content":{"rendered":"<p style=\"text-align: justify;\">El Ayuntamiento de Alcoy <strong>ha salido al paso de las afirmaciones que esta ma\u00f1ana ha hecho el Deportivo Alcoyano<\/strong> despu\u00e9s de que el Club <strong>emitiera <a href=\"https:\/\/www.copealcoy.es\/wp-content\/uploads\/2024\/05\/Comunicado-Oficial-1.pdf\" target=\"_blank\" rel=\"noopener\"><span style=\"color: #0000ff;\">un comunicado<\/span><\/a><\/strong> en el que afirmaba que el Campo Municipal del Collao <strong>no re\u00fane las condiciones necesarias<\/strong> para albergar un equipo que compite en Primera Federaci\u00f3n. Un texto donde tambi\u00e9n la entidad blanquiazul <strong>planteaba tambi\u00e9n descender a Tercera Federaci\u00f3n<\/strong> para poder seguir manteniendo El Collao como campo oficial y continuar en Alcoy.<\/p>\n<p style=\"text-align: justify;\">Pasadas las 13:30h ha comparecido el <strong>alcalde<\/strong> (Toni Franc\u00e9s) junto al <strong>vicealcalde<\/strong> (\u00c1lex Cerradelo) y el <strong>concejal de Deportes<\/strong> (Alberto Belda). El primer edil ha calificado de &#8220;<em>inmoral<\/em>&#8221; lo que propone Juan Carlos Ram\u00edrez para el futuro del Alcoyano y ha recordado que <strong>el Ayuntamiento siempre ha atendido todas las necesidades que ha tenido el Club<\/strong>. Franc\u00e9s<strong> ha reiterado<\/strong> que ante este contexto &#8220;<em>hay que buscar una soluci\u00f3n urgente<\/em>&#8221; y ha lamentando que <strong>toda la informaci\u00f3n<\/strong> que tiene sobre el asunto la est\u00e1 recibiendo por los medios puesto que <strong>la comunicaci\u00f3n con la entidad deportiva no es fluida<\/strong>. El alcalde ha dejado claro<strong> un mensaje<\/strong> &#8220;<em>el Alcoyano no se puede ir de Alcoy, no hay otro escenario posible. El propietario es el que tiene las acciones, pero este club es mucho m\u00e1s, es un emblema de Alcoy, es historia, sentimiento y va unido a esta ciudad<\/em>&#8220;<strong>, <\/strong>ha afirmado.<\/p>\n<p style=\"text-align: justify;\">Est\u00e1 previsto que la pr\u00f3xima semana <strong>el mismo Ayuntamiento mantenga una reuni\u00f3n<\/strong> con las pe\u00f1as del Alcoyano que se est\u00e1n movilizando para que el Deportivo siga en la ciudad. De hecho estas \u00faltimas <strong>han convocado una manifestaci\u00f3n para el 25 de mayo<\/strong>, coincidiendo con el \u00faltimo partido de la temporada, y que ir\u00eda desde el Ayuntamiento hasta El Collao en acci\u00f3n de protesta por los hechos que se est\u00e1n produciendo y para instar a que el Club no desaparezca de Alcoy.<\/p>\n","protected":false},"excerpt":{"rendered":"<p>El Ayuntamiento de Alcoy ha salido al paso de las afirmaciones que esta ma\u00f1ana ha hecho el Deportivo Alcoyano despu\u00e9s&#8230;<\/p>\n","protected":false},"author":1,"featured_media":133767,"comment_status":"open","ping_status":"open","sticky":false,"template":"","format":"standard","meta":{"footnotes":""},"categories":[6909,97,75,125],"tags":[388,1494,140,4779],"class_list":["post-133762","post","type-post","status-publish","format-standard","has-post-thumbnail","hentry","category-actualidad","category-alcoy","category-noticias","category-portada","tag-alcalde","tag-alcoy","tag-alcoyano","tag-situacion"],"yoast_head":"<!-- This site is optimized with the Yoast SEO plugin v27.3 - https:\/\/yoast.com\/product\/yoast-seo-wordpress\/ -->\n<title>Toni Franc\u00e9s ante la situaci\u00f3n del Alcoyano: &quot;la propuesta de Ram\u00edrez es inmoral&quot; - COPE Alcoy<\/title>\n<meta name=\"description\" content=\"El Ayuntamiento de Alcoy ha salido al paso de las afirmaciones que esta ma\u00f1ana ha hecho el Deportivo Alcoyano\" \/>\n<meta name=\"robots\" content=\"index, follow, max-snippet:-1, max-image-preview:large, max-video-preview:-1\" \/>\n<link rel=\"canonical\" href=\"https:\/\/www.copealcoy.es\/es\/toni-frances-ante-la-situacion-del-alcoyano-la-propuesta-de-ramirez-es-inmoral\/\" \/>\n<meta property=\"og:locale\" content=\"es_ES\" \/>\n<meta property=\"og:type\" content=\"article\" \/>\n<meta property=\"og:title\" content=\"Toni Franc\u00e9s ante la situaci\u00f3n del Alcoyano: &quot;la propuesta de Ram\u00edrez es inmoral&quot; - COPE Alcoy\" \/>\n<meta property=\"og:description\" content=\"El Ayuntamiento de Alcoy ha salido al paso de las afirmaciones que esta ma\u00f1ana ha hecho el Deportivo Alcoyano\" \/>\n<meta property=\"og:url\" content=\"https:\/\/www.copealcoy.es\/es\/toni-frances-ante-la-situacion-del-alcoyano-la-propuesta-de-ramirez-es-inmoral\/\" \/>\n<meta property=\"og:site_name\" content=\"COPE Alcoy\" \/>\n<meta property=\"article:published_time\" content=\"2024-05-17T14:30:43+00:00\" \/>\n<meta property=\"article:modified_time\" content=\"2024-05-17T17:21:51+00:00\" \/>\n<meta property=\"og:image\" content=\"https:\/\/www.copealcoy.es\/wp-content\/uploads\/2024\/05\/unnamed-1-24.jpg\" \/>\n\t<meta property=\"og:image:width\" content=\"1600\" \/>\n\t<meta property=\"og:image:height\" content=\"900\" \/>\n\t<meta property=\"og:image:type\" content=\"image\/jpeg\" \/>\n<meta name=\"author\" content=\"Cope Alcoy\" \/>\n<meta name=\"twitter:label1\" content=\"Escrito por\" \/>\n\t<meta name=\"twitter:data1\" content=\"Cope Alcoy\" \/>\n\t<meta name=\"twitter:label2\" content=\"Tiempo de lectura\" \/>\n\t<meta name=\"twitter:data2\" content=\"2 minutos\" \/>\n<script type=\"application\/ld+json\" class=\"yoast-schema-graph\">{\"@context\":\"https:\\\/\\\/schema.org\",\"@graph\":[{\"@type\":\"Article\",\"@id\":\"https:\\\/\\\/www.copealcoy.es\\\/es\\\/toni-frances-ante-la-situacion-del-alcoyano-la-propuesta-de-ramirez-es-inmoral\\\/#article\",\"isPartOf\":{\"@id\":\"https:\\\/\\\/www.copealcoy.es\\\/es\\\/toni-frances-ante-la-situacion-del-alcoyano-la-propuesta-de-ramirez-es-inmoral\\\/\"},\"author\":{\"name\":\"Cope Alcoy\",\"@id\":\"https:\\\/\\\/www.copealcoy.es\\\/es\\\/#\\\/schema\\\/person\\\/e777c87fa024e57d40170af9df39882c\"},\"headline\":\"Toni Franc\u00e9s ante la situaci\u00f3n del Alcoyano: &#8220;la propuesta de Ram\u00edrez es inmoral&#8221;\",\"datePublished\":\"2024-05-17T14:30:43+00:00\",\"dateModified\":\"2024-05-17T17:21:51+00:00\",\"mainEntityOfPage\":{\"@id\":\"https:\\\/\\\/www.copealcoy.es\\\/es\\\/toni-frances-ante-la-situacion-del-alcoyano-la-propuesta-de-ramirez-es-inmoral\\\/\"},\"wordCount\":343,\"commentCount\":0,\"image\":{\"@id\":\"https:\\\/\\\/www.copealcoy.es\\\/es\\\/toni-frances-ante-la-situacion-del-alcoyano-la-propuesta-de-ramirez-es-inmoral\\\/#primaryimage\"},\"thumbnailUrl\":\"https:\\\/\\\/www.copealcoy.es\\\/wp-content\\\/uploads\\\/2024\\\/05\\\/unnamed-1-24.jpg\",\"keywords\":[\"Alcalde\",\"Alcoy\",\"Alcoyano\",\"situaci\u00f3n\"],\"articleSection\":[\"Actualidad\",\"Alcoy\",\"Noticias\",\"Portada\"],\"inLanguage\":\"es\"},{\"@type\":\"WebPage\",\"@id\":\"https:\\\/\\\/www.copealcoy.es\\\/es\\\/toni-frances-ante-la-situacion-del-alcoyano-la-propuesta-de-ramirez-es-inmoral\\\/\",\"url\":\"https:\\\/\\\/www.copealcoy.es\\\/es\\\/toni-frances-ante-la-situacion-del-alcoyano-la-propuesta-de-ramirez-es-inmoral\\\/\",\"name\":\"Toni Franc\u00e9s ante la situaci\u00f3n del Alcoyano: \\\"la propuesta de Ram\u00edrez es inmoral\\\" - COPE Alcoy\",\"isPartOf\":{\"@id\":\"https:\\\/\\\/www.copealcoy.es\\\/es\\\/#website\"},\"primaryImageOfPage\":{\"@id\":\"https:\\\/\\\/www.copealcoy.es\\\/es\\\/toni-frances-ante-la-situacion-del-alcoyano-la-propuesta-de-ramirez-es-inmoral\\\/#primaryimage\"},\"image\":{\"@id\":\"https:\\\/\\\/www.copealcoy.es\\\/es\\\/toni-frances-ante-la-situacion-del-alcoyano-la-propuesta-de-ramirez-es-inmoral\\\/#primaryimage\"},\"thumbnailUrl\":\"https:\\\/\\\/www.copealcoy.es\\\/wp-content\\\/uploads\\\/2024\\\/05\\\/unnamed-1-24.jpg\",\"datePublished\":\"2024-05-17T14:30:43+00:00\",\"dateModified\":\"2024-05-17T17:21:51+00:00\",\"author\":{\"@id\":\"https:\\\/\\\/www.copealcoy.es\\\/es\\\/#\\\/schema\\\/person\\\/e777c87fa024e57d40170af9df39882c\"},\"description\":\"El Ayuntamiento de Alcoy ha salido al paso de las afirmaciones que esta ma\u00f1ana ha hecho el Deportivo Alcoyano\",\"breadcrumb\":{\"@id\":\"https:\\\/\\\/www.copealcoy.es\\\/es\\\/toni-frances-ante-la-situacion-del-alcoyano-la-propuesta-de-ramirez-es-inmoral\\\/#breadcrumb\"},\"inLanguage\":\"es\",\"potentialAction\":[{\"@type\":\"ReadAction\",\"target\":[\"https:\\\/\\\/www.copealcoy.es\\\/es\\\/toni-frances-ante-la-situacion-del-alcoyano-la-propuesta-de-ramirez-es-inmoral\\\/\"]}]},{\"@type\":\"ImageObject\",\"inLanguage\":\"es\",\"@id\":\"https:\\\/\\\/www.copealcoy.es\\\/es\\\/toni-frances-ante-la-situacion-del-alcoyano-la-propuesta-de-ramirez-es-inmoral\\\/#primaryimage\",\"url\":\"https:\\\/\\\/www.copealcoy.es\\\/wp-content\\\/uploads\\\/2024\\\/05\\\/unnamed-1-24.jpg\",\"contentUrl\":\"https:\\\/\\\/www.copealcoy.es\\\/wp-content\\\/uploads\\\/2024\\\/05\\\/unnamed-1-24.jpg\",\"width\":1600,\"height\":900},{\"@type\":\"BreadcrumbList\",\"@id\":\"https:\\\/\\\/www.copealcoy.es\\\/es\\\/toni-frances-ante-la-situacion-del-alcoyano-la-propuesta-de-ramirez-es-inmoral\\\/#breadcrumb\",\"itemListElement\":[{\"@type\":\"ListItem\",\"position\":1,\"name\":\"Portada\",\"item\":\"https:\\\/\\\/www.copealcoy.es\\\/es\\\/\"},{\"@type\":\"ListItem\",\"position\":2,\"name\":\"Toni Franc\u00e9s ante la situaci\u00f3n del Alcoyano: \u00abla propuesta de Ram\u00edrez es inmoral\u00bb\"}]},{\"@type\":\"WebSite\",\"@id\":\"https:\\\/\\\/www.copealcoy.es\\\/es\\\/#website\",\"url\":\"https:\\\/\\\/www.copealcoy.es\\\/es\\\/\",\"name\":\"COPE Alcoy\",\"description\":\"Emisora COPE de radio local con emisi\u00f3n online. Pont de Sant Jordi 8-10 03803 Alcoy\",\"potentialAction\":[{\"@type\":\"SearchAction\",\"target\":{\"@type\":\"EntryPoint\",\"urlTemplate\":\"https:\\\/\\\/www.copealcoy.es\\\/es\\\/?s={search_term_string}\"},\"query-input\":{\"@type\":\"PropertyValueSpecification\",\"valueRequired\":true,\"valueName\":\"search_term_string\"}}],\"inLanguage\":\"es\"},{\"@type\":\"Person\",\"@id\":\"https:\\\/\\\/www.copealcoy.es\\\/es\\\/#\\\/schema\\\/person\\\/e777c87fa024e57d40170af9df39882c\",\"name\":\"Cope Alcoy\",\"image\":{\"@type\":\"ImageObject\",\"inLanguage\":\"es\",\"@id\":\"https:\\\/\\\/secure.gravatar.com\\\/avatar\\\/bb65d0283347e303893ba14f0692005417c1e0e690a325a4c5d8bb2b3943ee14?s=96&d=mm&r=g\",\"url\":\"https:\\\/\\\/secure.gravatar.com\\\/avatar\\\/bb65d0283347e303893ba14f0692005417c1e0e690a325a4c5d8bb2b3943ee14?s=96&d=mm&r=g\",\"contentUrl\":\"https:\\\/\\\/secure.gravatar.com\\\/avatar\\\/bb65d0283347e303893ba14f0692005417c1e0e690a325a4c5d8bb2b3943ee14?s=96&d=mm&r=g\",\"caption\":\"Cope Alcoy\"}}]}<\/script>\n<!-- \/ Yoast SEO plugin. -->","yoast_head_json":{"title":"Toni Franc\u00e9s ante la situaci\u00f3n del Alcoyano: \"la propuesta de Ram\u00edrez es inmoral\" - COPE Alcoy","description":"El Ayuntamiento de Alcoy ha salido al paso de las afirmaciones que esta ma\u00f1ana ha hecho el Deportivo Alcoyano","robots":{"index":"index","follow":"follow","max-snippet":"max-snippet:-1","max-image-preview":"max-image-preview:large","max-video-preview":"max-video-preview:-1"},"canonical":"https:\/\/www.copealcoy.es\/es\/toni-frances-ante-la-situacion-del-alcoyano-la-propuesta-de-ramirez-es-inmoral\/","og_locale":"es_ES","og_type":"article","og_title":"Toni Franc\u00e9s ante la situaci\u00f3n del Alcoyano: \"la propuesta de Ram\u00edrez es inmoral\" - COPE Alcoy","og_description":"El Ayuntamiento de Alcoy ha salido al paso de las afirmaciones que esta ma\u00f1ana ha hecho el Deportivo Alcoyano","og_url":"https:\/\/www.copealcoy.es\/es\/toni-frances-ante-la-situacion-del-alcoyano-la-propuesta-de-ramirez-es-inmoral\/","og_site_name":"COPE Alcoy","article_published_time":"2024-05-17T14:30:43+00:00","article_modified_time":"2024-05-17T17:21:51+00:00","og_image":[{"width":1600,"height":900,"url":"https:\/\/www.copealcoy.es\/wp-content\/uploads\/2024\/05\/unnamed-1-24.jpg","type":"image\/jpeg"}],"author":"Cope Alcoy","twitter_misc":{"Escrito por":"Cope Alcoy","Tiempo de lectura":"2 minutos"},"schema":{"@context":"https:\/\/schema.org","@graph":[{"@type":"Article","@id":"https:\/\/www.copealcoy.es\/es\/toni-frances-ante-la-situacion-del-alcoyano-la-propuesta-de-ramirez-es-inmoral\/#article","isPartOf":{"@id":"https:\/\/www.copealcoy.es\/es\/toni-frances-ante-la-situacion-del-alcoyano-la-propuesta-de-ramirez-es-inmoral\/"},"author":{"name":"Cope Alcoy","@id":"https:\/\/www.copealcoy.es\/es\/#\/schema\/person\/e777c87fa024e57d40170af9df39882c"},"headline":"Toni Franc\u00e9s ante la situaci\u00f3n del Alcoyano: &#8220;la propuesta de Ram\u00edrez es inmoral&#8221;","datePublished":"2024-05-17T14:30:43+00:00","dateModified":"2024-05-17T17:21:51+00:00","mainEntityOfPage":{"@id":"https:\/\/www.copealcoy.es\/es\/toni-frances-ante-la-situacion-del-alcoyano-la-propuesta-de-ramirez-es-inmoral\/"},"wordCount":343,"commentCount":0,"image":{"@id":"https:\/\/www.copealcoy.es\/es\/toni-frances-ante-la-situacion-del-alcoyano-la-propuesta-de-ramirez-es-inmoral\/#primaryimage"},"thumbnailUrl":"https:\/\/www.copealcoy.es\/wp-content\/uploads\/2024\/05\/unnamed-1-24.jpg","keywords":["Alcalde","Alcoy","Alcoyano","situaci\u00f3n"],"articleSection":["Actualidad","Alcoy","Noticias","Portada"],"inLanguage":"es"},{"@type":"WebPage","@id":"https:\/\/www.copealcoy.es\/es\/toni-frances-ante-la-situacion-del-alcoyano-la-propuesta-de-ramirez-es-inmoral\/","url":"https:\/\/www.copealcoy.es\/es\/toni-frances-ante-la-situacion-del-alcoyano-la-propuesta-de-ramirez-es-inmoral\/","name":"Toni Franc\u00e9s ante la situaci\u00f3n del Alcoyano: \"la propuesta de Ram\u00edrez es inmoral\" - COPE Alcoy","isPartOf":{"@id":"https:\/\/www.copealcoy.es\/es\/#website"},"primaryImageOfPage":{"@id":"https:\/\/www.copealcoy.es\/es\/toni-frances-ante-la-situacion-del-alcoyano-la-propuesta-de-ramirez-es-inmoral\/#primaryimage"},"image":{"@id":"https:\/\/www.copealcoy.es\/es\/toni-frances-ante-la-situacion-del-alcoyano-la-propuesta-de-ramirez-es-inmoral\/#primaryimage"},"thumbnailUrl":"https:\/\/www.copealcoy.es\/wp-content\/uploads\/2024\/05\/unnamed-1-24.jpg","datePublished":"2024-05-17T14:30:43+00:00","dateModified":"2024-05-17T17:21:51+00:00","author":{"@id":"https:\/\/www.copealcoy.es\/es\/#\/schema\/person\/e777c87fa024e57d40170af9df39882c"},"description":"El Ayuntamiento de Alcoy ha salido al paso de las afirmaciones que esta ma\u00f1ana ha hecho el Deportivo Alcoyano","breadcrumb":{"@id":"https:\/\/www.copealcoy.es\/es\/toni-frances-ante-la-situacion-del-alcoyano-la-propuesta-de-ramirez-es-inmoral\/#breadcrumb"},"inLanguage":"es","potentialAction":[{"@type":"ReadAction","target":["https:\/\/www.copealcoy.es\/es\/toni-frances-ante-la-situacion-del-alcoyano-la-propuesta-de-ramirez-es-inmoral\/"]}]},{"@type":"ImageObject","inLanguage":"es","@id":"https:\/\/www.copealcoy.es\/es\/toni-frances-ante-la-situacion-del-alcoyano-la-propuesta-de-ramirez-es-inmoral\/#primaryimage","url":"https:\/\/www.copealcoy.es\/wp-content\/uploads\/2024\/05\/unnamed-1-24.jpg","contentUrl":"https:\/\/www.copealcoy.es\/wp-content\/uploads\/2024\/05\/unnamed-1-24.jpg","width":1600,"height":900},{"@type":"BreadcrumbList","@id":"https:\/\/www.copealcoy.es\/es\/toni-frances-ante-la-situacion-del-alcoyano-la-propuesta-de-ramirez-es-inmoral\/#breadcrumb","itemListElement":[{"@type":"ListItem","position":1,"name":"Portada","item":"https:\/\/www.copealcoy.es\/es\/"},{"@type":"ListItem","position":2,"name":"Toni Franc\u00e9s ante la situaci\u00f3n del Alcoyano: \u00abla propuesta de Ram\u00edrez es inmoral\u00bb"}]},{"@type":"WebSite","@id":"https:\/\/www.copealcoy.es\/es\/#website","url":"https:\/\/www.copealcoy.es\/es\/","name":"COPE Alcoy","description":"Emisora COPE de radio local con emisi\u00f3n online. Pont de Sant Jordi 8-10 03803 Alcoy","potentialAction":[{"@type":"SearchAction","target":{"@type":"EntryPoint","urlTemplate":"https:\/\/www.copealcoy.es\/es\/?s={search_term_string}"},"query-input":{"@type":"PropertyValueSpecification","valueRequired":true,"valueName":"search_term_string"}}],"inLanguage":"es"},{"@type":"Person","@id":"https:\/\/www.copealcoy.es\/es\/#\/schema\/person\/e777c87fa024e57d40170af9df39882c","name":"Cope Alcoy","image":{"@type":"ImageObject","inLanguage":"es","@id":"https:\/\/secure.gravatar.com\/avatar\/bb65d0283347e303893ba14f0692005417c1e0e690a325a4c5d8bb2b3943ee14?s=96&d=mm&r=g","url":"https:\/\/secure.gravatar.com\/avatar\/bb65d0283347e303893ba14f0692005417c1e0e690a325a4c5d8bb2b3943ee14?s=96&d=mm&r=g","contentUrl":"https:\/\/secure.gravatar.com\/avatar\/bb65d0283347e303893ba14f0692005417c1e0e690a325a4c5d8bb2b3943ee14?s=96&d=mm&r=g","caption":"Cope Alcoy"}}]}},"_links":{"self":[{"href":"https:\/\/www.copealcoy.es\/es\/wp-json\/wp\/v2\/posts\/133762","targetHints":{"allow":["GET"]}}],"collection":[{"href":"https:\/\/www.copealcoy.es\/es\/wp-json\/wp\/v2\/posts"}],"about":[{"href":"https:\/\/www.copealcoy.es\/es\/wp-json\/wp\/v2\/types\/post"}],"author":[{"embeddable":true,"href":"https:\/\/www.copealcoy.es\/es\/wp-json\/wp\/v2\/users\/1"}],"replies":[{"embeddable":true,"href":"https:\/\/www.copealcoy.es\/es\/wp-json\/wp\/v2\/comments?post=133762"}],"version-history":[{"count":0,"href":"https:\/\/www.copealcoy.es\/es\/wp-json\/wp\/v2\/posts\/133762\/revisions"}],"wp:featuredmedia":[{"embeddable":true,"href":"https:\/\/www.copealcoy.es\/es\/wp-json\/wp\/v2\/media\/133767"}],"wp:attachment":[{"href":"https:\/\/www.copealcoy.es\/es\/wp-json\/wp\/v2\/media?parent=133762"}],"wp:term":[{"taxonomy":"category","embeddable":true,"href":"https:\/\/www.copealcoy.es\/es\/wp-json\/wp\/v2\/categories?post=133762"},{"taxonomy":"post_tag","embeddable":true,"href":"https:\/\/www.copealcoy.es\/es\/wp-json\/wp\/v2\/tags?post=133762"}],"curies":[{"name":"wp","href":"https:\/\/api.w.org\/{rel}","templated":true}]}}