{"id":133696,"date":"2024-05-16T12:13:10","date_gmt":"2024-05-16T11:13:10","guid":{"rendered":"https:\/\/www.copealcoy.es\/?p=133696"},"modified":"2024-05-16T15:50:14","modified_gmt":"2024-05-16T14:50:14","slug":"un-policia-local-de-cocentaina-es-atropellado-por-un-patinete-electrico","status":"publish","type":"post","link":"https:\/\/www.copealcoy.es\/es\/un-policia-local-de-cocentaina-es-atropellado-por-un-patinete-electrico\/","title":{"rendered":"Un Polic\u00eda Local de Cocentaina es atropellado por un patinete el\u00e9ctrico"},"content":{"rendered":"<p style=\"text-align: justify;\">Dos agentes de la <a href=\"https:\/\/www.facebook.com\/profile.php?id=100050959311759\" target=\"_blank\" rel=\"noopener\"><span style=\"color: #0000ff;\"><strong>Polic\u00eda Local de Cocentaina<\/strong><\/span><\/a> resultaron heridos el pasado s\u00e1bado 11 de mayo durante <strong>una detenci\u00f3n<\/strong>. Seg\u00fan informaron a trav\u00e9s de las redes sociales, recibieron varios avisos sobre <strong>dos j\u00f3venes que circulaban de manera imprudente con patinetes<\/strong> por la calle Pare Torr\u00f3. Al llegar los agentes a la zona, <strong>los dos j\u00f3venes intentaron huir<\/strong>. Uno de ellos <strong>sali\u00f3 corriendo y fue interceptado por los agentes con la colaboraci\u00f3n de un vecino<\/strong>, pero al intentar interceptarlo, el agente de la polic\u00eda local sufri\u00f3 heridas en las piernas. El segundo joven <strong>huy\u00f3 con el patinete y atropell\u00f3 a otro agente cuando intentaba darle el alto<\/strong>. En este caso, seg\u00fan la informaci\u00f3n facilitada, el agente sufri\u00f3 contusiones en las rodillas y el joven logr\u00f3 escapar. Los dos agentes heridos se encuentran de baja y recuper\u00e1ndose de las lesiones. Mientras tanto, la Polic\u00eda Local colabora con la Guardia Civil para localizar y detener al segundo joven.<\/p>\n<p><strong><span style=\"color: #0000ff;\">Detenido tras 25 intentos por quemar La Carrasqueta<\/span><\/strong><\/p>\n<p style=\"text-align: justify;\">La Guardia Civil y agentes medioambientales de la Conselleria, en el marco de las actuaciones llevadas a cabo contra los incendios forestales, en una operaci\u00f3n conjunta, han investigado al supuesto<strong>\u00a0autor de dos delitos de incendio forestal y de diecinueve conatos<\/strong>\u00a0en el paraje de la Sierra de la Carrasqueta de Jijona.<\/p>\n<p style=\"text-align: justify;\">El d\u00eda 7 de mayo, agentes medioambientales de la Conselleria de Medio Ambiente, comunicaron al Equipo del Servicio de Protecci\u00f3n de la Naturaleza (EPRONA) de la Comandancia de Alicante, el avistamiento de varios conatos de incendio en la Sierra de la Carrasqueta de Jijona, consiguiendo visualizar a una persona como supuesto autor de estos. Al d\u00eda siguiente, durante los servicios de vigilancia realizados por el EPRONA junto a los agentes medioambientales por la Sierra de la Carrasqueta, observaron<strong>\u00a0tres fuegos en el paraje natural.<\/strong>\u00a0Por este motivo acudieron a sofocarlos y durante la operaci\u00f3n consiguieron, mediante el uso de equipos tecnol\u00f3gicos espec\u00edficos, identificar a un hombre de 46 a\u00f1os.<\/p>\n<p style=\"text-align: justify;\">Finalmente, el d\u00eda nueve de mayo, tras las averiguaciones realizadas y el estudio de las pruebas obtenidas en el entorno natural por el equipo del EPRONA, agentes medioambientales del Grupo Operativo de Investigaci\u00f3n de Incendios Forestales (GOIIF) y agentes medioambientales, se consigui\u00f3<strong>\u00a0la identificaci\u00f3n del supuesto responsable de las quemas intencionadas<\/strong>, un hombre de 46 a\u00f1os, que fue investigado y al que se le imputan dos delitos de incendio forestal, as\u00ed como diecinueve conatos de incendio que se produjeron desde el uno de mayo de este a\u00f1o y cuatro del a\u00f1o 2022, de lo que se ha dado cuenta a los Juzgados de San Vicente.<\/p>\n","protected":false},"excerpt":{"rendered":"<p>Dos agentes de la Polic\u00eda Local de Cocentaina resultaron heridos el pasado s\u00e1bado 11 de mayo durante una detenci\u00f3n. Seg\u00fan&#8230;<\/p>\n","protected":false},"author":1,"featured_media":133697,"comment_status":"open","ping_status":"open","sticky":false,"template":"","format":"standard","meta":{"footnotes":""},"categories":[6909,98,75],"tags":[12365,132,8328,16844,846],"class_list":["post-133696","post","type-post","status-publish","format-standard","has-post-thumbnail","hentry","category-actualidad","category-comarcas","category-noticias","tag-atropello","tag-cocentaina","tag-investigacion","tag-patinete-electrico","tag-policia-local"],"yoast_head":"<!-- This site is optimized with the Yoast SEO plugin v27.3 - https:\/\/yoast.com\/product\/yoast-seo-wordpress\/ -->\n<title>Un Polic\u00eda Local de Cocentaina es atropellado por un patinete el\u00e9ctrico - COPE Alcoy<\/title>\n<meta name=\"description\" content=\"Dos agentes de la Polic\u00eda Local de Cocentaina resultaron heridos el pasado s\u00e1bado 11 de mayo durante una detenci\u00f3n\" \/>\n<meta name=\"robots\" content=\"index, follow, max-snippet:-1, max-image-preview:large, max-video-preview:-1\" \/>\n<link rel=\"canonical\" href=\"https:\/\/www.copealcoy.es\/es\/un-policia-local-de-cocentaina-es-atropellado-por-un-patinete-electrico\/\" \/>\n<meta property=\"og:locale\" content=\"es_ES\" \/>\n<meta property=\"og:type\" content=\"article\" \/>\n<meta property=\"og:title\" content=\"Un Polic\u00eda Local de Cocentaina es atropellado por un patinete el\u00e9ctrico - COPE Alcoy\" \/>\n<meta property=\"og:description\" content=\"Dos agentes de la Polic\u00eda Local de Cocentaina resultaron heridos el pasado s\u00e1bado 11 de mayo durante una detenci\u00f3n\" \/>\n<meta property=\"og:url\" content=\"https:\/\/www.copealcoy.es\/es\/un-policia-local-de-cocentaina-es-atropellado-por-un-patinete-electrico\/\" \/>\n<meta property=\"og:site_name\" content=\"COPE Alcoy\" \/>\n<meta property=\"article:published_time\" content=\"2024-05-16T11:13:10+00:00\" \/>\n<meta property=\"article:modified_time\" content=\"2024-05-16T14:50:14+00:00\" \/>\n<meta property=\"og:image\" content=\"https:\/\/www.copealcoy.es\/wp-content\/uploads\/2024\/05\/441234011_1013185040390130_6364559595278597523_n.jpg\" \/>\n\t<meta property=\"og:image:width\" content=\"1125\" \/>\n\t<meta property=\"og:image:height\" content=\"782\" \/>\n\t<meta property=\"og:image:type\" content=\"image\/jpeg\" \/>\n<meta name=\"author\" content=\"Cope Alcoy\" \/>\n<meta name=\"twitter:label1\" content=\"Escrito por\" \/>\n\t<meta name=\"twitter:data1\" content=\"Cope Alcoy\" \/>\n\t<meta name=\"twitter:label2\" content=\"Tiempo de lectura\" \/>\n\t<meta name=\"twitter:data2\" content=\"3 minutos\" \/>\n<script type=\"application\/ld+json\" class=\"yoast-schema-graph\">{\"@context\":\"https:\\\/\\\/schema.org\",\"@graph\":[{\"@type\":\"Article\",\"@id\":\"https:\\\/\\\/www.copealcoy.es\\\/es\\\/un-policia-local-de-cocentaina-es-atropellado-por-un-patinete-electrico\\\/#article\",\"isPartOf\":{\"@id\":\"https:\\\/\\\/www.copealcoy.es\\\/es\\\/un-policia-local-de-cocentaina-es-atropellado-por-un-patinete-electrico\\\/\"},\"author\":{\"name\":\"Cope Alcoy\",\"@id\":\"https:\\\/\\\/www.copealcoy.es\\\/es\\\/#\\\/schema\\\/person\\\/e777c87fa024e57d40170af9df39882c\"},\"headline\":\"Un Polic\u00eda Local de Cocentaina es atropellado por un patinete el\u00e9ctrico\",\"datePublished\":\"2024-05-16T11:13:10+00:00\",\"dateModified\":\"2024-05-16T14:50:14+00:00\",\"mainEntityOfPage\":{\"@id\":\"https:\\\/\\\/www.copealcoy.es\\\/es\\\/un-policia-local-de-cocentaina-es-atropellado-por-un-patinete-electrico\\\/\"},\"wordCount\":463,\"commentCount\":0,\"image\":{\"@id\":\"https:\\\/\\\/www.copealcoy.es\\\/es\\\/un-policia-local-de-cocentaina-es-atropellado-por-un-patinete-electrico\\\/#primaryimage\"},\"thumbnailUrl\":\"https:\\\/\\\/www.copealcoy.es\\\/wp-content\\\/uploads\\\/2024\\\/05\\\/441234011_1013185040390130_6364559595278597523_n.jpg\",\"keywords\":[\"atropello\",\"Cocentaina\",\"Investigaci\u00f3n\",\"patinete el\u00e9ctrico\",\"Polic\u00eda Local\"],\"articleSection\":[\"Actualidad\",\"Comarcas\",\"Noticias\"],\"inLanguage\":\"es\"},{\"@type\":\"WebPage\",\"@id\":\"https:\\\/\\\/www.copealcoy.es\\\/es\\\/un-policia-local-de-cocentaina-es-atropellado-por-un-patinete-electrico\\\/\",\"url\":\"https:\\\/\\\/www.copealcoy.es\\\/es\\\/un-policia-local-de-cocentaina-es-atropellado-por-un-patinete-electrico\\\/\",\"name\":\"Un Polic\u00eda Local de Cocentaina es atropellado por un patinete el\u00e9ctrico - COPE Alcoy\",\"isPartOf\":{\"@id\":\"https:\\\/\\\/www.copealcoy.es\\\/es\\\/#website\"},\"primaryImageOfPage\":{\"@id\":\"https:\\\/\\\/www.copealcoy.es\\\/es\\\/un-policia-local-de-cocentaina-es-atropellado-por-un-patinete-electrico\\\/#primaryimage\"},\"image\":{\"@id\":\"https:\\\/\\\/www.copealcoy.es\\\/es\\\/un-policia-local-de-cocentaina-es-atropellado-por-un-patinete-electrico\\\/#primaryimage\"},\"thumbnailUrl\":\"https:\\\/\\\/www.copealcoy.es\\\/wp-content\\\/uploads\\\/2024\\\/05\\\/441234011_1013185040390130_6364559595278597523_n.jpg\",\"datePublished\":\"2024-05-16T11:13:10+00:00\",\"dateModified\":\"2024-05-16T14:50:14+00:00\",\"author\":{\"@id\":\"https:\\\/\\\/www.copealcoy.es\\\/es\\\/#\\\/schema\\\/person\\\/e777c87fa024e57d40170af9df39882c\"},\"description\":\"Dos agentes de la Polic\u00eda Local de Cocentaina resultaron heridos el pasado s\u00e1bado 11 de mayo durante una detenci\u00f3n\",\"breadcrumb\":{\"@id\":\"https:\\\/\\\/www.copealcoy.es\\\/es\\\/un-policia-local-de-cocentaina-es-atropellado-por-un-patinete-electrico\\\/#breadcrumb\"},\"inLanguage\":\"es\",\"potentialAction\":[{\"@type\":\"ReadAction\",\"target\":[\"https:\\\/\\\/www.copealcoy.es\\\/es\\\/un-policia-local-de-cocentaina-es-atropellado-por-un-patinete-electrico\\\/\"]}]},{\"@type\":\"ImageObject\",\"inLanguage\":\"es\",\"@id\":\"https:\\\/\\\/www.copealcoy.es\\\/es\\\/un-policia-local-de-cocentaina-es-atropellado-por-un-patinete-electrico\\\/#primaryimage\",\"url\":\"https:\\\/\\\/www.copealcoy.es\\\/wp-content\\\/uploads\\\/2024\\\/05\\\/441234011_1013185040390130_6364559595278597523_n.jpg\",\"contentUrl\":\"https:\\\/\\\/www.copealcoy.es\\\/wp-content\\\/uploads\\\/2024\\\/05\\\/441234011_1013185040390130_6364559595278597523_n.jpg\",\"width\":1125,\"height\":782},{\"@type\":\"BreadcrumbList\",\"@id\":\"https:\\\/\\\/www.copealcoy.es\\\/es\\\/un-policia-local-de-cocentaina-es-atropellado-por-un-patinete-electrico\\\/#breadcrumb\",\"itemListElement\":[{\"@type\":\"ListItem\",\"position\":1,\"name\":\"Portada\",\"item\":\"https:\\\/\\\/www.copealcoy.es\\\/es\\\/\"},{\"@type\":\"ListItem\",\"position\":2,\"name\":\"Un Polic\u00eda Local de Cocentaina es atropellado por un patinete el\u00e9ctrico\"}]},{\"@type\":\"WebSite\",\"@id\":\"https:\\\/\\\/www.copealcoy.es\\\/es\\\/#website\",\"url\":\"https:\\\/\\\/www.copealcoy.es\\\/es\\\/\",\"name\":\"COPE Alcoy\",\"description\":\"Emisora COPE de radio local con emisi\u00f3n online. Pont de Sant Jordi 8-10 03803 Alcoy\",\"potentialAction\":[{\"@type\":\"SearchAction\",\"target\":{\"@type\":\"EntryPoint\",\"urlTemplate\":\"https:\\\/\\\/www.copealcoy.es\\\/es\\\/?s={search_term_string}\"},\"query-input\":{\"@type\":\"PropertyValueSpecification\",\"valueRequired\":true,\"valueName\":\"search_term_string\"}}],\"inLanguage\":\"es\"},{\"@type\":\"Person\",\"@id\":\"https:\\\/\\\/www.copealcoy.es\\\/es\\\/#\\\/schema\\\/person\\\/e777c87fa024e57d40170af9df39882c\",\"name\":\"Cope Alcoy\",\"image\":{\"@type\":\"ImageObject\",\"inLanguage\":\"es\",\"@id\":\"https:\\\/\\\/secure.gravatar.com\\\/avatar\\\/bb65d0283347e303893ba14f0692005417c1e0e690a325a4c5d8bb2b3943ee14?s=96&d=mm&r=g\",\"url\":\"https:\\\/\\\/secure.gravatar.com\\\/avatar\\\/bb65d0283347e303893ba14f0692005417c1e0e690a325a4c5d8bb2b3943ee14?s=96&d=mm&r=g\",\"contentUrl\":\"https:\\\/\\\/secure.gravatar.com\\\/avatar\\\/bb65d0283347e303893ba14f0692005417c1e0e690a325a4c5d8bb2b3943ee14?s=96&d=mm&r=g\",\"caption\":\"Cope Alcoy\"}}]}<\/script>\n<!-- \/ Yoast SEO plugin. -->","yoast_head_json":{"title":"Un Polic\u00eda Local de Cocentaina es atropellado por un patinete el\u00e9ctrico - COPE Alcoy","description":"Dos agentes de la Polic\u00eda Local de Cocentaina resultaron heridos el pasado s\u00e1bado 11 de mayo durante una detenci\u00f3n","robots":{"index":"index","follow":"follow","max-snippet":"max-snippet:-1","max-image-preview":"max-image-preview:large","max-video-preview":"max-video-preview:-1"},"canonical":"https:\/\/www.copealcoy.es\/es\/un-policia-local-de-cocentaina-es-atropellado-por-un-patinete-electrico\/","og_locale":"es_ES","og_type":"article","og_title":"Un Polic\u00eda Local de Cocentaina es atropellado por un patinete el\u00e9ctrico - COPE Alcoy","og_description":"Dos agentes de la Polic\u00eda Local de Cocentaina resultaron heridos el pasado s\u00e1bado 11 de mayo durante una detenci\u00f3n","og_url":"https:\/\/www.copealcoy.es\/es\/un-policia-local-de-cocentaina-es-atropellado-por-un-patinete-electrico\/","og_site_name":"COPE Alcoy","article_published_time":"2024-05-16T11:13:10+00:00","article_modified_time":"2024-05-16T14:50:14+00:00","og_image":[{"width":1125,"height":782,"url":"https:\/\/www.copealcoy.es\/wp-content\/uploads\/2024\/05\/441234011_1013185040390130_6364559595278597523_n.jpg","type":"image\/jpeg"}],"author":"Cope Alcoy","twitter_misc":{"Escrito por":"Cope Alcoy","Tiempo de lectura":"3 minutos"},"schema":{"@context":"https:\/\/schema.org","@graph":[{"@type":"Article","@id":"https:\/\/www.copealcoy.es\/es\/un-policia-local-de-cocentaina-es-atropellado-por-un-patinete-electrico\/#article","isPartOf":{"@id":"https:\/\/www.copealcoy.es\/es\/un-policia-local-de-cocentaina-es-atropellado-por-un-patinete-electrico\/"},"author":{"name":"Cope Alcoy","@id":"https:\/\/www.copealcoy.es\/es\/#\/schema\/person\/e777c87fa024e57d40170af9df39882c"},"headline":"Un Polic\u00eda Local de Cocentaina es atropellado por un patinete el\u00e9ctrico","datePublished":"2024-05-16T11:13:10+00:00","dateModified":"2024-05-16T14:50:14+00:00","mainEntityOfPage":{"@id":"https:\/\/www.copealcoy.es\/es\/un-policia-local-de-cocentaina-es-atropellado-por-un-patinete-electrico\/"},"wordCount":463,"commentCount":0,"image":{"@id":"https:\/\/www.copealcoy.es\/es\/un-policia-local-de-cocentaina-es-atropellado-por-un-patinete-electrico\/#primaryimage"},"thumbnailUrl":"https:\/\/www.copealcoy.es\/wp-content\/uploads\/2024\/05\/441234011_1013185040390130_6364559595278597523_n.jpg","keywords":["atropello","Cocentaina","Investigaci\u00f3n","patinete el\u00e9ctrico","Polic\u00eda Local"],"articleSection":["Actualidad","Comarcas","Noticias"],"inLanguage":"es"},{"@type":"WebPage","@id":"https:\/\/www.copealcoy.es\/es\/un-policia-local-de-cocentaina-es-atropellado-por-un-patinete-electrico\/","url":"https:\/\/www.copealcoy.es\/es\/un-policia-local-de-cocentaina-es-atropellado-por-un-patinete-electrico\/","name":"Un Polic\u00eda Local de Cocentaina es atropellado por un patinete el\u00e9ctrico - COPE Alcoy","isPartOf":{"@id":"https:\/\/www.copealcoy.es\/es\/#website"},"primaryImageOfPage":{"@id":"https:\/\/www.copealcoy.es\/es\/un-policia-local-de-cocentaina-es-atropellado-por-un-patinete-electrico\/#primaryimage"},"image":{"@id":"https:\/\/www.copealcoy.es\/es\/un-policia-local-de-cocentaina-es-atropellado-por-un-patinete-electrico\/#primaryimage"},"thumbnailUrl":"https:\/\/www.copealcoy.es\/wp-content\/uploads\/2024\/05\/441234011_1013185040390130_6364559595278597523_n.jpg","datePublished":"2024-05-16T11:13:10+00:00","dateModified":"2024-05-16T14:50:14+00:00","author":{"@id":"https:\/\/www.copealcoy.es\/es\/#\/schema\/person\/e777c87fa024e57d40170af9df39882c"},"description":"Dos agentes de la Polic\u00eda Local de Cocentaina resultaron heridos el pasado s\u00e1bado 11 de mayo durante una detenci\u00f3n","breadcrumb":{"@id":"https:\/\/www.copealcoy.es\/es\/un-policia-local-de-cocentaina-es-atropellado-por-un-patinete-electrico\/#breadcrumb"},"inLanguage":"es","potentialAction":[{"@type":"ReadAction","target":["https:\/\/www.copealcoy.es\/es\/un-policia-local-de-cocentaina-es-atropellado-por-un-patinete-electrico\/"]}]},{"@type":"ImageObject","inLanguage":"es","@id":"https:\/\/www.copealcoy.es\/es\/un-policia-local-de-cocentaina-es-atropellado-por-un-patinete-electrico\/#primaryimage","url":"https:\/\/www.copealcoy.es\/wp-content\/uploads\/2024\/05\/441234011_1013185040390130_6364559595278597523_n.jpg","contentUrl":"https:\/\/www.copealcoy.es\/wp-content\/uploads\/2024\/05\/441234011_1013185040390130_6364559595278597523_n.jpg","width":1125,"height":782},{"@type":"BreadcrumbList","@id":"https:\/\/www.copealcoy.es\/es\/un-policia-local-de-cocentaina-es-atropellado-por-un-patinete-electrico\/#breadcrumb","itemListElement":[{"@type":"ListItem","position":1,"name":"Portada","item":"https:\/\/www.copealcoy.es\/es\/"},{"@type":"ListItem","position":2,"name":"Un Polic\u00eda Local de Cocentaina es atropellado por un patinete el\u00e9ctrico"}]},{"@type":"WebSite","@id":"https:\/\/www.copealcoy.es\/es\/#website","url":"https:\/\/www.copealcoy.es\/es\/","name":"COPE Alcoy","description":"Emisora COPE de radio local con emisi\u00f3n online. Pont de Sant Jordi 8-10 03803 Alcoy","potentialAction":[{"@type":"SearchAction","target":{"@type":"EntryPoint","urlTemplate":"https:\/\/www.copealcoy.es\/es\/?s={search_term_string}"},"query-input":{"@type":"PropertyValueSpecification","valueRequired":true,"valueName":"search_term_string"}}],"inLanguage":"es"},{"@type":"Person","@id":"https:\/\/www.copealcoy.es\/es\/#\/schema\/person\/e777c87fa024e57d40170af9df39882c","name":"Cope Alcoy","image":{"@type":"ImageObject","inLanguage":"es","@id":"https:\/\/secure.gravatar.com\/avatar\/bb65d0283347e303893ba14f0692005417c1e0e690a325a4c5d8bb2b3943ee14?s=96&d=mm&r=g","url":"https:\/\/secure.gravatar.com\/avatar\/bb65d0283347e303893ba14f0692005417c1e0e690a325a4c5d8bb2b3943ee14?s=96&d=mm&r=g","contentUrl":"https:\/\/secure.gravatar.com\/avatar\/bb65d0283347e303893ba14f0692005417c1e0e690a325a4c5d8bb2b3943ee14?s=96&d=mm&r=g","caption":"Cope Alcoy"}}]}},"_links":{"self":[{"href":"https:\/\/www.copealcoy.es\/es\/wp-json\/wp\/v2\/posts\/133696","targetHints":{"allow":["GET"]}}],"collection":[{"href":"https:\/\/www.copealcoy.es\/es\/wp-json\/wp\/v2\/posts"}],"about":[{"href":"https:\/\/www.copealcoy.es\/es\/wp-json\/wp\/v2\/types\/post"}],"author":[{"embeddable":true,"href":"https:\/\/www.copealcoy.es\/es\/wp-json\/wp\/v2\/users\/1"}],"replies":[{"embeddable":true,"href":"https:\/\/www.copealcoy.es\/es\/wp-json\/wp\/v2\/comments?post=133696"}],"version-history":[{"count":0,"href":"https:\/\/www.copealcoy.es\/es\/wp-json\/wp\/v2\/posts\/133696\/revisions"}],"wp:featuredmedia":[{"embeddable":true,"href":"https:\/\/www.copealcoy.es\/es\/wp-json\/wp\/v2\/media\/133697"}],"wp:attachment":[{"href":"https:\/\/www.copealcoy.es\/es\/wp-json\/wp\/v2\/media?parent=133696"}],"wp:term":[{"taxonomy":"category","embeddable":true,"href":"https:\/\/www.copealcoy.es\/es\/wp-json\/wp\/v2\/categories?post=133696"},{"taxonomy":"post_tag","embeddable":true,"href":"https:\/\/www.copealcoy.es\/es\/wp-json\/wp\/v2\/tags?post=133696"}],"curies":[{"name":"wp","href":"https:\/\/api.w.org\/{rel}","templated":true}]}}