{"id":133672,"date":"2024-05-15T08:10:16","date_gmt":"2024-05-15T07:10:16","guid":{"rendered":"https:\/\/www.copealcoy.es\/?p=133672"},"modified":"2024-05-16T19:05:03","modified_gmt":"2024-05-16T18:05:03","slug":"cocentaina-pone-en-valor-la-pericana-en-unas-nuevas-jornadas-gastronomicas-fira-de-tots-sants","status":"publish","type":"post","link":"https:\/\/www.copealcoy.es\/es\/cocentaina-pone-en-valor-la-pericana-en-unas-nuevas-jornadas-gastronomicas-fira-de-tots-sants\/","title":{"rendered":"Cocentaina pone en valor la pericana en unas nuevas Jornadas Gastron\u00f3micas Fira de Tots Sants"},"content":{"rendered":"<p style=\"text-align: justify;\">Cocentaina est\u00e1 llevando a cabo la edici\u00f3n n\u00famero XVII de sus <a href=\"https:\/\/www.firadecocentaina.org\/es\/actividades-oficiales\/xvii-jornadas-gastronomicas\" target=\"_blank\" rel=\"noopener\"><strong><span style=\"color: #3366ff;\">Jornadas Gastron\u00f3micas Fira de Tots Sants<\/span><\/strong><\/a>, un certamen que en esta ocasi\u00f3n <strong>ha recuperado su formato original<\/strong> y <strong>presenta destacadas novedades<\/strong>. La m\u00e1s importantes es que <strong>el grueso de la programaci\u00f3n tendr\u00e1 lugar este fin de semana<\/strong> mientras que todas las propuestas previstas <strong>tienen como hilo conductor la pericana<\/strong>.<\/p>\n<p style=\"text-align: justify;\">En el evento encontramos unas <strong>Jornadas de Mesa<\/strong>, en las que participan cuatro restaurantes contestanos, que ofrecen men\u00fas especiales e interesantes platos culinarios. A todo ello se le une <strong>el cl\u00e1sico Quinto y Tapa\u00a0<\/strong>en el que por el m\u00f3dico precio de tres euros podremos degustar las propuestas que plantean ocho bares de la Villa Condal &#8220;<em>quienes asistan a estas rutas para saborear las tapas, podr\u00e1n tambi\u00e9n registrar una serie de cu\u00f1os en los bares que les permitir\u00e1n despu\u00e9s optar al sorteo de diferentes premios<\/em>&#8220;, comentaba la edil de Fira; <strong>Marcela Richart<\/strong>.<\/p>\n<p style=\"text-align: justify;\">El grueso de las actividades llega entre viernes y s\u00e1bado con <strong>un espacio gastron\u00f3mico y comercial<\/strong> que se repartir\u00e1 por El Pla e incluso calles colindantes como Conde de Cocentaina o Pare Lu\u00eds Fullana. All\u00ed encontraremos <strong>una treintena de puestos<\/strong> que ofrecer\u00e1n alimentaci\u00f3n, artesan\u00eda, productos t\u00edpicos o art\u00edculos del comercio contestano &#8220;<em>hemos querido darle un nuevo aire a esta actividad que se realiza cada a\u00f1o por estas fechas en torno a la Fira, implicando m\u00e1s al comercio local y a la hosteler\u00eda, para dinamizar nuestro pueblo y fomentar la actividad econ\u00f3mica<\/em>&#8220;, detallaba el edil de Promoci\u00f3n Econ\u00f3mica; <strong>Paco Pay\u00e0<\/strong>. Al margen de esto habr\u00e1 <strong>un espacio infantil<\/strong> en el patio de armas del Palau Comtal junto a <strong>demostraciones de cocteler\u00eda y restauraci\u00f3n<\/strong> &#8220;<em>para nosotros es una forma de mostrar a todos los que hacemos y la oferta con la que contamos durante todo el a\u00f1o<\/em>&#8220;, signific\u00f3 en la presentaci\u00f3n de las jornadas <strong>Mateo Mir\u00f3<\/strong>; representante de los hosteleros contestanos.<\/p>\n<p style=\"text-align: justify;\">Las Jornadas Gastron\u00f3micas <strong>se completan<\/strong> con visitas guiadas al Palau Comtal, con ocasi\u00f3n del D\u00eda Internacional de los Museos, y al refugio antia\u00e9reo de la Guerra Civil. Tambi\u00e9n habr\u00e1 <strong>conciertos<\/strong> con la actuaci\u00f3n de\u00a0<em>Perversi\u00f3<\/em> (viernes a las 22:30h), <em>Cover de ir por casa<\/em> (s\u00e1bado a las 13:00h) y <em>Key Day Reagge Vibes<\/em> (s\u00e1bado a las 20:00h).<\/p>\n","protected":false},"excerpt":{"rendered":"<p>Cocentaina est\u00e1 llevando a cabo la edici\u00f3n n\u00famero XVII de sus Jornadas Gastron\u00f3micas Fira de Tots Sants, un certamen que&#8230;<\/p>\n","protected":false},"author":1,"featured_media":133673,"comment_status":"open","ping_status":"open","sticky":false,"template":"","format":"standard","meta":{"footnotes":""},"categories":[6909,98,75],"tags":[132,635,4070,15933,1370],"class_list":["post-133672","post","type-post","status-publish","format-standard","has-post-thumbnail","hentry","category-actualidad","category-comarcas","category-noticias","tag-cocentaina","tag-fira-de-tots-sants","tag-jornadas-gastronomicas","tag-pericana","tag-presentacion"],"yoast_head":"<!-- This site is optimized with the Yoast SEO plugin v27.3 - https:\/\/yoast.com\/product\/yoast-seo-wordpress\/ -->\n<title>Cocentaina pone en valor la pericana en unas nuevas Jornadas Gastron\u00f3micas Fira de Tots Sants - COPE Alcoy<\/title>\n<meta name=\"description\" content=\"Cocentaina est\u00e1 llevando a cabo la edici\u00f3n n\u00famero XVII de sus Jornadas Gastron\u00f3micas Fira de Tots Sants con la Pericana como hilo conductor\" \/>\n<meta name=\"robots\" content=\"index, follow, max-snippet:-1, max-image-preview:large, max-video-preview:-1\" \/>\n<link rel=\"canonical\" href=\"https:\/\/www.copealcoy.es\/es\/cocentaina-pone-en-valor-la-pericana-en-unas-nuevas-jornadas-gastronomicas-fira-de-tots-sants\/\" \/>\n<meta property=\"og:locale\" content=\"es_ES\" \/>\n<meta property=\"og:type\" content=\"article\" \/>\n<meta property=\"og:title\" content=\"Cocentaina pone en valor la pericana en unas nuevas Jornadas Gastron\u00f3micas Fira de Tots Sants - COPE Alcoy\" \/>\n<meta property=\"og:description\" content=\"Cocentaina est\u00e1 llevando a cabo la edici\u00f3n n\u00famero XVII de sus Jornadas Gastron\u00f3micas Fira de Tots Sants con la Pericana como hilo conductor\" \/>\n<meta property=\"og:url\" content=\"https:\/\/www.copealcoy.es\/es\/cocentaina-pone-en-valor-la-pericana-en-unas-nuevas-jornadas-gastronomicas-fira-de-tots-sants\/\" \/>\n<meta property=\"og:site_name\" content=\"COPE Alcoy\" \/>\n<meta property=\"article:published_time\" content=\"2024-05-15T07:10:16+00:00\" \/>\n<meta property=\"article:modified_time\" content=\"2024-05-16T18:05:03+00:00\" \/>\n<meta property=\"og:image\" content=\"https:\/\/www.copealcoy.es\/wp-content\/uploads\/2024\/05\/unnamed-1-19-scaled.jpg\" \/>\n\t<meta property=\"og:image:width\" content=\"1425\" \/>\n\t<meta property=\"og:image:height\" content=\"1080\" \/>\n\t<meta property=\"og:image:type\" content=\"image\/jpeg\" \/>\n<meta name=\"author\" content=\"Cope Alcoy\" \/>\n<meta name=\"twitter:label1\" content=\"Escrito por\" \/>\n\t<meta name=\"twitter:data1\" content=\"Cope Alcoy\" \/>\n\t<meta name=\"twitter:label2\" content=\"Tiempo de lectura\" \/>\n\t<meta name=\"twitter:data2\" content=\"2 minutos\" \/>\n<script type=\"application\/ld+json\" class=\"yoast-schema-graph\">{\"@context\":\"https:\\\/\\\/schema.org\",\"@graph\":[{\"@type\":\"Article\",\"@id\":\"https:\\\/\\\/www.copealcoy.es\\\/es\\\/cocentaina-pone-en-valor-la-pericana-en-unas-nuevas-jornadas-gastronomicas-fira-de-tots-sants\\\/#article\",\"isPartOf\":{\"@id\":\"https:\\\/\\\/www.copealcoy.es\\\/es\\\/cocentaina-pone-en-valor-la-pericana-en-unas-nuevas-jornadas-gastronomicas-fira-de-tots-sants\\\/\"},\"author\":{\"name\":\"Cope Alcoy\",\"@id\":\"https:\\\/\\\/www.copealcoy.es\\\/es\\\/#\\\/schema\\\/person\\\/e777c87fa024e57d40170af9df39882c\"},\"headline\":\"Cocentaina pone en valor la pericana en unas nuevas Jornadas Gastron\u00f3micas Fira de Tots Sants\",\"datePublished\":\"2024-05-15T07:10:16+00:00\",\"dateModified\":\"2024-05-16T18:05:03+00:00\",\"mainEntityOfPage\":{\"@id\":\"https:\\\/\\\/www.copealcoy.es\\\/es\\\/cocentaina-pone-en-valor-la-pericana-en-unas-nuevas-jornadas-gastronomicas-fira-de-tots-sants\\\/\"},\"wordCount\":424,\"commentCount\":0,\"image\":{\"@id\":\"https:\\\/\\\/www.copealcoy.es\\\/es\\\/cocentaina-pone-en-valor-la-pericana-en-unas-nuevas-jornadas-gastronomicas-fira-de-tots-sants\\\/#primaryimage\"},\"thumbnailUrl\":\"https:\\\/\\\/www.copealcoy.es\\\/wp-content\\\/uploads\\\/2024\\\/05\\\/unnamed-1-19-scaled.jpg\",\"keywords\":[\"Cocentaina\",\"Fira de Tots Sants\",\"Jornadas Gastron\u00f3micas\",\"pericana\",\"presentaci\u00f3n\"],\"articleSection\":[\"Actualidad\",\"Comarcas\",\"Noticias\"],\"inLanguage\":\"es\"},{\"@type\":\"WebPage\",\"@id\":\"https:\\\/\\\/www.copealcoy.es\\\/es\\\/cocentaina-pone-en-valor-la-pericana-en-unas-nuevas-jornadas-gastronomicas-fira-de-tots-sants\\\/\",\"url\":\"https:\\\/\\\/www.copealcoy.es\\\/es\\\/cocentaina-pone-en-valor-la-pericana-en-unas-nuevas-jornadas-gastronomicas-fira-de-tots-sants\\\/\",\"name\":\"Cocentaina pone en valor la pericana en unas nuevas Jornadas Gastron\u00f3micas Fira de Tots Sants - COPE Alcoy\",\"isPartOf\":{\"@id\":\"https:\\\/\\\/www.copealcoy.es\\\/es\\\/#website\"},\"primaryImageOfPage\":{\"@id\":\"https:\\\/\\\/www.copealcoy.es\\\/es\\\/cocentaina-pone-en-valor-la-pericana-en-unas-nuevas-jornadas-gastronomicas-fira-de-tots-sants\\\/#primaryimage\"},\"image\":{\"@id\":\"https:\\\/\\\/www.copealcoy.es\\\/es\\\/cocentaina-pone-en-valor-la-pericana-en-unas-nuevas-jornadas-gastronomicas-fira-de-tots-sants\\\/#primaryimage\"},\"thumbnailUrl\":\"https:\\\/\\\/www.copealcoy.es\\\/wp-content\\\/uploads\\\/2024\\\/05\\\/unnamed-1-19-scaled.jpg\",\"datePublished\":\"2024-05-15T07:10:16+00:00\",\"dateModified\":\"2024-05-16T18:05:03+00:00\",\"author\":{\"@id\":\"https:\\\/\\\/www.copealcoy.es\\\/es\\\/#\\\/schema\\\/person\\\/e777c87fa024e57d40170af9df39882c\"},\"description\":\"Cocentaina est\u00e1 llevando a cabo la edici\u00f3n n\u00famero XVII de sus Jornadas Gastron\u00f3micas Fira de Tots Sants con la Pericana como hilo conductor\",\"breadcrumb\":{\"@id\":\"https:\\\/\\\/www.copealcoy.es\\\/es\\\/cocentaina-pone-en-valor-la-pericana-en-unas-nuevas-jornadas-gastronomicas-fira-de-tots-sants\\\/#breadcrumb\"},\"inLanguage\":\"es\",\"potentialAction\":[{\"@type\":\"ReadAction\",\"target\":[\"https:\\\/\\\/www.copealcoy.es\\\/es\\\/cocentaina-pone-en-valor-la-pericana-en-unas-nuevas-jornadas-gastronomicas-fira-de-tots-sants\\\/\"]}]},{\"@type\":\"ImageObject\",\"inLanguage\":\"es\",\"@id\":\"https:\\\/\\\/www.copealcoy.es\\\/es\\\/cocentaina-pone-en-valor-la-pericana-en-unas-nuevas-jornadas-gastronomicas-fira-de-tots-sants\\\/#primaryimage\",\"url\":\"https:\\\/\\\/www.copealcoy.es\\\/wp-content\\\/uploads\\\/2024\\\/05\\\/unnamed-1-19-scaled.jpg\",\"contentUrl\":\"https:\\\/\\\/www.copealcoy.es\\\/wp-content\\\/uploads\\\/2024\\\/05\\\/unnamed-1-19-scaled.jpg\",\"width\":1425,\"height\":1080},{\"@type\":\"BreadcrumbList\",\"@id\":\"https:\\\/\\\/www.copealcoy.es\\\/es\\\/cocentaina-pone-en-valor-la-pericana-en-unas-nuevas-jornadas-gastronomicas-fira-de-tots-sants\\\/#breadcrumb\",\"itemListElement\":[{\"@type\":\"ListItem\",\"position\":1,\"name\":\"Portada\",\"item\":\"https:\\\/\\\/www.copealcoy.es\\\/es\\\/\"},{\"@type\":\"ListItem\",\"position\":2,\"name\":\"Cocentaina pone en valor la pericana en unas nuevas Jornadas Gastron\u00f3micas Fira de Tots Sants\"}]},{\"@type\":\"WebSite\",\"@id\":\"https:\\\/\\\/www.copealcoy.es\\\/es\\\/#website\",\"url\":\"https:\\\/\\\/www.copealcoy.es\\\/es\\\/\",\"name\":\"COPE Alcoy\",\"description\":\"Emisora COPE de radio local con emisi\u00f3n online. Pont de Sant Jordi 8-10 03803 Alcoy\",\"potentialAction\":[{\"@type\":\"SearchAction\",\"target\":{\"@type\":\"EntryPoint\",\"urlTemplate\":\"https:\\\/\\\/www.copealcoy.es\\\/es\\\/?s={search_term_string}\"},\"query-input\":{\"@type\":\"PropertyValueSpecification\",\"valueRequired\":true,\"valueName\":\"search_term_string\"}}],\"inLanguage\":\"es\"},{\"@type\":\"Person\",\"@id\":\"https:\\\/\\\/www.copealcoy.es\\\/es\\\/#\\\/schema\\\/person\\\/e777c87fa024e57d40170af9df39882c\",\"name\":\"Cope Alcoy\",\"image\":{\"@type\":\"ImageObject\",\"inLanguage\":\"es\",\"@id\":\"https:\\\/\\\/secure.gravatar.com\\\/avatar\\\/bb65d0283347e303893ba14f0692005417c1e0e690a325a4c5d8bb2b3943ee14?s=96&d=mm&r=g\",\"url\":\"https:\\\/\\\/secure.gravatar.com\\\/avatar\\\/bb65d0283347e303893ba14f0692005417c1e0e690a325a4c5d8bb2b3943ee14?s=96&d=mm&r=g\",\"contentUrl\":\"https:\\\/\\\/secure.gravatar.com\\\/avatar\\\/bb65d0283347e303893ba14f0692005417c1e0e690a325a4c5d8bb2b3943ee14?s=96&d=mm&r=g\",\"caption\":\"Cope Alcoy\"}}]}<\/script>\n<!-- \/ Yoast SEO plugin. -->","yoast_head_json":{"title":"Cocentaina pone en valor la pericana en unas nuevas Jornadas Gastron\u00f3micas Fira de Tots Sants - COPE Alcoy","description":"Cocentaina est\u00e1 llevando a cabo la edici\u00f3n n\u00famero XVII de sus Jornadas Gastron\u00f3micas Fira de Tots Sants con la Pericana como hilo conductor","robots":{"index":"index","follow":"follow","max-snippet":"max-snippet:-1","max-image-preview":"max-image-preview:large","max-video-preview":"max-video-preview:-1"},"canonical":"https:\/\/www.copealcoy.es\/es\/cocentaina-pone-en-valor-la-pericana-en-unas-nuevas-jornadas-gastronomicas-fira-de-tots-sants\/","og_locale":"es_ES","og_type":"article","og_title":"Cocentaina pone en valor la pericana en unas nuevas Jornadas Gastron\u00f3micas Fira de Tots Sants - COPE Alcoy","og_description":"Cocentaina est\u00e1 llevando a cabo la edici\u00f3n n\u00famero XVII de sus Jornadas Gastron\u00f3micas Fira de Tots Sants con la Pericana como hilo conductor","og_url":"https:\/\/www.copealcoy.es\/es\/cocentaina-pone-en-valor-la-pericana-en-unas-nuevas-jornadas-gastronomicas-fira-de-tots-sants\/","og_site_name":"COPE Alcoy","article_published_time":"2024-05-15T07:10:16+00:00","article_modified_time":"2024-05-16T18:05:03+00:00","og_image":[{"width":1425,"height":1080,"url":"https:\/\/www.copealcoy.es\/wp-content\/uploads\/2024\/05\/unnamed-1-19-scaled.jpg","type":"image\/jpeg"}],"author":"Cope Alcoy","twitter_misc":{"Escrito por":"Cope Alcoy","Tiempo de lectura":"2 minutos"},"schema":{"@context":"https:\/\/schema.org","@graph":[{"@type":"Article","@id":"https:\/\/www.copealcoy.es\/es\/cocentaina-pone-en-valor-la-pericana-en-unas-nuevas-jornadas-gastronomicas-fira-de-tots-sants\/#article","isPartOf":{"@id":"https:\/\/www.copealcoy.es\/es\/cocentaina-pone-en-valor-la-pericana-en-unas-nuevas-jornadas-gastronomicas-fira-de-tots-sants\/"},"author":{"name":"Cope Alcoy","@id":"https:\/\/www.copealcoy.es\/es\/#\/schema\/person\/e777c87fa024e57d40170af9df39882c"},"headline":"Cocentaina pone en valor la pericana en unas nuevas Jornadas Gastron\u00f3micas Fira de Tots Sants","datePublished":"2024-05-15T07:10:16+00:00","dateModified":"2024-05-16T18:05:03+00:00","mainEntityOfPage":{"@id":"https:\/\/www.copealcoy.es\/es\/cocentaina-pone-en-valor-la-pericana-en-unas-nuevas-jornadas-gastronomicas-fira-de-tots-sants\/"},"wordCount":424,"commentCount":0,"image":{"@id":"https:\/\/www.copealcoy.es\/es\/cocentaina-pone-en-valor-la-pericana-en-unas-nuevas-jornadas-gastronomicas-fira-de-tots-sants\/#primaryimage"},"thumbnailUrl":"https:\/\/www.copealcoy.es\/wp-content\/uploads\/2024\/05\/unnamed-1-19-scaled.jpg","keywords":["Cocentaina","Fira de Tots Sants","Jornadas Gastron\u00f3micas","pericana","presentaci\u00f3n"],"articleSection":["Actualidad","Comarcas","Noticias"],"inLanguage":"es"},{"@type":"WebPage","@id":"https:\/\/www.copealcoy.es\/es\/cocentaina-pone-en-valor-la-pericana-en-unas-nuevas-jornadas-gastronomicas-fira-de-tots-sants\/","url":"https:\/\/www.copealcoy.es\/es\/cocentaina-pone-en-valor-la-pericana-en-unas-nuevas-jornadas-gastronomicas-fira-de-tots-sants\/","name":"Cocentaina pone en valor la pericana en unas nuevas Jornadas Gastron\u00f3micas Fira de Tots Sants - COPE Alcoy","isPartOf":{"@id":"https:\/\/www.copealcoy.es\/es\/#website"},"primaryImageOfPage":{"@id":"https:\/\/www.copealcoy.es\/es\/cocentaina-pone-en-valor-la-pericana-en-unas-nuevas-jornadas-gastronomicas-fira-de-tots-sants\/#primaryimage"},"image":{"@id":"https:\/\/www.copealcoy.es\/es\/cocentaina-pone-en-valor-la-pericana-en-unas-nuevas-jornadas-gastronomicas-fira-de-tots-sants\/#primaryimage"},"thumbnailUrl":"https:\/\/www.copealcoy.es\/wp-content\/uploads\/2024\/05\/unnamed-1-19-scaled.jpg","datePublished":"2024-05-15T07:10:16+00:00","dateModified":"2024-05-16T18:05:03+00:00","author":{"@id":"https:\/\/www.copealcoy.es\/es\/#\/schema\/person\/e777c87fa024e57d40170af9df39882c"},"description":"Cocentaina est\u00e1 llevando a cabo la edici\u00f3n n\u00famero XVII de sus Jornadas Gastron\u00f3micas Fira de Tots Sants con la Pericana como hilo conductor","breadcrumb":{"@id":"https:\/\/www.copealcoy.es\/es\/cocentaina-pone-en-valor-la-pericana-en-unas-nuevas-jornadas-gastronomicas-fira-de-tots-sants\/#breadcrumb"},"inLanguage":"es","potentialAction":[{"@type":"ReadAction","target":["https:\/\/www.copealcoy.es\/es\/cocentaina-pone-en-valor-la-pericana-en-unas-nuevas-jornadas-gastronomicas-fira-de-tots-sants\/"]}]},{"@type":"ImageObject","inLanguage":"es","@id":"https:\/\/www.copealcoy.es\/es\/cocentaina-pone-en-valor-la-pericana-en-unas-nuevas-jornadas-gastronomicas-fira-de-tots-sants\/#primaryimage","url":"https:\/\/www.copealcoy.es\/wp-content\/uploads\/2024\/05\/unnamed-1-19-scaled.jpg","contentUrl":"https:\/\/www.copealcoy.es\/wp-content\/uploads\/2024\/05\/unnamed-1-19-scaled.jpg","width":1425,"height":1080},{"@type":"BreadcrumbList","@id":"https:\/\/www.copealcoy.es\/es\/cocentaina-pone-en-valor-la-pericana-en-unas-nuevas-jornadas-gastronomicas-fira-de-tots-sants\/#breadcrumb","itemListElement":[{"@type":"ListItem","position":1,"name":"Portada","item":"https:\/\/www.copealcoy.es\/es\/"},{"@type":"ListItem","position":2,"name":"Cocentaina pone en valor la pericana en unas nuevas Jornadas Gastron\u00f3micas Fira de Tots Sants"}]},{"@type":"WebSite","@id":"https:\/\/www.copealcoy.es\/es\/#website","url":"https:\/\/www.copealcoy.es\/es\/","name":"COPE Alcoy","description":"Emisora COPE de radio local con emisi\u00f3n online. Pont de Sant Jordi 8-10 03803 Alcoy","potentialAction":[{"@type":"SearchAction","target":{"@type":"EntryPoint","urlTemplate":"https:\/\/www.copealcoy.es\/es\/?s={search_term_string}"},"query-input":{"@type":"PropertyValueSpecification","valueRequired":true,"valueName":"search_term_string"}}],"inLanguage":"es"},{"@type":"Person","@id":"https:\/\/www.copealcoy.es\/es\/#\/schema\/person\/e777c87fa024e57d40170af9df39882c","name":"Cope Alcoy","image":{"@type":"ImageObject","inLanguage":"es","@id":"https:\/\/secure.gravatar.com\/avatar\/bb65d0283347e303893ba14f0692005417c1e0e690a325a4c5d8bb2b3943ee14?s=96&d=mm&r=g","url":"https:\/\/secure.gravatar.com\/avatar\/bb65d0283347e303893ba14f0692005417c1e0e690a325a4c5d8bb2b3943ee14?s=96&d=mm&r=g","contentUrl":"https:\/\/secure.gravatar.com\/avatar\/bb65d0283347e303893ba14f0692005417c1e0e690a325a4c5d8bb2b3943ee14?s=96&d=mm&r=g","caption":"Cope Alcoy"}}]}},"_links":{"self":[{"href":"https:\/\/www.copealcoy.es\/es\/wp-json\/wp\/v2\/posts\/133672","targetHints":{"allow":["GET"]}}],"collection":[{"href":"https:\/\/www.copealcoy.es\/es\/wp-json\/wp\/v2\/posts"}],"about":[{"href":"https:\/\/www.copealcoy.es\/es\/wp-json\/wp\/v2\/types\/post"}],"author":[{"embeddable":true,"href":"https:\/\/www.copealcoy.es\/es\/wp-json\/wp\/v2\/users\/1"}],"replies":[{"embeddable":true,"href":"https:\/\/www.copealcoy.es\/es\/wp-json\/wp\/v2\/comments?post=133672"}],"version-history":[{"count":0,"href":"https:\/\/www.copealcoy.es\/es\/wp-json\/wp\/v2\/posts\/133672\/revisions"}],"wp:featuredmedia":[{"embeddable":true,"href":"https:\/\/www.copealcoy.es\/es\/wp-json\/wp\/v2\/media\/133673"}],"wp:attachment":[{"href":"https:\/\/www.copealcoy.es\/es\/wp-json\/wp\/v2\/media?parent=133672"}],"wp:term":[{"taxonomy":"category","embeddable":true,"href":"https:\/\/www.copealcoy.es\/es\/wp-json\/wp\/v2\/categories?post=133672"},{"taxonomy":"post_tag","embeddable":true,"href":"https:\/\/www.copealcoy.es\/es\/wp-json\/wp\/v2\/tags?post=133672"}],"curies":[{"name":"wp","href":"https:\/\/api.w.org\/{rel}","templated":true}]}}