{"id":133519,"date":"2024-05-13T07:38:55","date_gmt":"2024-05-13T06:38:55","guid":{"rendered":"https:\/\/www.copealcoy.es\/?p=133519"},"modified":"2024-05-15T21:31:36","modified_gmt":"2024-05-15T20:31:36","slug":"los-cristianos-muestran-su-fuerza-durante-la-gran-entrada-en-muro","status":"publish","type":"post","link":"https:\/\/www.copealcoy.es\/es\/los-cristianos-muestran-su-fuerza-durante-la-gran-entrada-en-muro\/","title":{"rendered":"Los Cristianos muestran su fuerza durante la gran Entrada en Muro"},"content":{"rendered":"<p style=\"text-align: justify;\">La <strong>primera parte de las Fiestas de Muro<\/strong> entran en su recta final despu\u00e9s de que ayer domingo <strong>el municipio rindiera homenaje a la Virgen de los Desamparados<\/strong>. Una jornada intensa, que arranc\u00f3 a las 10:30h de la ma\u00f1ana con<strong> la ofrenda floral a la patrona<\/strong>, y que avanz\u00f3 con <strong>una misa solemne<\/strong> antes de dar paso a una nueva <em>Masclet\u00e0\u00a0<\/em>con la que terminaron los actos de la ma\u00f1ana. Cabe destacar que <strong>la Colla de Campaners del Comtat<\/strong> efectu\u00f3, antes y despu\u00e9s de la eucarist\u00eda, volteos manuales de los bronces de la parroquia en una iniciativa que cada vez despierta m\u00e1s adeptos en la poblaci\u00f3n.<\/p>\n<p style=\"text-align: justify;\">A las cinco de la tarde, y <strong>marcando el term\u00f3metro en este caso una temperatura de 31 grados<\/strong>, comenzaba <strong>la Entrada Cristiana<\/strong> encabezada por una carroza sobre la que iba <strong>Daniela P\u00e9rez Ba\u00f1uls<\/strong>; la peque\u00f1a que este a\u00f1o asume el papel de Angelet. La <a href=\"https:\/\/www.facebook.com\/profile.php?id=100013650107932\" target=\"_blank\" rel=\"noopener\"><span style=\"color: #0000ff;\"><strong>Fil\u00e0 Pirates<\/strong><\/span><\/a> fue la que abri\u00f3 la comitiva con una representaci\u00f3n de formaciones de id\u00e9nticas caracter\u00edsticas provenientes de varios puntos de la geograf\u00eda valenciana al igual que no faltaron escuadras especiales o la recreaci\u00f3n de un mercado en el que sobresal\u00edan las frutas, las joyas, telas o la cer\u00e1mica. La guardia del Capit\u00e1n y las favoritas dieron paso a <strong>Yago Juli\u00e0<\/strong>, m\u00e1ximo representante de las tropas de la cruz, y el cual<strong> desfil\u00f3 sobre una gran carroza<\/strong> que simulaba un enorme barco en un claro gui\u00f1o a la simbolog\u00eda corsaria. De este \u00faltimo estilo era su traje y junto a \u00e9l <strong>la Uni\u00f3n Musical Contestana<\/strong> interpretando <strong>la composici\u00f3n <\/strong><em><strong>Yago<\/strong>\u00a0<\/em>creada por el contestano <strong>Francisco Valor Llorens<\/strong>. Junto al m\u00e1ximo representante de las tropas de la cruz estaba su buen amigo <strong>Pepe Vilaplana<\/strong>, el cual ejerc\u00eda en estas Fiestas de <strong>Embajador Cristiano<\/strong>. Dos nuevas escuadras, entre ellas la oficial de la Fil\u00e0, <strong>cerraron un boato inspirado en la expulsi\u00f3n de los moriscos con la posterior llegada de un contingente del nuevo mundo<\/strong> liderado por un Capit\u00e1n de Cartagena de Indias que simbolizaba la fusi\u00f3n de dos mundos lejanos con su estandarte de la Corona de Arag\u00f3n.<\/p>\n<p style=\"text-align: justify;\"><a href=\"https:\/\/www.copealcoy.es\/wp-content\/uploads\/2024\/05\/unnamed-1-12-scaled.jpg\"><img loading=\"lazy\" decoding=\"async\" class=\"wp-image-133520 aligncenter\" src=\"https:\/\/www.copealcoy.es\/wp-content\/uploads\/2024\/05\/unnamed-1-12-scaled.jpg\" alt=\"\" width=\"610\" height=\"346\" \/><\/a><\/p>\n<p style=\"text-align: justify;\">El desfile de las fuerzas de Jaume I sigui\u00f3 con <strong>las Filaes Mare de D\u00e9u, y Maseros<\/strong>, destacando en esta \u00faltima la primera\u00a0<em>Ropon\u00e0\u00a0<\/em>de las Fiestas de Muro en la que no ha faltado la percusi\u00f3n ni tampoco una curiosa representaci\u00f3n de San Isidro Labrador. El paso de <strong>los Arqueros y el Contrabando<\/strong>, con el exconseller Climent como cabo de una de las Escuadras, anunciaron la llegada del boato del Abanderado Cristiano.<\/p>\n<p style=\"text-align: justify;\">La <a href=\"https:\/\/www.facebook.com\/templarismuro\" target=\"_blank\" rel=\"noopener\"><strong><span style=\"color: #0000ff;\">Fil\u00e0 Templaris<\/span><\/strong><\/a> despleg\u00f3 en la calle<strong> un curioso boato<\/strong> inspirado en el manga y un juego de tintes medievales. Estandartes, el cuadro de Dante y el barco de Caronte acompa\u00f1ado de una coral dieron paso a una ic\u00f3nica representaci\u00f3n de los pecados capitales. El cuadro del Jard\u00edn de las Delicias anticip\u00f3 en esta ocasi\u00f3n danzas guerreas y al s\u00e9quito que advert\u00eda de la presencia del Abanderado, <strong>\u00c0lex Franc\u00e9s<\/strong>. Este \u00faltimo desfil\u00f3 en una gran carroza junto a su hermana luciendo un traje guerrero en el que predominaban los tonos blancos, rojos, y marrones. <em>Templum Inferni<\/em>, <strong>de Francisco Valor<\/strong>, fue la marcha que le acompa\u00f1\u00f3 interpretada por <strong>la Societat Musical Bens Bons de B\u00e8lgida<\/strong>. Nuevas escuadras especiales cerraron una gran Entrada Cristiana que siguieron desde la tribuna representantes de<strong> las diferentes asociaciones de Muro<\/strong> e incluso la Diputada Nacional del PSPV <strong>(Patr\u00edcia Blanquer)<\/strong> o\u00a0 <strong>\u00c0gueda Mic\u00f3<\/strong> (Diputada de Comprom\u00eds &#8211; Sumar en el Congreso).<\/p>\n<p><a href=\"https:\/\/www.copealcoy.es\/wp-content\/uploads\/2024\/05\/unnamed-2-2-scaled.jpg\"><img loading=\"lazy\" decoding=\"async\" class=\"wp-image-133524 aligncenter\" src=\"https:\/\/www.copealcoy.es\/wp-content\/uploads\/2024\/05\/unnamed-2-2-scaled.jpg\" alt=\"\" width=\"617\" height=\"423\" srcset=\"https:\/\/www.copealcoy.es\/wp-content\/uploads\/2024\/05\/unnamed-2-2-scaled.jpg 1573w, https:\/\/www.copealcoy.es\/wp-content\/uploads\/2024\/05\/unnamed-2-2-768x527.jpg 768w, https:\/\/www.copealcoy.es\/wp-content\/uploads\/2024\/05\/unnamed-2-2-1536x1054.jpg 1536w, https:\/\/www.copealcoy.es\/wp-content\/uploads\/2024\/05\/unnamed-2-2-2048x1406.jpg 2048w\" sizes=\"auto, (max-width: 617px) 100vw, 617px\" \/><\/a><\/p>\n<p>&nbsp;<\/p>\n<p>El segundo d\u00eda de las Fiestas finaliz\u00f3 con <strong>el <em>Passeig Moro\u00a0<\/em><\/strong>seguido de <strong>la\u00a0<em>Process\u00f3 Llarga\u00a0<\/em><\/strong>con la imagen de la Mare de D\u00e9u recorriendo las principales calles del casco antiguo murero. Todo ello <strong>como antesala al Dia dels Trons<\/strong> de hoy con el que se pondr\u00e1 fin a esa primera entrega de unos festejos que acabar\u00e1 la semana que viene con\u00a0<em>La Puj\u00e0\u00a0<\/em>de la Mare de D\u00e9u.<\/p>\n","protected":false},"excerpt":{"rendered":"<p>La primera parte de las Fiestas de Muro entran en su recta final despu\u00e9s de que ayer domingo el municipio&#8230;<\/p>\n","protected":false},"author":1,"featured_media":133520,"comment_status":"open","ping_status":"open","sticky":false,"template":"","format":"standard","meta":{"footnotes":""},"categories":[6909,98,75],"tags":[2747,16818,4030,2001,16817,135,16816],"class_list":["post-133519","post","type-post","status-publish","format-standard","has-post-thumbnail","hentry","category-actualidad","category-comarcas","category-noticias","tag-abanderado-cristiano","tag-alex-frances","tag-entrada-cristiana","tag-fiestas-de-moros-y-cristianos","tag-fila-pirates","tag-muro","tag-yago-julia"],"yoast_head":"<!-- This site is optimized with the Yoast SEO plugin v27.3 - https:\/\/yoast.com\/product\/yoast-seo-wordpress\/ -->\n<title>Los Cristianos muestran su fuerza durante la gran Entrada en Muro - COPE Alcoy<\/title>\n<meta name=\"description\" content=\"La Entrada Cristiana de Muro reuni\u00f3 a numeroso p\u00fablico en las calles del municipio y en el d\u00eda en el que se celebraba la fiesta de la Virgen de los Desamparados\" \/>\n<meta name=\"robots\" content=\"index, follow, max-snippet:-1, max-image-preview:large, max-video-preview:-1\" \/>\n<link rel=\"canonical\" href=\"https:\/\/www.copealcoy.es\/es\/los-cristianos-muestran-su-fuerza-durante-la-gran-entrada-en-muro\/\" \/>\n<meta property=\"og:locale\" content=\"es_ES\" \/>\n<meta property=\"og:type\" content=\"article\" \/>\n<meta property=\"og:title\" content=\"Los Cristianos muestran su fuerza durante la gran Entrada en Muro - COPE Alcoy\" \/>\n<meta property=\"og:description\" content=\"La Entrada Cristiana de Muro reuni\u00f3 a numeroso p\u00fablico en las calles del municipio y en el d\u00eda en el que se celebraba la fiesta de la Virgen de los Desamparados\" \/>\n<meta property=\"og:url\" content=\"https:\/\/www.copealcoy.es\/es\/los-cristianos-muestran-su-fuerza-durante-la-gran-entrada-en-muro\/\" \/>\n<meta property=\"og:site_name\" content=\"COPE Alcoy\" \/>\n<meta property=\"article:published_time\" content=\"2024-05-13T06:38:55+00:00\" \/>\n<meta property=\"article:modified_time\" content=\"2024-05-15T20:31:36+00:00\" \/>\n<meta property=\"og:image\" content=\"https:\/\/www.copealcoy.es\/wp-content\/uploads\/2024\/05\/unnamed-1-12-scaled.jpg\" \/>\n\t<meta property=\"og:image:width\" content=\"1840\" \/>\n\t<meta property=\"og:image:height\" content=\"1080\" \/>\n\t<meta property=\"og:image:type\" content=\"image\/jpeg\" \/>\n<meta name=\"author\" content=\"Cope Alcoy\" \/>\n<meta name=\"twitter:label1\" content=\"Escrito por\" \/>\n\t<meta name=\"twitter:data1\" content=\"Cope Alcoy\" \/>\n\t<meta name=\"twitter:label2\" content=\"Tiempo de lectura\" \/>\n\t<meta name=\"twitter:data2\" content=\"4 minutos\" \/>\n<script type=\"application\/ld+json\" class=\"yoast-schema-graph\">{\"@context\":\"https:\\\/\\\/schema.org\",\"@graph\":[{\"@type\":\"Article\",\"@id\":\"https:\\\/\\\/www.copealcoy.es\\\/es\\\/los-cristianos-muestran-su-fuerza-durante-la-gran-entrada-en-muro\\\/#article\",\"isPartOf\":{\"@id\":\"https:\\\/\\\/www.copealcoy.es\\\/es\\\/los-cristianos-muestran-su-fuerza-durante-la-gran-entrada-en-muro\\\/\"},\"author\":{\"name\":\"Cope Alcoy\",\"@id\":\"https:\\\/\\\/www.copealcoy.es\\\/es\\\/#\\\/schema\\\/person\\\/e777c87fa024e57d40170af9df39882c\"},\"headline\":\"Los Cristianos muestran su fuerza durante la gran Entrada en Muro\",\"datePublished\":\"2024-05-13T06:38:55+00:00\",\"dateModified\":\"2024-05-15T20:31:36+00:00\",\"mainEntityOfPage\":{\"@id\":\"https:\\\/\\\/www.copealcoy.es\\\/es\\\/los-cristianos-muestran-su-fuerza-durante-la-gran-entrada-en-muro\\\/\"},\"wordCount\":700,\"commentCount\":0,\"image\":{\"@id\":\"https:\\\/\\\/www.copealcoy.es\\\/es\\\/los-cristianos-muestran-su-fuerza-durante-la-gran-entrada-en-muro\\\/#primaryimage\"},\"thumbnailUrl\":\"https:\\\/\\\/www.copealcoy.es\\\/wp-content\\\/uploads\\\/2024\\\/05\\\/unnamed-1-12-scaled.jpg\",\"keywords\":[\"Abanderado Cristiano\",\"\u00c0lex Franc\u00e9s\",\"Entrada Cristiana\",\"Fiestas de Moros y Cristianos\",\"Fil\u00e0 Pirates\",\"Muro\",\"Yago Juli\u00e0\"],\"articleSection\":[\"Actualidad\",\"Comarcas\",\"Noticias\"],\"inLanguage\":\"es\"},{\"@type\":\"WebPage\",\"@id\":\"https:\\\/\\\/www.copealcoy.es\\\/es\\\/los-cristianos-muestran-su-fuerza-durante-la-gran-entrada-en-muro\\\/\",\"url\":\"https:\\\/\\\/www.copealcoy.es\\\/es\\\/los-cristianos-muestran-su-fuerza-durante-la-gran-entrada-en-muro\\\/\",\"name\":\"Los Cristianos muestran su fuerza durante la gran Entrada en Muro - COPE Alcoy\",\"isPartOf\":{\"@id\":\"https:\\\/\\\/www.copealcoy.es\\\/es\\\/#website\"},\"primaryImageOfPage\":{\"@id\":\"https:\\\/\\\/www.copealcoy.es\\\/es\\\/los-cristianos-muestran-su-fuerza-durante-la-gran-entrada-en-muro\\\/#primaryimage\"},\"image\":{\"@id\":\"https:\\\/\\\/www.copealcoy.es\\\/es\\\/los-cristianos-muestran-su-fuerza-durante-la-gran-entrada-en-muro\\\/#primaryimage\"},\"thumbnailUrl\":\"https:\\\/\\\/www.copealcoy.es\\\/wp-content\\\/uploads\\\/2024\\\/05\\\/unnamed-1-12-scaled.jpg\",\"datePublished\":\"2024-05-13T06:38:55+00:00\",\"dateModified\":\"2024-05-15T20:31:36+00:00\",\"author\":{\"@id\":\"https:\\\/\\\/www.copealcoy.es\\\/es\\\/#\\\/schema\\\/person\\\/e777c87fa024e57d40170af9df39882c\"},\"description\":\"La Entrada Cristiana de Muro reuni\u00f3 a numeroso p\u00fablico en las calles del municipio y en el d\u00eda en el que se celebraba la fiesta de la Virgen de los Desamparados\",\"breadcrumb\":{\"@id\":\"https:\\\/\\\/www.copealcoy.es\\\/es\\\/los-cristianos-muestran-su-fuerza-durante-la-gran-entrada-en-muro\\\/#breadcrumb\"},\"inLanguage\":\"es\",\"potentialAction\":[{\"@type\":\"ReadAction\",\"target\":[\"https:\\\/\\\/www.copealcoy.es\\\/es\\\/los-cristianos-muestran-su-fuerza-durante-la-gran-entrada-en-muro\\\/\"]}]},{\"@type\":\"ImageObject\",\"inLanguage\":\"es\",\"@id\":\"https:\\\/\\\/www.copealcoy.es\\\/es\\\/los-cristianos-muestran-su-fuerza-durante-la-gran-entrada-en-muro\\\/#primaryimage\",\"url\":\"https:\\\/\\\/www.copealcoy.es\\\/wp-content\\\/uploads\\\/2024\\\/05\\\/unnamed-1-12-scaled.jpg\",\"contentUrl\":\"https:\\\/\\\/www.copealcoy.es\\\/wp-content\\\/uploads\\\/2024\\\/05\\\/unnamed-1-12-scaled.jpg\",\"width\":1840,\"height\":1080},{\"@type\":\"BreadcrumbList\",\"@id\":\"https:\\\/\\\/www.copealcoy.es\\\/es\\\/los-cristianos-muestran-su-fuerza-durante-la-gran-entrada-en-muro\\\/#breadcrumb\",\"itemListElement\":[{\"@type\":\"ListItem\",\"position\":1,\"name\":\"Portada\",\"item\":\"https:\\\/\\\/www.copealcoy.es\\\/es\\\/\"},{\"@type\":\"ListItem\",\"position\":2,\"name\":\"Los Cristianos muestran su fuerza durante la gran Entrada en Muro\"}]},{\"@type\":\"WebSite\",\"@id\":\"https:\\\/\\\/www.copealcoy.es\\\/es\\\/#website\",\"url\":\"https:\\\/\\\/www.copealcoy.es\\\/es\\\/\",\"name\":\"COPE Alcoy\",\"description\":\"Emisora COPE de radio local con emisi\u00f3n online. Pont de Sant Jordi 8-10 03803 Alcoy\",\"potentialAction\":[{\"@type\":\"SearchAction\",\"target\":{\"@type\":\"EntryPoint\",\"urlTemplate\":\"https:\\\/\\\/www.copealcoy.es\\\/es\\\/?s={search_term_string}\"},\"query-input\":{\"@type\":\"PropertyValueSpecification\",\"valueRequired\":true,\"valueName\":\"search_term_string\"}}],\"inLanguage\":\"es\"},{\"@type\":\"Person\",\"@id\":\"https:\\\/\\\/www.copealcoy.es\\\/es\\\/#\\\/schema\\\/person\\\/e777c87fa024e57d40170af9df39882c\",\"name\":\"Cope Alcoy\",\"image\":{\"@type\":\"ImageObject\",\"inLanguage\":\"es\",\"@id\":\"https:\\\/\\\/secure.gravatar.com\\\/avatar\\\/bb65d0283347e303893ba14f0692005417c1e0e690a325a4c5d8bb2b3943ee14?s=96&d=mm&r=g\",\"url\":\"https:\\\/\\\/secure.gravatar.com\\\/avatar\\\/bb65d0283347e303893ba14f0692005417c1e0e690a325a4c5d8bb2b3943ee14?s=96&d=mm&r=g\",\"contentUrl\":\"https:\\\/\\\/secure.gravatar.com\\\/avatar\\\/bb65d0283347e303893ba14f0692005417c1e0e690a325a4c5d8bb2b3943ee14?s=96&d=mm&r=g\",\"caption\":\"Cope Alcoy\"}}]}<\/script>\n<!-- \/ Yoast SEO plugin. -->","yoast_head_json":{"title":"Los Cristianos muestran su fuerza durante la gran Entrada en Muro - COPE Alcoy","description":"La Entrada Cristiana de Muro reuni\u00f3 a numeroso p\u00fablico en las calles del municipio y en el d\u00eda en el que se celebraba la fiesta de la Virgen de los Desamparados","robots":{"index":"index","follow":"follow","max-snippet":"max-snippet:-1","max-image-preview":"max-image-preview:large","max-video-preview":"max-video-preview:-1"},"canonical":"https:\/\/www.copealcoy.es\/es\/los-cristianos-muestran-su-fuerza-durante-la-gran-entrada-en-muro\/","og_locale":"es_ES","og_type":"article","og_title":"Los Cristianos muestran su fuerza durante la gran Entrada en Muro - COPE Alcoy","og_description":"La Entrada Cristiana de Muro reuni\u00f3 a numeroso p\u00fablico en las calles del municipio y en el d\u00eda en el que se celebraba la fiesta de la Virgen de los Desamparados","og_url":"https:\/\/www.copealcoy.es\/es\/los-cristianos-muestran-su-fuerza-durante-la-gran-entrada-en-muro\/","og_site_name":"COPE Alcoy","article_published_time":"2024-05-13T06:38:55+00:00","article_modified_time":"2024-05-15T20:31:36+00:00","og_image":[{"width":1840,"height":1080,"url":"https:\/\/www.copealcoy.es\/wp-content\/uploads\/2024\/05\/unnamed-1-12-scaled.jpg","type":"image\/jpeg"}],"author":"Cope Alcoy","twitter_misc":{"Escrito por":"Cope Alcoy","Tiempo de lectura":"4 minutos"},"schema":{"@context":"https:\/\/schema.org","@graph":[{"@type":"Article","@id":"https:\/\/www.copealcoy.es\/es\/los-cristianos-muestran-su-fuerza-durante-la-gran-entrada-en-muro\/#article","isPartOf":{"@id":"https:\/\/www.copealcoy.es\/es\/los-cristianos-muestran-su-fuerza-durante-la-gran-entrada-en-muro\/"},"author":{"name":"Cope Alcoy","@id":"https:\/\/www.copealcoy.es\/es\/#\/schema\/person\/e777c87fa024e57d40170af9df39882c"},"headline":"Los Cristianos muestran su fuerza durante la gran Entrada en Muro","datePublished":"2024-05-13T06:38:55+00:00","dateModified":"2024-05-15T20:31:36+00:00","mainEntityOfPage":{"@id":"https:\/\/www.copealcoy.es\/es\/los-cristianos-muestran-su-fuerza-durante-la-gran-entrada-en-muro\/"},"wordCount":700,"commentCount":0,"image":{"@id":"https:\/\/www.copealcoy.es\/es\/los-cristianos-muestran-su-fuerza-durante-la-gran-entrada-en-muro\/#primaryimage"},"thumbnailUrl":"https:\/\/www.copealcoy.es\/wp-content\/uploads\/2024\/05\/unnamed-1-12-scaled.jpg","keywords":["Abanderado Cristiano","\u00c0lex Franc\u00e9s","Entrada Cristiana","Fiestas de Moros y Cristianos","Fil\u00e0 Pirates","Muro","Yago Juli\u00e0"],"articleSection":["Actualidad","Comarcas","Noticias"],"inLanguage":"es"},{"@type":"WebPage","@id":"https:\/\/www.copealcoy.es\/es\/los-cristianos-muestran-su-fuerza-durante-la-gran-entrada-en-muro\/","url":"https:\/\/www.copealcoy.es\/es\/los-cristianos-muestran-su-fuerza-durante-la-gran-entrada-en-muro\/","name":"Los Cristianos muestran su fuerza durante la gran Entrada en Muro - COPE Alcoy","isPartOf":{"@id":"https:\/\/www.copealcoy.es\/es\/#website"},"primaryImageOfPage":{"@id":"https:\/\/www.copealcoy.es\/es\/los-cristianos-muestran-su-fuerza-durante-la-gran-entrada-en-muro\/#primaryimage"},"image":{"@id":"https:\/\/www.copealcoy.es\/es\/los-cristianos-muestran-su-fuerza-durante-la-gran-entrada-en-muro\/#primaryimage"},"thumbnailUrl":"https:\/\/www.copealcoy.es\/wp-content\/uploads\/2024\/05\/unnamed-1-12-scaled.jpg","datePublished":"2024-05-13T06:38:55+00:00","dateModified":"2024-05-15T20:31:36+00:00","author":{"@id":"https:\/\/www.copealcoy.es\/es\/#\/schema\/person\/e777c87fa024e57d40170af9df39882c"},"description":"La Entrada Cristiana de Muro reuni\u00f3 a numeroso p\u00fablico en las calles del municipio y en el d\u00eda en el que se celebraba la fiesta de la Virgen de los Desamparados","breadcrumb":{"@id":"https:\/\/www.copealcoy.es\/es\/los-cristianos-muestran-su-fuerza-durante-la-gran-entrada-en-muro\/#breadcrumb"},"inLanguage":"es","potentialAction":[{"@type":"ReadAction","target":["https:\/\/www.copealcoy.es\/es\/los-cristianos-muestran-su-fuerza-durante-la-gran-entrada-en-muro\/"]}]},{"@type":"ImageObject","inLanguage":"es","@id":"https:\/\/www.copealcoy.es\/es\/los-cristianos-muestran-su-fuerza-durante-la-gran-entrada-en-muro\/#primaryimage","url":"https:\/\/www.copealcoy.es\/wp-content\/uploads\/2024\/05\/unnamed-1-12-scaled.jpg","contentUrl":"https:\/\/www.copealcoy.es\/wp-content\/uploads\/2024\/05\/unnamed-1-12-scaled.jpg","width":1840,"height":1080},{"@type":"BreadcrumbList","@id":"https:\/\/www.copealcoy.es\/es\/los-cristianos-muestran-su-fuerza-durante-la-gran-entrada-en-muro\/#breadcrumb","itemListElement":[{"@type":"ListItem","position":1,"name":"Portada","item":"https:\/\/www.copealcoy.es\/es\/"},{"@type":"ListItem","position":2,"name":"Los Cristianos muestran su fuerza durante la gran Entrada en Muro"}]},{"@type":"WebSite","@id":"https:\/\/www.copealcoy.es\/es\/#website","url":"https:\/\/www.copealcoy.es\/es\/","name":"COPE Alcoy","description":"Emisora COPE de radio local con emisi\u00f3n online. Pont de Sant Jordi 8-10 03803 Alcoy","potentialAction":[{"@type":"SearchAction","target":{"@type":"EntryPoint","urlTemplate":"https:\/\/www.copealcoy.es\/es\/?s={search_term_string}"},"query-input":{"@type":"PropertyValueSpecification","valueRequired":true,"valueName":"search_term_string"}}],"inLanguage":"es"},{"@type":"Person","@id":"https:\/\/www.copealcoy.es\/es\/#\/schema\/person\/e777c87fa024e57d40170af9df39882c","name":"Cope Alcoy","image":{"@type":"ImageObject","inLanguage":"es","@id":"https:\/\/secure.gravatar.com\/avatar\/bb65d0283347e303893ba14f0692005417c1e0e690a325a4c5d8bb2b3943ee14?s=96&d=mm&r=g","url":"https:\/\/secure.gravatar.com\/avatar\/bb65d0283347e303893ba14f0692005417c1e0e690a325a4c5d8bb2b3943ee14?s=96&d=mm&r=g","contentUrl":"https:\/\/secure.gravatar.com\/avatar\/bb65d0283347e303893ba14f0692005417c1e0e690a325a4c5d8bb2b3943ee14?s=96&d=mm&r=g","caption":"Cope Alcoy"}}]}},"_links":{"self":[{"href":"https:\/\/www.copealcoy.es\/es\/wp-json\/wp\/v2\/posts\/133519","targetHints":{"allow":["GET"]}}],"collection":[{"href":"https:\/\/www.copealcoy.es\/es\/wp-json\/wp\/v2\/posts"}],"about":[{"href":"https:\/\/www.copealcoy.es\/es\/wp-json\/wp\/v2\/types\/post"}],"author":[{"embeddable":true,"href":"https:\/\/www.copealcoy.es\/es\/wp-json\/wp\/v2\/users\/1"}],"replies":[{"embeddable":true,"href":"https:\/\/www.copealcoy.es\/es\/wp-json\/wp\/v2\/comments?post=133519"}],"version-history":[{"count":0,"href":"https:\/\/www.copealcoy.es\/es\/wp-json\/wp\/v2\/posts\/133519\/revisions"}],"wp:featuredmedia":[{"embeddable":true,"href":"https:\/\/www.copealcoy.es\/es\/wp-json\/wp\/v2\/media\/133520"}],"wp:attachment":[{"href":"https:\/\/www.copealcoy.es\/es\/wp-json\/wp\/v2\/media?parent=133519"}],"wp:term":[{"taxonomy":"category","embeddable":true,"href":"https:\/\/www.copealcoy.es\/es\/wp-json\/wp\/v2\/categories?post=133519"},{"taxonomy":"post_tag","embeddable":true,"href":"https:\/\/www.copealcoy.es\/es\/wp-json\/wp\/v2\/tags?post=133519"}],"curies":[{"name":"wp","href":"https:\/\/api.w.org\/{rel}","templated":true}]}}