{"id":133466,"date":"2024-05-13T03:37:57","date_gmt":"2024-05-13T02:37:57","guid":{"rendered":"https:\/\/www.copealcoy.es\/?p=133466"},"modified":"2024-05-13T05:51:01","modified_gmt":"2024-05-13T04:51:01","slug":"alcoy-llega-al-ecuador-de-una-primavera-marcada-por-la-ausencia-de-lluvias","status":"publish","type":"post","link":"https:\/\/www.copealcoy.es\/es\/alcoy-llega-al-ecuador-de-una-primavera-marcada-por-la-ausencia-de-lluvias\/","title":{"rendered":"Alcoy llega al ecuador de una primavera marcada por la ausencia de lluvias"},"content":{"rendered":"<p style=\"text-align: justify;\">La primavera <strong>llega a su ecuador en Alcoy sin abundantes precipitaciones<\/strong> y con este contexto <strong>preocupa el verano<\/strong> pese a que todav\u00eda las reservas h\u00eddricas son \u00f3ptimas. Los datos de chubascos recogidos hasta el momento <strong>demuestran que la sequ\u00eda es cada vez m\u00e1s pertinaz<\/strong> puesto que desde septiembre del pasado a\u00f1o que no se han superado los treinta litros por metro cuadrado.<\/p>\n<p style=\"text-align: justify;\"><strong>Marzo<\/strong>, con datos de pluvi\u00f3metro del <a href=\"https:\/\/www.circuloindustrial.net\/pluvio.php\" target=\"_blank\" rel=\"noopener\"><strong><span style=\"color: #0000ff;\">C\u00edrculo Industrial<\/span><\/strong><\/a>, termin\u00f3 con 12\u20195 litros totales mientras que en<strong> abril<\/strong> se recogieron 15\u20194. Datos \u00ednfimos que se mantienen en los <strong>primeros d\u00edas de mayo<\/strong> habi\u00e9ndose contabilizado hasta el momento 1\u20194 litros. Habr\u00e1 que ver la evoluci\u00f3n que tiene el mes puesto que el pasado a\u00f1o comenz\u00f3 con temperaturas de pleno verano pero la situaci\u00f3n cambi\u00f3 a partir de la segunda quincena con lluvias fuertes que dejaron m\u00e1s de 167 litros en la ciudad.<\/p>\n<p style=\"text-align: justify;\">Entonces, <strong>\u00bfvolver\u00e1 a cambiar esa tendencia?<\/strong>. Es la pregunta que nos hacemos hoy y que por ahora\u00a0 no tiene respuesta ya que<strong> la previsi\u00f3n meteorol\u00f3gica no apunta a chubascos a corto plazo<\/strong>. Tan solo <strong>lucir\u00e1 el sol con cielos despejados<\/strong> a lo largo de las pr\u00f3ximas jornadas &#8220;<em>esta falta de lluvias se nota en los cultivos pero tambi\u00e9n en la vegetaci\u00f3n con especies, como por ejemplo los pinos, que presentan un aspecto amarillento y completamente seco a las puertas de un verano en el que hay que prestar much\u00edsima atenci\u00f3n al riesgo extremo de incendios forestales<\/em>&#8220;, comentaba en COPE ALCOY <strong>Tono Belda<\/strong>, profesor del Departamento de Ciencias de la Tierra y del Medio Ambiente de la Universidad de Alicante.<\/p>\n<p style=\"text-align: justify;\">Por el momento <strong>no se est\u00e1n aplicando restricciones en Alcoy ni tampoco en buena parte de las localidades de la comarca<\/strong>. Tan solo destaca Fageca, municipio donde la sequ\u00eda oblig\u00f3 a recomendar <strong>una serie de limitaciones<\/strong> a los vecinos. Mientras tanto, <strong>est\u00e1 en marcha el proceso de conexi\u00f3n del pozo de Tollos con los de Fageca, Famorca y Benimassot<\/strong>, una iniciativa que \u201c<em>ser\u00e1 beneficiosa para todos<\/em>\u201d seg\u00fan asegura el mismo alcalde de Fageca; <strong>Ismael Vidal<\/strong>. Ya <strong>se han hecho algunas pruebas<\/strong> y de esta forma,\u00a0seg\u00fan Vidal, si alguna de las cuatro poblaciones tuviera problemas de sequ\u00eda, <strong>podr\u00eda recurrir a los otros pozos y remediar la situaci\u00f3n de forma m\u00e1s r\u00e1pida y econ\u00f3mica<\/strong>, adem\u00e1s de \u201c<em>adaptarse al cambio clim\u00e1tico y optimizar recursos<\/em>\u201d.<\/p>\n","protected":false},"excerpt":{"rendered":"<p>La primavera llega a su ecuador en Alcoy sin abundantes precipitaciones y con este contexto preocupa el verano pese a&#8230;<\/p>\n","protected":false},"author":1,"featured_media":131030,"comment_status":"open","ping_status":"open","sticky":false,"template":"","format":"standard","meta":{"footnotes":""},"categories":[6909,97,75,125],"tags":[16807,1494,5406,535],"class_list":["post-133466","post","type-post","status-publish","format-standard","has-post-thumbnail","hentry","category-actualidad","category-alcoy","category-noticias","category-portada","tag-abundancia-de-precipitaciones","tag-alcoy","tag-primavera","tag-sequia"],"yoast_head":"<!-- This site is optimized with the Yoast SEO plugin v27.3 - https:\/\/yoast.com\/product\/yoast-seo-wordpress\/ -->\n<title>Alcoy llega al ecuador de una primavera marcada por la ausencia de lluvias - COPE Alcoy<\/title>\n<meta name=\"description\" content=\"La primavera llega a su ecuador en Alcoy sin abundantes precipitaciones y con este contexto preocupa el verano pese a que todav\u00eda las reservas h\u00eddricas son \u00f3ptimas.\" \/>\n<meta name=\"robots\" content=\"index, follow, max-snippet:-1, max-image-preview:large, max-video-preview:-1\" \/>\n<link rel=\"canonical\" href=\"https:\/\/www.copealcoy.es\/es\/alcoy-llega-al-ecuador-de-una-primavera-marcada-por-la-ausencia-de-lluvias\/\" \/>\n<meta property=\"og:locale\" content=\"es_ES\" \/>\n<meta property=\"og:type\" content=\"article\" \/>\n<meta property=\"og:title\" content=\"Alcoy llega al ecuador de una primavera marcada por la ausencia de lluvias - COPE Alcoy\" \/>\n<meta property=\"og:description\" content=\"La primavera llega a su ecuador en Alcoy sin abundantes precipitaciones y con este contexto preocupa el verano pese a que todav\u00eda las reservas h\u00eddricas son \u00f3ptimas.\" \/>\n<meta property=\"og:url\" content=\"https:\/\/www.copealcoy.es\/es\/alcoy-llega-al-ecuador-de-una-primavera-marcada-por-la-ausencia-de-lluvias\/\" \/>\n<meta property=\"og:site_name\" content=\"COPE Alcoy\" \/>\n<meta property=\"article:published_time\" content=\"2024-05-13T02:37:57+00:00\" \/>\n<meta property=\"article:modified_time\" content=\"2024-05-13T04:51:01+00:00\" \/>\n<meta property=\"og:image\" content=\"https:\/\/www.copealcoy.es\/wp-content\/uploads\/2024\/03\/panoramica-alcoy.jpg_1760067043.jpg\" \/>\n\t<meta property=\"og:image:width\" content=\"625\" \/>\n\t<meta property=\"og:image:height\" content=\"469\" \/>\n\t<meta property=\"og:image:type\" content=\"image\/jpeg\" \/>\n<meta name=\"author\" content=\"Cope Alcoy\" \/>\n<meta name=\"twitter:label1\" content=\"Escrito por\" \/>\n\t<meta name=\"twitter:data1\" content=\"Cope Alcoy\" \/>\n\t<meta name=\"twitter:label2\" content=\"Tiempo de lectura\" \/>\n\t<meta name=\"twitter:data2\" content=\"2 minutos\" \/>\n<script type=\"application\/ld+json\" class=\"yoast-schema-graph\">{\"@context\":\"https:\\\/\\\/schema.org\",\"@graph\":[{\"@type\":\"Article\",\"@id\":\"https:\\\/\\\/www.copealcoy.es\\\/es\\\/alcoy-llega-al-ecuador-de-una-primavera-marcada-por-la-ausencia-de-lluvias\\\/#article\",\"isPartOf\":{\"@id\":\"https:\\\/\\\/www.copealcoy.es\\\/es\\\/alcoy-llega-al-ecuador-de-una-primavera-marcada-por-la-ausencia-de-lluvias\\\/\"},\"author\":{\"name\":\"Cope Alcoy\",\"@id\":\"https:\\\/\\\/www.copealcoy.es\\\/es\\\/#\\\/schema\\\/person\\\/e777c87fa024e57d40170af9df39882c\"},\"headline\":\"Alcoy llega al ecuador de una primavera marcada por la ausencia de lluvias\",\"datePublished\":\"2024-05-13T02:37:57+00:00\",\"dateModified\":\"2024-05-13T04:51:01+00:00\",\"mainEntityOfPage\":{\"@id\":\"https:\\\/\\\/www.copealcoy.es\\\/es\\\/alcoy-llega-al-ecuador-de-una-primavera-marcada-por-la-ausencia-de-lluvias\\\/\"},\"wordCount\":425,\"commentCount\":0,\"image\":{\"@id\":\"https:\\\/\\\/www.copealcoy.es\\\/es\\\/alcoy-llega-al-ecuador-de-una-primavera-marcada-por-la-ausencia-de-lluvias\\\/#primaryimage\"},\"thumbnailUrl\":\"https:\\\/\\\/www.copealcoy.es\\\/wp-content\\\/uploads\\\/2024\\\/03\\\/panoramica-alcoy.jpg_1760067043.jpg\",\"keywords\":[\"abundancia de precipitaciones\",\"Alcoy\",\"primavera\",\"Sequ\u00eda\"],\"articleSection\":[\"Actualidad\",\"Alcoy\",\"Noticias\",\"Portada\"],\"inLanguage\":\"es\"},{\"@type\":\"WebPage\",\"@id\":\"https:\\\/\\\/www.copealcoy.es\\\/es\\\/alcoy-llega-al-ecuador-de-una-primavera-marcada-por-la-ausencia-de-lluvias\\\/\",\"url\":\"https:\\\/\\\/www.copealcoy.es\\\/es\\\/alcoy-llega-al-ecuador-de-una-primavera-marcada-por-la-ausencia-de-lluvias\\\/\",\"name\":\"Alcoy llega al ecuador de una primavera marcada por la ausencia de lluvias - COPE Alcoy\",\"isPartOf\":{\"@id\":\"https:\\\/\\\/www.copealcoy.es\\\/es\\\/#website\"},\"primaryImageOfPage\":{\"@id\":\"https:\\\/\\\/www.copealcoy.es\\\/es\\\/alcoy-llega-al-ecuador-de-una-primavera-marcada-por-la-ausencia-de-lluvias\\\/#primaryimage\"},\"image\":{\"@id\":\"https:\\\/\\\/www.copealcoy.es\\\/es\\\/alcoy-llega-al-ecuador-de-una-primavera-marcada-por-la-ausencia-de-lluvias\\\/#primaryimage\"},\"thumbnailUrl\":\"https:\\\/\\\/www.copealcoy.es\\\/wp-content\\\/uploads\\\/2024\\\/03\\\/panoramica-alcoy.jpg_1760067043.jpg\",\"datePublished\":\"2024-05-13T02:37:57+00:00\",\"dateModified\":\"2024-05-13T04:51:01+00:00\",\"author\":{\"@id\":\"https:\\\/\\\/www.copealcoy.es\\\/es\\\/#\\\/schema\\\/person\\\/e777c87fa024e57d40170af9df39882c\"},\"description\":\"La primavera llega a su ecuador en Alcoy sin abundantes precipitaciones y con este contexto preocupa el verano pese a que todav\u00eda las reservas h\u00eddricas son \u00f3ptimas.\",\"breadcrumb\":{\"@id\":\"https:\\\/\\\/www.copealcoy.es\\\/es\\\/alcoy-llega-al-ecuador-de-una-primavera-marcada-por-la-ausencia-de-lluvias\\\/#breadcrumb\"},\"inLanguage\":\"es\",\"potentialAction\":[{\"@type\":\"ReadAction\",\"target\":[\"https:\\\/\\\/www.copealcoy.es\\\/es\\\/alcoy-llega-al-ecuador-de-una-primavera-marcada-por-la-ausencia-de-lluvias\\\/\"]}]},{\"@type\":\"ImageObject\",\"inLanguage\":\"es\",\"@id\":\"https:\\\/\\\/www.copealcoy.es\\\/es\\\/alcoy-llega-al-ecuador-de-una-primavera-marcada-por-la-ausencia-de-lluvias\\\/#primaryimage\",\"url\":\"https:\\\/\\\/www.copealcoy.es\\\/wp-content\\\/uploads\\\/2024\\\/03\\\/panoramica-alcoy.jpg_1760067043.jpg\",\"contentUrl\":\"https:\\\/\\\/www.copealcoy.es\\\/wp-content\\\/uploads\\\/2024\\\/03\\\/panoramica-alcoy.jpg_1760067043.jpg\",\"width\":625,\"height\":469},{\"@type\":\"BreadcrumbList\",\"@id\":\"https:\\\/\\\/www.copealcoy.es\\\/es\\\/alcoy-llega-al-ecuador-de-una-primavera-marcada-por-la-ausencia-de-lluvias\\\/#breadcrumb\",\"itemListElement\":[{\"@type\":\"ListItem\",\"position\":1,\"name\":\"Portada\",\"item\":\"https:\\\/\\\/www.copealcoy.es\\\/es\\\/\"},{\"@type\":\"ListItem\",\"position\":2,\"name\":\"Alcoy llega al ecuador de una primavera marcada por la ausencia de lluvias\"}]},{\"@type\":\"WebSite\",\"@id\":\"https:\\\/\\\/www.copealcoy.es\\\/es\\\/#website\",\"url\":\"https:\\\/\\\/www.copealcoy.es\\\/es\\\/\",\"name\":\"COPE Alcoy\",\"description\":\"Emisora COPE de radio local con emisi\u00f3n online. Pont de Sant Jordi 8-10 03803 Alcoy\",\"potentialAction\":[{\"@type\":\"SearchAction\",\"target\":{\"@type\":\"EntryPoint\",\"urlTemplate\":\"https:\\\/\\\/www.copealcoy.es\\\/es\\\/?s={search_term_string}\"},\"query-input\":{\"@type\":\"PropertyValueSpecification\",\"valueRequired\":true,\"valueName\":\"search_term_string\"}}],\"inLanguage\":\"es\"},{\"@type\":\"Person\",\"@id\":\"https:\\\/\\\/www.copealcoy.es\\\/es\\\/#\\\/schema\\\/person\\\/e777c87fa024e57d40170af9df39882c\",\"name\":\"Cope Alcoy\",\"image\":{\"@type\":\"ImageObject\",\"inLanguage\":\"es\",\"@id\":\"https:\\\/\\\/secure.gravatar.com\\\/avatar\\\/bb65d0283347e303893ba14f0692005417c1e0e690a325a4c5d8bb2b3943ee14?s=96&d=mm&r=g\",\"url\":\"https:\\\/\\\/secure.gravatar.com\\\/avatar\\\/bb65d0283347e303893ba14f0692005417c1e0e690a325a4c5d8bb2b3943ee14?s=96&d=mm&r=g\",\"contentUrl\":\"https:\\\/\\\/secure.gravatar.com\\\/avatar\\\/bb65d0283347e303893ba14f0692005417c1e0e690a325a4c5d8bb2b3943ee14?s=96&d=mm&r=g\",\"caption\":\"Cope Alcoy\"}}]}<\/script>\n<!-- \/ Yoast SEO plugin. -->","yoast_head_json":{"title":"Alcoy llega al ecuador de una primavera marcada por la ausencia de lluvias - COPE Alcoy","description":"La primavera llega a su ecuador en Alcoy sin abundantes precipitaciones y con este contexto preocupa el verano pese a que todav\u00eda las reservas h\u00eddricas son \u00f3ptimas.","robots":{"index":"index","follow":"follow","max-snippet":"max-snippet:-1","max-image-preview":"max-image-preview:large","max-video-preview":"max-video-preview:-1"},"canonical":"https:\/\/www.copealcoy.es\/es\/alcoy-llega-al-ecuador-de-una-primavera-marcada-por-la-ausencia-de-lluvias\/","og_locale":"es_ES","og_type":"article","og_title":"Alcoy llega al ecuador de una primavera marcada por la ausencia de lluvias - COPE Alcoy","og_description":"La primavera llega a su ecuador en Alcoy sin abundantes precipitaciones y con este contexto preocupa el verano pese a que todav\u00eda las reservas h\u00eddricas son \u00f3ptimas.","og_url":"https:\/\/www.copealcoy.es\/es\/alcoy-llega-al-ecuador-de-una-primavera-marcada-por-la-ausencia-de-lluvias\/","og_site_name":"COPE Alcoy","article_published_time":"2024-05-13T02:37:57+00:00","article_modified_time":"2024-05-13T04:51:01+00:00","og_image":[{"width":625,"height":469,"url":"https:\/\/www.copealcoy.es\/wp-content\/uploads\/2024\/03\/panoramica-alcoy.jpg_1760067043.jpg","type":"image\/jpeg"}],"author":"Cope Alcoy","twitter_misc":{"Escrito por":"Cope Alcoy","Tiempo de lectura":"2 minutos"},"schema":{"@context":"https:\/\/schema.org","@graph":[{"@type":"Article","@id":"https:\/\/www.copealcoy.es\/es\/alcoy-llega-al-ecuador-de-una-primavera-marcada-por-la-ausencia-de-lluvias\/#article","isPartOf":{"@id":"https:\/\/www.copealcoy.es\/es\/alcoy-llega-al-ecuador-de-una-primavera-marcada-por-la-ausencia-de-lluvias\/"},"author":{"name":"Cope Alcoy","@id":"https:\/\/www.copealcoy.es\/es\/#\/schema\/person\/e777c87fa024e57d40170af9df39882c"},"headline":"Alcoy llega al ecuador de una primavera marcada por la ausencia de lluvias","datePublished":"2024-05-13T02:37:57+00:00","dateModified":"2024-05-13T04:51:01+00:00","mainEntityOfPage":{"@id":"https:\/\/www.copealcoy.es\/es\/alcoy-llega-al-ecuador-de-una-primavera-marcada-por-la-ausencia-de-lluvias\/"},"wordCount":425,"commentCount":0,"image":{"@id":"https:\/\/www.copealcoy.es\/es\/alcoy-llega-al-ecuador-de-una-primavera-marcada-por-la-ausencia-de-lluvias\/#primaryimage"},"thumbnailUrl":"https:\/\/www.copealcoy.es\/wp-content\/uploads\/2024\/03\/panoramica-alcoy.jpg_1760067043.jpg","keywords":["abundancia de precipitaciones","Alcoy","primavera","Sequ\u00eda"],"articleSection":["Actualidad","Alcoy","Noticias","Portada"],"inLanguage":"es"},{"@type":"WebPage","@id":"https:\/\/www.copealcoy.es\/es\/alcoy-llega-al-ecuador-de-una-primavera-marcada-por-la-ausencia-de-lluvias\/","url":"https:\/\/www.copealcoy.es\/es\/alcoy-llega-al-ecuador-de-una-primavera-marcada-por-la-ausencia-de-lluvias\/","name":"Alcoy llega al ecuador de una primavera marcada por la ausencia de lluvias - COPE Alcoy","isPartOf":{"@id":"https:\/\/www.copealcoy.es\/es\/#website"},"primaryImageOfPage":{"@id":"https:\/\/www.copealcoy.es\/es\/alcoy-llega-al-ecuador-de-una-primavera-marcada-por-la-ausencia-de-lluvias\/#primaryimage"},"image":{"@id":"https:\/\/www.copealcoy.es\/es\/alcoy-llega-al-ecuador-de-una-primavera-marcada-por-la-ausencia-de-lluvias\/#primaryimage"},"thumbnailUrl":"https:\/\/www.copealcoy.es\/wp-content\/uploads\/2024\/03\/panoramica-alcoy.jpg_1760067043.jpg","datePublished":"2024-05-13T02:37:57+00:00","dateModified":"2024-05-13T04:51:01+00:00","author":{"@id":"https:\/\/www.copealcoy.es\/es\/#\/schema\/person\/e777c87fa024e57d40170af9df39882c"},"description":"La primavera llega a su ecuador en Alcoy sin abundantes precipitaciones y con este contexto preocupa el verano pese a que todav\u00eda las reservas h\u00eddricas son \u00f3ptimas.","breadcrumb":{"@id":"https:\/\/www.copealcoy.es\/es\/alcoy-llega-al-ecuador-de-una-primavera-marcada-por-la-ausencia-de-lluvias\/#breadcrumb"},"inLanguage":"es","potentialAction":[{"@type":"ReadAction","target":["https:\/\/www.copealcoy.es\/es\/alcoy-llega-al-ecuador-de-una-primavera-marcada-por-la-ausencia-de-lluvias\/"]}]},{"@type":"ImageObject","inLanguage":"es","@id":"https:\/\/www.copealcoy.es\/es\/alcoy-llega-al-ecuador-de-una-primavera-marcada-por-la-ausencia-de-lluvias\/#primaryimage","url":"https:\/\/www.copealcoy.es\/wp-content\/uploads\/2024\/03\/panoramica-alcoy.jpg_1760067043.jpg","contentUrl":"https:\/\/www.copealcoy.es\/wp-content\/uploads\/2024\/03\/panoramica-alcoy.jpg_1760067043.jpg","width":625,"height":469},{"@type":"BreadcrumbList","@id":"https:\/\/www.copealcoy.es\/es\/alcoy-llega-al-ecuador-de-una-primavera-marcada-por-la-ausencia-de-lluvias\/#breadcrumb","itemListElement":[{"@type":"ListItem","position":1,"name":"Portada","item":"https:\/\/www.copealcoy.es\/es\/"},{"@type":"ListItem","position":2,"name":"Alcoy llega al ecuador de una primavera marcada por la ausencia de lluvias"}]},{"@type":"WebSite","@id":"https:\/\/www.copealcoy.es\/es\/#website","url":"https:\/\/www.copealcoy.es\/es\/","name":"COPE Alcoy","description":"Emisora COPE de radio local con emisi\u00f3n online. Pont de Sant Jordi 8-10 03803 Alcoy","potentialAction":[{"@type":"SearchAction","target":{"@type":"EntryPoint","urlTemplate":"https:\/\/www.copealcoy.es\/es\/?s={search_term_string}"},"query-input":{"@type":"PropertyValueSpecification","valueRequired":true,"valueName":"search_term_string"}}],"inLanguage":"es"},{"@type":"Person","@id":"https:\/\/www.copealcoy.es\/es\/#\/schema\/person\/e777c87fa024e57d40170af9df39882c","name":"Cope Alcoy","image":{"@type":"ImageObject","inLanguage":"es","@id":"https:\/\/secure.gravatar.com\/avatar\/bb65d0283347e303893ba14f0692005417c1e0e690a325a4c5d8bb2b3943ee14?s=96&d=mm&r=g","url":"https:\/\/secure.gravatar.com\/avatar\/bb65d0283347e303893ba14f0692005417c1e0e690a325a4c5d8bb2b3943ee14?s=96&d=mm&r=g","contentUrl":"https:\/\/secure.gravatar.com\/avatar\/bb65d0283347e303893ba14f0692005417c1e0e690a325a4c5d8bb2b3943ee14?s=96&d=mm&r=g","caption":"Cope Alcoy"}}]}},"_links":{"self":[{"href":"https:\/\/www.copealcoy.es\/es\/wp-json\/wp\/v2\/posts\/133466","targetHints":{"allow":["GET"]}}],"collection":[{"href":"https:\/\/www.copealcoy.es\/es\/wp-json\/wp\/v2\/posts"}],"about":[{"href":"https:\/\/www.copealcoy.es\/es\/wp-json\/wp\/v2\/types\/post"}],"author":[{"embeddable":true,"href":"https:\/\/www.copealcoy.es\/es\/wp-json\/wp\/v2\/users\/1"}],"replies":[{"embeddable":true,"href":"https:\/\/www.copealcoy.es\/es\/wp-json\/wp\/v2\/comments?post=133466"}],"version-history":[{"count":0,"href":"https:\/\/www.copealcoy.es\/es\/wp-json\/wp\/v2\/posts\/133466\/revisions"}],"wp:featuredmedia":[{"embeddable":true,"href":"https:\/\/www.copealcoy.es\/es\/wp-json\/wp\/v2\/media\/131030"}],"wp:attachment":[{"href":"https:\/\/www.copealcoy.es\/es\/wp-json\/wp\/v2\/media?parent=133466"}],"wp:term":[{"taxonomy":"category","embeddable":true,"href":"https:\/\/www.copealcoy.es\/es\/wp-json\/wp\/v2\/categories?post=133466"},{"taxonomy":"post_tag","embeddable":true,"href":"https:\/\/www.copealcoy.es\/es\/wp-json\/wp\/v2\/tags?post=133466"}],"curies":[{"name":"wp","href":"https:\/\/api.w.org\/{rel}","templated":true}]}}