{"id":133450,"date":"2024-05-10T11:23:18","date_gmt":"2024-05-10T10:23:18","guid":{"rendered":"https:\/\/www.copealcoy.es\/?p=133450"},"modified":"2024-05-10T17:21:45","modified_gmt":"2024-05-10T16:21:45","slug":"la-escola-dart-i-superior-de-disseny-dalcoi-festeja-con-una-gran-gala-su-cincuenta-aniversario","status":"publish","type":"post","link":"https:\/\/www.copealcoy.es\/es\/la-escola-dart-i-superior-de-disseny-dalcoi-festeja-con-una-gran-gala-su-cincuenta-aniversario\/","title":{"rendered":"La Escola d\u2019Art i Superior de Disseny d\u2019Alcoi festeja con una gran gala su cincuenta aniversario"},"content":{"rendered":"<p style=\"text-align: justify;\">La <a href=\"https:\/\/www.facebook.com\/easdalcoi\" target=\"_blank\" rel=\"noopener\"><span style=\"color: #0000ff;\"><strong>Escola d&#8217;Art i Superior de Disseny d&#8217;Alcoi<\/strong> <\/span><\/a>ha conmemorado de manera emotiva <strong>su 50 aniversario<\/strong> con un acto central en el que no falt\u00f3 el reconocimiento hacia todos aquellos que fueron parte fundamental en la evoluci\u00f3n del centro. El <strong>sal\u00f3n de actos del IVAM CADA <\/strong>\u00a0fue el escenario ayer por la tarde de esta celebraci\u00f3n, que reuni\u00f3 a numerosos invitados, y que sirvi\u00f3 para <strong>rendir homenaje a medio siglo <\/strong>de creatividad y excelencia educativa.<\/p>\n<p style=\"text-align: justify;\">En este evento se hizo un repaso a<strong> la evoluci\u00f3n que ha tenido el centro<\/strong> durante los \u00faltimos cincuenta a\u00f1os y tambi\u00e9n se tuvo un recuerdo especial hacia docentes que fueron clave en la historia de la EASDA como Josep Albert Mestre o \u00c1ngel P\u00e9rez.\u00a0 Tambi\u00e9n varios alumnos llevaron a cabo <strong>una<em> performance<\/em><\/strong> sobre el escenario y se puso \u00e9nfasis a la relaci\u00f3n existente entre la Escola d&#8217;Art i Superior de Disseny con la empresa. No faltaron las intervenciones de<strong> Diana Ortiz<\/strong> (directora de la EASDA), <strong>Jos\u00e9 Antonio P\u00e9rez<\/strong> (director general de Universidades), <strong>Toni Franc\u00e9s<\/strong> (alcalde de Alcoy) y<strong> Francisca Blanch<\/strong> (directora de la ISEACV. Por \u00faltimo, <strong>se inaugur\u00f3 la exposici\u00f3n\u00a0&#8216;Instruir practicant&#8217;<\/strong>, en la que se hace un recorrido por las cinco d\u00e9cadas de vida de la instituci\u00f3n educativa.<\/p>\n<p style=\"text-align: justify;\">El <strong>broche de oro<\/strong> al evento de ayer lo puso <strong>un vino de honor<\/strong> en el que todos los asistentes pudieron intercambiar impresiones sobre la evoluci\u00f3n de la EASDA. Una escuela que, cincuenta a\u00f1os despu\u00e9s de su creaci\u00f3n, contin\u00faa siendo<strong> un importante motor<\/strong> de creatividad, innovaci\u00f3n y excelencia educativa, inspirando a generaciones presentes y futuras a alcanzar nuevas alturas en el mundo del arte y el dise\u00f1o.<\/p>\n","protected":false},"excerpt":{"rendered":"<p>La Escola d&#8217;Art i Superior de Disseny d&#8217;Alcoi ha conmemorado de manera emotiva su 50 aniversario con un acto central&#8230;<\/p>\n","protected":false},"author":1,"featured_media":133460,"comment_status":"open","ping_status":"open","sticky":false,"template":"","format":"standard","meta":{"footnotes":""},"categories":[6909,97,900,75],"tags":[],"class_list":["post-133450","post","type-post","status-publish","format-standard","has-post-thumbnail","hentry","category-actualidad","category-alcoy","category-educacion","category-noticias"],"yoast_head":"<!-- This site is optimized with the Yoast SEO plugin v27.3 - https:\/\/yoast.com\/product\/yoast-seo-wordpress\/ -->\n<title>La Escola d\u2019Art i Superior de Disseny d\u2019Alcoi festeja con una gran gala su cincuenta aniversario - COPE Alcoy<\/title>\n<meta name=\"robots\" content=\"index, follow, max-snippet:-1, max-image-preview:large, max-video-preview:-1\" \/>\n<link rel=\"canonical\" href=\"https:\/\/www.copealcoy.es\/es\/la-escola-dart-i-superior-de-disseny-dalcoi-festeja-con-una-gran-gala-su-cincuenta-aniversario\/\" \/>\n<meta property=\"og:locale\" content=\"es_ES\" \/>\n<meta property=\"og:type\" content=\"article\" \/>\n<meta property=\"og:title\" content=\"La Escola d\u2019Art i Superior de Disseny d\u2019Alcoi festeja con una gran gala su cincuenta aniversario - COPE Alcoy\" \/>\n<meta property=\"og:description\" content=\"La Escola d&#8217;Art i Superior de Disseny d&#8217;Alcoi ha conmemorado de manera emotiva su 50 aniversario con un acto central...\" \/>\n<meta property=\"og:url\" content=\"https:\/\/www.copealcoy.es\/es\/la-escola-dart-i-superior-de-disseny-dalcoi-festeja-con-una-gran-gala-su-cincuenta-aniversario\/\" \/>\n<meta property=\"og:site_name\" content=\"COPE Alcoy\" \/>\n<meta property=\"article:published_time\" content=\"2024-05-10T10:23:18+00:00\" \/>\n<meta property=\"article:modified_time\" content=\"2024-05-10T16:21:45+00:00\" \/>\n<meta property=\"og:image\" content=\"https:\/\/www.copealcoy.es\/wp-content\/uploads\/2024\/05\/unnamed-1-10-scaled.jpg\" \/>\n\t<meta property=\"og:image:width\" content=\"1440\" \/>\n\t<meta property=\"og:image:height\" content=\"1080\" \/>\n\t<meta property=\"og:image:type\" content=\"image\/jpeg\" \/>\n<meta name=\"author\" content=\"Cope Alcoy\" \/>\n<meta name=\"twitter:label1\" content=\"Escrito por\" \/>\n\t<meta name=\"twitter:data1\" content=\"Cope Alcoy\" \/>\n\t<meta name=\"twitter:label2\" content=\"Tiempo de lectura\" \/>\n\t<meta name=\"twitter:data2\" content=\"2 minutos\" \/>\n<script type=\"application\/ld+json\" class=\"yoast-schema-graph\">{\"@context\":\"https:\\\/\\\/schema.org\",\"@graph\":[{\"@type\":\"Article\",\"@id\":\"https:\\\/\\\/www.copealcoy.es\\\/es\\\/la-escola-dart-i-superior-de-disseny-dalcoi-festeja-con-una-gran-gala-su-cincuenta-aniversario\\\/#article\",\"isPartOf\":{\"@id\":\"https:\\\/\\\/www.copealcoy.es\\\/es\\\/la-escola-dart-i-superior-de-disseny-dalcoi-festeja-con-una-gran-gala-su-cincuenta-aniversario\\\/\"},\"author\":{\"name\":\"Cope Alcoy\",\"@id\":\"https:\\\/\\\/www.copealcoy.es\\\/es\\\/#\\\/schema\\\/person\\\/e777c87fa024e57d40170af9df39882c\"},\"headline\":\"La Escola d\u2019Art i Superior de Disseny d\u2019Alcoi festeja con una gran gala su cincuenta aniversario\",\"datePublished\":\"2024-05-10T10:23:18+00:00\",\"dateModified\":\"2024-05-10T16:21:45+00:00\",\"mainEntityOfPage\":{\"@id\":\"https:\\\/\\\/www.copealcoy.es\\\/es\\\/la-escola-dart-i-superior-de-disseny-dalcoi-festeja-con-una-gran-gala-su-cincuenta-aniversario\\\/\"},\"wordCount\":313,\"commentCount\":0,\"image\":{\"@id\":\"https:\\\/\\\/www.copealcoy.es\\\/es\\\/la-escola-dart-i-superior-de-disseny-dalcoi-festeja-con-una-gran-gala-su-cincuenta-aniversario\\\/#primaryimage\"},\"thumbnailUrl\":\"https:\\\/\\\/www.copealcoy.es\\\/wp-content\\\/uploads\\\/2024\\\/05\\\/unnamed-1-10-scaled.jpg\",\"articleSection\":[\"Actualidad\",\"Alcoy\",\"Educaci\u00f3n\",\"Noticias\"],\"inLanguage\":\"es\"},{\"@type\":\"WebPage\",\"@id\":\"https:\\\/\\\/www.copealcoy.es\\\/es\\\/la-escola-dart-i-superior-de-disseny-dalcoi-festeja-con-una-gran-gala-su-cincuenta-aniversario\\\/\",\"url\":\"https:\\\/\\\/www.copealcoy.es\\\/es\\\/la-escola-dart-i-superior-de-disseny-dalcoi-festeja-con-una-gran-gala-su-cincuenta-aniversario\\\/\",\"name\":\"La Escola d\u2019Art i Superior de Disseny d\u2019Alcoi festeja con una gran gala su cincuenta aniversario - COPE Alcoy\",\"isPartOf\":{\"@id\":\"https:\\\/\\\/www.copealcoy.es\\\/es\\\/#website\"},\"primaryImageOfPage\":{\"@id\":\"https:\\\/\\\/www.copealcoy.es\\\/es\\\/la-escola-dart-i-superior-de-disseny-dalcoi-festeja-con-una-gran-gala-su-cincuenta-aniversario\\\/#primaryimage\"},\"image\":{\"@id\":\"https:\\\/\\\/www.copealcoy.es\\\/es\\\/la-escola-dart-i-superior-de-disseny-dalcoi-festeja-con-una-gran-gala-su-cincuenta-aniversario\\\/#primaryimage\"},\"thumbnailUrl\":\"https:\\\/\\\/www.copealcoy.es\\\/wp-content\\\/uploads\\\/2024\\\/05\\\/unnamed-1-10-scaled.jpg\",\"datePublished\":\"2024-05-10T10:23:18+00:00\",\"dateModified\":\"2024-05-10T16:21:45+00:00\",\"author\":{\"@id\":\"https:\\\/\\\/www.copealcoy.es\\\/es\\\/#\\\/schema\\\/person\\\/e777c87fa024e57d40170af9df39882c\"},\"breadcrumb\":{\"@id\":\"https:\\\/\\\/www.copealcoy.es\\\/es\\\/la-escola-dart-i-superior-de-disseny-dalcoi-festeja-con-una-gran-gala-su-cincuenta-aniversario\\\/#breadcrumb\"},\"inLanguage\":\"es\",\"potentialAction\":[{\"@type\":\"ReadAction\",\"target\":[\"https:\\\/\\\/www.copealcoy.es\\\/es\\\/la-escola-dart-i-superior-de-disseny-dalcoi-festeja-con-una-gran-gala-su-cincuenta-aniversario\\\/\"]}]},{\"@type\":\"ImageObject\",\"inLanguage\":\"es\",\"@id\":\"https:\\\/\\\/www.copealcoy.es\\\/es\\\/la-escola-dart-i-superior-de-disseny-dalcoi-festeja-con-una-gran-gala-su-cincuenta-aniversario\\\/#primaryimage\",\"url\":\"https:\\\/\\\/www.copealcoy.es\\\/wp-content\\\/uploads\\\/2024\\\/05\\\/unnamed-1-10-scaled.jpg\",\"contentUrl\":\"https:\\\/\\\/www.copealcoy.es\\\/wp-content\\\/uploads\\\/2024\\\/05\\\/unnamed-1-10-scaled.jpg\",\"width\":1440,\"height\":1080},{\"@type\":\"BreadcrumbList\",\"@id\":\"https:\\\/\\\/www.copealcoy.es\\\/es\\\/la-escola-dart-i-superior-de-disseny-dalcoi-festeja-con-una-gran-gala-su-cincuenta-aniversario\\\/#breadcrumb\",\"itemListElement\":[{\"@type\":\"ListItem\",\"position\":1,\"name\":\"Portada\",\"item\":\"https:\\\/\\\/www.copealcoy.es\\\/es\\\/\"},{\"@type\":\"ListItem\",\"position\":2,\"name\":\"La Escola d\u2019Art i Superior de Disseny d\u2019Alcoi festeja con una gran gala su cincuenta aniversario\"}]},{\"@type\":\"WebSite\",\"@id\":\"https:\\\/\\\/www.copealcoy.es\\\/es\\\/#website\",\"url\":\"https:\\\/\\\/www.copealcoy.es\\\/es\\\/\",\"name\":\"COPE Alcoy\",\"description\":\"Emisora COPE de radio local con emisi\u00f3n online. Pont de Sant Jordi 8-10 03803 Alcoy\",\"potentialAction\":[{\"@type\":\"SearchAction\",\"target\":{\"@type\":\"EntryPoint\",\"urlTemplate\":\"https:\\\/\\\/www.copealcoy.es\\\/es\\\/?s={search_term_string}\"},\"query-input\":{\"@type\":\"PropertyValueSpecification\",\"valueRequired\":true,\"valueName\":\"search_term_string\"}}],\"inLanguage\":\"es\"},{\"@type\":\"Person\",\"@id\":\"https:\\\/\\\/www.copealcoy.es\\\/es\\\/#\\\/schema\\\/person\\\/e777c87fa024e57d40170af9df39882c\",\"name\":\"Cope Alcoy\",\"image\":{\"@type\":\"ImageObject\",\"inLanguage\":\"es\",\"@id\":\"https:\\\/\\\/secure.gravatar.com\\\/avatar\\\/bb65d0283347e303893ba14f0692005417c1e0e690a325a4c5d8bb2b3943ee14?s=96&d=mm&r=g\",\"url\":\"https:\\\/\\\/secure.gravatar.com\\\/avatar\\\/bb65d0283347e303893ba14f0692005417c1e0e690a325a4c5d8bb2b3943ee14?s=96&d=mm&r=g\",\"contentUrl\":\"https:\\\/\\\/secure.gravatar.com\\\/avatar\\\/bb65d0283347e303893ba14f0692005417c1e0e690a325a4c5d8bb2b3943ee14?s=96&d=mm&r=g\",\"caption\":\"Cope Alcoy\"}}]}<\/script>\n<!-- \/ Yoast SEO plugin. -->","yoast_head_json":{"title":"La Escola d\u2019Art i Superior de Disseny d\u2019Alcoi festeja con una gran gala su cincuenta aniversario - COPE Alcoy","robots":{"index":"index","follow":"follow","max-snippet":"max-snippet:-1","max-image-preview":"max-image-preview:large","max-video-preview":"max-video-preview:-1"},"canonical":"https:\/\/www.copealcoy.es\/es\/la-escola-dart-i-superior-de-disseny-dalcoi-festeja-con-una-gran-gala-su-cincuenta-aniversario\/","og_locale":"es_ES","og_type":"article","og_title":"La Escola d\u2019Art i Superior de Disseny d\u2019Alcoi festeja con una gran gala su cincuenta aniversario - COPE Alcoy","og_description":"La Escola d&#8217;Art i Superior de Disseny d&#8217;Alcoi ha conmemorado de manera emotiva su 50 aniversario con un acto central...","og_url":"https:\/\/www.copealcoy.es\/es\/la-escola-dart-i-superior-de-disseny-dalcoi-festeja-con-una-gran-gala-su-cincuenta-aniversario\/","og_site_name":"COPE Alcoy","article_published_time":"2024-05-10T10:23:18+00:00","article_modified_time":"2024-05-10T16:21:45+00:00","og_image":[{"width":1440,"height":1080,"url":"https:\/\/www.copealcoy.es\/wp-content\/uploads\/2024\/05\/unnamed-1-10-scaled.jpg","type":"image\/jpeg"}],"author":"Cope Alcoy","twitter_misc":{"Escrito por":"Cope Alcoy","Tiempo de lectura":"2 minutos"},"schema":{"@context":"https:\/\/schema.org","@graph":[{"@type":"Article","@id":"https:\/\/www.copealcoy.es\/es\/la-escola-dart-i-superior-de-disseny-dalcoi-festeja-con-una-gran-gala-su-cincuenta-aniversario\/#article","isPartOf":{"@id":"https:\/\/www.copealcoy.es\/es\/la-escola-dart-i-superior-de-disseny-dalcoi-festeja-con-una-gran-gala-su-cincuenta-aniversario\/"},"author":{"name":"Cope Alcoy","@id":"https:\/\/www.copealcoy.es\/es\/#\/schema\/person\/e777c87fa024e57d40170af9df39882c"},"headline":"La Escola d\u2019Art i Superior de Disseny d\u2019Alcoi festeja con una gran gala su cincuenta aniversario","datePublished":"2024-05-10T10:23:18+00:00","dateModified":"2024-05-10T16:21:45+00:00","mainEntityOfPage":{"@id":"https:\/\/www.copealcoy.es\/es\/la-escola-dart-i-superior-de-disseny-dalcoi-festeja-con-una-gran-gala-su-cincuenta-aniversario\/"},"wordCount":313,"commentCount":0,"image":{"@id":"https:\/\/www.copealcoy.es\/es\/la-escola-dart-i-superior-de-disseny-dalcoi-festeja-con-una-gran-gala-su-cincuenta-aniversario\/#primaryimage"},"thumbnailUrl":"https:\/\/www.copealcoy.es\/wp-content\/uploads\/2024\/05\/unnamed-1-10-scaled.jpg","articleSection":["Actualidad","Alcoy","Educaci\u00f3n","Noticias"],"inLanguage":"es"},{"@type":"WebPage","@id":"https:\/\/www.copealcoy.es\/es\/la-escola-dart-i-superior-de-disseny-dalcoi-festeja-con-una-gran-gala-su-cincuenta-aniversario\/","url":"https:\/\/www.copealcoy.es\/es\/la-escola-dart-i-superior-de-disseny-dalcoi-festeja-con-una-gran-gala-su-cincuenta-aniversario\/","name":"La Escola d\u2019Art i Superior de Disseny d\u2019Alcoi festeja con una gran gala su cincuenta aniversario - COPE Alcoy","isPartOf":{"@id":"https:\/\/www.copealcoy.es\/es\/#website"},"primaryImageOfPage":{"@id":"https:\/\/www.copealcoy.es\/es\/la-escola-dart-i-superior-de-disseny-dalcoi-festeja-con-una-gran-gala-su-cincuenta-aniversario\/#primaryimage"},"image":{"@id":"https:\/\/www.copealcoy.es\/es\/la-escola-dart-i-superior-de-disseny-dalcoi-festeja-con-una-gran-gala-su-cincuenta-aniversario\/#primaryimage"},"thumbnailUrl":"https:\/\/www.copealcoy.es\/wp-content\/uploads\/2024\/05\/unnamed-1-10-scaled.jpg","datePublished":"2024-05-10T10:23:18+00:00","dateModified":"2024-05-10T16:21:45+00:00","author":{"@id":"https:\/\/www.copealcoy.es\/es\/#\/schema\/person\/e777c87fa024e57d40170af9df39882c"},"breadcrumb":{"@id":"https:\/\/www.copealcoy.es\/es\/la-escola-dart-i-superior-de-disseny-dalcoi-festeja-con-una-gran-gala-su-cincuenta-aniversario\/#breadcrumb"},"inLanguage":"es","potentialAction":[{"@type":"ReadAction","target":["https:\/\/www.copealcoy.es\/es\/la-escola-dart-i-superior-de-disseny-dalcoi-festeja-con-una-gran-gala-su-cincuenta-aniversario\/"]}]},{"@type":"ImageObject","inLanguage":"es","@id":"https:\/\/www.copealcoy.es\/es\/la-escola-dart-i-superior-de-disseny-dalcoi-festeja-con-una-gran-gala-su-cincuenta-aniversario\/#primaryimage","url":"https:\/\/www.copealcoy.es\/wp-content\/uploads\/2024\/05\/unnamed-1-10-scaled.jpg","contentUrl":"https:\/\/www.copealcoy.es\/wp-content\/uploads\/2024\/05\/unnamed-1-10-scaled.jpg","width":1440,"height":1080},{"@type":"BreadcrumbList","@id":"https:\/\/www.copealcoy.es\/es\/la-escola-dart-i-superior-de-disseny-dalcoi-festeja-con-una-gran-gala-su-cincuenta-aniversario\/#breadcrumb","itemListElement":[{"@type":"ListItem","position":1,"name":"Portada","item":"https:\/\/www.copealcoy.es\/es\/"},{"@type":"ListItem","position":2,"name":"La Escola d\u2019Art i Superior de Disseny d\u2019Alcoi festeja con una gran gala su cincuenta aniversario"}]},{"@type":"WebSite","@id":"https:\/\/www.copealcoy.es\/es\/#website","url":"https:\/\/www.copealcoy.es\/es\/","name":"COPE Alcoy","description":"Emisora COPE de radio local con emisi\u00f3n online. Pont de Sant Jordi 8-10 03803 Alcoy","potentialAction":[{"@type":"SearchAction","target":{"@type":"EntryPoint","urlTemplate":"https:\/\/www.copealcoy.es\/es\/?s={search_term_string}"},"query-input":{"@type":"PropertyValueSpecification","valueRequired":true,"valueName":"search_term_string"}}],"inLanguage":"es"},{"@type":"Person","@id":"https:\/\/www.copealcoy.es\/es\/#\/schema\/person\/e777c87fa024e57d40170af9df39882c","name":"Cope Alcoy","image":{"@type":"ImageObject","inLanguage":"es","@id":"https:\/\/secure.gravatar.com\/avatar\/bb65d0283347e303893ba14f0692005417c1e0e690a325a4c5d8bb2b3943ee14?s=96&d=mm&r=g","url":"https:\/\/secure.gravatar.com\/avatar\/bb65d0283347e303893ba14f0692005417c1e0e690a325a4c5d8bb2b3943ee14?s=96&d=mm&r=g","contentUrl":"https:\/\/secure.gravatar.com\/avatar\/bb65d0283347e303893ba14f0692005417c1e0e690a325a4c5d8bb2b3943ee14?s=96&d=mm&r=g","caption":"Cope Alcoy"}}]}},"_links":{"self":[{"href":"https:\/\/www.copealcoy.es\/es\/wp-json\/wp\/v2\/posts\/133450","targetHints":{"allow":["GET"]}}],"collection":[{"href":"https:\/\/www.copealcoy.es\/es\/wp-json\/wp\/v2\/posts"}],"about":[{"href":"https:\/\/www.copealcoy.es\/es\/wp-json\/wp\/v2\/types\/post"}],"author":[{"embeddable":true,"href":"https:\/\/www.copealcoy.es\/es\/wp-json\/wp\/v2\/users\/1"}],"replies":[{"embeddable":true,"href":"https:\/\/www.copealcoy.es\/es\/wp-json\/wp\/v2\/comments?post=133450"}],"version-history":[{"count":0,"href":"https:\/\/www.copealcoy.es\/es\/wp-json\/wp\/v2\/posts\/133450\/revisions"}],"wp:featuredmedia":[{"embeddable":true,"href":"https:\/\/www.copealcoy.es\/es\/wp-json\/wp\/v2\/media\/133460"}],"wp:attachment":[{"href":"https:\/\/www.copealcoy.es\/es\/wp-json\/wp\/v2\/media?parent=133450"}],"wp:term":[{"taxonomy":"category","embeddable":true,"href":"https:\/\/www.copealcoy.es\/es\/wp-json\/wp\/v2\/categories?post=133450"},{"taxonomy":"post_tag","embeddable":true,"href":"https:\/\/www.copealcoy.es\/es\/wp-json\/wp\/v2\/tags?post=133450"}],"curies":[{"name":"wp","href":"https:\/\/api.w.org\/{rel}","templated":true}]}}