{"id":133349,"date":"2024-05-08T12:08:38","date_gmt":"2024-05-08T11:08:38","guid":{"rendered":"https:\/\/www.copealcoy.es\/?p=133349"},"modified":"2024-05-13T08:00:04","modified_gmt":"2024-05-13T07:00:04","slug":"la-soledad-no-deseada-azota-cada-vez-mas-franjas-de-edad-las-claves-para-identificarla","status":"publish","type":"post","link":"https:\/\/www.copealcoy.es\/es\/la-soledad-no-deseada-azota-cada-vez-mas-franjas-de-edad-las-claves-para-identificarla\/","title":{"rendered":"La soledad no deseada azota cada vez m\u00e1s franjas de edad. Las claves para identificarla"},"content":{"rendered":"<p style=\"text-align: justify;\">La<strong> soledad no deseada es un problema social que sufren cada vez m\u00e1s personas en Espa\u00f1a<\/strong>. Uno de los colectivos <strong>m\u00e1s afectados<\/strong> es el de las personas mayores, aunque en los \u00faltimos tiempos, tambi\u00e9n se ha visto aumentado el porcentaje de gente joven.<\/p>\n<p style=\"text-align: justify;\">Para\u00a0<strong>el psic\u00f3logo Dar\u00edo Fern\u00e1ndez,<\/strong> la soledad no deseada es la nueva enfermedad del siglo XXI y una de las principales causas de depresi\u00f3n entre nuestros mayores seg\u00fan ha explicado en la antena de COPE &#8220;<em>somos animales sociales, necesitamos comunicarnos y sentirnos queridos y atendidos y cuando no lo tenemos nos lleva a un sentimiento de indefensi\u00f3n y de sufrimiento muy grande. No solo afecta al viejecito solo en su casa, a este espectro pertenecen los parados de larga duraci\u00f3n, inmigrantes, desahuciados<\/em>&#8220;, explica. A la hora de afrontarlo, para Dar\u00edo <strong>lo mejor es enfocarlo desde el punto de vista proactivo <\/strong><em>&#8220;identificar y reconocer tus pensamientos y emociones de soledad&#8221;\u00a0<\/em>y despu\u00e9s <em>&#8220;tomar las iniciativas necesarias para evitarlo<\/em>&#8220;.<\/p>\n<p><strong><span style=\"color: #0000ff;\">Cruz Roja pone en marcha una nueva iniciativa para combatir la soledad no deseada\u00a0<\/span><\/strong><\/p>\n<p style=\"text-align: justify;\">Desde Cruz Roja <strong>no miran hacia otro lado en la lucha contra la soledad no deseada<\/strong> y por eso han puesto en marcha<strong> una nueva campa\u00f1a nacional<\/strong> que fue presentada en Alcoy hace unos d\u00edas. La iniciativa <strong>lleva por lema &#8216;Caf\u00e9 en compa\u00f1\u00eda\u2019<\/strong> y consiste en <strong>poner en marcha una original de decoraci\u00f3n en m\u00e1s de 4 millones de vasos de caf\u00e9<\/strong> a base de <strong>vi\u00f1etas realizadas por la dise\u00f1adora Elisabeth Justicia<\/strong>. Estas van dedicadas a <strong>cinco de los colectivos de nuestra sociedad que son objeto de esa temida soledad no deseada<\/strong> como los mayores, los j\u00f3venes, las personas sin techo, las personas v\u00edctimas de violencia de g\u00e9nero y las afectadas por una enfermedad mental &#8220;<em>ya tenemos en marcha varias iniciativas para combatir la soledad no deseada, pero ahora contamos con la colaboraci\u00f3n de la empresa Teika que con una inversi\u00f3n altruista nos ayuda a lanzar esta propuesta enmarcada dentro del Programa Crece. Estamos ante un proyecto que busca principalmente dar visibilidad y generar una reflexi\u00f3n, e incluso impulsar acciones, en torno a esta problem\u00e1tica social cada vez m\u00e1s presente<\/em>&#8220;, explicaba <strong>Francisco Galva\u00f1<\/strong>; presidente provincial de Cruz Roja.<\/p>\n<p><a href=\"https:\/\/www.copealcoy.es\/wp-content\/uploads\/2024\/05\/unnamed-1-4-scaled.jpg\"><img loading=\"lazy\" decoding=\"async\" class=\"wp-image-133351 aligncenter\" src=\"https:\/\/www.copealcoy.es\/wp-content\/uploads\/2024\/05\/unnamed-1-4-scaled.jpg\" alt=\"\" width=\"639\" height=\"476\" \/><\/a><\/p>\n<p>&nbsp;<\/p>\n<p style=\"text-align: justify;\">Desde Cruz Roja remarcaron durante la presentaci\u00f3n de la campa\u00f1a que <strong>Alcoy es una de las ciudades de la provincia de Alicante m\u00e1s comprometida con la soledad no deseada<\/strong>. El acto para dar a conocer la mencionada iniciativa <strong>tuvo lugar en la sede de Cruz Roja<\/strong> ubicada en el barrio de la Zona Norte.<\/p>\n<p><em>Imagen: COPE<\/em><\/p>\n","protected":false},"excerpt":{"rendered":"<p>La soledad no deseada es un problema social que sufren cada vez m\u00e1s personas en Espa\u00f1a. Uno de los colectivos&#8230;<\/p>\n","protected":false},"author":1,"featured_media":133361,"comment_status":"open","ping_status":"open","sticky":false,"template":"","format":"standard","meta":{"footnotes":""},"categories":[6909,97,75,125],"tags":[1494,199,7256,444,16794],"class_list":["post-133349","post","type-post","status-publish","format-standard","has-post-thumbnail","hentry","category-actualidad","category-alcoy","category-noticias","category-portada","tag-alcoy","tag-campana","tag-combatir","tag-cruz-roja","tag-soledad-no-deseada-2"],"yoast_head":"<!-- This site is optimized with the Yoast SEO plugin v27.3 - https:\/\/yoast.com\/product\/yoast-seo-wordpress\/ -->\n<title>La soledad no deseada azota cada vez m\u00e1s franjas de edad. Las claves para identificarla - COPE Alcoy<\/title>\n<meta name=\"description\" content=\"La soledad no deseada es un problema social que sufren cada vez m\u00e1s personas en Espa\u00f1a y desde Cruz Roja tratan de combatirla\" \/>\n<meta name=\"robots\" content=\"index, follow, max-snippet:-1, max-image-preview:large, max-video-preview:-1\" \/>\n<link rel=\"canonical\" href=\"https:\/\/www.copealcoy.es\/es\/la-soledad-no-deseada-azota-cada-vez-mas-franjas-de-edad-las-claves-para-identificarla\/\" \/>\n<meta property=\"og:locale\" content=\"es_ES\" \/>\n<meta property=\"og:type\" content=\"article\" \/>\n<meta property=\"og:title\" content=\"La soledad no deseada azota cada vez m\u00e1s franjas de edad. Las claves para identificarla - COPE Alcoy\" \/>\n<meta property=\"og:description\" content=\"La soledad no deseada es un problema social que sufren cada vez m\u00e1s personas en Espa\u00f1a y desde Cruz Roja tratan de combatirla\" \/>\n<meta property=\"og:url\" content=\"https:\/\/www.copealcoy.es\/es\/la-soledad-no-deseada-azota-cada-vez-mas-franjas-de-edad-las-claves-para-identificarla\/\" \/>\n<meta property=\"og:site_name\" content=\"COPE Alcoy\" \/>\n<meta property=\"article:published_time\" content=\"2024-05-08T11:08:38+00:00\" \/>\n<meta property=\"article:modified_time\" content=\"2024-05-13T07:00:04+00:00\" \/>\n<meta property=\"og:image\" content=\"https:\/\/www.copealcoy.es\/wp-content\/uploads\/2024\/05\/1678813620052.jpg\" \/>\n\t<meta property=\"og:image:width\" content=\"976\" \/>\n\t<meta property=\"og:image:height\" content=\"651\" \/>\n\t<meta property=\"og:image:type\" content=\"image\/jpeg\" \/>\n<meta name=\"author\" content=\"Cope Alcoy\" \/>\n<meta name=\"twitter:label1\" content=\"Escrito por\" \/>\n\t<meta name=\"twitter:data1\" content=\"Cope Alcoy\" \/>\n\t<meta name=\"twitter:label2\" content=\"Tiempo de lectura\" \/>\n\t<meta name=\"twitter:data2\" content=\"3 minutos\" \/>\n<script type=\"application\/ld+json\" class=\"yoast-schema-graph\">{\"@context\":\"https:\\\/\\\/schema.org\",\"@graph\":[{\"@type\":\"Article\",\"@id\":\"https:\\\/\\\/www.copealcoy.es\\\/es\\\/la-soledad-no-deseada-azota-cada-vez-mas-franjas-de-edad-las-claves-para-identificarla\\\/#article\",\"isPartOf\":{\"@id\":\"https:\\\/\\\/www.copealcoy.es\\\/es\\\/la-soledad-no-deseada-azota-cada-vez-mas-franjas-de-edad-las-claves-para-identificarla\\\/\"},\"author\":{\"name\":\"Cope Alcoy\",\"@id\":\"https:\\\/\\\/www.copealcoy.es\\\/es\\\/#\\\/schema\\\/person\\\/e777c87fa024e57d40170af9df39882c\"},\"headline\":\"La soledad no deseada azota cada vez m\u00e1s franjas de edad. Las claves para identificarla\",\"datePublished\":\"2024-05-08T11:08:38+00:00\",\"dateModified\":\"2024-05-13T07:00:04+00:00\",\"mainEntityOfPage\":{\"@id\":\"https:\\\/\\\/www.copealcoy.es\\\/es\\\/la-soledad-no-deseada-azota-cada-vez-mas-franjas-de-edad-las-claves-para-identificarla\\\/\"},\"wordCount\":465,\"commentCount\":0,\"image\":{\"@id\":\"https:\\\/\\\/www.copealcoy.es\\\/es\\\/la-soledad-no-deseada-azota-cada-vez-mas-franjas-de-edad-las-claves-para-identificarla\\\/#primaryimage\"},\"thumbnailUrl\":\"https:\\\/\\\/www.copealcoy.es\\\/wp-content\\\/uploads\\\/2024\\\/05\\\/1678813620052.jpg\",\"keywords\":[\"Alcoy\",\"Campa\u00f1a\",\"combatir\",\"Cruz Roja\",\"soledad no deseada\"],\"articleSection\":[\"Actualidad\",\"Alcoy\",\"Noticias\",\"Portada\"],\"inLanguage\":\"es\"},{\"@type\":\"WebPage\",\"@id\":\"https:\\\/\\\/www.copealcoy.es\\\/es\\\/la-soledad-no-deseada-azota-cada-vez-mas-franjas-de-edad-las-claves-para-identificarla\\\/\",\"url\":\"https:\\\/\\\/www.copealcoy.es\\\/es\\\/la-soledad-no-deseada-azota-cada-vez-mas-franjas-de-edad-las-claves-para-identificarla\\\/\",\"name\":\"La soledad no deseada azota cada vez m\u00e1s franjas de edad. Las claves para identificarla - COPE Alcoy\",\"isPartOf\":{\"@id\":\"https:\\\/\\\/www.copealcoy.es\\\/es\\\/#website\"},\"primaryImageOfPage\":{\"@id\":\"https:\\\/\\\/www.copealcoy.es\\\/es\\\/la-soledad-no-deseada-azota-cada-vez-mas-franjas-de-edad-las-claves-para-identificarla\\\/#primaryimage\"},\"image\":{\"@id\":\"https:\\\/\\\/www.copealcoy.es\\\/es\\\/la-soledad-no-deseada-azota-cada-vez-mas-franjas-de-edad-las-claves-para-identificarla\\\/#primaryimage\"},\"thumbnailUrl\":\"https:\\\/\\\/www.copealcoy.es\\\/wp-content\\\/uploads\\\/2024\\\/05\\\/1678813620052.jpg\",\"datePublished\":\"2024-05-08T11:08:38+00:00\",\"dateModified\":\"2024-05-13T07:00:04+00:00\",\"author\":{\"@id\":\"https:\\\/\\\/www.copealcoy.es\\\/es\\\/#\\\/schema\\\/person\\\/e777c87fa024e57d40170af9df39882c\"},\"description\":\"La soledad no deseada es un problema social que sufren cada vez m\u00e1s personas en Espa\u00f1a y desde Cruz Roja tratan de combatirla\",\"breadcrumb\":{\"@id\":\"https:\\\/\\\/www.copealcoy.es\\\/es\\\/la-soledad-no-deseada-azota-cada-vez-mas-franjas-de-edad-las-claves-para-identificarla\\\/#breadcrumb\"},\"inLanguage\":\"es\",\"potentialAction\":[{\"@type\":\"ReadAction\",\"target\":[\"https:\\\/\\\/www.copealcoy.es\\\/es\\\/la-soledad-no-deseada-azota-cada-vez-mas-franjas-de-edad-las-claves-para-identificarla\\\/\"]}]},{\"@type\":\"ImageObject\",\"inLanguage\":\"es\",\"@id\":\"https:\\\/\\\/www.copealcoy.es\\\/es\\\/la-soledad-no-deseada-azota-cada-vez-mas-franjas-de-edad-las-claves-para-identificarla\\\/#primaryimage\",\"url\":\"https:\\\/\\\/www.copealcoy.es\\\/wp-content\\\/uploads\\\/2024\\\/05\\\/1678813620052.jpg\",\"contentUrl\":\"https:\\\/\\\/www.copealcoy.es\\\/wp-content\\\/uploads\\\/2024\\\/05\\\/1678813620052.jpg\",\"width\":976,\"height\":651},{\"@type\":\"BreadcrumbList\",\"@id\":\"https:\\\/\\\/www.copealcoy.es\\\/es\\\/la-soledad-no-deseada-azota-cada-vez-mas-franjas-de-edad-las-claves-para-identificarla\\\/#breadcrumb\",\"itemListElement\":[{\"@type\":\"ListItem\",\"position\":1,\"name\":\"Portada\",\"item\":\"https:\\\/\\\/www.copealcoy.es\\\/es\\\/\"},{\"@type\":\"ListItem\",\"position\":2,\"name\":\"La soledad no deseada azota cada vez m\u00e1s franjas de edad. Las claves para identificarla\"}]},{\"@type\":\"WebSite\",\"@id\":\"https:\\\/\\\/www.copealcoy.es\\\/es\\\/#website\",\"url\":\"https:\\\/\\\/www.copealcoy.es\\\/es\\\/\",\"name\":\"COPE Alcoy\",\"description\":\"Emisora COPE de radio local con emisi\u00f3n online. Pont de Sant Jordi 8-10 03803 Alcoy\",\"potentialAction\":[{\"@type\":\"SearchAction\",\"target\":{\"@type\":\"EntryPoint\",\"urlTemplate\":\"https:\\\/\\\/www.copealcoy.es\\\/es\\\/?s={search_term_string}\"},\"query-input\":{\"@type\":\"PropertyValueSpecification\",\"valueRequired\":true,\"valueName\":\"search_term_string\"}}],\"inLanguage\":\"es\"},{\"@type\":\"Person\",\"@id\":\"https:\\\/\\\/www.copealcoy.es\\\/es\\\/#\\\/schema\\\/person\\\/e777c87fa024e57d40170af9df39882c\",\"name\":\"Cope Alcoy\",\"image\":{\"@type\":\"ImageObject\",\"inLanguage\":\"es\",\"@id\":\"https:\\\/\\\/secure.gravatar.com\\\/avatar\\\/bb65d0283347e303893ba14f0692005417c1e0e690a325a4c5d8bb2b3943ee14?s=96&d=mm&r=g\",\"url\":\"https:\\\/\\\/secure.gravatar.com\\\/avatar\\\/bb65d0283347e303893ba14f0692005417c1e0e690a325a4c5d8bb2b3943ee14?s=96&d=mm&r=g\",\"contentUrl\":\"https:\\\/\\\/secure.gravatar.com\\\/avatar\\\/bb65d0283347e303893ba14f0692005417c1e0e690a325a4c5d8bb2b3943ee14?s=96&d=mm&r=g\",\"caption\":\"Cope Alcoy\"}}]}<\/script>\n<!-- \/ Yoast SEO plugin. -->","yoast_head_json":{"title":"La soledad no deseada azota cada vez m\u00e1s franjas de edad. Las claves para identificarla - COPE Alcoy","description":"La soledad no deseada es un problema social que sufren cada vez m\u00e1s personas en Espa\u00f1a y desde Cruz Roja tratan de combatirla","robots":{"index":"index","follow":"follow","max-snippet":"max-snippet:-1","max-image-preview":"max-image-preview:large","max-video-preview":"max-video-preview:-1"},"canonical":"https:\/\/www.copealcoy.es\/es\/la-soledad-no-deseada-azota-cada-vez-mas-franjas-de-edad-las-claves-para-identificarla\/","og_locale":"es_ES","og_type":"article","og_title":"La soledad no deseada azota cada vez m\u00e1s franjas de edad. Las claves para identificarla - COPE Alcoy","og_description":"La soledad no deseada es un problema social que sufren cada vez m\u00e1s personas en Espa\u00f1a y desde Cruz Roja tratan de combatirla","og_url":"https:\/\/www.copealcoy.es\/es\/la-soledad-no-deseada-azota-cada-vez-mas-franjas-de-edad-las-claves-para-identificarla\/","og_site_name":"COPE Alcoy","article_published_time":"2024-05-08T11:08:38+00:00","article_modified_time":"2024-05-13T07:00:04+00:00","og_image":[{"width":976,"height":651,"url":"https:\/\/www.copealcoy.es\/wp-content\/uploads\/2024\/05\/1678813620052.jpg","type":"image\/jpeg"}],"author":"Cope Alcoy","twitter_misc":{"Escrito por":"Cope Alcoy","Tiempo de lectura":"3 minutos"},"schema":{"@context":"https:\/\/schema.org","@graph":[{"@type":"Article","@id":"https:\/\/www.copealcoy.es\/es\/la-soledad-no-deseada-azota-cada-vez-mas-franjas-de-edad-las-claves-para-identificarla\/#article","isPartOf":{"@id":"https:\/\/www.copealcoy.es\/es\/la-soledad-no-deseada-azota-cada-vez-mas-franjas-de-edad-las-claves-para-identificarla\/"},"author":{"name":"Cope Alcoy","@id":"https:\/\/www.copealcoy.es\/es\/#\/schema\/person\/e777c87fa024e57d40170af9df39882c"},"headline":"La soledad no deseada azota cada vez m\u00e1s franjas de edad. Las claves para identificarla","datePublished":"2024-05-08T11:08:38+00:00","dateModified":"2024-05-13T07:00:04+00:00","mainEntityOfPage":{"@id":"https:\/\/www.copealcoy.es\/es\/la-soledad-no-deseada-azota-cada-vez-mas-franjas-de-edad-las-claves-para-identificarla\/"},"wordCount":465,"commentCount":0,"image":{"@id":"https:\/\/www.copealcoy.es\/es\/la-soledad-no-deseada-azota-cada-vez-mas-franjas-de-edad-las-claves-para-identificarla\/#primaryimage"},"thumbnailUrl":"https:\/\/www.copealcoy.es\/wp-content\/uploads\/2024\/05\/1678813620052.jpg","keywords":["Alcoy","Campa\u00f1a","combatir","Cruz Roja","soledad no deseada"],"articleSection":["Actualidad","Alcoy","Noticias","Portada"],"inLanguage":"es"},{"@type":"WebPage","@id":"https:\/\/www.copealcoy.es\/es\/la-soledad-no-deseada-azota-cada-vez-mas-franjas-de-edad-las-claves-para-identificarla\/","url":"https:\/\/www.copealcoy.es\/es\/la-soledad-no-deseada-azota-cada-vez-mas-franjas-de-edad-las-claves-para-identificarla\/","name":"La soledad no deseada azota cada vez m\u00e1s franjas de edad. Las claves para identificarla - COPE Alcoy","isPartOf":{"@id":"https:\/\/www.copealcoy.es\/es\/#website"},"primaryImageOfPage":{"@id":"https:\/\/www.copealcoy.es\/es\/la-soledad-no-deseada-azota-cada-vez-mas-franjas-de-edad-las-claves-para-identificarla\/#primaryimage"},"image":{"@id":"https:\/\/www.copealcoy.es\/es\/la-soledad-no-deseada-azota-cada-vez-mas-franjas-de-edad-las-claves-para-identificarla\/#primaryimage"},"thumbnailUrl":"https:\/\/www.copealcoy.es\/wp-content\/uploads\/2024\/05\/1678813620052.jpg","datePublished":"2024-05-08T11:08:38+00:00","dateModified":"2024-05-13T07:00:04+00:00","author":{"@id":"https:\/\/www.copealcoy.es\/es\/#\/schema\/person\/e777c87fa024e57d40170af9df39882c"},"description":"La soledad no deseada es un problema social que sufren cada vez m\u00e1s personas en Espa\u00f1a y desde Cruz Roja tratan de combatirla","breadcrumb":{"@id":"https:\/\/www.copealcoy.es\/es\/la-soledad-no-deseada-azota-cada-vez-mas-franjas-de-edad-las-claves-para-identificarla\/#breadcrumb"},"inLanguage":"es","potentialAction":[{"@type":"ReadAction","target":["https:\/\/www.copealcoy.es\/es\/la-soledad-no-deseada-azota-cada-vez-mas-franjas-de-edad-las-claves-para-identificarla\/"]}]},{"@type":"ImageObject","inLanguage":"es","@id":"https:\/\/www.copealcoy.es\/es\/la-soledad-no-deseada-azota-cada-vez-mas-franjas-de-edad-las-claves-para-identificarla\/#primaryimage","url":"https:\/\/www.copealcoy.es\/wp-content\/uploads\/2024\/05\/1678813620052.jpg","contentUrl":"https:\/\/www.copealcoy.es\/wp-content\/uploads\/2024\/05\/1678813620052.jpg","width":976,"height":651},{"@type":"BreadcrumbList","@id":"https:\/\/www.copealcoy.es\/es\/la-soledad-no-deseada-azota-cada-vez-mas-franjas-de-edad-las-claves-para-identificarla\/#breadcrumb","itemListElement":[{"@type":"ListItem","position":1,"name":"Portada","item":"https:\/\/www.copealcoy.es\/es\/"},{"@type":"ListItem","position":2,"name":"La soledad no deseada azota cada vez m\u00e1s franjas de edad. Las claves para identificarla"}]},{"@type":"WebSite","@id":"https:\/\/www.copealcoy.es\/es\/#website","url":"https:\/\/www.copealcoy.es\/es\/","name":"COPE Alcoy","description":"Emisora COPE de radio local con emisi\u00f3n online. Pont de Sant Jordi 8-10 03803 Alcoy","potentialAction":[{"@type":"SearchAction","target":{"@type":"EntryPoint","urlTemplate":"https:\/\/www.copealcoy.es\/es\/?s={search_term_string}"},"query-input":{"@type":"PropertyValueSpecification","valueRequired":true,"valueName":"search_term_string"}}],"inLanguage":"es"},{"@type":"Person","@id":"https:\/\/www.copealcoy.es\/es\/#\/schema\/person\/e777c87fa024e57d40170af9df39882c","name":"Cope Alcoy","image":{"@type":"ImageObject","inLanguage":"es","@id":"https:\/\/secure.gravatar.com\/avatar\/bb65d0283347e303893ba14f0692005417c1e0e690a325a4c5d8bb2b3943ee14?s=96&d=mm&r=g","url":"https:\/\/secure.gravatar.com\/avatar\/bb65d0283347e303893ba14f0692005417c1e0e690a325a4c5d8bb2b3943ee14?s=96&d=mm&r=g","contentUrl":"https:\/\/secure.gravatar.com\/avatar\/bb65d0283347e303893ba14f0692005417c1e0e690a325a4c5d8bb2b3943ee14?s=96&d=mm&r=g","caption":"Cope Alcoy"}}]}},"_links":{"self":[{"href":"https:\/\/www.copealcoy.es\/es\/wp-json\/wp\/v2\/posts\/133349","targetHints":{"allow":["GET"]}}],"collection":[{"href":"https:\/\/www.copealcoy.es\/es\/wp-json\/wp\/v2\/posts"}],"about":[{"href":"https:\/\/www.copealcoy.es\/es\/wp-json\/wp\/v2\/types\/post"}],"author":[{"embeddable":true,"href":"https:\/\/www.copealcoy.es\/es\/wp-json\/wp\/v2\/users\/1"}],"replies":[{"embeddable":true,"href":"https:\/\/www.copealcoy.es\/es\/wp-json\/wp\/v2\/comments?post=133349"}],"version-history":[{"count":0,"href":"https:\/\/www.copealcoy.es\/es\/wp-json\/wp\/v2\/posts\/133349\/revisions"}],"wp:featuredmedia":[{"embeddable":true,"href":"https:\/\/www.copealcoy.es\/es\/wp-json\/wp\/v2\/media\/133361"}],"wp:attachment":[{"href":"https:\/\/www.copealcoy.es\/es\/wp-json\/wp\/v2\/media?parent=133349"}],"wp:term":[{"taxonomy":"category","embeddable":true,"href":"https:\/\/www.copealcoy.es\/es\/wp-json\/wp\/v2\/categories?post=133349"},{"taxonomy":"post_tag","embeddable":true,"href":"https:\/\/www.copealcoy.es\/es\/wp-json\/wp\/v2\/tags?post=133349"}],"curies":[{"name":"wp","href":"https:\/\/api.w.org\/{rel}","templated":true}]}}