{"id":133333,"date":"2024-05-08T10:06:35","date_gmt":"2024-05-08T09:06:35","guid":{"rendered":"https:\/\/www.copealcoy.es\/?p=133333"},"modified":"2024-05-08T10:38:28","modified_gmt":"2024-05-08T09:38:28","slug":"escogidas-las-bandas-que-participaran-en-el-certamen-de-musica-festera-de-alcoy","status":"publish","type":"post","link":"https:\/\/www.copealcoy.es\/es\/escogidas-las-bandas-que-participaran-en-el-certamen-de-musica-festera-de-alcoy\/","title":{"rendered":"Escogidas las bandas que participar\u00e1n en el Certamen de M\u00fasica Festera de Alcoy"},"content":{"rendered":"<p style=\"text-align: justify;\">La <a href=\"https:\/\/www.asjordi.org\/\" target=\"_blank\" rel=\"noopener\"><strong><span style=\"color: #0000ff;\">Asociaci\u00f3n de San Jorge<\/span> <\/strong><\/a>ha dado a conocer <strong>las bandas que tomar\u00e1n parte en el pr\u00f3ximo Certamen de M\u00fasica Festera<\/strong> de nuestra ciudad. La cita<strong> tendr\u00e1 lugar en el Teatre Calderon<\/strong> el d\u00eda 5 de octubre y <strong>el sorteo para escoger a las formaciones musicales participantes tuvo lugar el pasado 3 de mayo<\/strong> en las dependencias del Casal de Sant Jordi.<\/p>\n<p style=\"text-align: justify;\">La suerte quiso que las bandas que tomen parte en el concurso sean <strong>el Cercle Musical Primitiva d&#8217; Albaida, la Uni\u00f3 Musical San Jos\u00e9 de Calasanz de Castell\u00f3 y la Uni\u00f3 Musical La Nucia<\/strong>.\u00a0 El orden de actuaci\u00f3n en el Certamen <strong>ser\u00e1 el mismo que se ha producido<\/strong> en este sorteo al cual optaban un total de siete bandas procedentes de diferentes puntos de la Comunitat Valenciana.<\/p>\n<p style=\"text-align: justify;\">Cabe recordar que el citado Certamen de M\u00fasica Festera <strong>alcanzar\u00e1 la IV edici\u00f3n en este 2024<\/strong> tras haber superado el par\u00f3n de la pandemia. En esta ocasi\u00f3n las agrupaciones seleccionadas para participar <strong>interpretar\u00e1n como pieza obligada<\/strong> la marcha cristiana\u00a0<i>Te Deum<\/i>, de Pedro Joaqu\u00edn Franc\u00e9s. Adem\u00e1s, seg\u00fan figuraba en las bases, <strong>completar\u00e1n su participaci\u00f3n en el concurso tocando un pasodoble y una marcha mora<\/strong>, dos composiciones estas \u00faltimas de libre elecci\u00f3n.<\/p>\n<p style=\"text-align: justify;\">El jurado <strong>evaluar\u00e1 cada una de las interpretaciones<\/strong> para decidir despu\u00e9s los correspondientes galardones. En el IV Certamen de M\u00fasica Festera de Alcoy habr\u00e1 un <strong>primer premio<\/strong> dotado de 4.000 euros, un <strong>segundo<\/strong> valorado en 2.500 euros y un <strong>tercero<\/strong> dotado de una cuant\u00eda econ\u00f3mica de 2.000 euros. Como ya ha sucedido en anteriores ocasiones, antes de la actuaci\u00f3n en el Teatre Calder\u00f3n <strong>habr\u00e1\u00a0un desfile de presentaci\u00f3n de las bandas<\/strong> desde la Plaza de Ram\u00f3n y Cajal hasta la Plaza de Espa\u00f1a.<\/p>\n<p style=\"text-align: justify;\">Apuntar que en <strong>2017<\/strong> se celebr\u00f3 la I edici\u00f3n del Certamen, que gan\u00f3 el Ateneu Musical de Cocentaina, mientras que en <strong>2018<\/strong> la vencedora fue el Centre Art\u00edstic Cultural Verge de la Pau d\u00b4Agost y en <strong>2019<\/strong> la Agrupaci\u00f3 Musical d&#8217;Agullent.<\/p>\n","protected":false},"excerpt":{"rendered":"<p>La Asociaci\u00f3n de San Jorge ha dado a conocer las bandas que tomar\u00e1n parte en el pr\u00f3ximo Certamen de M\u00fasica&#8230;<\/p>\n","protected":false},"author":1,"featured_media":133334,"comment_status":"open","ping_status":"open","sticky":false,"template":"","format":"standard","meta":{"footnotes":""},"categories":[6909,97,78,75],"tags":[1494,11681,626,2001],"class_list":["post-133333","post","type-post","status-publish","format-standard","has-post-thumbnail","hentry","category-actualidad","category-alcoy","category-fiestaycultura","category-noticias","tag-alcoy","tag-bandas-de-musica","tag-certamen","tag-fiestas-de-moros-y-cristianos"],"yoast_head":"<!-- This site is optimized with the Yoast SEO plugin v27.3 - https:\/\/yoast.com\/product\/yoast-seo-wordpress\/ -->\n<title>Escogidas las bandas que participar\u00e1n en el Certamen de M\u00fasica Festera de Alcoy - COPE Alcoy<\/title>\n<meta name=\"description\" content=\"La Asociaci\u00f3n de San Jorge ha dado a conocer las bandas que tomar\u00e1n parte en el pr\u00f3ximo Certamen de M\u00fasica Festera de nuestra ciudad\" \/>\n<meta name=\"robots\" content=\"index, follow, max-snippet:-1, max-image-preview:large, max-video-preview:-1\" \/>\n<link rel=\"canonical\" href=\"https:\/\/www.copealcoy.es\/es\/escogidas-las-bandas-que-participaran-en-el-certamen-de-musica-festera-de-alcoy\/\" \/>\n<meta property=\"og:locale\" content=\"es_ES\" \/>\n<meta property=\"og:type\" content=\"article\" \/>\n<meta property=\"og:title\" content=\"Escogidas las bandas que participar\u00e1n en el Certamen de M\u00fasica Festera de Alcoy - COPE Alcoy\" \/>\n<meta property=\"og:description\" content=\"La Asociaci\u00f3n de San Jorge ha dado a conocer las bandas que tomar\u00e1n parte en el pr\u00f3ximo Certamen de M\u00fasica Festera de nuestra ciudad\" \/>\n<meta property=\"og:url\" content=\"https:\/\/www.copealcoy.es\/es\/escogidas-las-bandas-que-participaran-en-el-certamen-de-musica-festera-de-alcoy\/\" \/>\n<meta property=\"og:site_name\" content=\"COPE Alcoy\" \/>\n<meta property=\"article:published_time\" content=\"2024-05-08T09:06:35+00:00\" \/>\n<meta property=\"article:modified_time\" content=\"2024-05-08T09:38:28+00:00\" \/>\n<meta property=\"og:image\" content=\"https:\/\/www.copealcoy.es\/wp-content\/uploads\/2024\/05\/DSC0546.jpg\" \/>\n\t<meta property=\"og:image:width\" content=\"1600\" \/>\n\t<meta property=\"og:image:height\" content=\"1066\" \/>\n\t<meta property=\"og:image:type\" content=\"image\/jpeg\" \/>\n<meta name=\"author\" content=\"Cope Alcoy\" \/>\n<meta name=\"twitter:label1\" content=\"Escrito por\" \/>\n\t<meta name=\"twitter:data1\" content=\"Cope Alcoy\" \/>\n\t<meta name=\"twitter:label2\" content=\"Tiempo de lectura\" \/>\n\t<meta name=\"twitter:data2\" content=\"2 minutos\" \/>\n<script type=\"application\/ld+json\" class=\"yoast-schema-graph\">{\"@context\":\"https:\\\/\\\/schema.org\",\"@graph\":[{\"@type\":\"Article\",\"@id\":\"https:\\\/\\\/www.copealcoy.es\\\/es\\\/escogidas-las-bandas-que-participaran-en-el-certamen-de-musica-festera-de-alcoy\\\/#article\",\"isPartOf\":{\"@id\":\"https:\\\/\\\/www.copealcoy.es\\\/es\\\/escogidas-las-bandas-que-participaran-en-el-certamen-de-musica-festera-de-alcoy\\\/\"},\"author\":{\"name\":\"Cope Alcoy\",\"@id\":\"https:\\\/\\\/www.copealcoy.es\\\/es\\\/#\\\/schema\\\/person\\\/e777c87fa024e57d40170af9df39882c\"},\"headline\":\"Escogidas las bandas que participar\u00e1n en el Certamen de M\u00fasica Festera de Alcoy\",\"datePublished\":\"2024-05-08T09:06:35+00:00\",\"dateModified\":\"2024-05-08T09:38:28+00:00\",\"mainEntityOfPage\":{\"@id\":\"https:\\\/\\\/www.copealcoy.es\\\/es\\\/escogidas-las-bandas-que-participaran-en-el-certamen-de-musica-festera-de-alcoy\\\/\"},\"wordCount\":361,\"commentCount\":0,\"image\":{\"@id\":\"https:\\\/\\\/www.copealcoy.es\\\/es\\\/escogidas-las-bandas-que-participaran-en-el-certamen-de-musica-festera-de-alcoy\\\/#primaryimage\"},\"thumbnailUrl\":\"https:\\\/\\\/www.copealcoy.es\\\/wp-content\\\/uploads\\\/2024\\\/05\\\/DSC0546.jpg\",\"keywords\":[\"Alcoy\",\"bandas de m\u00fasica\",\"Certamen\",\"Fiestas de Moros y Cristianos\"],\"articleSection\":[\"Actualidad\",\"Alcoy\",\"Fiesta y Cultura\",\"Noticias\"],\"inLanguage\":\"es\"},{\"@type\":\"WebPage\",\"@id\":\"https:\\\/\\\/www.copealcoy.es\\\/es\\\/escogidas-las-bandas-que-participaran-en-el-certamen-de-musica-festera-de-alcoy\\\/\",\"url\":\"https:\\\/\\\/www.copealcoy.es\\\/es\\\/escogidas-las-bandas-que-participaran-en-el-certamen-de-musica-festera-de-alcoy\\\/\",\"name\":\"Escogidas las bandas que participar\u00e1n en el Certamen de M\u00fasica Festera de Alcoy - COPE Alcoy\",\"isPartOf\":{\"@id\":\"https:\\\/\\\/www.copealcoy.es\\\/es\\\/#website\"},\"primaryImageOfPage\":{\"@id\":\"https:\\\/\\\/www.copealcoy.es\\\/es\\\/escogidas-las-bandas-que-participaran-en-el-certamen-de-musica-festera-de-alcoy\\\/#primaryimage\"},\"image\":{\"@id\":\"https:\\\/\\\/www.copealcoy.es\\\/es\\\/escogidas-las-bandas-que-participaran-en-el-certamen-de-musica-festera-de-alcoy\\\/#primaryimage\"},\"thumbnailUrl\":\"https:\\\/\\\/www.copealcoy.es\\\/wp-content\\\/uploads\\\/2024\\\/05\\\/DSC0546.jpg\",\"datePublished\":\"2024-05-08T09:06:35+00:00\",\"dateModified\":\"2024-05-08T09:38:28+00:00\",\"author\":{\"@id\":\"https:\\\/\\\/www.copealcoy.es\\\/es\\\/#\\\/schema\\\/person\\\/e777c87fa024e57d40170af9df39882c\"},\"description\":\"La Asociaci\u00f3n de San Jorge ha dado a conocer las bandas que tomar\u00e1n parte en el pr\u00f3ximo Certamen de M\u00fasica Festera de nuestra ciudad\",\"breadcrumb\":{\"@id\":\"https:\\\/\\\/www.copealcoy.es\\\/es\\\/escogidas-las-bandas-que-participaran-en-el-certamen-de-musica-festera-de-alcoy\\\/#breadcrumb\"},\"inLanguage\":\"es\",\"potentialAction\":[{\"@type\":\"ReadAction\",\"target\":[\"https:\\\/\\\/www.copealcoy.es\\\/es\\\/escogidas-las-bandas-que-participaran-en-el-certamen-de-musica-festera-de-alcoy\\\/\"]}]},{\"@type\":\"ImageObject\",\"inLanguage\":\"es\",\"@id\":\"https:\\\/\\\/www.copealcoy.es\\\/es\\\/escogidas-las-bandas-que-participaran-en-el-certamen-de-musica-festera-de-alcoy\\\/#primaryimage\",\"url\":\"https:\\\/\\\/www.copealcoy.es\\\/wp-content\\\/uploads\\\/2024\\\/05\\\/DSC0546.jpg\",\"contentUrl\":\"https:\\\/\\\/www.copealcoy.es\\\/wp-content\\\/uploads\\\/2024\\\/05\\\/DSC0546.jpg\",\"width\":1600,\"height\":1066},{\"@type\":\"BreadcrumbList\",\"@id\":\"https:\\\/\\\/www.copealcoy.es\\\/es\\\/escogidas-las-bandas-que-participaran-en-el-certamen-de-musica-festera-de-alcoy\\\/#breadcrumb\",\"itemListElement\":[{\"@type\":\"ListItem\",\"position\":1,\"name\":\"Portada\",\"item\":\"https:\\\/\\\/www.copealcoy.es\\\/es\\\/\"},{\"@type\":\"ListItem\",\"position\":2,\"name\":\"Escogidas las bandas que participar\u00e1n en el Certamen de M\u00fasica Festera de Alcoy\"}]},{\"@type\":\"WebSite\",\"@id\":\"https:\\\/\\\/www.copealcoy.es\\\/es\\\/#website\",\"url\":\"https:\\\/\\\/www.copealcoy.es\\\/es\\\/\",\"name\":\"COPE Alcoy\",\"description\":\"Emisora COPE de radio local con emisi\u00f3n online. Pont de Sant Jordi 8-10 03803 Alcoy\",\"potentialAction\":[{\"@type\":\"SearchAction\",\"target\":{\"@type\":\"EntryPoint\",\"urlTemplate\":\"https:\\\/\\\/www.copealcoy.es\\\/es\\\/?s={search_term_string}\"},\"query-input\":{\"@type\":\"PropertyValueSpecification\",\"valueRequired\":true,\"valueName\":\"search_term_string\"}}],\"inLanguage\":\"es\"},{\"@type\":\"Person\",\"@id\":\"https:\\\/\\\/www.copealcoy.es\\\/es\\\/#\\\/schema\\\/person\\\/e777c87fa024e57d40170af9df39882c\",\"name\":\"Cope Alcoy\",\"image\":{\"@type\":\"ImageObject\",\"inLanguage\":\"es\",\"@id\":\"https:\\\/\\\/secure.gravatar.com\\\/avatar\\\/bb65d0283347e303893ba14f0692005417c1e0e690a325a4c5d8bb2b3943ee14?s=96&d=mm&r=g\",\"url\":\"https:\\\/\\\/secure.gravatar.com\\\/avatar\\\/bb65d0283347e303893ba14f0692005417c1e0e690a325a4c5d8bb2b3943ee14?s=96&d=mm&r=g\",\"contentUrl\":\"https:\\\/\\\/secure.gravatar.com\\\/avatar\\\/bb65d0283347e303893ba14f0692005417c1e0e690a325a4c5d8bb2b3943ee14?s=96&d=mm&r=g\",\"caption\":\"Cope Alcoy\"}}]}<\/script>\n<!-- \/ Yoast SEO plugin. -->","yoast_head_json":{"title":"Escogidas las bandas que participar\u00e1n en el Certamen de M\u00fasica Festera de Alcoy - COPE Alcoy","description":"La Asociaci\u00f3n de San Jorge ha dado a conocer las bandas que tomar\u00e1n parte en el pr\u00f3ximo Certamen de M\u00fasica Festera de nuestra ciudad","robots":{"index":"index","follow":"follow","max-snippet":"max-snippet:-1","max-image-preview":"max-image-preview:large","max-video-preview":"max-video-preview:-1"},"canonical":"https:\/\/www.copealcoy.es\/es\/escogidas-las-bandas-que-participaran-en-el-certamen-de-musica-festera-de-alcoy\/","og_locale":"es_ES","og_type":"article","og_title":"Escogidas las bandas que participar\u00e1n en el Certamen de M\u00fasica Festera de Alcoy - COPE Alcoy","og_description":"La Asociaci\u00f3n de San Jorge ha dado a conocer las bandas que tomar\u00e1n parte en el pr\u00f3ximo Certamen de M\u00fasica Festera de nuestra ciudad","og_url":"https:\/\/www.copealcoy.es\/es\/escogidas-las-bandas-que-participaran-en-el-certamen-de-musica-festera-de-alcoy\/","og_site_name":"COPE Alcoy","article_published_time":"2024-05-08T09:06:35+00:00","article_modified_time":"2024-05-08T09:38:28+00:00","og_image":[{"width":1600,"height":1066,"url":"https:\/\/www.copealcoy.es\/wp-content\/uploads\/2024\/05\/DSC0546.jpg","type":"image\/jpeg"}],"author":"Cope Alcoy","twitter_misc":{"Escrito por":"Cope Alcoy","Tiempo de lectura":"2 minutos"},"schema":{"@context":"https:\/\/schema.org","@graph":[{"@type":"Article","@id":"https:\/\/www.copealcoy.es\/es\/escogidas-las-bandas-que-participaran-en-el-certamen-de-musica-festera-de-alcoy\/#article","isPartOf":{"@id":"https:\/\/www.copealcoy.es\/es\/escogidas-las-bandas-que-participaran-en-el-certamen-de-musica-festera-de-alcoy\/"},"author":{"name":"Cope Alcoy","@id":"https:\/\/www.copealcoy.es\/es\/#\/schema\/person\/e777c87fa024e57d40170af9df39882c"},"headline":"Escogidas las bandas que participar\u00e1n en el Certamen de M\u00fasica Festera de Alcoy","datePublished":"2024-05-08T09:06:35+00:00","dateModified":"2024-05-08T09:38:28+00:00","mainEntityOfPage":{"@id":"https:\/\/www.copealcoy.es\/es\/escogidas-las-bandas-que-participaran-en-el-certamen-de-musica-festera-de-alcoy\/"},"wordCount":361,"commentCount":0,"image":{"@id":"https:\/\/www.copealcoy.es\/es\/escogidas-las-bandas-que-participaran-en-el-certamen-de-musica-festera-de-alcoy\/#primaryimage"},"thumbnailUrl":"https:\/\/www.copealcoy.es\/wp-content\/uploads\/2024\/05\/DSC0546.jpg","keywords":["Alcoy","bandas de m\u00fasica","Certamen","Fiestas de Moros y Cristianos"],"articleSection":["Actualidad","Alcoy","Fiesta y Cultura","Noticias"],"inLanguage":"es"},{"@type":"WebPage","@id":"https:\/\/www.copealcoy.es\/es\/escogidas-las-bandas-que-participaran-en-el-certamen-de-musica-festera-de-alcoy\/","url":"https:\/\/www.copealcoy.es\/es\/escogidas-las-bandas-que-participaran-en-el-certamen-de-musica-festera-de-alcoy\/","name":"Escogidas las bandas que participar\u00e1n en el Certamen de M\u00fasica Festera de Alcoy - COPE Alcoy","isPartOf":{"@id":"https:\/\/www.copealcoy.es\/es\/#website"},"primaryImageOfPage":{"@id":"https:\/\/www.copealcoy.es\/es\/escogidas-las-bandas-que-participaran-en-el-certamen-de-musica-festera-de-alcoy\/#primaryimage"},"image":{"@id":"https:\/\/www.copealcoy.es\/es\/escogidas-las-bandas-que-participaran-en-el-certamen-de-musica-festera-de-alcoy\/#primaryimage"},"thumbnailUrl":"https:\/\/www.copealcoy.es\/wp-content\/uploads\/2024\/05\/DSC0546.jpg","datePublished":"2024-05-08T09:06:35+00:00","dateModified":"2024-05-08T09:38:28+00:00","author":{"@id":"https:\/\/www.copealcoy.es\/es\/#\/schema\/person\/e777c87fa024e57d40170af9df39882c"},"description":"La Asociaci\u00f3n de San Jorge ha dado a conocer las bandas que tomar\u00e1n parte en el pr\u00f3ximo Certamen de M\u00fasica Festera de nuestra ciudad","breadcrumb":{"@id":"https:\/\/www.copealcoy.es\/es\/escogidas-las-bandas-que-participaran-en-el-certamen-de-musica-festera-de-alcoy\/#breadcrumb"},"inLanguage":"es","potentialAction":[{"@type":"ReadAction","target":["https:\/\/www.copealcoy.es\/es\/escogidas-las-bandas-que-participaran-en-el-certamen-de-musica-festera-de-alcoy\/"]}]},{"@type":"ImageObject","inLanguage":"es","@id":"https:\/\/www.copealcoy.es\/es\/escogidas-las-bandas-que-participaran-en-el-certamen-de-musica-festera-de-alcoy\/#primaryimage","url":"https:\/\/www.copealcoy.es\/wp-content\/uploads\/2024\/05\/DSC0546.jpg","contentUrl":"https:\/\/www.copealcoy.es\/wp-content\/uploads\/2024\/05\/DSC0546.jpg","width":1600,"height":1066},{"@type":"BreadcrumbList","@id":"https:\/\/www.copealcoy.es\/es\/escogidas-las-bandas-que-participaran-en-el-certamen-de-musica-festera-de-alcoy\/#breadcrumb","itemListElement":[{"@type":"ListItem","position":1,"name":"Portada","item":"https:\/\/www.copealcoy.es\/es\/"},{"@type":"ListItem","position":2,"name":"Escogidas las bandas que participar\u00e1n en el Certamen de M\u00fasica Festera de Alcoy"}]},{"@type":"WebSite","@id":"https:\/\/www.copealcoy.es\/es\/#website","url":"https:\/\/www.copealcoy.es\/es\/","name":"COPE Alcoy","description":"Emisora COPE de radio local con emisi\u00f3n online. Pont de Sant Jordi 8-10 03803 Alcoy","potentialAction":[{"@type":"SearchAction","target":{"@type":"EntryPoint","urlTemplate":"https:\/\/www.copealcoy.es\/es\/?s={search_term_string}"},"query-input":{"@type":"PropertyValueSpecification","valueRequired":true,"valueName":"search_term_string"}}],"inLanguage":"es"},{"@type":"Person","@id":"https:\/\/www.copealcoy.es\/es\/#\/schema\/person\/e777c87fa024e57d40170af9df39882c","name":"Cope Alcoy","image":{"@type":"ImageObject","inLanguage":"es","@id":"https:\/\/secure.gravatar.com\/avatar\/bb65d0283347e303893ba14f0692005417c1e0e690a325a4c5d8bb2b3943ee14?s=96&d=mm&r=g","url":"https:\/\/secure.gravatar.com\/avatar\/bb65d0283347e303893ba14f0692005417c1e0e690a325a4c5d8bb2b3943ee14?s=96&d=mm&r=g","contentUrl":"https:\/\/secure.gravatar.com\/avatar\/bb65d0283347e303893ba14f0692005417c1e0e690a325a4c5d8bb2b3943ee14?s=96&d=mm&r=g","caption":"Cope Alcoy"}}]}},"_links":{"self":[{"href":"https:\/\/www.copealcoy.es\/es\/wp-json\/wp\/v2\/posts\/133333","targetHints":{"allow":["GET"]}}],"collection":[{"href":"https:\/\/www.copealcoy.es\/es\/wp-json\/wp\/v2\/posts"}],"about":[{"href":"https:\/\/www.copealcoy.es\/es\/wp-json\/wp\/v2\/types\/post"}],"author":[{"embeddable":true,"href":"https:\/\/www.copealcoy.es\/es\/wp-json\/wp\/v2\/users\/1"}],"replies":[{"embeddable":true,"href":"https:\/\/www.copealcoy.es\/es\/wp-json\/wp\/v2\/comments?post=133333"}],"version-history":[{"count":0,"href":"https:\/\/www.copealcoy.es\/es\/wp-json\/wp\/v2\/posts\/133333\/revisions"}],"wp:featuredmedia":[{"embeddable":true,"href":"https:\/\/www.copealcoy.es\/es\/wp-json\/wp\/v2\/media\/133334"}],"wp:attachment":[{"href":"https:\/\/www.copealcoy.es\/es\/wp-json\/wp\/v2\/media?parent=133333"}],"wp:term":[{"taxonomy":"category","embeddable":true,"href":"https:\/\/www.copealcoy.es\/es\/wp-json\/wp\/v2\/categories?post=133333"},{"taxonomy":"post_tag","embeddable":true,"href":"https:\/\/www.copealcoy.es\/es\/wp-json\/wp\/v2\/tags?post=133333"}],"curies":[{"name":"wp","href":"https:\/\/api.w.org\/{rel}","templated":true}]}}