{"id":133274,"date":"2024-05-06T15:21:24","date_gmt":"2024-05-06T14:21:24","guid":{"rendered":"https:\/\/www.copealcoy.es\/?p=133274"},"modified":"2024-05-06T15:23:54","modified_gmt":"2024-05-06T14:23:54","slug":"un-servicio-de-pedriatria-rural-la-propuesta-del-psoe-para-reforzar-la-atencion-sanitaria-en-la-comarca","status":"publish","type":"post","link":"https:\/\/www.copealcoy.es\/es\/un-servicio-de-pedriatria-rural-la-propuesta-del-psoe-para-reforzar-la-atencion-sanitaria-en-la-comarca\/","title":{"rendered":"Un servicio de pedriatr\u00eda rural, la propuesta del PSOE  para reforzar la atenci\u00f3n sanitaria en la comarca"},"content":{"rendered":"<p style=\"text-align: justify;\">El <a href=\"https:\/\/www.facebook.com\/profile.php?id=100069071954819\" target=\"_blank\" rel=\"noopener\"><span style=\"color: #0000ff;\"><strong>Partido Socialista de la comarca<\/strong> <\/span><\/a>plantea <strong>un servicio de pediatr\u00eda rural<\/strong> para <strong>reforzar la atenci\u00f3n sanitaria a los m\u00e1s peque\u00f1os<\/strong> en el conjunto de l&#8217;Alcoi\u00e0 y el Comtat, especialmente en las localidades de menor poblaci\u00f3n. As\u00ed lo han destacado este lunes <strong>en un encuentro celebrado en la sede de los socialistas alcoyanos<\/strong> al que ha acudido, entre otros, el Diputado Auton\u00f3mico Rafa Sim\u00f3.<\/p>\n<p style=\"text-align: justify;\">Desde el PSOE <strong>proponen la creaci\u00f3n de una plaza estructural de pediatr\u00eda y una de enfermer\u00eda<\/strong> que permitir\u00eda atender una ratio de m\u00e1s de 500 ni\u00f1os de un total de 24 localidades de estas comarcas. La idea ahora <strong>ser\u00e1 planteada como iniciativa parlamentaria en las Cortes Valencianas<\/strong> para que as\u00ed pueda salir adelante en el Departamento de Salud de Alcoy con car\u00e1cter piloto &#8220;<em>y para que sea un servicio eficiente hemos dividido la comarca en cuatro zonas con el fin de que quien ocupe la plaza pueda visitarla en un d\u00eda concreto de la semana. La primera \u00e1rea incluye Agres y Alfafara, la segunda abarca Beniarr\u00e9s, Gaianes, L&#8217;Orxa y Alcosser, la tercera englobar\u00eda Planes, Alquer\u00eda d&#8217;Asnar y las poblaciones entre ambas; y la cuarta las localidades que dependen de Benilloba en cuanto a atenci\u00f3n sanitaria se refiere<\/em>&#8220;, detall\u00f3 al respecto el pediatra <strong>H\u00e9ctor Climent<\/strong>.<\/p>\n<p><strong><span style=\"color: #0000ff;\">Cr\u00edticos con la situaci\u00f3n sanitaria de la comarca<\/span><\/strong><\/p>\n<p style=\"text-align: justify;\">Los socialistas han aprovechado tambi\u00e9n para denunciar de nuevo <strong>que el Departamento de Salud de Alcoy no haya sido catalogado como zona de dif\u00edcil cobertura<\/strong> por parte del Consell. Desde el PSOE consideran que <strong>esta medida<\/strong> &#8220;<em>solo beneficia a la sanidad privada<\/em>&#8221; y han lamentado que los 81 millones de euros a invertir en diez a\u00f1os que el Govern del Bot\u00e0nic anunci\u00f3 para la mejora del Hospital Virgen de los Lirios<strong> hayan quedado ahora en 11<\/strong> tal y como anunci\u00f3 el Conseller de Sanitat Marciano G\u00f3mez durante la visita que hizo a Alcoy el pasado viernes &#8220;<em>estas palabras son una tomadura de pelo porque en los Presupuestos de 2024 tan solo hay consignados un mill\u00f3n de euros y a d\u00eda de hoy no se ha dado ni un paso adelante para ejecutar la intervenci\u00f3n de mejora del Hospital de estas comarcas<\/em>&#8220;, ha aseverado <strong>Rafa Sim\u00f3<\/strong>.\u00a0El PSOE insiste, asimismo, en que <strong>a d\u00eda de hoy no se ha definido todav\u00eda un plan vacacional para el verano<\/strong> que garantice una correcta atenci\u00f3n sanitaria en los municipios peque\u00f1os de la comarca &#8220;<em>\u00fanicamente hacen anuncios sin poner nada concreto sobre la mesa y lo \u00fanico que vemos es que la gente de nuestros pueblos cada vez va a tener m\u00e1s problemas para tener una atenci\u00f3n sanitaria como merece en nuestro Hospital comarcal<\/em>&#8220;, ha matizado <strong>Tere Sanjuan<\/strong>; secretaria de organizaci\u00f3n del PSPV de Alcoy.<\/p>\n<p style=\"text-align: justify;\">Por \u00faltimo, <strong>la formaci\u00f3n pol\u00edtica ha denunciado que desde que el nuevo Consell gestiona Sanitat se ha incrementado la lista quir\u00fargica en casi un 5%<\/strong> en nuestras comarcas. En concreto, han aumentado en Ginecolog\u00eda, Oftalmolog\u00eda, Otorrinolaringolog\u00eda y Traumatolog\u00eda pas\u00e1ndose de 83 a 95 d\u00edas de espera.<\/p>\n","protected":false},"excerpt":{"rendered":"<p>El Partido Socialista de la comarca plantea un servicio de pediatr\u00eda rural para reforzar la atenci\u00f3n sanitaria a los m\u00e1s&#8230;<\/p>\n","protected":false},"author":1,"featured_media":133275,"comment_status":"open","ping_status":"open","sticky":false,"template":"","format":"standard","meta":{"footnotes":""},"categories":[6909,97,75,79],"tags":[482,237,3699,3405,16768,4688],"class_list":["post-133274","post","type-post","status-publish","format-standard","has-post-thumbnail","hentry","category-actualidad","category-alcoy","category-noticias","category-politicayeconomia","tag-alcoia","tag-comtat","tag-criticas","tag-partido-socialista","tag-pediatra-rural","tag-propuesta"],"yoast_head":"<!-- This site is optimized with the Yoast SEO plugin v27.3 - https:\/\/yoast.com\/product\/yoast-seo-wordpress\/ -->\n<title>Un servicio de pedriatr\u00eda rural, la propuesta del PSOE para reforzar la atenci\u00f3n sanitaria en la comarca - COPE Alcoy<\/title>\n<meta name=\"description\" content=\"El Partido Socialista de la comarca plantea un servicio de pediatr\u00eda rural para reforzar la atenci\u00f3n sanitaria a los m\u00e1s peque\u00f1os en el conjunto de l&#039;Alcoi\u00e0 y el Comtat\" \/>\n<meta name=\"robots\" content=\"index, follow, max-snippet:-1, max-image-preview:large, max-video-preview:-1\" \/>\n<link rel=\"canonical\" href=\"https:\/\/www.copealcoy.es\/es\/un-servicio-de-pedriatria-rural-la-propuesta-del-psoe-para-reforzar-la-atencion-sanitaria-en-la-comarca\/\" \/>\n<meta property=\"og:locale\" content=\"es_ES\" \/>\n<meta property=\"og:type\" content=\"article\" \/>\n<meta property=\"og:title\" content=\"Un servicio de pedriatr\u00eda rural, la propuesta del PSOE para reforzar la atenci\u00f3n sanitaria en la comarca - COPE Alcoy\" \/>\n<meta property=\"og:description\" content=\"El Partido Socialista de la comarca plantea un servicio de pediatr\u00eda rural para reforzar la atenci\u00f3n sanitaria a los m\u00e1s peque\u00f1os en el conjunto de l&#039;Alcoi\u00e0 y el Comtat\" \/>\n<meta property=\"og:url\" content=\"https:\/\/www.copealcoy.es\/es\/un-servicio-de-pedriatria-rural-la-propuesta-del-psoe-para-reforzar-la-atencion-sanitaria-en-la-comarca\/\" \/>\n<meta property=\"og:site_name\" content=\"COPE Alcoy\" \/>\n<meta property=\"article:published_time\" content=\"2024-05-06T14:21:24+00:00\" \/>\n<meta property=\"article:modified_time\" content=\"2024-05-06T14:23:54+00:00\" \/>\n<meta property=\"og:image\" content=\"https:\/\/www.copealcoy.es\/wp-content\/uploads\/2024\/05\/unnamed-1-1-scaled.jpg\" \/>\n\t<meta property=\"og:image:width\" content=\"1469\" \/>\n\t<meta property=\"og:image:height\" content=\"1080\" \/>\n\t<meta property=\"og:image:type\" content=\"image\/jpeg\" \/>\n<meta name=\"author\" content=\"Cope Alcoy\" \/>\n<meta name=\"twitter:label1\" content=\"Escrito por\" \/>\n\t<meta name=\"twitter:data1\" content=\"Cope Alcoy\" \/>\n\t<meta name=\"twitter:label2\" content=\"Tiempo de lectura\" \/>\n\t<meta name=\"twitter:data2\" content=\"3 minutos\" \/>\n<script type=\"application\/ld+json\" class=\"yoast-schema-graph\">{\"@context\":\"https:\\\/\\\/schema.org\",\"@graph\":[{\"@type\":\"Article\",\"@id\":\"https:\\\/\\\/www.copealcoy.es\\\/es\\\/un-servicio-de-pedriatria-rural-la-propuesta-del-psoe-para-reforzar-la-atencion-sanitaria-en-la-comarca\\\/#article\",\"isPartOf\":{\"@id\":\"https:\\\/\\\/www.copealcoy.es\\\/es\\\/un-servicio-de-pedriatria-rural-la-propuesta-del-psoe-para-reforzar-la-atencion-sanitaria-en-la-comarca\\\/\"},\"author\":{\"name\":\"Cope Alcoy\",\"@id\":\"https:\\\/\\\/www.copealcoy.es\\\/es\\\/#\\\/schema\\\/person\\\/e777c87fa024e57d40170af9df39882c\"},\"headline\":\"Un servicio de pedriatr\u00eda rural, la propuesta del PSOE para reforzar la atenci\u00f3n sanitaria en la comarca\",\"datePublished\":\"2024-05-06T14:21:24+00:00\",\"dateModified\":\"2024-05-06T14:23:54+00:00\",\"mainEntityOfPage\":{\"@id\":\"https:\\\/\\\/www.copealcoy.es\\\/es\\\/un-servicio-de-pedriatria-rural-la-propuesta-del-psoe-para-reforzar-la-atencion-sanitaria-en-la-comarca\\\/\"},\"wordCount\":551,\"commentCount\":0,\"image\":{\"@id\":\"https:\\\/\\\/www.copealcoy.es\\\/es\\\/un-servicio-de-pedriatria-rural-la-propuesta-del-psoe-para-reforzar-la-atencion-sanitaria-en-la-comarca\\\/#primaryimage\"},\"thumbnailUrl\":\"https:\\\/\\\/www.copealcoy.es\\\/wp-content\\\/uploads\\\/2024\\\/05\\\/unnamed-1-1-scaled.jpg\",\"keywords\":[\"Alcoi\u00e0\",\"Comtat\",\"Cr\u00edticas\",\"Partido Socialista\",\"pediatra rural\",\"propuesta\"],\"articleSection\":[\"Actualidad\",\"Alcoy\",\"Noticias\",\"Pol\u00edtica y Econom\u00eda\"],\"inLanguage\":\"es\"},{\"@type\":\"WebPage\",\"@id\":\"https:\\\/\\\/www.copealcoy.es\\\/es\\\/un-servicio-de-pedriatria-rural-la-propuesta-del-psoe-para-reforzar-la-atencion-sanitaria-en-la-comarca\\\/\",\"url\":\"https:\\\/\\\/www.copealcoy.es\\\/es\\\/un-servicio-de-pedriatria-rural-la-propuesta-del-psoe-para-reforzar-la-atencion-sanitaria-en-la-comarca\\\/\",\"name\":\"Un servicio de pedriatr\u00eda rural, la propuesta del PSOE para reforzar la atenci\u00f3n sanitaria en la comarca - COPE Alcoy\",\"isPartOf\":{\"@id\":\"https:\\\/\\\/www.copealcoy.es\\\/es\\\/#website\"},\"primaryImageOfPage\":{\"@id\":\"https:\\\/\\\/www.copealcoy.es\\\/es\\\/un-servicio-de-pedriatria-rural-la-propuesta-del-psoe-para-reforzar-la-atencion-sanitaria-en-la-comarca\\\/#primaryimage\"},\"image\":{\"@id\":\"https:\\\/\\\/www.copealcoy.es\\\/es\\\/un-servicio-de-pedriatria-rural-la-propuesta-del-psoe-para-reforzar-la-atencion-sanitaria-en-la-comarca\\\/#primaryimage\"},\"thumbnailUrl\":\"https:\\\/\\\/www.copealcoy.es\\\/wp-content\\\/uploads\\\/2024\\\/05\\\/unnamed-1-1-scaled.jpg\",\"datePublished\":\"2024-05-06T14:21:24+00:00\",\"dateModified\":\"2024-05-06T14:23:54+00:00\",\"author\":{\"@id\":\"https:\\\/\\\/www.copealcoy.es\\\/es\\\/#\\\/schema\\\/person\\\/e777c87fa024e57d40170af9df39882c\"},\"description\":\"El Partido Socialista de la comarca plantea un servicio de pediatr\u00eda rural para reforzar la atenci\u00f3n sanitaria a los m\u00e1s peque\u00f1os en el conjunto de l'Alcoi\u00e0 y el Comtat\",\"breadcrumb\":{\"@id\":\"https:\\\/\\\/www.copealcoy.es\\\/es\\\/un-servicio-de-pedriatria-rural-la-propuesta-del-psoe-para-reforzar-la-atencion-sanitaria-en-la-comarca\\\/#breadcrumb\"},\"inLanguage\":\"es\",\"potentialAction\":[{\"@type\":\"ReadAction\",\"target\":[\"https:\\\/\\\/www.copealcoy.es\\\/es\\\/un-servicio-de-pedriatria-rural-la-propuesta-del-psoe-para-reforzar-la-atencion-sanitaria-en-la-comarca\\\/\"]}]},{\"@type\":\"ImageObject\",\"inLanguage\":\"es\",\"@id\":\"https:\\\/\\\/www.copealcoy.es\\\/es\\\/un-servicio-de-pedriatria-rural-la-propuesta-del-psoe-para-reforzar-la-atencion-sanitaria-en-la-comarca\\\/#primaryimage\",\"url\":\"https:\\\/\\\/www.copealcoy.es\\\/wp-content\\\/uploads\\\/2024\\\/05\\\/unnamed-1-1-scaled.jpg\",\"contentUrl\":\"https:\\\/\\\/www.copealcoy.es\\\/wp-content\\\/uploads\\\/2024\\\/05\\\/unnamed-1-1-scaled.jpg\",\"width\":1469,\"height\":1080},{\"@type\":\"BreadcrumbList\",\"@id\":\"https:\\\/\\\/www.copealcoy.es\\\/es\\\/un-servicio-de-pedriatria-rural-la-propuesta-del-psoe-para-reforzar-la-atencion-sanitaria-en-la-comarca\\\/#breadcrumb\",\"itemListElement\":[{\"@type\":\"ListItem\",\"position\":1,\"name\":\"Portada\",\"item\":\"https:\\\/\\\/www.copealcoy.es\\\/es\\\/\"},{\"@type\":\"ListItem\",\"position\":2,\"name\":\"Un servicio de pedriatr\u00eda rural, la propuesta del PSOE para reforzar la atenci\u00f3n sanitaria en la comarca\"}]},{\"@type\":\"WebSite\",\"@id\":\"https:\\\/\\\/www.copealcoy.es\\\/es\\\/#website\",\"url\":\"https:\\\/\\\/www.copealcoy.es\\\/es\\\/\",\"name\":\"COPE Alcoy\",\"description\":\"Emisora COPE de radio local con emisi\u00f3n online. Pont de Sant Jordi 8-10 03803 Alcoy\",\"potentialAction\":[{\"@type\":\"SearchAction\",\"target\":{\"@type\":\"EntryPoint\",\"urlTemplate\":\"https:\\\/\\\/www.copealcoy.es\\\/es\\\/?s={search_term_string}\"},\"query-input\":{\"@type\":\"PropertyValueSpecification\",\"valueRequired\":true,\"valueName\":\"search_term_string\"}}],\"inLanguage\":\"es\"},{\"@type\":\"Person\",\"@id\":\"https:\\\/\\\/www.copealcoy.es\\\/es\\\/#\\\/schema\\\/person\\\/e777c87fa024e57d40170af9df39882c\",\"name\":\"Cope Alcoy\",\"image\":{\"@type\":\"ImageObject\",\"inLanguage\":\"es\",\"@id\":\"https:\\\/\\\/secure.gravatar.com\\\/avatar\\\/bb65d0283347e303893ba14f0692005417c1e0e690a325a4c5d8bb2b3943ee14?s=96&d=mm&r=g\",\"url\":\"https:\\\/\\\/secure.gravatar.com\\\/avatar\\\/bb65d0283347e303893ba14f0692005417c1e0e690a325a4c5d8bb2b3943ee14?s=96&d=mm&r=g\",\"contentUrl\":\"https:\\\/\\\/secure.gravatar.com\\\/avatar\\\/bb65d0283347e303893ba14f0692005417c1e0e690a325a4c5d8bb2b3943ee14?s=96&d=mm&r=g\",\"caption\":\"Cope Alcoy\"}}]}<\/script>\n<!-- \/ Yoast SEO plugin. -->","yoast_head_json":{"title":"Un servicio de pedriatr\u00eda rural, la propuesta del PSOE para reforzar la atenci\u00f3n sanitaria en la comarca - COPE Alcoy","description":"El Partido Socialista de la comarca plantea un servicio de pediatr\u00eda rural para reforzar la atenci\u00f3n sanitaria a los m\u00e1s peque\u00f1os en el conjunto de l'Alcoi\u00e0 y el Comtat","robots":{"index":"index","follow":"follow","max-snippet":"max-snippet:-1","max-image-preview":"max-image-preview:large","max-video-preview":"max-video-preview:-1"},"canonical":"https:\/\/www.copealcoy.es\/es\/un-servicio-de-pedriatria-rural-la-propuesta-del-psoe-para-reforzar-la-atencion-sanitaria-en-la-comarca\/","og_locale":"es_ES","og_type":"article","og_title":"Un servicio de pedriatr\u00eda rural, la propuesta del PSOE para reforzar la atenci\u00f3n sanitaria en la comarca - COPE Alcoy","og_description":"El Partido Socialista de la comarca plantea un servicio de pediatr\u00eda rural para reforzar la atenci\u00f3n sanitaria a los m\u00e1s peque\u00f1os en el conjunto de l'Alcoi\u00e0 y el Comtat","og_url":"https:\/\/www.copealcoy.es\/es\/un-servicio-de-pedriatria-rural-la-propuesta-del-psoe-para-reforzar-la-atencion-sanitaria-en-la-comarca\/","og_site_name":"COPE Alcoy","article_published_time":"2024-05-06T14:21:24+00:00","article_modified_time":"2024-05-06T14:23:54+00:00","og_image":[{"width":1469,"height":1080,"url":"https:\/\/www.copealcoy.es\/wp-content\/uploads\/2024\/05\/unnamed-1-1-scaled.jpg","type":"image\/jpeg"}],"author":"Cope Alcoy","twitter_misc":{"Escrito por":"Cope Alcoy","Tiempo de lectura":"3 minutos"},"schema":{"@context":"https:\/\/schema.org","@graph":[{"@type":"Article","@id":"https:\/\/www.copealcoy.es\/es\/un-servicio-de-pedriatria-rural-la-propuesta-del-psoe-para-reforzar-la-atencion-sanitaria-en-la-comarca\/#article","isPartOf":{"@id":"https:\/\/www.copealcoy.es\/es\/un-servicio-de-pedriatria-rural-la-propuesta-del-psoe-para-reforzar-la-atencion-sanitaria-en-la-comarca\/"},"author":{"name":"Cope Alcoy","@id":"https:\/\/www.copealcoy.es\/es\/#\/schema\/person\/e777c87fa024e57d40170af9df39882c"},"headline":"Un servicio de pedriatr\u00eda rural, la propuesta del PSOE para reforzar la atenci\u00f3n sanitaria en la comarca","datePublished":"2024-05-06T14:21:24+00:00","dateModified":"2024-05-06T14:23:54+00:00","mainEntityOfPage":{"@id":"https:\/\/www.copealcoy.es\/es\/un-servicio-de-pedriatria-rural-la-propuesta-del-psoe-para-reforzar-la-atencion-sanitaria-en-la-comarca\/"},"wordCount":551,"commentCount":0,"image":{"@id":"https:\/\/www.copealcoy.es\/es\/un-servicio-de-pedriatria-rural-la-propuesta-del-psoe-para-reforzar-la-atencion-sanitaria-en-la-comarca\/#primaryimage"},"thumbnailUrl":"https:\/\/www.copealcoy.es\/wp-content\/uploads\/2024\/05\/unnamed-1-1-scaled.jpg","keywords":["Alcoi\u00e0","Comtat","Cr\u00edticas","Partido Socialista","pediatra rural","propuesta"],"articleSection":["Actualidad","Alcoy","Noticias","Pol\u00edtica y Econom\u00eda"],"inLanguage":"es"},{"@type":"WebPage","@id":"https:\/\/www.copealcoy.es\/es\/un-servicio-de-pedriatria-rural-la-propuesta-del-psoe-para-reforzar-la-atencion-sanitaria-en-la-comarca\/","url":"https:\/\/www.copealcoy.es\/es\/un-servicio-de-pedriatria-rural-la-propuesta-del-psoe-para-reforzar-la-atencion-sanitaria-en-la-comarca\/","name":"Un servicio de pedriatr\u00eda rural, la propuesta del PSOE para reforzar la atenci\u00f3n sanitaria en la comarca - COPE Alcoy","isPartOf":{"@id":"https:\/\/www.copealcoy.es\/es\/#website"},"primaryImageOfPage":{"@id":"https:\/\/www.copealcoy.es\/es\/un-servicio-de-pedriatria-rural-la-propuesta-del-psoe-para-reforzar-la-atencion-sanitaria-en-la-comarca\/#primaryimage"},"image":{"@id":"https:\/\/www.copealcoy.es\/es\/un-servicio-de-pedriatria-rural-la-propuesta-del-psoe-para-reforzar-la-atencion-sanitaria-en-la-comarca\/#primaryimage"},"thumbnailUrl":"https:\/\/www.copealcoy.es\/wp-content\/uploads\/2024\/05\/unnamed-1-1-scaled.jpg","datePublished":"2024-05-06T14:21:24+00:00","dateModified":"2024-05-06T14:23:54+00:00","author":{"@id":"https:\/\/www.copealcoy.es\/es\/#\/schema\/person\/e777c87fa024e57d40170af9df39882c"},"description":"El Partido Socialista de la comarca plantea un servicio de pediatr\u00eda rural para reforzar la atenci\u00f3n sanitaria a los m\u00e1s peque\u00f1os en el conjunto de l'Alcoi\u00e0 y el Comtat","breadcrumb":{"@id":"https:\/\/www.copealcoy.es\/es\/un-servicio-de-pedriatria-rural-la-propuesta-del-psoe-para-reforzar-la-atencion-sanitaria-en-la-comarca\/#breadcrumb"},"inLanguage":"es","potentialAction":[{"@type":"ReadAction","target":["https:\/\/www.copealcoy.es\/es\/un-servicio-de-pedriatria-rural-la-propuesta-del-psoe-para-reforzar-la-atencion-sanitaria-en-la-comarca\/"]}]},{"@type":"ImageObject","inLanguage":"es","@id":"https:\/\/www.copealcoy.es\/es\/un-servicio-de-pedriatria-rural-la-propuesta-del-psoe-para-reforzar-la-atencion-sanitaria-en-la-comarca\/#primaryimage","url":"https:\/\/www.copealcoy.es\/wp-content\/uploads\/2024\/05\/unnamed-1-1-scaled.jpg","contentUrl":"https:\/\/www.copealcoy.es\/wp-content\/uploads\/2024\/05\/unnamed-1-1-scaled.jpg","width":1469,"height":1080},{"@type":"BreadcrumbList","@id":"https:\/\/www.copealcoy.es\/es\/un-servicio-de-pedriatria-rural-la-propuesta-del-psoe-para-reforzar-la-atencion-sanitaria-en-la-comarca\/#breadcrumb","itemListElement":[{"@type":"ListItem","position":1,"name":"Portada","item":"https:\/\/www.copealcoy.es\/es\/"},{"@type":"ListItem","position":2,"name":"Un servicio de pedriatr\u00eda rural, la propuesta del PSOE para reforzar la atenci\u00f3n sanitaria en la comarca"}]},{"@type":"WebSite","@id":"https:\/\/www.copealcoy.es\/es\/#website","url":"https:\/\/www.copealcoy.es\/es\/","name":"COPE Alcoy","description":"Emisora COPE de radio local con emisi\u00f3n online. Pont de Sant Jordi 8-10 03803 Alcoy","potentialAction":[{"@type":"SearchAction","target":{"@type":"EntryPoint","urlTemplate":"https:\/\/www.copealcoy.es\/es\/?s={search_term_string}"},"query-input":{"@type":"PropertyValueSpecification","valueRequired":true,"valueName":"search_term_string"}}],"inLanguage":"es"},{"@type":"Person","@id":"https:\/\/www.copealcoy.es\/es\/#\/schema\/person\/e777c87fa024e57d40170af9df39882c","name":"Cope Alcoy","image":{"@type":"ImageObject","inLanguage":"es","@id":"https:\/\/secure.gravatar.com\/avatar\/bb65d0283347e303893ba14f0692005417c1e0e690a325a4c5d8bb2b3943ee14?s=96&d=mm&r=g","url":"https:\/\/secure.gravatar.com\/avatar\/bb65d0283347e303893ba14f0692005417c1e0e690a325a4c5d8bb2b3943ee14?s=96&d=mm&r=g","contentUrl":"https:\/\/secure.gravatar.com\/avatar\/bb65d0283347e303893ba14f0692005417c1e0e690a325a4c5d8bb2b3943ee14?s=96&d=mm&r=g","caption":"Cope Alcoy"}}]}},"_links":{"self":[{"href":"https:\/\/www.copealcoy.es\/es\/wp-json\/wp\/v2\/posts\/133274","targetHints":{"allow":["GET"]}}],"collection":[{"href":"https:\/\/www.copealcoy.es\/es\/wp-json\/wp\/v2\/posts"}],"about":[{"href":"https:\/\/www.copealcoy.es\/es\/wp-json\/wp\/v2\/types\/post"}],"author":[{"embeddable":true,"href":"https:\/\/www.copealcoy.es\/es\/wp-json\/wp\/v2\/users\/1"}],"replies":[{"embeddable":true,"href":"https:\/\/www.copealcoy.es\/es\/wp-json\/wp\/v2\/comments?post=133274"}],"version-history":[{"count":0,"href":"https:\/\/www.copealcoy.es\/es\/wp-json\/wp\/v2\/posts\/133274\/revisions"}],"wp:featuredmedia":[{"embeddable":true,"href":"https:\/\/www.copealcoy.es\/es\/wp-json\/wp\/v2\/media\/133275"}],"wp:attachment":[{"href":"https:\/\/www.copealcoy.es\/es\/wp-json\/wp\/v2\/media?parent=133274"}],"wp:term":[{"taxonomy":"category","embeddable":true,"href":"https:\/\/www.copealcoy.es\/es\/wp-json\/wp\/v2\/categories?post=133274"},{"taxonomy":"post_tag","embeddable":true,"href":"https:\/\/www.copealcoy.es\/es\/wp-json\/wp\/v2\/tags?post=133274"}],"curies":[{"name":"wp","href":"https:\/\/api.w.org\/{rel}","templated":true}]}}