{"id":133269,"date":"2024-05-06T11:47:49","date_gmt":"2024-05-06T10:47:49","guid":{"rendered":"https:\/\/www.copealcoy.es\/?p=133269"},"modified":"2024-05-13T08:00:22","modified_gmt":"2024-05-13T07:00:22","slug":"mas-trenes-entre-alcoy-y-valencia-la-asignatura-pendiente-cuando-finalice-la-reforma-de-la-linea","status":"publish","type":"post","link":"https:\/\/www.copealcoy.es\/es\/mas-trenes-entre-alcoy-y-valencia-la-asignatura-pendiente-cuando-finalice-la-reforma-de-la-linea\/","title":{"rendered":"M\u00e1s trenes entre Alcoy y Valencia, la asignatura pendiente cuando finalice la reforma de la l\u00ednea"},"content":{"rendered":"<p style=\"text-align: justify;\">La\u00a0<strong>modernizaci\u00f3n del tren Alcoy-X\u00e0tiva<\/strong>\u00a0es una de las\u00a0<strong>asignaturas pendientes<\/strong>\u00a0que persigue nuestra ciudad, y por extensi\u00f3n\u00a0<strong>buena parte de los municipios del interior de Alicante y Valencia<\/strong>, despu\u00e9s de a\u00f1os en los que\u00a0<strong>la l\u00ednea ha sumado deficiencias en sus diferentes infraestructuras<\/strong>. A ello se le a\u00f1ade tambi\u00e9n\u00a0<strong>una constante merma del n\u00famero de usuarios<\/strong>\u00a0o\u00a0<strong>la supresi\u00f3n de frecuencias<\/strong> del paso de trenes tras la pandemia de la COVID-19.<\/p>\n<p style=\"text-align: justify;\">Precisamente este \u00faltimo aspecto\u00a0<strong>ha generado gran malestar en los que hacen uso del tren<\/strong>\u00a0y desde\u00a0<span style=\"color: #0000ff;\"><a style=\"color: #0000ff;\" href=\"https:\/\/www.facebook.com\/salvem.eltrenxativaalcoi\" target=\"_blank\" rel=\"noopener\"><strong>la plataforma \u2018Salvem El Tren\u2019<\/strong><\/a>\u00a0<\/span><strong>han reivindicado en m\u00e1s de una ocasi\u00f3n que se solvente este problema.\u00a0<\/strong>Desde el colectivo creen que <strong>una vez se efect\u00fae la reforma integral de la l\u00ednea<\/strong>, que arrancar\u00e1 en breve, se debe de trabajar en <strong>definir nuevas frecuencias de paso<\/strong> e incrementar las mismas &#8220;<em>necesitamos unos horarios adaptados a las necesidades de la gente y que nos faciliten una buena conexi\u00f3n entre Alcoy, X\u00e0tiva y Valencia. Este proyecto de mejora del tren, que llevamos tanto tiempo reivindicando, no tendr\u00eda sentido si despu\u00e9s de todo tenemos que volver a recurrir al coche porque no tenemos una combinaci\u00f3n adecuada entre nuestras comarcas y la capital del T\u00faria<\/em>&#8220;, explicaba en COPE ALCOY<strong> Edurne Vaello<\/strong>; una de las integrantes de &#8216;Salvem El Tren&#8217;.<\/p>\n<p><strong><span style=\"color: #0000ff;\">Inminente inicio de las obras de mejora de la l\u00ednea<\/span><\/strong><\/p>\n<p style=\"text-align: justify;\">Hay que recordar que el <span style=\"color: #000000;\"><a style=\"color: #000000;\" href=\"https:\/\/www.transportes.gob.es\/\" rel=\"noopener\"><strong>Ministerio de Transportes y Movilidad Sostenible, <\/strong><\/a><\/span>\u00a0como <a href=\"https:\/\/www.copealcoy.es\/adjudican-las-obras-para-la-renovacion-integral-de-64-km-de-via-de-la-linea-alcoy-xativa\/\" target=\"_blank\" rel=\"noopener\"><strong><span style=\"color: #0000ff;\">ya cont\u00e1bamos<\/span><\/strong><\/a> hace unos d\u00edas, ha adjudicado por<strong>\u00a084,14 millones de euros<\/strong>, IVA incluido, los trabajos para\u00a0<strong>la renovaci\u00f3n integral de v\u00eda en dos tramos de la l\u00ednea Alcoy-X\u00e0tiva<\/strong><\/p>\n<p style=\"text-align: justify;\">Los trabajos<strong>\u00a0incluir\u00e1n<\/strong>\u00a0la sustituci\u00f3n de elementos de la superestructura, adaptaci\u00f3n para la futura electrificaci\u00f3n de la l\u00ednea y mejoras en puentes met\u00e1licos y estaciones. La actuaci\u00f3n se completar\u00e1 con con la comprobaci\u00f3n de los elementos de drenaje; trabajos en taludes; tratamiento y protecci\u00f3n de trincheras y terraplenes;\u00a0<strong>operaciones t\u00e9cnicas para relacionar entre s\u00ed tres pasos a nivel<\/strong>\u00a0-situados en los puntos kilom\u00e9tricos 16\/874, 19\/673 y 29\/674-; adecuaci\u00f3n de accesos; y ejecuci\u00f3n de cerramientos antivand\u00e1licos<\/p>\n<p style=\"text-align: justify;\">La\u00a0<strong>inversi\u00f3n total prevista<\/strong>\u00a0para esta l\u00ednea asciende a unos 170 millones de euros, distribuidos en varias fases. La UTE integrada por CHM Obras e Infraestructuras y Azvi ser\u00e1 la encargada de llevar a cabo estas importantes mejoras que beneficiar\u00e1n a los usuarios y promover\u00e1n una movilidad m\u00e1s sostenible en la regi\u00f3n.<\/p>\n","protected":false},"excerpt":{"rendered":"<p>La\u00a0modernizaci\u00f3n del tren Alcoy-X\u00e0tiva\u00a0es una de las\u00a0asignaturas pendientes\u00a0que persigue nuestra ciudad, y por extensi\u00f3n\u00a0buena parte de los municipios del interior&#8230;<\/p>\n","protected":false},"author":1,"featured_media":94066,"comment_status":"open","ping_status":"open","sticky":false,"template":"","format":"standard","meta":{"footnotes":""},"categories":[6909,97,75,125],"tags":[1494,16766,5114,13546],"class_list":["post-133269","post","type-post","status-publish","format-standard","has-post-thumbnail","hentry","category-actualidad","category-alcoy","category-noticias","category-portada","tag-alcoy","tag-frecuencias-de-trenes","tag-incremento","tag-salvem-el-tren"],"yoast_head":"<!-- This site is optimized with the Yoast SEO plugin v27.3 - https:\/\/yoast.com\/product\/yoast-seo-wordpress\/ -->\n<title>M\u00e1s trenes entre Alcoy y Valencia, la asignatura pendiente cuando finalice la reforma de la l\u00ednea - COPE Alcoy<\/title>\n<meta name=\"description\" content=\"&#039;Salvem El Tren&#039; considera que el siguiente paso tras la reforma del tren Alcoy-X\u00e0tiva es la ampliaci\u00f3n de horarios\" \/>\n<meta name=\"robots\" content=\"index, follow, max-snippet:-1, max-image-preview:large, max-video-preview:-1\" \/>\n<link rel=\"canonical\" href=\"https:\/\/www.copealcoy.es\/es\/mas-trenes-entre-alcoy-y-valencia-la-asignatura-pendiente-cuando-finalice-la-reforma-de-la-linea\/\" \/>\n<meta property=\"og:locale\" content=\"es_ES\" \/>\n<meta property=\"og:type\" content=\"article\" \/>\n<meta property=\"og:title\" content=\"M\u00e1s trenes entre Alcoy y Valencia, la asignatura pendiente cuando finalice la reforma de la l\u00ednea - COPE Alcoy\" \/>\n<meta property=\"og:description\" content=\"&#039;Salvem El Tren&#039; considera que el siguiente paso tras la reforma del tren Alcoy-X\u00e0tiva es la ampliaci\u00f3n de horarios\" \/>\n<meta property=\"og:url\" content=\"https:\/\/www.copealcoy.es\/es\/mas-trenes-entre-alcoy-y-valencia-la-asignatura-pendiente-cuando-finalice-la-reforma-de-la-linea\/\" \/>\n<meta property=\"og:site_name\" content=\"COPE Alcoy\" \/>\n<meta property=\"article:published_time\" content=\"2024-05-06T10:47:49+00:00\" \/>\n<meta property=\"article:modified_time\" content=\"2024-05-13T07:00:22+00:00\" \/>\n<meta property=\"og:image\" content=\"https:\/\/www.copealcoy.es\/wp-content\/uploads\/2022\/11\/maxresdefault-1-1024x576-1.jpg\" \/>\n\t<meta property=\"og:image:width\" content=\"1024\" \/>\n\t<meta property=\"og:image:height\" content=\"576\" \/>\n\t<meta property=\"og:image:type\" content=\"image\/jpeg\" \/>\n<meta name=\"author\" content=\"Cope Alcoy\" \/>\n<meta name=\"twitter:label1\" content=\"Escrito por\" \/>\n\t<meta name=\"twitter:data1\" content=\"Cope Alcoy\" \/>\n\t<meta name=\"twitter:label2\" content=\"Tiempo de lectura\" \/>\n\t<meta name=\"twitter:data2\" content=\"2 minutos\" \/>\n<script type=\"application\/ld+json\" class=\"yoast-schema-graph\">{\"@context\":\"https:\\\/\\\/schema.org\",\"@graph\":[{\"@type\":\"Article\",\"@id\":\"https:\\\/\\\/www.copealcoy.es\\\/es\\\/mas-trenes-entre-alcoy-y-valencia-la-asignatura-pendiente-cuando-finalice-la-reforma-de-la-linea\\\/#article\",\"isPartOf\":{\"@id\":\"https:\\\/\\\/www.copealcoy.es\\\/es\\\/mas-trenes-entre-alcoy-y-valencia-la-asignatura-pendiente-cuando-finalice-la-reforma-de-la-linea\\\/\"},\"author\":{\"name\":\"Cope Alcoy\",\"@id\":\"https:\\\/\\\/www.copealcoy.es\\\/es\\\/#\\\/schema\\\/person\\\/e777c87fa024e57d40170af9df39882c\"},\"headline\":\"M\u00e1s trenes entre Alcoy y Valencia, la asignatura pendiente cuando finalice la reforma de la l\u00ednea\",\"datePublished\":\"2024-05-06T10:47:49+00:00\",\"dateModified\":\"2024-05-13T07:00:22+00:00\",\"mainEntityOfPage\":{\"@id\":\"https:\\\/\\\/www.copealcoy.es\\\/es\\\/mas-trenes-entre-alcoy-y-valencia-la-asignatura-pendiente-cuando-finalice-la-reforma-de-la-linea\\\/\"},\"wordCount\":453,\"commentCount\":0,\"image\":{\"@id\":\"https:\\\/\\\/www.copealcoy.es\\\/es\\\/mas-trenes-entre-alcoy-y-valencia-la-asignatura-pendiente-cuando-finalice-la-reforma-de-la-linea\\\/#primaryimage\"},\"thumbnailUrl\":\"https:\\\/\\\/www.copealcoy.es\\\/wp-content\\\/uploads\\\/2022\\\/11\\\/maxresdefault-1-1024x576-1.jpg\",\"keywords\":[\"Alcoy\",\"frecuencias de trenes\",\"incremento\",\"Salvem el Tren\"],\"articleSection\":[\"Actualidad\",\"Alcoy\",\"Noticias\",\"Portada\"],\"inLanguage\":\"es\"},{\"@type\":\"WebPage\",\"@id\":\"https:\\\/\\\/www.copealcoy.es\\\/es\\\/mas-trenes-entre-alcoy-y-valencia-la-asignatura-pendiente-cuando-finalice-la-reforma-de-la-linea\\\/\",\"url\":\"https:\\\/\\\/www.copealcoy.es\\\/es\\\/mas-trenes-entre-alcoy-y-valencia-la-asignatura-pendiente-cuando-finalice-la-reforma-de-la-linea\\\/\",\"name\":\"M\u00e1s trenes entre Alcoy y Valencia, la asignatura pendiente cuando finalice la reforma de la l\u00ednea - COPE Alcoy\",\"isPartOf\":{\"@id\":\"https:\\\/\\\/www.copealcoy.es\\\/es\\\/#website\"},\"primaryImageOfPage\":{\"@id\":\"https:\\\/\\\/www.copealcoy.es\\\/es\\\/mas-trenes-entre-alcoy-y-valencia-la-asignatura-pendiente-cuando-finalice-la-reforma-de-la-linea\\\/#primaryimage\"},\"image\":{\"@id\":\"https:\\\/\\\/www.copealcoy.es\\\/es\\\/mas-trenes-entre-alcoy-y-valencia-la-asignatura-pendiente-cuando-finalice-la-reforma-de-la-linea\\\/#primaryimage\"},\"thumbnailUrl\":\"https:\\\/\\\/www.copealcoy.es\\\/wp-content\\\/uploads\\\/2022\\\/11\\\/maxresdefault-1-1024x576-1.jpg\",\"datePublished\":\"2024-05-06T10:47:49+00:00\",\"dateModified\":\"2024-05-13T07:00:22+00:00\",\"author\":{\"@id\":\"https:\\\/\\\/www.copealcoy.es\\\/es\\\/#\\\/schema\\\/person\\\/e777c87fa024e57d40170af9df39882c\"},\"description\":\"'Salvem El Tren' considera que el siguiente paso tras la reforma del tren Alcoy-X\u00e0tiva es la ampliaci\u00f3n de horarios\",\"breadcrumb\":{\"@id\":\"https:\\\/\\\/www.copealcoy.es\\\/es\\\/mas-trenes-entre-alcoy-y-valencia-la-asignatura-pendiente-cuando-finalice-la-reforma-de-la-linea\\\/#breadcrumb\"},\"inLanguage\":\"es\",\"potentialAction\":[{\"@type\":\"ReadAction\",\"target\":[\"https:\\\/\\\/www.copealcoy.es\\\/es\\\/mas-trenes-entre-alcoy-y-valencia-la-asignatura-pendiente-cuando-finalice-la-reforma-de-la-linea\\\/\"]}]},{\"@type\":\"ImageObject\",\"inLanguage\":\"es\",\"@id\":\"https:\\\/\\\/www.copealcoy.es\\\/es\\\/mas-trenes-entre-alcoy-y-valencia-la-asignatura-pendiente-cuando-finalice-la-reforma-de-la-linea\\\/#primaryimage\",\"url\":\"https:\\\/\\\/www.copealcoy.es\\\/wp-content\\\/uploads\\\/2022\\\/11\\\/maxresdefault-1-1024x576-1.jpg\",\"contentUrl\":\"https:\\\/\\\/www.copealcoy.es\\\/wp-content\\\/uploads\\\/2022\\\/11\\\/maxresdefault-1-1024x576-1.jpg\",\"width\":1024,\"height\":576},{\"@type\":\"BreadcrumbList\",\"@id\":\"https:\\\/\\\/www.copealcoy.es\\\/es\\\/mas-trenes-entre-alcoy-y-valencia-la-asignatura-pendiente-cuando-finalice-la-reforma-de-la-linea\\\/#breadcrumb\",\"itemListElement\":[{\"@type\":\"ListItem\",\"position\":1,\"name\":\"Portada\",\"item\":\"https:\\\/\\\/www.copealcoy.es\\\/es\\\/\"},{\"@type\":\"ListItem\",\"position\":2,\"name\":\"M\u00e1s trenes entre Alcoy y Valencia, la asignatura pendiente cuando finalice la reforma de la l\u00ednea\"}]},{\"@type\":\"WebSite\",\"@id\":\"https:\\\/\\\/www.copealcoy.es\\\/es\\\/#website\",\"url\":\"https:\\\/\\\/www.copealcoy.es\\\/es\\\/\",\"name\":\"COPE Alcoy\",\"description\":\"Emisora COPE de radio local con emisi\u00f3n online. Pont de Sant Jordi 8-10 03803 Alcoy\",\"potentialAction\":[{\"@type\":\"SearchAction\",\"target\":{\"@type\":\"EntryPoint\",\"urlTemplate\":\"https:\\\/\\\/www.copealcoy.es\\\/es\\\/?s={search_term_string}\"},\"query-input\":{\"@type\":\"PropertyValueSpecification\",\"valueRequired\":true,\"valueName\":\"search_term_string\"}}],\"inLanguage\":\"es\"},{\"@type\":\"Person\",\"@id\":\"https:\\\/\\\/www.copealcoy.es\\\/es\\\/#\\\/schema\\\/person\\\/e777c87fa024e57d40170af9df39882c\",\"name\":\"Cope Alcoy\",\"image\":{\"@type\":\"ImageObject\",\"inLanguage\":\"es\",\"@id\":\"https:\\\/\\\/secure.gravatar.com\\\/avatar\\\/bb65d0283347e303893ba14f0692005417c1e0e690a325a4c5d8bb2b3943ee14?s=96&d=mm&r=g\",\"url\":\"https:\\\/\\\/secure.gravatar.com\\\/avatar\\\/bb65d0283347e303893ba14f0692005417c1e0e690a325a4c5d8bb2b3943ee14?s=96&d=mm&r=g\",\"contentUrl\":\"https:\\\/\\\/secure.gravatar.com\\\/avatar\\\/bb65d0283347e303893ba14f0692005417c1e0e690a325a4c5d8bb2b3943ee14?s=96&d=mm&r=g\",\"caption\":\"Cope Alcoy\"}}]}<\/script>\n<!-- \/ Yoast SEO plugin. -->","yoast_head_json":{"title":"M\u00e1s trenes entre Alcoy y Valencia, la asignatura pendiente cuando finalice la reforma de la l\u00ednea - COPE Alcoy","description":"'Salvem El Tren' considera que el siguiente paso tras la reforma del tren Alcoy-X\u00e0tiva es la ampliaci\u00f3n de horarios","robots":{"index":"index","follow":"follow","max-snippet":"max-snippet:-1","max-image-preview":"max-image-preview:large","max-video-preview":"max-video-preview:-1"},"canonical":"https:\/\/www.copealcoy.es\/es\/mas-trenes-entre-alcoy-y-valencia-la-asignatura-pendiente-cuando-finalice-la-reforma-de-la-linea\/","og_locale":"es_ES","og_type":"article","og_title":"M\u00e1s trenes entre Alcoy y Valencia, la asignatura pendiente cuando finalice la reforma de la l\u00ednea - COPE Alcoy","og_description":"'Salvem El Tren' considera que el siguiente paso tras la reforma del tren Alcoy-X\u00e0tiva es la ampliaci\u00f3n de horarios","og_url":"https:\/\/www.copealcoy.es\/es\/mas-trenes-entre-alcoy-y-valencia-la-asignatura-pendiente-cuando-finalice-la-reforma-de-la-linea\/","og_site_name":"COPE Alcoy","article_published_time":"2024-05-06T10:47:49+00:00","article_modified_time":"2024-05-13T07:00:22+00:00","og_image":[{"width":1024,"height":576,"url":"https:\/\/www.copealcoy.es\/wp-content\/uploads\/2022\/11\/maxresdefault-1-1024x576-1.jpg","type":"image\/jpeg"}],"author":"Cope Alcoy","twitter_misc":{"Escrito por":"Cope Alcoy","Tiempo de lectura":"2 minutos"},"schema":{"@context":"https:\/\/schema.org","@graph":[{"@type":"Article","@id":"https:\/\/www.copealcoy.es\/es\/mas-trenes-entre-alcoy-y-valencia-la-asignatura-pendiente-cuando-finalice-la-reforma-de-la-linea\/#article","isPartOf":{"@id":"https:\/\/www.copealcoy.es\/es\/mas-trenes-entre-alcoy-y-valencia-la-asignatura-pendiente-cuando-finalice-la-reforma-de-la-linea\/"},"author":{"name":"Cope Alcoy","@id":"https:\/\/www.copealcoy.es\/es\/#\/schema\/person\/e777c87fa024e57d40170af9df39882c"},"headline":"M\u00e1s trenes entre Alcoy y Valencia, la asignatura pendiente cuando finalice la reforma de la l\u00ednea","datePublished":"2024-05-06T10:47:49+00:00","dateModified":"2024-05-13T07:00:22+00:00","mainEntityOfPage":{"@id":"https:\/\/www.copealcoy.es\/es\/mas-trenes-entre-alcoy-y-valencia-la-asignatura-pendiente-cuando-finalice-la-reforma-de-la-linea\/"},"wordCount":453,"commentCount":0,"image":{"@id":"https:\/\/www.copealcoy.es\/es\/mas-trenes-entre-alcoy-y-valencia-la-asignatura-pendiente-cuando-finalice-la-reforma-de-la-linea\/#primaryimage"},"thumbnailUrl":"https:\/\/www.copealcoy.es\/wp-content\/uploads\/2022\/11\/maxresdefault-1-1024x576-1.jpg","keywords":["Alcoy","frecuencias de trenes","incremento","Salvem el Tren"],"articleSection":["Actualidad","Alcoy","Noticias","Portada"],"inLanguage":"es"},{"@type":"WebPage","@id":"https:\/\/www.copealcoy.es\/es\/mas-trenes-entre-alcoy-y-valencia-la-asignatura-pendiente-cuando-finalice-la-reforma-de-la-linea\/","url":"https:\/\/www.copealcoy.es\/es\/mas-trenes-entre-alcoy-y-valencia-la-asignatura-pendiente-cuando-finalice-la-reforma-de-la-linea\/","name":"M\u00e1s trenes entre Alcoy y Valencia, la asignatura pendiente cuando finalice la reforma de la l\u00ednea - COPE Alcoy","isPartOf":{"@id":"https:\/\/www.copealcoy.es\/es\/#website"},"primaryImageOfPage":{"@id":"https:\/\/www.copealcoy.es\/es\/mas-trenes-entre-alcoy-y-valencia-la-asignatura-pendiente-cuando-finalice-la-reforma-de-la-linea\/#primaryimage"},"image":{"@id":"https:\/\/www.copealcoy.es\/es\/mas-trenes-entre-alcoy-y-valencia-la-asignatura-pendiente-cuando-finalice-la-reforma-de-la-linea\/#primaryimage"},"thumbnailUrl":"https:\/\/www.copealcoy.es\/wp-content\/uploads\/2022\/11\/maxresdefault-1-1024x576-1.jpg","datePublished":"2024-05-06T10:47:49+00:00","dateModified":"2024-05-13T07:00:22+00:00","author":{"@id":"https:\/\/www.copealcoy.es\/es\/#\/schema\/person\/e777c87fa024e57d40170af9df39882c"},"description":"'Salvem El Tren' considera que el siguiente paso tras la reforma del tren Alcoy-X\u00e0tiva es la ampliaci\u00f3n de horarios","breadcrumb":{"@id":"https:\/\/www.copealcoy.es\/es\/mas-trenes-entre-alcoy-y-valencia-la-asignatura-pendiente-cuando-finalice-la-reforma-de-la-linea\/#breadcrumb"},"inLanguage":"es","potentialAction":[{"@type":"ReadAction","target":["https:\/\/www.copealcoy.es\/es\/mas-trenes-entre-alcoy-y-valencia-la-asignatura-pendiente-cuando-finalice-la-reforma-de-la-linea\/"]}]},{"@type":"ImageObject","inLanguage":"es","@id":"https:\/\/www.copealcoy.es\/es\/mas-trenes-entre-alcoy-y-valencia-la-asignatura-pendiente-cuando-finalice-la-reforma-de-la-linea\/#primaryimage","url":"https:\/\/www.copealcoy.es\/wp-content\/uploads\/2022\/11\/maxresdefault-1-1024x576-1.jpg","contentUrl":"https:\/\/www.copealcoy.es\/wp-content\/uploads\/2022\/11\/maxresdefault-1-1024x576-1.jpg","width":1024,"height":576},{"@type":"BreadcrumbList","@id":"https:\/\/www.copealcoy.es\/es\/mas-trenes-entre-alcoy-y-valencia-la-asignatura-pendiente-cuando-finalice-la-reforma-de-la-linea\/#breadcrumb","itemListElement":[{"@type":"ListItem","position":1,"name":"Portada","item":"https:\/\/www.copealcoy.es\/es\/"},{"@type":"ListItem","position":2,"name":"M\u00e1s trenes entre Alcoy y Valencia, la asignatura pendiente cuando finalice la reforma de la l\u00ednea"}]},{"@type":"WebSite","@id":"https:\/\/www.copealcoy.es\/es\/#website","url":"https:\/\/www.copealcoy.es\/es\/","name":"COPE Alcoy","description":"Emisora COPE de radio local con emisi\u00f3n online. Pont de Sant Jordi 8-10 03803 Alcoy","potentialAction":[{"@type":"SearchAction","target":{"@type":"EntryPoint","urlTemplate":"https:\/\/www.copealcoy.es\/es\/?s={search_term_string}"},"query-input":{"@type":"PropertyValueSpecification","valueRequired":true,"valueName":"search_term_string"}}],"inLanguage":"es"},{"@type":"Person","@id":"https:\/\/www.copealcoy.es\/es\/#\/schema\/person\/e777c87fa024e57d40170af9df39882c","name":"Cope Alcoy","image":{"@type":"ImageObject","inLanguage":"es","@id":"https:\/\/secure.gravatar.com\/avatar\/bb65d0283347e303893ba14f0692005417c1e0e690a325a4c5d8bb2b3943ee14?s=96&d=mm&r=g","url":"https:\/\/secure.gravatar.com\/avatar\/bb65d0283347e303893ba14f0692005417c1e0e690a325a4c5d8bb2b3943ee14?s=96&d=mm&r=g","contentUrl":"https:\/\/secure.gravatar.com\/avatar\/bb65d0283347e303893ba14f0692005417c1e0e690a325a4c5d8bb2b3943ee14?s=96&d=mm&r=g","caption":"Cope Alcoy"}}]}},"_links":{"self":[{"href":"https:\/\/www.copealcoy.es\/es\/wp-json\/wp\/v2\/posts\/133269","targetHints":{"allow":["GET"]}}],"collection":[{"href":"https:\/\/www.copealcoy.es\/es\/wp-json\/wp\/v2\/posts"}],"about":[{"href":"https:\/\/www.copealcoy.es\/es\/wp-json\/wp\/v2\/types\/post"}],"author":[{"embeddable":true,"href":"https:\/\/www.copealcoy.es\/es\/wp-json\/wp\/v2\/users\/1"}],"replies":[{"embeddable":true,"href":"https:\/\/www.copealcoy.es\/es\/wp-json\/wp\/v2\/comments?post=133269"}],"version-history":[{"count":0,"href":"https:\/\/www.copealcoy.es\/es\/wp-json\/wp\/v2\/posts\/133269\/revisions"}],"wp:featuredmedia":[{"embeddable":true,"href":"https:\/\/www.copealcoy.es\/es\/wp-json\/wp\/v2\/media\/94066"}],"wp:attachment":[{"href":"https:\/\/www.copealcoy.es\/es\/wp-json\/wp\/v2\/media?parent=133269"}],"wp:term":[{"taxonomy":"category","embeddable":true,"href":"https:\/\/www.copealcoy.es\/es\/wp-json\/wp\/v2\/categories?post=133269"},{"taxonomy":"post_tag","embeddable":true,"href":"https:\/\/www.copealcoy.es\/es\/wp-json\/wp\/v2\/tags?post=133269"}],"curies":[{"name":"wp","href":"https:\/\/api.w.org\/{rel}","templated":true}]}}