{"id":133067,"date":"2024-05-02T07:35:32","date_gmt":"2024-05-02T06:35:32","guid":{"rendered":"https:\/\/www.copealcoy.es\/?p=133067"},"modified":"2024-05-02T17:06:24","modified_gmt":"2024-05-02T16:06:24","slug":"mediodia-cope-alcoy-jueves-2-de-mayo-2024-1420h","status":"publish","type":"post","link":"https:\/\/www.copealcoy.es\/es\/mediodia-cope-alcoy-jueves-2-de-mayo-2024-1420h\/","title":{"rendered":"\u2018Mediod\u00eda Cope\u2019 Alcoy jueves 2 de mayo 2024 (14:20h)"},"content":{"rendered":"<p><iframe loading=\"lazy\" title=\"&#039;Mediod\u00eda Cope&#039; Alcoi Dijous 2 De Maig 2024 (14:20h)\" width=\"100%\" height=\"120\" src=\"https:\/\/www.mixcloud.com\/widget\/iframe\/?feed=https%3A%2F%2Fwww.mixcloud.com%2FCOPEAlcoy%2Fmediod%25C3%25ADa-cope-alcoi-dijous-2-de-maig-2024-1420h%2F&amp;hide_cover=1\" frameborder=\"0\"><\/iframe><\/p>\n<p style=\"text-align: justify;\">Hoy jueves hemos recordado <strong>el acuerdo suscrito entre Fundaci\u00f3n Mutua de Levante y el Ayuntamiento de Alcoy<\/strong> en materia de promoci\u00f3n cultural. Tambi\u00e9n hemos destacado que <strong>las consecuencias que podr\u00eda tener para las Fiestas de Alcoy la propuesta del Papa Francisco<\/strong> de que la Semana Santa siempre sea en una fecha fija en el calendario.<\/p>\n<p style=\"text-align: justify;\">A principios del pasado mes de abril trascendi\u00f3 la noticia,\u00a0<span style=\"color: #0000ff;\"><a style=\"color: #0000ff;\" href=\"https:\/\/www.religiondigital.org\/vaticano\/Francisco-posibilidad-cambiar-Pascua-Resurreccion-fecha-semana-santa_0_2654734516.html\" target=\"_blank\" rel=\"noopener\"><strong>en todos los medios de comunicaci\u00f3n internacionales<\/strong><\/a><\/span>, de que\u00a0<strong>el Papa Francisco pretende hacer realidad<\/strong>\u00a0\u00ab<em>un cambio hist\u00f3rico<\/em>\u00bb que t<strong>endr\u00eda un importante impacto<\/strong>\u00a0en las celebraciones de Semana Santa. Y es que el Sumo Pont\u00edfice\u00a0<strong>ha puesto sobre la mesa la posibilidad de que el Triduo Pascual quede fijado en una misma fecha todos los a\u00f1os<\/strong>\u00a0para unificar as\u00ed la celebraci\u00f3n de la Pascua entre todos los cristianos, cat\u00f3licos y ortodoxos.<\/p>\n<p style=\"text-align: justify;\">La idea podr\u00eda ser\u00a0<strong>una mera an\u00e9cdota<\/strong>\u00a0pero<strong>\u00a0tiene un gran calado en nuestra sociedad<\/strong>\u00a0<strong>actual<\/strong>\u00a0porque de la fecha de la Semana Santa\u00a0<strong>dependen<\/strong>\u00a0tradiciones anteriores a la Cuaresma como los Carnavales o costumbres posteriores a Pascua tan arraigadas como el Corpus Christi. Y si trasladamos esta cuesti\u00f3n al \u00e1mbito local\u00a0<strong>se abre un importante frente en relaci\u00f3n a las Fiestas de Moros y Cristianos de Alcoy<\/strong>\u00a0porque, como por todos es sabido, La Gloria pregona la trilog\u00eda en honor a San Jorge en Domingo de Resurrecci\u00f3n.<\/p>\n<p style=\"text-align: justify;\">Hay que recordar que,\u00a0<b>la Pascua de Resurrecci\u00f3n es el domingo inmediatamente posterior a la primera luna llena de la primavera<\/b>\u00a0(tras el equinoccio de marzo) y se fija empleando el c\u00e1lculo de la Luna llena astron\u00f3mica. De esta forma,\u00a0<b>la Semana Santa puede ocurrir tanto en marzo o en abril<\/b>, variando cada a\u00f1o sus fechas y hasta ahora, no coincidiendo de forma consecutiva. La modificaci\u00f3n a la que el Papa ha abierto la puerta\u00a0<strong>todav\u00eda no est\u00e1 concretada<\/strong>\u00a0y podr\u00edan barajarse opciones como adaptar el calendario\u00a0 gregoriano al juliano, o viceversa,\u00a0<b>o buscar una fecha de Pascua fija<\/b>, que podr\u00eda hacer coincidir todos los a\u00f1os el Domingo de Resurrecci\u00f3n en el segundo o tercer domingo de abril.<\/p>\n<p style=\"text-align: justify;\">Si esto pasara,\u00a0<strong>Alcoy se ver\u00eda obligada a hacer cambios importantes en la Festa\u00a0<\/strong>y habr\u00eda que\u00a0<strong>debatir cuestiones<\/strong>\u00a0significativas como un hipot\u00e9tico adelanto de La Gloria a principios de abril o celebrar los Moros y Cristianos siempre en el \u00faltimo fin de semana de este mes o atrasarlos m\u00e1s all\u00e1 hasta la primera semana de mayo.<\/p>\n<p style=\"text-align: justify;\">De prosperar <span style=\"color: #0000ff;\"><a style=\"color: #0000ff;\" href=\"https:\/\/www.abc.es\/sevilla\/pasionensevilla\/noticias-semana-santa-sevilla\/primer-golpe-fecha-fija-20240421183148-nts.html#:~:text=La%20fecha%20fija%20a%20partir,pero%20tampoco%20era%20algo%20esencial.\" target=\"_blank\" rel=\"noopener\"><strong>la iniciativa del Papa<\/strong><\/a><\/span>,\u00a0<strong>ver\u00edamos tambi\u00e9n como en varios a\u00f1os el 23 de abril se ver\u00eda afectado por la Semana Santa quedando fuera de la trilog\u00eda<\/strong>. Una\u00a0<strong>situaci\u00f3n que ya se dado en 2024<\/strong>, a\u00f1o en el que la festividad de San Jorge cay\u00f3 en el\u00a0<em>Dia del Descans\u00a0<\/em>tras adelantar las Fiestas a fin de semana y d\u00eda en el que se llevaron a cabo diversos actos religiosos en la ciudad para rendir un merecido homenaje al patr\u00f3n.<\/p>\n","protected":false},"excerpt":{"rendered":"<p>Hoy jueves hemos recordado el acuerdo suscrito entre Fundaci\u00f3n Mutua de Levante y el Ayuntamiento de Alcoy en materia de&#8230;<\/p>\n","protected":false},"author":1,"featured_media":110640,"comment_status":"open","ping_status":"open","sticky":false,"template":"","format":"standard","meta":{"footnotes":""},"categories":[6909,89,91],"tags":[],"class_list":["post-133067","post","type-post","status-publish","format-standard","has-post-thumbnail","hentry","category-actualidad","category-audiosdelosprogramas","category-informativos"],"yoast_head":"<!-- This site is optimized with the Yoast SEO plugin v27.3 - https:\/\/yoast.com\/product\/yoast-seo-wordpress\/ -->\n<title>\u2018Mediod\u00eda Cope\u2019 Alcoy jueves 2 de mayo 2024 (14:20h) - COPE Alcoy<\/title>\n<meta name=\"robots\" content=\"index, follow, max-snippet:-1, max-image-preview:large, max-video-preview:-1\" \/>\n<link rel=\"canonical\" href=\"https:\/\/www.copealcoy.es\/es\/mediodia-cope-alcoy-jueves-2-de-mayo-2024-1420h\/\" \/>\n<meta property=\"og:locale\" content=\"es_ES\" \/>\n<meta property=\"og:type\" content=\"article\" \/>\n<meta property=\"og:title\" content=\"\u2018Mediod\u00eda Cope\u2019 Alcoy jueves 2 de mayo 2024 (14:20h) - COPE Alcoy\" \/>\n<meta property=\"og:description\" content=\"Hoy jueves hemos recordado el acuerdo suscrito entre Fundaci\u00f3n Mutua de Levante y el Ayuntamiento de Alcoy en materia de...\" \/>\n<meta property=\"og:url\" content=\"https:\/\/www.copealcoy.es\/es\/mediodia-cope-alcoy-jueves-2-de-mayo-2024-1420h\/\" \/>\n<meta property=\"og:site_name\" content=\"COPE Alcoy\" \/>\n<meta property=\"article:published_time\" content=\"2024-05-02T06:35:32+00:00\" \/>\n<meta property=\"article:modified_time\" content=\"2024-05-02T16:06:24+00:00\" \/>\n<meta property=\"og:image\" content=\"https:\/\/www.copealcoy.es\/wp-content\/uploads\/2023\/02\/511E7C88-D9D5-47F4-AF32-2A62DF0D1586.png\" \/>\n\t<meta property=\"og:image:width\" content=\"357\" \/>\n\t<meta property=\"og:image:height\" content=\"290\" \/>\n\t<meta property=\"og:image:type\" content=\"image\/png\" \/>\n<meta name=\"author\" content=\"Cope Alcoy\" \/>\n<meta name=\"twitter:label1\" content=\"Escrito por\" \/>\n\t<meta name=\"twitter:data1\" content=\"Cope Alcoy\" \/>\n\t<meta name=\"twitter:label2\" content=\"Tiempo de lectura\" \/>\n\t<meta name=\"twitter:data2\" content=\"3 minutos\" \/>\n<script type=\"application\/ld+json\" class=\"yoast-schema-graph\">{\"@context\":\"https:\\\/\\\/schema.org\",\"@graph\":[{\"@type\":\"Article\",\"@id\":\"https:\\\/\\\/www.copealcoy.es\\\/es\\\/mediodia-cope-alcoy-jueves-2-de-mayo-2024-1420h\\\/#article\",\"isPartOf\":{\"@id\":\"https:\\\/\\\/www.copealcoy.es\\\/es\\\/mediodia-cope-alcoy-jueves-2-de-mayo-2024-1420h\\\/\"},\"author\":{\"name\":\"Cope Alcoy\",\"@id\":\"https:\\\/\\\/www.copealcoy.es\\\/es\\\/#\\\/schema\\\/person\\\/e777c87fa024e57d40170af9df39882c\"},\"headline\":\"\u2018Mediod\u00eda Cope\u2019 Alcoy jueves 2 de mayo 2024 (14:20h)\",\"datePublished\":\"2024-05-02T06:35:32+00:00\",\"dateModified\":\"2024-05-02T16:06:24+00:00\",\"mainEntityOfPage\":{\"@id\":\"https:\\\/\\\/www.copealcoy.es\\\/es\\\/mediodia-cope-alcoy-jueves-2-de-mayo-2024-1420h\\\/\"},\"wordCount\":537,\"commentCount\":0,\"image\":{\"@id\":\"https:\\\/\\\/www.copealcoy.es\\\/es\\\/mediodia-cope-alcoy-jueves-2-de-mayo-2024-1420h\\\/#primaryimage\"},\"thumbnailUrl\":\"https:\\\/\\\/www.copealcoy.es\\\/wp-content\\\/uploads\\\/2023\\\/02\\\/511E7C88-D9D5-47F4-AF32-2A62DF0D1586.png\",\"articleSection\":[\"Actualidad\",\"Audios de los programas\",\"Informativos\"],\"inLanguage\":\"es\"},{\"@type\":\"WebPage\",\"@id\":\"https:\\\/\\\/www.copealcoy.es\\\/es\\\/mediodia-cope-alcoy-jueves-2-de-mayo-2024-1420h\\\/\",\"url\":\"https:\\\/\\\/www.copealcoy.es\\\/es\\\/mediodia-cope-alcoy-jueves-2-de-mayo-2024-1420h\\\/\",\"name\":\"\u2018Mediod\u00eda Cope\u2019 Alcoy jueves 2 de mayo 2024 (14:20h) - COPE Alcoy\",\"isPartOf\":{\"@id\":\"https:\\\/\\\/www.copealcoy.es\\\/es\\\/#website\"},\"primaryImageOfPage\":{\"@id\":\"https:\\\/\\\/www.copealcoy.es\\\/es\\\/mediodia-cope-alcoy-jueves-2-de-mayo-2024-1420h\\\/#primaryimage\"},\"image\":{\"@id\":\"https:\\\/\\\/www.copealcoy.es\\\/es\\\/mediodia-cope-alcoy-jueves-2-de-mayo-2024-1420h\\\/#primaryimage\"},\"thumbnailUrl\":\"https:\\\/\\\/www.copealcoy.es\\\/wp-content\\\/uploads\\\/2023\\\/02\\\/511E7C88-D9D5-47F4-AF32-2A62DF0D1586.png\",\"datePublished\":\"2024-05-02T06:35:32+00:00\",\"dateModified\":\"2024-05-02T16:06:24+00:00\",\"author\":{\"@id\":\"https:\\\/\\\/www.copealcoy.es\\\/es\\\/#\\\/schema\\\/person\\\/e777c87fa024e57d40170af9df39882c\"},\"breadcrumb\":{\"@id\":\"https:\\\/\\\/www.copealcoy.es\\\/es\\\/mediodia-cope-alcoy-jueves-2-de-mayo-2024-1420h\\\/#breadcrumb\"},\"inLanguage\":\"es\",\"potentialAction\":[{\"@type\":\"ReadAction\",\"target\":[\"https:\\\/\\\/www.copealcoy.es\\\/es\\\/mediodia-cope-alcoy-jueves-2-de-mayo-2024-1420h\\\/\"]}]},{\"@type\":\"ImageObject\",\"inLanguage\":\"es\",\"@id\":\"https:\\\/\\\/www.copealcoy.es\\\/es\\\/mediodia-cope-alcoy-jueves-2-de-mayo-2024-1420h\\\/#primaryimage\",\"url\":\"https:\\\/\\\/www.copealcoy.es\\\/wp-content\\\/uploads\\\/2023\\\/02\\\/511E7C88-D9D5-47F4-AF32-2A62DF0D1586.png\",\"contentUrl\":\"https:\\\/\\\/www.copealcoy.es\\\/wp-content\\\/uploads\\\/2023\\\/02\\\/511E7C88-D9D5-47F4-AF32-2A62DF0D1586.png\",\"width\":357,\"height\":290},{\"@type\":\"BreadcrumbList\",\"@id\":\"https:\\\/\\\/www.copealcoy.es\\\/es\\\/mediodia-cope-alcoy-jueves-2-de-mayo-2024-1420h\\\/#breadcrumb\",\"itemListElement\":[{\"@type\":\"ListItem\",\"position\":1,\"name\":\"Portada\",\"item\":\"https:\\\/\\\/www.copealcoy.es\\\/es\\\/\"},{\"@type\":\"ListItem\",\"position\":2,\"name\":\"\u2018Mediod\u00eda Cope\u2019 Alcoy jueves 2 de mayo 2024 (14:20h)\"}]},{\"@type\":\"WebSite\",\"@id\":\"https:\\\/\\\/www.copealcoy.es\\\/es\\\/#website\",\"url\":\"https:\\\/\\\/www.copealcoy.es\\\/es\\\/\",\"name\":\"COPE Alcoy\",\"description\":\"Emisora COPE de radio local con emisi\u00f3n online. Pont de Sant Jordi 8-10 03803 Alcoy\",\"potentialAction\":[{\"@type\":\"SearchAction\",\"target\":{\"@type\":\"EntryPoint\",\"urlTemplate\":\"https:\\\/\\\/www.copealcoy.es\\\/es\\\/?s={search_term_string}\"},\"query-input\":{\"@type\":\"PropertyValueSpecification\",\"valueRequired\":true,\"valueName\":\"search_term_string\"}}],\"inLanguage\":\"es\"},{\"@type\":\"Person\",\"@id\":\"https:\\\/\\\/www.copealcoy.es\\\/es\\\/#\\\/schema\\\/person\\\/e777c87fa024e57d40170af9df39882c\",\"name\":\"Cope Alcoy\",\"image\":{\"@type\":\"ImageObject\",\"inLanguage\":\"es\",\"@id\":\"https:\\\/\\\/secure.gravatar.com\\\/avatar\\\/bb65d0283347e303893ba14f0692005417c1e0e690a325a4c5d8bb2b3943ee14?s=96&d=mm&r=g\",\"url\":\"https:\\\/\\\/secure.gravatar.com\\\/avatar\\\/bb65d0283347e303893ba14f0692005417c1e0e690a325a4c5d8bb2b3943ee14?s=96&d=mm&r=g\",\"contentUrl\":\"https:\\\/\\\/secure.gravatar.com\\\/avatar\\\/bb65d0283347e303893ba14f0692005417c1e0e690a325a4c5d8bb2b3943ee14?s=96&d=mm&r=g\",\"caption\":\"Cope Alcoy\"}}]}<\/script>\n<!-- \/ Yoast SEO plugin. -->","yoast_head_json":{"title":"\u2018Mediod\u00eda Cope\u2019 Alcoy jueves 2 de mayo 2024 (14:20h) - COPE Alcoy","robots":{"index":"index","follow":"follow","max-snippet":"max-snippet:-1","max-image-preview":"max-image-preview:large","max-video-preview":"max-video-preview:-1"},"canonical":"https:\/\/www.copealcoy.es\/es\/mediodia-cope-alcoy-jueves-2-de-mayo-2024-1420h\/","og_locale":"es_ES","og_type":"article","og_title":"\u2018Mediod\u00eda Cope\u2019 Alcoy jueves 2 de mayo 2024 (14:20h) - COPE Alcoy","og_description":"Hoy jueves hemos recordado el acuerdo suscrito entre Fundaci\u00f3n Mutua de Levante y el Ayuntamiento de Alcoy en materia de...","og_url":"https:\/\/www.copealcoy.es\/es\/mediodia-cope-alcoy-jueves-2-de-mayo-2024-1420h\/","og_site_name":"COPE Alcoy","article_published_time":"2024-05-02T06:35:32+00:00","article_modified_time":"2024-05-02T16:06:24+00:00","og_image":[{"width":357,"height":290,"url":"https:\/\/www.copealcoy.es\/wp-content\/uploads\/2023\/02\/511E7C88-D9D5-47F4-AF32-2A62DF0D1586.png","type":"image\/png"}],"author":"Cope Alcoy","twitter_misc":{"Escrito por":"Cope Alcoy","Tiempo de lectura":"3 minutos"},"schema":{"@context":"https:\/\/schema.org","@graph":[{"@type":"Article","@id":"https:\/\/www.copealcoy.es\/es\/mediodia-cope-alcoy-jueves-2-de-mayo-2024-1420h\/#article","isPartOf":{"@id":"https:\/\/www.copealcoy.es\/es\/mediodia-cope-alcoy-jueves-2-de-mayo-2024-1420h\/"},"author":{"name":"Cope Alcoy","@id":"https:\/\/www.copealcoy.es\/es\/#\/schema\/person\/e777c87fa024e57d40170af9df39882c"},"headline":"\u2018Mediod\u00eda Cope\u2019 Alcoy jueves 2 de mayo 2024 (14:20h)","datePublished":"2024-05-02T06:35:32+00:00","dateModified":"2024-05-02T16:06:24+00:00","mainEntityOfPage":{"@id":"https:\/\/www.copealcoy.es\/es\/mediodia-cope-alcoy-jueves-2-de-mayo-2024-1420h\/"},"wordCount":537,"commentCount":0,"image":{"@id":"https:\/\/www.copealcoy.es\/es\/mediodia-cope-alcoy-jueves-2-de-mayo-2024-1420h\/#primaryimage"},"thumbnailUrl":"https:\/\/www.copealcoy.es\/wp-content\/uploads\/2023\/02\/511E7C88-D9D5-47F4-AF32-2A62DF0D1586.png","articleSection":["Actualidad","Audios de los programas","Informativos"],"inLanguage":"es"},{"@type":"WebPage","@id":"https:\/\/www.copealcoy.es\/es\/mediodia-cope-alcoy-jueves-2-de-mayo-2024-1420h\/","url":"https:\/\/www.copealcoy.es\/es\/mediodia-cope-alcoy-jueves-2-de-mayo-2024-1420h\/","name":"\u2018Mediod\u00eda Cope\u2019 Alcoy jueves 2 de mayo 2024 (14:20h) - COPE Alcoy","isPartOf":{"@id":"https:\/\/www.copealcoy.es\/es\/#website"},"primaryImageOfPage":{"@id":"https:\/\/www.copealcoy.es\/es\/mediodia-cope-alcoy-jueves-2-de-mayo-2024-1420h\/#primaryimage"},"image":{"@id":"https:\/\/www.copealcoy.es\/es\/mediodia-cope-alcoy-jueves-2-de-mayo-2024-1420h\/#primaryimage"},"thumbnailUrl":"https:\/\/www.copealcoy.es\/wp-content\/uploads\/2023\/02\/511E7C88-D9D5-47F4-AF32-2A62DF0D1586.png","datePublished":"2024-05-02T06:35:32+00:00","dateModified":"2024-05-02T16:06:24+00:00","author":{"@id":"https:\/\/www.copealcoy.es\/es\/#\/schema\/person\/e777c87fa024e57d40170af9df39882c"},"breadcrumb":{"@id":"https:\/\/www.copealcoy.es\/es\/mediodia-cope-alcoy-jueves-2-de-mayo-2024-1420h\/#breadcrumb"},"inLanguage":"es","potentialAction":[{"@type":"ReadAction","target":["https:\/\/www.copealcoy.es\/es\/mediodia-cope-alcoy-jueves-2-de-mayo-2024-1420h\/"]}]},{"@type":"ImageObject","inLanguage":"es","@id":"https:\/\/www.copealcoy.es\/es\/mediodia-cope-alcoy-jueves-2-de-mayo-2024-1420h\/#primaryimage","url":"https:\/\/www.copealcoy.es\/wp-content\/uploads\/2023\/02\/511E7C88-D9D5-47F4-AF32-2A62DF0D1586.png","contentUrl":"https:\/\/www.copealcoy.es\/wp-content\/uploads\/2023\/02\/511E7C88-D9D5-47F4-AF32-2A62DF0D1586.png","width":357,"height":290},{"@type":"BreadcrumbList","@id":"https:\/\/www.copealcoy.es\/es\/mediodia-cope-alcoy-jueves-2-de-mayo-2024-1420h\/#breadcrumb","itemListElement":[{"@type":"ListItem","position":1,"name":"Portada","item":"https:\/\/www.copealcoy.es\/es\/"},{"@type":"ListItem","position":2,"name":"\u2018Mediod\u00eda Cope\u2019 Alcoy jueves 2 de mayo 2024 (14:20h)"}]},{"@type":"WebSite","@id":"https:\/\/www.copealcoy.es\/es\/#website","url":"https:\/\/www.copealcoy.es\/es\/","name":"COPE Alcoy","description":"Emisora COPE de radio local con emisi\u00f3n online. Pont de Sant Jordi 8-10 03803 Alcoy","potentialAction":[{"@type":"SearchAction","target":{"@type":"EntryPoint","urlTemplate":"https:\/\/www.copealcoy.es\/es\/?s={search_term_string}"},"query-input":{"@type":"PropertyValueSpecification","valueRequired":true,"valueName":"search_term_string"}}],"inLanguage":"es"},{"@type":"Person","@id":"https:\/\/www.copealcoy.es\/es\/#\/schema\/person\/e777c87fa024e57d40170af9df39882c","name":"Cope Alcoy","image":{"@type":"ImageObject","inLanguage":"es","@id":"https:\/\/secure.gravatar.com\/avatar\/bb65d0283347e303893ba14f0692005417c1e0e690a325a4c5d8bb2b3943ee14?s=96&d=mm&r=g","url":"https:\/\/secure.gravatar.com\/avatar\/bb65d0283347e303893ba14f0692005417c1e0e690a325a4c5d8bb2b3943ee14?s=96&d=mm&r=g","contentUrl":"https:\/\/secure.gravatar.com\/avatar\/bb65d0283347e303893ba14f0692005417c1e0e690a325a4c5d8bb2b3943ee14?s=96&d=mm&r=g","caption":"Cope Alcoy"}}]}},"_links":{"self":[{"href":"https:\/\/www.copealcoy.es\/es\/wp-json\/wp\/v2\/posts\/133067","targetHints":{"allow":["GET"]}}],"collection":[{"href":"https:\/\/www.copealcoy.es\/es\/wp-json\/wp\/v2\/posts"}],"about":[{"href":"https:\/\/www.copealcoy.es\/es\/wp-json\/wp\/v2\/types\/post"}],"author":[{"embeddable":true,"href":"https:\/\/www.copealcoy.es\/es\/wp-json\/wp\/v2\/users\/1"}],"replies":[{"embeddable":true,"href":"https:\/\/www.copealcoy.es\/es\/wp-json\/wp\/v2\/comments?post=133067"}],"version-history":[{"count":0,"href":"https:\/\/www.copealcoy.es\/es\/wp-json\/wp\/v2\/posts\/133067\/revisions"}],"wp:featuredmedia":[{"embeddable":true,"href":"https:\/\/www.copealcoy.es\/es\/wp-json\/wp\/v2\/media\/110640"}],"wp:attachment":[{"href":"https:\/\/www.copealcoy.es\/es\/wp-json\/wp\/v2\/media?parent=133067"}],"wp:term":[{"taxonomy":"category","embeddable":true,"href":"https:\/\/www.copealcoy.es\/es\/wp-json\/wp\/v2\/categories?post=133067"},{"taxonomy":"post_tag","embeddable":true,"href":"https:\/\/www.copealcoy.es\/es\/wp-json\/wp\/v2\/tags?post=133067"}],"curies":[{"name":"wp","href":"https:\/\/api.w.org\/{rel}","templated":true}]}}