{"id":133056,"date":"2024-05-02T16:44:53","date_gmt":"2024-05-02T15:44:53","guid":{"rendered":"https:\/\/www.copealcoy.es\/?p=133056"},"modified":"2024-05-03T11:03:34","modified_gmt":"2024-05-03T10:03:34","slug":"como-afectaria-a-las-fiestas-de-alcoy-la-propuesta-del-papa-de-una-fecha-fija-para-semana-santa","status":"publish","type":"post","link":"https:\/\/www.copealcoy.es\/es\/como-afectaria-a-las-fiestas-de-alcoy-la-propuesta-del-papa-de-una-fecha-fija-para-semana-santa\/","title":{"rendered":"\u00bfC\u00f3mo afectar\u00eda a las Fiestas de Alcoy la propuesta del Papa de una fecha fija para Semana Santa?"},"content":{"rendered":"<p style=\"text-align: justify;\">A principios del pasado mes de abril trascendi\u00f3 la noticia, <span style=\"color: #0000ff;\"><a style=\"color: #0000ff;\" href=\"https:\/\/www.religiondigital.org\/vaticano\/Francisco-posibilidad-cambiar-Pascua-Resurreccion-fecha-semana-santa_0_2654734516.html\" target=\"_blank\" rel=\"noopener\"><strong>en todos los medios de comunicaci\u00f3n internacionales<\/strong><\/a><\/span>, de que <strong>el Papa Francisco pretende hacer realidad<\/strong> &#8220;<em>un cambio hist\u00f3rico<\/em>&#8221; que t<strong>endr\u00eda un importante impacto<\/strong> en las celebraciones de Semana Santa. Y es que el Sumo Pont\u00edfice <strong>ha puesto sobre la mesa la posibilidad de que el Triduo Pascual quede fijado en una misma fecha todos los a\u00f1os<\/strong> para unificar as\u00ed la celebraci\u00f3n de la Pascua entre todos los cristianos, cat\u00f3licos y ortodoxos.<\/p>\n<p style=\"text-align: justify;\">La idea podr\u00eda ser <strong>una mera an\u00e9cdota<\/strong> pero<strong> tiene un gran calado en nuestra sociedad<\/strong> <strong>actual<\/strong> porque de la fecha de la Semana Santa <strong>dependen<\/strong> tradiciones anteriores a la Cuaresma como los Carnavales o costumbres posteriores a Pascua tan arraigadas como el Corpus Christi. Y si trasladamos esta cuesti\u00f3n al \u00e1mbito local <strong>se abre un importante frente en relaci\u00f3n a las Fiestas de Moros y Cristianos de Alcoy<\/strong> porque, como por todos es sabido, La Gloria pregona la trilog\u00eda en honor a San Jorge en Domingo de Resurrecci\u00f3n.<\/p>\n<p style=\"text-align: justify;\">Hay que recordar que, <b>la Pascua de Resurrecci\u00f3n es el domingo inmediatamente posterior a la primera luna llena de la primavera<\/b> (tras el equinoccio de marzo) y se fija empleando el c\u00e1lculo de la Luna llena astron\u00f3mica. De esta forma, <b>la Semana Santa puede ocurrir tanto en marzo o en abril<\/b>, variando cada a\u00f1o sus fechas y hasta ahora, no coincidiendo de forma consecutiva. La modificaci\u00f3n a la que el Papa ha abierto la puerta <strong>todav\u00eda no est\u00e1 concretada<\/strong> y podr\u00edan barajarse opciones como adaptar el calendario\u00a0 gregoriano al juliano, o viceversa, <b>o buscar una fecha de Pascua fija<\/b>, que podr\u00eda hacer coincidir todos los a\u00f1os el Domingo de Resurrecci\u00f3n en el segundo o tercer domingo de abril.<\/p>\n<p style=\"text-align: justify;\">Si esto pasara, <strong>Alcoy se ver\u00eda obligada a hacer cambios importantes en la Festa\u00a0<\/strong>y habr\u00eda que <strong>debatir cuestiones<\/strong> significativas como un hipot\u00e9tico adelanto de La Gloria a principios de abril, celebrar los Moros y Cristianos siempre en el \u00faltimo fin de semana de este mes o atrasarlos\u00a0 hasta la primera semana de mayo.<\/p>\n<p style=\"text-align: justify;\">Unos <strong>futuribles<\/strong> que no pasan desapercibidos para los representantes pol\u00edticos de nuestra ciudad. A ello se refer\u00edan esta semana en el<strong> #TiempoDeAn\u00e1lisis<\/strong> de COPE ALCOY Jordi Mart\u00ednez (portavoz del PSOE y edil de Fiestas) y <strong>Kico Cant\u00f3<\/strong> (concejal del Partidor Popular):<\/p>\n<audio class=\"wp-audio-shortcode\" id=\"audio-133056-1\" preload=\"none\" style=\"width: 100%;\" controls=\"controls\"><source type=\"audio\/mpeg\" src=\"https:\/\/www.copealcoy.es\/wp-content\/uploads\/2024\/05\/2024.05.02-JORDI-MARTINEZ-FIESTAS-PASCUA-MEDIODIA.mp3?_=1\" \/><a href=\"https:\/\/www.copealcoy.es\/wp-content\/uploads\/2024\/05\/2024.05.02-JORDI-MARTINEZ-FIESTAS-PASCUA-MEDIODIA.mp3\">https:\/\/www.copealcoy.es\/wp-content\/uploads\/2024\/05\/2024.05.02-JORDI-MARTINEZ-FIESTAS-PASCUA-MEDIODIA.mp3<\/a><\/audio>\n<p>&nbsp;<\/p>\n<audio class=\"wp-audio-shortcode\" id=\"audio-133056-2\" preload=\"none\" style=\"width: 100%;\" controls=\"controls\"><source type=\"audio\/mpeg\" src=\"https:\/\/www.copealcoy.es\/wp-content\/uploads\/2024\/05\/2024.05.02-KICO-CANTO-FIESTAS-PASCUA-MEDIODIA.mp3?_=2\" \/><a href=\"https:\/\/www.copealcoy.es\/wp-content\/uploads\/2024\/05\/2024.05.02-KICO-CANTO-FIESTAS-PASCUA-MEDIODIA.mp3\">https:\/\/www.copealcoy.es\/wp-content\/uploads\/2024\/05\/2024.05.02-KICO-CANTO-FIESTAS-PASCUA-MEDIODIA.mp3<\/a><\/audio>\n<p>&nbsp;<\/p>\n<p style=\"text-align: justify;\">De prosperar <a href=\"https:\/\/www.abc.es\/sevilla\/pasionensevilla\/noticias-semana-santa-sevilla\/primer-golpe-fecha-fija-20240421183148-nts.html#:~:text=La%20fecha%20fija%20a%20partir,pero%20tampoco%20era%20algo%20esencial.\" target=\"_blank\" rel=\"noopener\"><strong><span style=\"color: #0000ff;\">la iniciativa del Papa<\/span><\/strong><\/a>, <strong>contemplar\u00edamos tambi\u00e9n como en varios a\u00f1os el 23 de abril se ver\u00eda afectado por la Semana Santa quedando fuera de la trilog\u00eda<\/strong>. Una <strong>situaci\u00f3n que ya se dado en 2024<\/strong>, a\u00f1o en el que la festividad de San Jorge cay\u00f3 en el\u00a0<em>Dia del Descans\u00a0<\/em>tras adelantar las Fiestas a fin de semana y d\u00eda en el que se llevaron a cabo diversos actos religiosos en la ciudad para rendir un merecido homenaje al patr\u00f3n.<\/p>\n","protected":false},"excerpt":{"rendered":"<p>A principios del pasado mes de abril trascendi\u00f3 la noticia, en todos los medios de comunicaci\u00f3n internacionales, de que el&#8230;<\/p>\n","protected":false},"author":1,"featured_media":131365,"comment_status":"open","ping_status":"open","sticky":false,"template":"","format":"standard","meta":{"footnotes":""},"categories":[6909,97,78,75,125],"tags":[1494,565,609,10459,4688,745],"class_list":["post-133056","post","type-post","status-publish","format-standard","has-post-thumbnail","hentry","category-actualidad","category-alcoy","category-fiestaycultura","category-noticias","category-portada","tag-alcoy","tag-fiestas","tag-moros-y-cristianos","tag-papa-francisco","tag-propuesta","tag-semana-santa"],"yoast_head":"<!-- This site is optimized with the Yoast SEO plugin v27.3 - https:\/\/yoast.com\/product\/yoast-seo-wordpress\/ -->\n<title>\u00bfC\u00f3mo afectar\u00eda a las Fiestas de Alcoy la propuesta del Papa de una fecha fija para Semana Santa? - COPE Alcoy<\/title>\n<meta name=\"description\" content=\"La idea que baraja el Papa de fijar la Semana Santa en una misma fecha todos los a\u00f1os traer\u00eda consecuencias para las Fiestas de Alcoy\" \/>\n<meta name=\"robots\" content=\"index, follow, max-snippet:-1, max-image-preview:large, max-video-preview:-1\" \/>\n<link rel=\"canonical\" href=\"https:\/\/www.copealcoy.es\/es\/como-afectaria-a-las-fiestas-de-alcoy-la-propuesta-del-papa-de-una-fecha-fija-para-semana-santa\/\" \/>\n<meta property=\"og:locale\" content=\"es_ES\" \/>\n<meta property=\"og:type\" content=\"article\" \/>\n<meta property=\"og:title\" content=\"\u00bfC\u00f3mo afectar\u00eda a las Fiestas de Alcoy la propuesta del Papa de una fecha fija para Semana Santa? - COPE Alcoy\" \/>\n<meta property=\"og:description\" content=\"La idea que baraja el Papa de fijar la Semana Santa en una misma fecha todos los a\u00f1os traer\u00eda consecuencias para las Fiestas de Alcoy\" \/>\n<meta property=\"og:url\" content=\"https:\/\/www.copealcoy.es\/es\/como-afectaria-a-las-fiestas-de-alcoy-la-propuesta-del-papa-de-una-fecha-fija-para-semana-santa\/\" \/>\n<meta property=\"og:site_name\" content=\"COPE Alcoy\" \/>\n<meta property=\"article:published_time\" content=\"2024-05-02T15:44:53+00:00\" \/>\n<meta property=\"article:modified_time\" content=\"2024-05-03T10:03:34+00:00\" \/>\n<meta property=\"og:image\" content=\"https:\/\/www.copealcoy.es\/wp-content\/uploads\/2024\/04\/unnamed-2-scaled.jpg\" \/>\n\t<meta property=\"og:image:width\" content=\"1591\" \/>\n\t<meta property=\"og:image:height\" content=\"1080\" \/>\n\t<meta property=\"og:image:type\" content=\"image\/jpeg\" \/>\n<meta name=\"author\" content=\"Cope Alcoy\" \/>\n<meta name=\"twitter:label1\" content=\"Escrito por\" \/>\n\t<meta name=\"twitter:data1\" content=\"Cope Alcoy\" \/>\n\t<meta name=\"twitter:label2\" content=\"Tiempo de lectura\" \/>\n\t<meta name=\"twitter:data2\" content=\"3 minutos\" \/>\n<script type=\"application\/ld+json\" class=\"yoast-schema-graph\">{\"@context\":\"https:\\\/\\\/schema.org\",\"@graph\":[{\"@type\":\"Article\",\"@id\":\"https:\\\/\\\/www.copealcoy.es\\\/es\\\/como-afectaria-a-las-fiestas-de-alcoy-la-propuesta-del-papa-de-una-fecha-fija-para-semana-santa\\\/#article\",\"isPartOf\":{\"@id\":\"https:\\\/\\\/www.copealcoy.es\\\/es\\\/como-afectaria-a-las-fiestas-de-alcoy-la-propuesta-del-papa-de-una-fecha-fija-para-semana-santa\\\/\"},\"author\":{\"name\":\"Cope Alcoy\",\"@id\":\"https:\\\/\\\/www.copealcoy.es\\\/es\\\/#\\\/schema\\\/person\\\/e777c87fa024e57d40170af9df39882c\"},\"headline\":\"\u00bfC\u00f3mo afectar\u00eda a las Fiestas de Alcoy la propuesta del Papa de una fecha fija para Semana Santa?\",\"datePublished\":\"2024-05-02T15:44:53+00:00\",\"dateModified\":\"2024-05-03T10:03:34+00:00\",\"mainEntityOfPage\":{\"@id\":\"https:\\\/\\\/www.copealcoy.es\\\/es\\\/como-afectaria-a-las-fiestas-de-alcoy-la-propuesta-del-papa-de-una-fecha-fija-para-semana-santa\\\/\"},\"wordCount\":544,\"commentCount\":0,\"image\":{\"@id\":\"https:\\\/\\\/www.copealcoy.es\\\/es\\\/como-afectaria-a-las-fiestas-de-alcoy-la-propuesta-del-papa-de-una-fecha-fija-para-semana-santa\\\/#primaryimage\"},\"thumbnailUrl\":\"https:\\\/\\\/www.copealcoy.es\\\/wp-content\\\/uploads\\\/2024\\\/04\\\/unnamed-2-scaled.jpg\",\"keywords\":[\"Alcoy\",\"Fiestas\",\"Moros Y Cristianos\",\"Papa Francisco\",\"propuesta\",\"Semana Santa\"],\"articleSection\":[\"Actualidad\",\"Alcoy\",\"Fiesta y Cultura\",\"Noticias\",\"Portada\"],\"inLanguage\":\"es\"},{\"@type\":\"WebPage\",\"@id\":\"https:\\\/\\\/www.copealcoy.es\\\/es\\\/como-afectaria-a-las-fiestas-de-alcoy-la-propuesta-del-papa-de-una-fecha-fija-para-semana-santa\\\/\",\"url\":\"https:\\\/\\\/www.copealcoy.es\\\/es\\\/como-afectaria-a-las-fiestas-de-alcoy-la-propuesta-del-papa-de-una-fecha-fija-para-semana-santa\\\/\",\"name\":\"\u00bfC\u00f3mo afectar\u00eda a las Fiestas de Alcoy la propuesta del Papa de una fecha fija para Semana Santa? - COPE Alcoy\",\"isPartOf\":{\"@id\":\"https:\\\/\\\/www.copealcoy.es\\\/es\\\/#website\"},\"primaryImageOfPage\":{\"@id\":\"https:\\\/\\\/www.copealcoy.es\\\/es\\\/como-afectaria-a-las-fiestas-de-alcoy-la-propuesta-del-papa-de-una-fecha-fija-para-semana-santa\\\/#primaryimage\"},\"image\":{\"@id\":\"https:\\\/\\\/www.copealcoy.es\\\/es\\\/como-afectaria-a-las-fiestas-de-alcoy-la-propuesta-del-papa-de-una-fecha-fija-para-semana-santa\\\/#primaryimage\"},\"thumbnailUrl\":\"https:\\\/\\\/www.copealcoy.es\\\/wp-content\\\/uploads\\\/2024\\\/04\\\/unnamed-2-scaled.jpg\",\"datePublished\":\"2024-05-02T15:44:53+00:00\",\"dateModified\":\"2024-05-03T10:03:34+00:00\",\"author\":{\"@id\":\"https:\\\/\\\/www.copealcoy.es\\\/es\\\/#\\\/schema\\\/person\\\/e777c87fa024e57d40170af9df39882c\"},\"description\":\"La idea que baraja el Papa de fijar la Semana Santa en una misma fecha todos los a\u00f1os traer\u00eda consecuencias para las Fiestas de Alcoy\",\"breadcrumb\":{\"@id\":\"https:\\\/\\\/www.copealcoy.es\\\/es\\\/como-afectaria-a-las-fiestas-de-alcoy-la-propuesta-del-papa-de-una-fecha-fija-para-semana-santa\\\/#breadcrumb\"},\"inLanguage\":\"es\",\"potentialAction\":[{\"@type\":\"ReadAction\",\"target\":[\"https:\\\/\\\/www.copealcoy.es\\\/es\\\/como-afectaria-a-las-fiestas-de-alcoy-la-propuesta-del-papa-de-una-fecha-fija-para-semana-santa\\\/\"]}]},{\"@type\":\"ImageObject\",\"inLanguage\":\"es\",\"@id\":\"https:\\\/\\\/www.copealcoy.es\\\/es\\\/como-afectaria-a-las-fiestas-de-alcoy-la-propuesta-del-papa-de-una-fecha-fija-para-semana-santa\\\/#primaryimage\",\"url\":\"https:\\\/\\\/www.copealcoy.es\\\/wp-content\\\/uploads\\\/2024\\\/04\\\/unnamed-2-scaled.jpg\",\"contentUrl\":\"https:\\\/\\\/www.copealcoy.es\\\/wp-content\\\/uploads\\\/2024\\\/04\\\/unnamed-2-scaled.jpg\",\"width\":1591,\"height\":1080},{\"@type\":\"BreadcrumbList\",\"@id\":\"https:\\\/\\\/www.copealcoy.es\\\/es\\\/como-afectaria-a-las-fiestas-de-alcoy-la-propuesta-del-papa-de-una-fecha-fija-para-semana-santa\\\/#breadcrumb\",\"itemListElement\":[{\"@type\":\"ListItem\",\"position\":1,\"name\":\"Portada\",\"item\":\"https:\\\/\\\/www.copealcoy.es\\\/es\\\/\"},{\"@type\":\"ListItem\",\"position\":2,\"name\":\"\u00bfC\u00f3mo afectar\u00eda a las Fiestas de Alcoy la propuesta del Papa de una fecha fija para Semana Santa?\"}]},{\"@type\":\"WebSite\",\"@id\":\"https:\\\/\\\/www.copealcoy.es\\\/es\\\/#website\",\"url\":\"https:\\\/\\\/www.copealcoy.es\\\/es\\\/\",\"name\":\"COPE Alcoy\",\"description\":\"Emisora COPE de radio local con emisi\u00f3n online. Pont de Sant Jordi 8-10 03803 Alcoy\",\"potentialAction\":[{\"@type\":\"SearchAction\",\"target\":{\"@type\":\"EntryPoint\",\"urlTemplate\":\"https:\\\/\\\/www.copealcoy.es\\\/es\\\/?s={search_term_string}\"},\"query-input\":{\"@type\":\"PropertyValueSpecification\",\"valueRequired\":true,\"valueName\":\"search_term_string\"}}],\"inLanguage\":\"es\"},{\"@type\":\"Person\",\"@id\":\"https:\\\/\\\/www.copealcoy.es\\\/es\\\/#\\\/schema\\\/person\\\/e777c87fa024e57d40170af9df39882c\",\"name\":\"Cope Alcoy\",\"image\":{\"@type\":\"ImageObject\",\"inLanguage\":\"es\",\"@id\":\"https:\\\/\\\/secure.gravatar.com\\\/avatar\\\/bb65d0283347e303893ba14f0692005417c1e0e690a325a4c5d8bb2b3943ee14?s=96&d=mm&r=g\",\"url\":\"https:\\\/\\\/secure.gravatar.com\\\/avatar\\\/bb65d0283347e303893ba14f0692005417c1e0e690a325a4c5d8bb2b3943ee14?s=96&d=mm&r=g\",\"contentUrl\":\"https:\\\/\\\/secure.gravatar.com\\\/avatar\\\/bb65d0283347e303893ba14f0692005417c1e0e690a325a4c5d8bb2b3943ee14?s=96&d=mm&r=g\",\"caption\":\"Cope Alcoy\"}}]}<\/script>\n<!-- \/ Yoast SEO plugin. -->","yoast_head_json":{"title":"\u00bfC\u00f3mo afectar\u00eda a las Fiestas de Alcoy la propuesta del Papa de una fecha fija para Semana Santa? - COPE Alcoy","description":"La idea que baraja el Papa de fijar la Semana Santa en una misma fecha todos los a\u00f1os traer\u00eda consecuencias para las Fiestas de Alcoy","robots":{"index":"index","follow":"follow","max-snippet":"max-snippet:-1","max-image-preview":"max-image-preview:large","max-video-preview":"max-video-preview:-1"},"canonical":"https:\/\/www.copealcoy.es\/es\/como-afectaria-a-las-fiestas-de-alcoy-la-propuesta-del-papa-de-una-fecha-fija-para-semana-santa\/","og_locale":"es_ES","og_type":"article","og_title":"\u00bfC\u00f3mo afectar\u00eda a las Fiestas de Alcoy la propuesta del Papa de una fecha fija para Semana Santa? - COPE Alcoy","og_description":"La idea que baraja el Papa de fijar la Semana Santa en una misma fecha todos los a\u00f1os traer\u00eda consecuencias para las Fiestas de Alcoy","og_url":"https:\/\/www.copealcoy.es\/es\/como-afectaria-a-las-fiestas-de-alcoy-la-propuesta-del-papa-de-una-fecha-fija-para-semana-santa\/","og_site_name":"COPE Alcoy","article_published_time":"2024-05-02T15:44:53+00:00","article_modified_time":"2024-05-03T10:03:34+00:00","og_image":[{"width":1591,"height":1080,"url":"https:\/\/www.copealcoy.es\/wp-content\/uploads\/2024\/04\/unnamed-2-scaled.jpg","type":"image\/jpeg"}],"author":"Cope Alcoy","twitter_misc":{"Escrito por":"Cope Alcoy","Tiempo de lectura":"3 minutos"},"schema":{"@context":"https:\/\/schema.org","@graph":[{"@type":"Article","@id":"https:\/\/www.copealcoy.es\/es\/como-afectaria-a-las-fiestas-de-alcoy-la-propuesta-del-papa-de-una-fecha-fija-para-semana-santa\/#article","isPartOf":{"@id":"https:\/\/www.copealcoy.es\/es\/como-afectaria-a-las-fiestas-de-alcoy-la-propuesta-del-papa-de-una-fecha-fija-para-semana-santa\/"},"author":{"name":"Cope Alcoy","@id":"https:\/\/www.copealcoy.es\/es\/#\/schema\/person\/e777c87fa024e57d40170af9df39882c"},"headline":"\u00bfC\u00f3mo afectar\u00eda a las Fiestas de Alcoy la propuesta del Papa de una fecha fija para Semana Santa?","datePublished":"2024-05-02T15:44:53+00:00","dateModified":"2024-05-03T10:03:34+00:00","mainEntityOfPage":{"@id":"https:\/\/www.copealcoy.es\/es\/como-afectaria-a-las-fiestas-de-alcoy-la-propuesta-del-papa-de-una-fecha-fija-para-semana-santa\/"},"wordCount":544,"commentCount":0,"image":{"@id":"https:\/\/www.copealcoy.es\/es\/como-afectaria-a-las-fiestas-de-alcoy-la-propuesta-del-papa-de-una-fecha-fija-para-semana-santa\/#primaryimage"},"thumbnailUrl":"https:\/\/www.copealcoy.es\/wp-content\/uploads\/2024\/04\/unnamed-2-scaled.jpg","keywords":["Alcoy","Fiestas","Moros Y Cristianos","Papa Francisco","propuesta","Semana Santa"],"articleSection":["Actualidad","Alcoy","Fiesta y Cultura","Noticias","Portada"],"inLanguage":"es"},{"@type":"WebPage","@id":"https:\/\/www.copealcoy.es\/es\/como-afectaria-a-las-fiestas-de-alcoy-la-propuesta-del-papa-de-una-fecha-fija-para-semana-santa\/","url":"https:\/\/www.copealcoy.es\/es\/como-afectaria-a-las-fiestas-de-alcoy-la-propuesta-del-papa-de-una-fecha-fija-para-semana-santa\/","name":"\u00bfC\u00f3mo afectar\u00eda a las Fiestas de Alcoy la propuesta del Papa de una fecha fija para Semana Santa? - COPE Alcoy","isPartOf":{"@id":"https:\/\/www.copealcoy.es\/es\/#website"},"primaryImageOfPage":{"@id":"https:\/\/www.copealcoy.es\/es\/como-afectaria-a-las-fiestas-de-alcoy-la-propuesta-del-papa-de-una-fecha-fija-para-semana-santa\/#primaryimage"},"image":{"@id":"https:\/\/www.copealcoy.es\/es\/como-afectaria-a-las-fiestas-de-alcoy-la-propuesta-del-papa-de-una-fecha-fija-para-semana-santa\/#primaryimage"},"thumbnailUrl":"https:\/\/www.copealcoy.es\/wp-content\/uploads\/2024\/04\/unnamed-2-scaled.jpg","datePublished":"2024-05-02T15:44:53+00:00","dateModified":"2024-05-03T10:03:34+00:00","author":{"@id":"https:\/\/www.copealcoy.es\/es\/#\/schema\/person\/e777c87fa024e57d40170af9df39882c"},"description":"La idea que baraja el Papa de fijar la Semana Santa en una misma fecha todos los a\u00f1os traer\u00eda consecuencias para las Fiestas de Alcoy","breadcrumb":{"@id":"https:\/\/www.copealcoy.es\/es\/como-afectaria-a-las-fiestas-de-alcoy-la-propuesta-del-papa-de-una-fecha-fija-para-semana-santa\/#breadcrumb"},"inLanguage":"es","potentialAction":[{"@type":"ReadAction","target":["https:\/\/www.copealcoy.es\/es\/como-afectaria-a-las-fiestas-de-alcoy-la-propuesta-del-papa-de-una-fecha-fija-para-semana-santa\/"]}]},{"@type":"ImageObject","inLanguage":"es","@id":"https:\/\/www.copealcoy.es\/es\/como-afectaria-a-las-fiestas-de-alcoy-la-propuesta-del-papa-de-una-fecha-fija-para-semana-santa\/#primaryimage","url":"https:\/\/www.copealcoy.es\/wp-content\/uploads\/2024\/04\/unnamed-2-scaled.jpg","contentUrl":"https:\/\/www.copealcoy.es\/wp-content\/uploads\/2024\/04\/unnamed-2-scaled.jpg","width":1591,"height":1080},{"@type":"BreadcrumbList","@id":"https:\/\/www.copealcoy.es\/es\/como-afectaria-a-las-fiestas-de-alcoy-la-propuesta-del-papa-de-una-fecha-fija-para-semana-santa\/#breadcrumb","itemListElement":[{"@type":"ListItem","position":1,"name":"Portada","item":"https:\/\/www.copealcoy.es\/es\/"},{"@type":"ListItem","position":2,"name":"\u00bfC\u00f3mo afectar\u00eda a las Fiestas de Alcoy la propuesta del Papa de una fecha fija para Semana Santa?"}]},{"@type":"WebSite","@id":"https:\/\/www.copealcoy.es\/es\/#website","url":"https:\/\/www.copealcoy.es\/es\/","name":"COPE Alcoy","description":"Emisora COPE de radio local con emisi\u00f3n online. Pont de Sant Jordi 8-10 03803 Alcoy","potentialAction":[{"@type":"SearchAction","target":{"@type":"EntryPoint","urlTemplate":"https:\/\/www.copealcoy.es\/es\/?s={search_term_string}"},"query-input":{"@type":"PropertyValueSpecification","valueRequired":true,"valueName":"search_term_string"}}],"inLanguage":"es"},{"@type":"Person","@id":"https:\/\/www.copealcoy.es\/es\/#\/schema\/person\/e777c87fa024e57d40170af9df39882c","name":"Cope Alcoy","image":{"@type":"ImageObject","inLanguage":"es","@id":"https:\/\/secure.gravatar.com\/avatar\/bb65d0283347e303893ba14f0692005417c1e0e690a325a4c5d8bb2b3943ee14?s=96&d=mm&r=g","url":"https:\/\/secure.gravatar.com\/avatar\/bb65d0283347e303893ba14f0692005417c1e0e690a325a4c5d8bb2b3943ee14?s=96&d=mm&r=g","contentUrl":"https:\/\/secure.gravatar.com\/avatar\/bb65d0283347e303893ba14f0692005417c1e0e690a325a4c5d8bb2b3943ee14?s=96&d=mm&r=g","caption":"Cope Alcoy"}}]}},"_links":{"self":[{"href":"https:\/\/www.copealcoy.es\/es\/wp-json\/wp\/v2\/posts\/133056","targetHints":{"allow":["GET"]}}],"collection":[{"href":"https:\/\/www.copealcoy.es\/es\/wp-json\/wp\/v2\/posts"}],"about":[{"href":"https:\/\/www.copealcoy.es\/es\/wp-json\/wp\/v2\/types\/post"}],"author":[{"embeddable":true,"href":"https:\/\/www.copealcoy.es\/es\/wp-json\/wp\/v2\/users\/1"}],"replies":[{"embeddable":true,"href":"https:\/\/www.copealcoy.es\/es\/wp-json\/wp\/v2\/comments?post=133056"}],"version-history":[{"count":0,"href":"https:\/\/www.copealcoy.es\/es\/wp-json\/wp\/v2\/posts\/133056\/revisions"}],"wp:featuredmedia":[{"embeddable":true,"href":"https:\/\/www.copealcoy.es\/es\/wp-json\/wp\/v2\/media\/131365"}],"wp:attachment":[{"href":"https:\/\/www.copealcoy.es\/es\/wp-json\/wp\/v2\/media?parent=133056"}],"wp:term":[{"taxonomy":"category","embeddable":true,"href":"https:\/\/www.copealcoy.es\/es\/wp-json\/wp\/v2\/categories?post=133056"},{"taxonomy":"post_tag","embeddable":true,"href":"https:\/\/www.copealcoy.es\/es\/wp-json\/wp\/v2\/tags?post=133056"}],"curies":[{"name":"wp","href":"https:\/\/api.w.org\/{rel}","templated":true}]}}