{"id":132976,"date":"2024-04-19T11:49:28","date_gmt":"2024-04-19T10:49:28","guid":{"rendered":"https:\/\/www.copealcoy.es\/?p=132976"},"modified":"2024-04-29T18:53:24","modified_gmt":"2024-04-29T17:53:24","slug":"mauro-abellan-bravo-a-punto-de-hacer-realidad-el-sueno-de-ser-sant-jordiet","status":"publish","type":"post","link":"https:\/\/www.copealcoy.es\/es\/mauro-abellan-bravo-a-punto-de-hacer-realidad-el-sueno-de-ser-sant-jordiet\/","title":{"rendered":"Mauro Abell\u00e1n Bravo, a punto de hacer realidad el sue\u00f1o de ser Sant Jordiet"},"content":{"rendered":"<p style=\"text-align: justify;\">Alcoy <strong>cuenta ya las horas para que comiencen las Fiestas de Moros y Cristianos del 2024<\/strong> en honor a San Jorge y en estos momentos hay un protagonista de <strong>la inminente trilog\u00eda<\/strong> que espera con gran ilusi\u00f3n a que todo empiece. Se trata de <strong>Mauro Abell\u00e1n Bravo<\/strong>, el peque\u00f1o que encarna al personaje de <a href=\"https:\/\/www.copealcoy.es\/asi-es-mauro-abellan-sant-jordiet-2024-de-alcoy\/\" target=\"_blank\" rel=\"noopener\"><strong><span style=\"color: #0000ff;\">Sant Jordiet<\/span><\/strong><\/a>.<\/p>\n<p style=\"text-align: justify;\">Tanto el protagonista como su familia se encuentran ultimando <strong>unos preparativos que desde el pasado mes de junio han estado materializando a caballo entre Alcoy y Madrid<\/strong>. Y es que <strong>Mauro reside en la capital de Espa\u00f1a<\/strong> pero <strong>mantiene muy intactas las ra\u00edces que le conectan con la capital de l&#8217;Alcoi\u00e0<\/strong> &#8220;<em>yo soy de aqu\u00ed y mi mujer es de Sevilla. A trav\u00e9s de un amigo que la invit\u00f3 a ella a descubrir las Fiestas, nos conocimos y se contagi\u00f3 enseguida de esta tradici\u00f3n. Ahora, aunque por motivos laborales residimos fuera, disfrutamos toda la familia de la Fiesta<\/em>&#8220;, explicaba en COPE ALCOY <strong>Manuel Abell\u00e1n<\/strong>; el pap\u00e1 del Sant Jordiet.<\/p>\n<p style=\"text-align: justify;\">Mauro Abell\u00e1n estudia en el Colegio Retamar de Pozuelo de Alarc\u00f3n, le encanta el f\u00fatbol y su equipo favorito es el Real Madrid. De todo lo que va a vivir en los pr\u00f3ximos d\u00edas <strong>tiene claro cu\u00e1l es el instante que espera con m\u00e1s ganas<\/strong> &#8220;<em>subir al castillo para tirar las flechas<\/em>&#8220;, detalla con una sonrisa traviesa. Su padre tambi\u00e9n avanza <strong>algunos de los detalles del traje<\/strong> que lucir\u00e1 el Sant Jordiet &#8220;<em>habr\u00e1 gui\u00f1os a la Fil\u00e0 Jud\u00edos, a la her\u00e1ldica de este a\u00f1o pero tambi\u00e9n a Carmona que es la localidad de mi mujer. Veremos la estrella de ocho puntas, que es s\u00edmbolo de la poblaci\u00f3n, y tambi\u00e9n de la Cofrad\u00eda del Cristo de la Columna a la cual toda la familia materna de Mauro est\u00e1 vinculada. Lo ha dise\u00f1ado Juan Climent, Metall Art se encarga de los metales, Germ\u00e1n Moll\u00e0 ha estado implicado en la confecci\u00f3n y Alfonso Torres ha hecho el calzado<\/em>&#8220;, significa Manuel.<\/p>\n<p style=\"text-align: justify;\">Sin duda, un Sant Jordiet que une pueblos que <strong>estar\u00e1 arropado<\/strong> por toda su Fil\u00e0 Jud\u00edos, su padrino Octavio Aura y sus padres (Manuel y Carmen). A su lado tambi\u00e9n tienen un papel destacado sus hermanos, Alonso y Clara.<\/p>\n<p>La entrevista que hemos compartido con \u00e9l, <strong>la puedes escuchar<\/strong> aqu\u00ed:<\/p>\n<p><iframe loading=\"lazy\" title=\"&#039;Mediod\u00eda Cope&#039; Alcoi Dijous 18 D&#039;Abril 2024 (13:50h)\" width=\"100%\" height=\"120\" src=\"https:\/\/www.mixcloud.com\/widget\/iframe\/?feed=https%3A%2F%2Fwww.mixcloud.com%2FCOPEAlcoy%2Fmediod%25C3%25ADa-cope-alcoi-dijous-18-dabril-2024-1350h%2F&amp;hide_cover=1\" frameborder=\"0\"><\/iframe><\/p>\n<p>&nbsp;<\/p>\n","protected":false},"excerpt":{"rendered":"<p>Alcoy cuenta ya las horas para que comiencen las Fiestas de Moros y Cristianos del 2024 en honor a San&#8230;<\/p>\n","protected":false},"author":1,"featured_media":132977,"comment_status":"open","ping_status":"open","sticky":false,"template":"","format":"standard","meta":{"footnotes":""},"categories":[6909,97,78,75],"tags":[1494,565,16611,609,14912],"class_list":["post-132976","post","type-post","status-publish","format-standard","has-post-thumbnail","hentry","category-actualidad","category-alcoy","category-fiestaycultura","category-noticias","tag-alcoy","tag-fiestas","tag-mauro-abellan-bravo","tag-moros-y-cristianos","tag-sant-jordiet-2024"],"yoast_head":"<!-- This site is optimized with the Yoast SEO plugin v27.3 - https:\/\/yoast.com\/product\/yoast-seo-wordpress\/ -->\n<title>Mauro Abell\u00e1n Bravo, a punto de hacer realidad el sue\u00f1o de ser Sant Jordiet - COPE Alcoy<\/title>\n<meta name=\"description\" content=\"Mauro Abell\u00e1n Bravo ya vive el sue\u00f1o de ser Sant Jordiet en las pr\u00f3ximas Fiestas de Moros y Cristianos de Alcoy\" \/>\n<meta name=\"robots\" content=\"index, follow, max-snippet:-1, max-image-preview:large, max-video-preview:-1\" \/>\n<link rel=\"canonical\" href=\"https:\/\/www.copealcoy.es\/es\/mauro-abellan-bravo-a-punto-de-hacer-realidad-el-sueno-de-ser-sant-jordiet\/\" \/>\n<meta property=\"og:locale\" content=\"es_ES\" \/>\n<meta property=\"og:type\" content=\"article\" \/>\n<meta property=\"og:title\" content=\"Mauro Abell\u00e1n Bravo, a punto de hacer realidad el sue\u00f1o de ser Sant Jordiet - COPE Alcoy\" \/>\n<meta property=\"og:description\" content=\"Mauro Abell\u00e1n Bravo ya vive el sue\u00f1o de ser Sant Jordiet en las pr\u00f3ximas Fiestas de Moros y Cristianos de Alcoy\" \/>\n<meta property=\"og:url\" content=\"https:\/\/www.copealcoy.es\/es\/mauro-abellan-bravo-a-punto-de-hacer-realidad-el-sueno-de-ser-sant-jordiet\/\" \/>\n<meta property=\"og:site_name\" content=\"COPE Alcoy\" \/>\n<meta property=\"article:published_time\" content=\"2024-04-19T10:49:28+00:00\" \/>\n<meta property=\"article:modified_time\" content=\"2024-04-29T17:53:24+00:00\" \/>\n<meta property=\"og:image\" content=\"https:\/\/www.copealcoy.es\/wp-content\/uploads\/2024\/04\/unnamed-1-45-scaled-e1714413187187.jpg\" \/>\n\t<meta property=\"og:image:width\" content=\"1440\" \/>\n\t<meta property=\"og:image:height\" content=\"763\" \/>\n\t<meta property=\"og:image:type\" content=\"image\/jpeg\" \/>\n<meta name=\"author\" content=\"Cope Alcoy\" \/>\n<meta name=\"twitter:label1\" content=\"Escrito por\" \/>\n\t<meta name=\"twitter:data1\" content=\"Cope Alcoy\" \/>\n\t<meta name=\"twitter:label2\" content=\"Tiempo de lectura\" \/>\n\t<meta name=\"twitter:data2\" content=\"2 minutos\" \/>\n<script type=\"application\/ld+json\" class=\"yoast-schema-graph\">{\"@context\":\"https:\\\/\\\/schema.org\",\"@graph\":[{\"@type\":\"Article\",\"@id\":\"https:\\\/\\\/www.copealcoy.es\\\/es\\\/mauro-abellan-bravo-a-punto-de-hacer-realidad-el-sueno-de-ser-sant-jordiet\\\/#article\",\"isPartOf\":{\"@id\":\"https:\\\/\\\/www.copealcoy.es\\\/es\\\/mauro-abellan-bravo-a-punto-de-hacer-realidad-el-sueno-de-ser-sant-jordiet\\\/\"},\"author\":{\"name\":\"Cope Alcoy\",\"@id\":\"https:\\\/\\\/www.copealcoy.es\\\/es\\\/#\\\/schema\\\/person\\\/e777c87fa024e57d40170af9df39882c\"},\"headline\":\"Mauro Abell\u00e1n Bravo, a punto de hacer realidad el sue\u00f1o de ser Sant Jordiet\",\"datePublished\":\"2024-04-19T10:49:28+00:00\",\"dateModified\":\"2024-04-29T17:53:24+00:00\",\"mainEntityOfPage\":{\"@id\":\"https:\\\/\\\/www.copealcoy.es\\\/es\\\/mauro-abellan-bravo-a-punto-de-hacer-realidad-el-sueno-de-ser-sant-jordiet\\\/\"},\"wordCount\":431,\"commentCount\":0,\"image\":{\"@id\":\"https:\\\/\\\/www.copealcoy.es\\\/es\\\/mauro-abellan-bravo-a-punto-de-hacer-realidad-el-sueno-de-ser-sant-jordiet\\\/#primaryimage\"},\"thumbnailUrl\":\"https:\\\/\\\/www.copealcoy.es\\\/wp-content\\\/uploads\\\/2024\\\/04\\\/unnamed-1-45-scaled-e1714413187187.jpg\",\"keywords\":[\"Alcoy\",\"Fiestas\",\"Mauro Abell\u00e1n Bravo\",\"Moros Y Cristianos\",\"Sant Jordiet 2024\"],\"articleSection\":[\"Actualidad\",\"Alcoy\",\"Fiesta y Cultura\",\"Noticias\"],\"inLanguage\":\"es\"},{\"@type\":\"WebPage\",\"@id\":\"https:\\\/\\\/www.copealcoy.es\\\/es\\\/mauro-abellan-bravo-a-punto-de-hacer-realidad-el-sueno-de-ser-sant-jordiet\\\/\",\"url\":\"https:\\\/\\\/www.copealcoy.es\\\/es\\\/mauro-abellan-bravo-a-punto-de-hacer-realidad-el-sueno-de-ser-sant-jordiet\\\/\",\"name\":\"Mauro Abell\u00e1n Bravo, a punto de hacer realidad el sue\u00f1o de ser Sant Jordiet - COPE Alcoy\",\"isPartOf\":{\"@id\":\"https:\\\/\\\/www.copealcoy.es\\\/es\\\/#website\"},\"primaryImageOfPage\":{\"@id\":\"https:\\\/\\\/www.copealcoy.es\\\/es\\\/mauro-abellan-bravo-a-punto-de-hacer-realidad-el-sueno-de-ser-sant-jordiet\\\/#primaryimage\"},\"image\":{\"@id\":\"https:\\\/\\\/www.copealcoy.es\\\/es\\\/mauro-abellan-bravo-a-punto-de-hacer-realidad-el-sueno-de-ser-sant-jordiet\\\/#primaryimage\"},\"thumbnailUrl\":\"https:\\\/\\\/www.copealcoy.es\\\/wp-content\\\/uploads\\\/2024\\\/04\\\/unnamed-1-45-scaled-e1714413187187.jpg\",\"datePublished\":\"2024-04-19T10:49:28+00:00\",\"dateModified\":\"2024-04-29T17:53:24+00:00\",\"author\":{\"@id\":\"https:\\\/\\\/www.copealcoy.es\\\/es\\\/#\\\/schema\\\/person\\\/e777c87fa024e57d40170af9df39882c\"},\"description\":\"Mauro Abell\u00e1n Bravo ya vive el sue\u00f1o de ser Sant Jordiet en las pr\u00f3ximas Fiestas de Moros y Cristianos de Alcoy\",\"breadcrumb\":{\"@id\":\"https:\\\/\\\/www.copealcoy.es\\\/es\\\/mauro-abellan-bravo-a-punto-de-hacer-realidad-el-sueno-de-ser-sant-jordiet\\\/#breadcrumb\"},\"inLanguage\":\"es\",\"potentialAction\":[{\"@type\":\"ReadAction\",\"target\":[\"https:\\\/\\\/www.copealcoy.es\\\/es\\\/mauro-abellan-bravo-a-punto-de-hacer-realidad-el-sueno-de-ser-sant-jordiet\\\/\"]}]},{\"@type\":\"ImageObject\",\"inLanguage\":\"es\",\"@id\":\"https:\\\/\\\/www.copealcoy.es\\\/es\\\/mauro-abellan-bravo-a-punto-de-hacer-realidad-el-sueno-de-ser-sant-jordiet\\\/#primaryimage\",\"url\":\"https:\\\/\\\/www.copealcoy.es\\\/wp-content\\\/uploads\\\/2024\\\/04\\\/unnamed-1-45-scaled-e1714413187187.jpg\",\"contentUrl\":\"https:\\\/\\\/www.copealcoy.es\\\/wp-content\\\/uploads\\\/2024\\\/04\\\/unnamed-1-45-scaled-e1714413187187.jpg\",\"width\":1440,\"height\":763},{\"@type\":\"BreadcrumbList\",\"@id\":\"https:\\\/\\\/www.copealcoy.es\\\/es\\\/mauro-abellan-bravo-a-punto-de-hacer-realidad-el-sueno-de-ser-sant-jordiet\\\/#breadcrumb\",\"itemListElement\":[{\"@type\":\"ListItem\",\"position\":1,\"name\":\"Portada\",\"item\":\"https:\\\/\\\/www.copealcoy.es\\\/es\\\/\"},{\"@type\":\"ListItem\",\"position\":2,\"name\":\"Mauro Abell\u00e1n Bravo, a punto de hacer realidad el sue\u00f1o de ser Sant Jordiet\"}]},{\"@type\":\"WebSite\",\"@id\":\"https:\\\/\\\/www.copealcoy.es\\\/es\\\/#website\",\"url\":\"https:\\\/\\\/www.copealcoy.es\\\/es\\\/\",\"name\":\"COPE Alcoy\",\"description\":\"Emisora COPE de radio local con emisi\u00f3n online. Pont de Sant Jordi 8-10 03803 Alcoy\",\"potentialAction\":[{\"@type\":\"SearchAction\",\"target\":{\"@type\":\"EntryPoint\",\"urlTemplate\":\"https:\\\/\\\/www.copealcoy.es\\\/es\\\/?s={search_term_string}\"},\"query-input\":{\"@type\":\"PropertyValueSpecification\",\"valueRequired\":true,\"valueName\":\"search_term_string\"}}],\"inLanguage\":\"es\"},{\"@type\":\"Person\",\"@id\":\"https:\\\/\\\/www.copealcoy.es\\\/es\\\/#\\\/schema\\\/person\\\/e777c87fa024e57d40170af9df39882c\",\"name\":\"Cope Alcoy\",\"image\":{\"@type\":\"ImageObject\",\"inLanguage\":\"es\",\"@id\":\"https:\\\/\\\/secure.gravatar.com\\\/avatar\\\/bb65d0283347e303893ba14f0692005417c1e0e690a325a4c5d8bb2b3943ee14?s=96&d=mm&r=g\",\"url\":\"https:\\\/\\\/secure.gravatar.com\\\/avatar\\\/bb65d0283347e303893ba14f0692005417c1e0e690a325a4c5d8bb2b3943ee14?s=96&d=mm&r=g\",\"contentUrl\":\"https:\\\/\\\/secure.gravatar.com\\\/avatar\\\/bb65d0283347e303893ba14f0692005417c1e0e690a325a4c5d8bb2b3943ee14?s=96&d=mm&r=g\",\"caption\":\"Cope Alcoy\"}}]}<\/script>\n<!-- \/ Yoast SEO plugin. -->","yoast_head_json":{"title":"Mauro Abell\u00e1n Bravo, a punto de hacer realidad el sue\u00f1o de ser Sant Jordiet - COPE Alcoy","description":"Mauro Abell\u00e1n Bravo ya vive el sue\u00f1o de ser Sant Jordiet en las pr\u00f3ximas Fiestas de Moros y Cristianos de Alcoy","robots":{"index":"index","follow":"follow","max-snippet":"max-snippet:-1","max-image-preview":"max-image-preview:large","max-video-preview":"max-video-preview:-1"},"canonical":"https:\/\/www.copealcoy.es\/es\/mauro-abellan-bravo-a-punto-de-hacer-realidad-el-sueno-de-ser-sant-jordiet\/","og_locale":"es_ES","og_type":"article","og_title":"Mauro Abell\u00e1n Bravo, a punto de hacer realidad el sue\u00f1o de ser Sant Jordiet - COPE Alcoy","og_description":"Mauro Abell\u00e1n Bravo ya vive el sue\u00f1o de ser Sant Jordiet en las pr\u00f3ximas Fiestas de Moros y Cristianos de Alcoy","og_url":"https:\/\/www.copealcoy.es\/es\/mauro-abellan-bravo-a-punto-de-hacer-realidad-el-sueno-de-ser-sant-jordiet\/","og_site_name":"COPE Alcoy","article_published_time":"2024-04-19T10:49:28+00:00","article_modified_time":"2024-04-29T17:53:24+00:00","og_image":[{"width":1440,"height":763,"url":"https:\/\/www.copealcoy.es\/wp-content\/uploads\/2024\/04\/unnamed-1-45-scaled-e1714413187187.jpg","type":"image\/jpeg"}],"author":"Cope Alcoy","twitter_misc":{"Escrito por":"Cope Alcoy","Tiempo de lectura":"2 minutos"},"schema":{"@context":"https:\/\/schema.org","@graph":[{"@type":"Article","@id":"https:\/\/www.copealcoy.es\/es\/mauro-abellan-bravo-a-punto-de-hacer-realidad-el-sueno-de-ser-sant-jordiet\/#article","isPartOf":{"@id":"https:\/\/www.copealcoy.es\/es\/mauro-abellan-bravo-a-punto-de-hacer-realidad-el-sueno-de-ser-sant-jordiet\/"},"author":{"name":"Cope Alcoy","@id":"https:\/\/www.copealcoy.es\/es\/#\/schema\/person\/e777c87fa024e57d40170af9df39882c"},"headline":"Mauro Abell\u00e1n Bravo, a punto de hacer realidad el sue\u00f1o de ser Sant Jordiet","datePublished":"2024-04-19T10:49:28+00:00","dateModified":"2024-04-29T17:53:24+00:00","mainEntityOfPage":{"@id":"https:\/\/www.copealcoy.es\/es\/mauro-abellan-bravo-a-punto-de-hacer-realidad-el-sueno-de-ser-sant-jordiet\/"},"wordCount":431,"commentCount":0,"image":{"@id":"https:\/\/www.copealcoy.es\/es\/mauro-abellan-bravo-a-punto-de-hacer-realidad-el-sueno-de-ser-sant-jordiet\/#primaryimage"},"thumbnailUrl":"https:\/\/www.copealcoy.es\/wp-content\/uploads\/2024\/04\/unnamed-1-45-scaled-e1714413187187.jpg","keywords":["Alcoy","Fiestas","Mauro Abell\u00e1n Bravo","Moros Y Cristianos","Sant Jordiet 2024"],"articleSection":["Actualidad","Alcoy","Fiesta y Cultura","Noticias"],"inLanguage":"es"},{"@type":"WebPage","@id":"https:\/\/www.copealcoy.es\/es\/mauro-abellan-bravo-a-punto-de-hacer-realidad-el-sueno-de-ser-sant-jordiet\/","url":"https:\/\/www.copealcoy.es\/es\/mauro-abellan-bravo-a-punto-de-hacer-realidad-el-sueno-de-ser-sant-jordiet\/","name":"Mauro Abell\u00e1n Bravo, a punto de hacer realidad el sue\u00f1o de ser Sant Jordiet - COPE Alcoy","isPartOf":{"@id":"https:\/\/www.copealcoy.es\/es\/#website"},"primaryImageOfPage":{"@id":"https:\/\/www.copealcoy.es\/es\/mauro-abellan-bravo-a-punto-de-hacer-realidad-el-sueno-de-ser-sant-jordiet\/#primaryimage"},"image":{"@id":"https:\/\/www.copealcoy.es\/es\/mauro-abellan-bravo-a-punto-de-hacer-realidad-el-sueno-de-ser-sant-jordiet\/#primaryimage"},"thumbnailUrl":"https:\/\/www.copealcoy.es\/wp-content\/uploads\/2024\/04\/unnamed-1-45-scaled-e1714413187187.jpg","datePublished":"2024-04-19T10:49:28+00:00","dateModified":"2024-04-29T17:53:24+00:00","author":{"@id":"https:\/\/www.copealcoy.es\/es\/#\/schema\/person\/e777c87fa024e57d40170af9df39882c"},"description":"Mauro Abell\u00e1n Bravo ya vive el sue\u00f1o de ser Sant Jordiet en las pr\u00f3ximas Fiestas de Moros y Cristianos de Alcoy","breadcrumb":{"@id":"https:\/\/www.copealcoy.es\/es\/mauro-abellan-bravo-a-punto-de-hacer-realidad-el-sueno-de-ser-sant-jordiet\/#breadcrumb"},"inLanguage":"es","potentialAction":[{"@type":"ReadAction","target":["https:\/\/www.copealcoy.es\/es\/mauro-abellan-bravo-a-punto-de-hacer-realidad-el-sueno-de-ser-sant-jordiet\/"]}]},{"@type":"ImageObject","inLanguage":"es","@id":"https:\/\/www.copealcoy.es\/es\/mauro-abellan-bravo-a-punto-de-hacer-realidad-el-sueno-de-ser-sant-jordiet\/#primaryimage","url":"https:\/\/www.copealcoy.es\/wp-content\/uploads\/2024\/04\/unnamed-1-45-scaled-e1714413187187.jpg","contentUrl":"https:\/\/www.copealcoy.es\/wp-content\/uploads\/2024\/04\/unnamed-1-45-scaled-e1714413187187.jpg","width":1440,"height":763},{"@type":"BreadcrumbList","@id":"https:\/\/www.copealcoy.es\/es\/mauro-abellan-bravo-a-punto-de-hacer-realidad-el-sueno-de-ser-sant-jordiet\/#breadcrumb","itemListElement":[{"@type":"ListItem","position":1,"name":"Portada","item":"https:\/\/www.copealcoy.es\/es\/"},{"@type":"ListItem","position":2,"name":"Mauro Abell\u00e1n Bravo, a punto de hacer realidad el sue\u00f1o de ser Sant Jordiet"}]},{"@type":"WebSite","@id":"https:\/\/www.copealcoy.es\/es\/#website","url":"https:\/\/www.copealcoy.es\/es\/","name":"COPE Alcoy","description":"Emisora COPE de radio local con emisi\u00f3n online. Pont de Sant Jordi 8-10 03803 Alcoy","potentialAction":[{"@type":"SearchAction","target":{"@type":"EntryPoint","urlTemplate":"https:\/\/www.copealcoy.es\/es\/?s={search_term_string}"},"query-input":{"@type":"PropertyValueSpecification","valueRequired":true,"valueName":"search_term_string"}}],"inLanguage":"es"},{"@type":"Person","@id":"https:\/\/www.copealcoy.es\/es\/#\/schema\/person\/e777c87fa024e57d40170af9df39882c","name":"Cope Alcoy","image":{"@type":"ImageObject","inLanguage":"es","@id":"https:\/\/secure.gravatar.com\/avatar\/bb65d0283347e303893ba14f0692005417c1e0e690a325a4c5d8bb2b3943ee14?s=96&d=mm&r=g","url":"https:\/\/secure.gravatar.com\/avatar\/bb65d0283347e303893ba14f0692005417c1e0e690a325a4c5d8bb2b3943ee14?s=96&d=mm&r=g","contentUrl":"https:\/\/secure.gravatar.com\/avatar\/bb65d0283347e303893ba14f0692005417c1e0e690a325a4c5d8bb2b3943ee14?s=96&d=mm&r=g","caption":"Cope Alcoy"}}]}},"_links":{"self":[{"href":"https:\/\/www.copealcoy.es\/es\/wp-json\/wp\/v2\/posts\/132976","targetHints":{"allow":["GET"]}}],"collection":[{"href":"https:\/\/www.copealcoy.es\/es\/wp-json\/wp\/v2\/posts"}],"about":[{"href":"https:\/\/www.copealcoy.es\/es\/wp-json\/wp\/v2\/types\/post"}],"author":[{"embeddable":true,"href":"https:\/\/www.copealcoy.es\/es\/wp-json\/wp\/v2\/users\/1"}],"replies":[{"embeddable":true,"href":"https:\/\/www.copealcoy.es\/es\/wp-json\/wp\/v2\/comments?post=132976"}],"version-history":[{"count":0,"href":"https:\/\/www.copealcoy.es\/es\/wp-json\/wp\/v2\/posts\/132976\/revisions"}],"wp:featuredmedia":[{"embeddable":true,"href":"https:\/\/www.copealcoy.es\/es\/wp-json\/wp\/v2\/media\/132977"}],"wp:attachment":[{"href":"https:\/\/www.copealcoy.es\/es\/wp-json\/wp\/v2\/media?parent=132976"}],"wp:term":[{"taxonomy":"category","embeddable":true,"href":"https:\/\/www.copealcoy.es\/es\/wp-json\/wp\/v2\/categories?post=132976"},{"taxonomy":"post_tag","embeddable":true,"href":"https:\/\/www.copealcoy.es\/es\/wp-json\/wp\/v2\/tags?post=132976"}],"curies":[{"name":"wp","href":"https:\/\/api.w.org\/{rel}","templated":true}]}}