{"id":132936,"date":"2024-04-29T11:12:36","date_gmt":"2024-04-29T10:12:36","guid":{"rendered":"https:\/\/www.copealcoy.es\/?p=132936"},"modified":"2024-04-29T11:19:37","modified_gmt":"2024-04-29T10:19:37","slug":"152-actuaciones-durante-las-fiestas-de-alcoy-el-balance-de-la-policia-local","status":"publish","type":"post","link":"https:\/\/www.copealcoy.es\/es\/152-actuaciones-durante-las-fiestas-de-alcoy-el-balance-de-la-policia-local\/","title":{"rendered":"152 actuaciones durante las Fiestas de Alcoy. El balance de la Polic\u00eda Local"},"content":{"rendered":"<p style=\"text-align: justify;\">Las pasadas <strong>Fiestas de Moros y Cristianos de Alcoy<\/strong> transcurrieron con total normalidad, y sin incidentes de grandes consideraciones, <strong>seg\u00fan el balance final que se hace desde la Polic\u00eda Local<\/strong> de nuestra ciudad. Fruto de este \u00faltimo <strong>se desprende que los agentes efectuaron 152 intervenciones<\/strong>, lo cual se traduce en<strong> 32 menos<\/strong> con respecto al a\u00f1o anterior.<\/p>\n<p style=\"text-align: justify;\">La mayor\u00eda de estas acciones<strong> estuvieron relacionadas con asistencia sanitaria, tr\u00e1fico y seguridad<\/strong>.\u00a0En cuanto a la<strong> asistencia sanitaria<\/strong>, se realizaron 36 intervenciones este a\u00f1o, frente a las 45 del a\u00f1o anterior. En materia de <strong>tr\u00e1fico<\/strong>, se reportaron 15 problemas y 3 accidentes sin heridos, una mejora con respecto a los 26 problemas y 10 accidentes del pasado 2023. Por otro lado, <strong>las incidencias en Seguridad Ciudadana<\/strong> se mantuvieron estables en torno a las 39-40. Es importante tambi\u00e9n rese\u00f1ar que <strong>tan solo se produjo un incendio<\/strong> en este 2024, frente a los 11 de las fiestas del 2023 de los cuales 5 fueron urbanos, 4 rurales y 2 considerados como otros &#8220;<em>hemos tenido unas Fiestas con menos incidencias que el a\u00f1o pasado, estamos muy agradecidos y satisfechos de la actuaci\u00f3n de la Polic\u00eda Local que coordinada tanto con los otros cuerpos de Seguridad del Estado como con Cruz Roja, Seguridad, Protecci\u00f3n Civil y el Servicio de Salud, han hecho el mejor trabajo posible. Solo puedo que darles las gracias y animarlos a continuar trabajando igual de bien<\/em>&#8220;, destaca el concejal de Seguridad del Ayuntamiento de Alcoy, <strong>Ra\u00fcl Llopis<\/strong>.<\/p>\n<p style=\"text-align: justify;\">Cabe recordar que las Fiestas de Moros y Cristianos de 2024 <a href=\"https:\/\/www.copealcoy.es\/alcoy-refuerza-el-dispositivo-especial-de-seguridad-para-fiestas\/\" target=\"_blank\" rel=\"noopener\"><span style=\"color: #0000ff;\"><strong>contaron con un amplio dispositivo de seguridad<\/strong><\/span><\/a> que se perfil\u00f3 en la Junta Local, celebrada a principios de abril, en presencia de la Delegada de Gobierno de la Comunitat Valenciana; <strong>Pilar Bernab\u00e9<\/strong>. Durante toda la trilog\u00eda en honor a San Jorge <strong>estuvieron trabajando m\u00e1s de 2.600 efectivos<\/strong>, de los cuales <strong>494 eran de la Polic\u00eda Local<\/strong>. Una de las novedades fue tambi\u00e9n <strong>la no autorizaci\u00f3n de la venta ambulante de material pirot\u00e9cnico<\/strong>, medida que se adopt\u00f3 para evitar la proliferaci\u00f3n de incendios en el casco urbano durante las Fiestas.<\/p>\n","protected":false},"excerpt":{"rendered":"<p>Las pasadas Fiestas de Moros y Cristianos de Alcoy transcurrieron con total normalidad, y sin incidentes de grandes consideraciones, seg\u00fan&#8230;<\/p>\n","protected":false},"author":1,"featured_media":132937,"comment_status":"open","ping_status":"open","sticky":false,"template":"","format":"standard","meta":{"footnotes":""},"categories":[6909,97,78,75],"tags":[1494,430,565,16744,846],"class_list":["post-132936","post","type-post","status-publish","format-standard","has-post-thumbnail","hentry","category-actualidad","category-alcoy","category-fiestaycultura","category-noticias","tag-alcoy","tag-balance","tag-fiestas","tag-moros-y-crisitanos","tag-policia-local"],"yoast_head":"<!-- This site is optimized with the Yoast SEO plugin v27.3 - https:\/\/yoast.com\/product\/yoast-seo-wordpress\/ -->\n<title>152 actuaciones durante las Fiestas de Alcoy. El balance de la Polic\u00eda Local - COPE Alcoy<\/title>\n<meta name=\"description\" content=\"Las pasadas Fiestas de Moros y Cristianos de Alcoy transcurrieron con total normalidad, y sin incidentes de grandes consideraciones\" \/>\n<meta name=\"robots\" content=\"index, follow, max-snippet:-1, max-image-preview:large, max-video-preview:-1\" \/>\n<link rel=\"canonical\" href=\"https:\/\/www.copealcoy.es\/es\/152-actuaciones-durante-las-fiestas-de-alcoy-el-balance-de-la-policia-local\/\" \/>\n<meta property=\"og:locale\" content=\"es_ES\" \/>\n<meta property=\"og:type\" content=\"article\" \/>\n<meta property=\"og:title\" content=\"152 actuaciones durante las Fiestas de Alcoy. El balance de la Polic\u00eda Local - COPE Alcoy\" \/>\n<meta property=\"og:description\" content=\"Las pasadas Fiestas de Moros y Cristianos de Alcoy transcurrieron con total normalidad, y sin incidentes de grandes consideraciones\" \/>\n<meta property=\"og:url\" content=\"https:\/\/www.copealcoy.es\/es\/152-actuaciones-durante-las-fiestas-de-alcoy-el-balance-de-la-policia-local\/\" \/>\n<meta property=\"og:site_name\" content=\"COPE Alcoy\" \/>\n<meta property=\"article:published_time\" content=\"2024-04-29T10:12:36+00:00\" \/>\n<meta property=\"article:modified_time\" content=\"2024-04-29T10:19:37+00:00\" \/>\n<meta property=\"og:image\" content=\"https:\/\/www.copealcoy.es\/wp-content\/uploads\/2024\/04\/Policia-Local-en-festes.jpg_1877354210.jpg\" \/>\n\t<meta property=\"og:image:width\" content=\"625\" \/>\n\t<meta property=\"og:image:height\" content=\"426\" \/>\n\t<meta property=\"og:image:type\" content=\"image\/jpeg\" \/>\n<meta name=\"author\" content=\"Cope Alcoy\" \/>\n<meta name=\"twitter:label1\" content=\"Escrito por\" \/>\n\t<meta name=\"twitter:data1\" content=\"Cope Alcoy\" \/>\n\t<meta name=\"twitter:label2\" content=\"Tiempo de lectura\" \/>\n\t<meta name=\"twitter:data2\" content=\"2 minutos\" \/>\n<script type=\"application\/ld+json\" class=\"yoast-schema-graph\">{\"@context\":\"https:\\\/\\\/schema.org\",\"@graph\":[{\"@type\":\"Article\",\"@id\":\"https:\\\/\\\/www.copealcoy.es\\\/es\\\/152-actuaciones-durante-las-fiestas-de-alcoy-el-balance-de-la-policia-local\\\/#article\",\"isPartOf\":{\"@id\":\"https:\\\/\\\/www.copealcoy.es\\\/es\\\/152-actuaciones-durante-las-fiestas-de-alcoy-el-balance-de-la-policia-local\\\/\"},\"author\":{\"name\":\"Cope Alcoy\",\"@id\":\"https:\\\/\\\/www.copealcoy.es\\\/es\\\/#\\\/schema\\\/person\\\/e777c87fa024e57d40170af9df39882c\"},\"headline\":\"152 actuaciones durante las Fiestas de Alcoy. El balance de la Polic\u00eda Local\",\"datePublished\":\"2024-04-29T10:12:36+00:00\",\"dateModified\":\"2024-04-29T10:19:37+00:00\",\"mainEntityOfPage\":{\"@id\":\"https:\\\/\\\/www.copealcoy.es\\\/es\\\/152-actuaciones-durante-las-fiestas-de-alcoy-el-balance-de-la-policia-local\\\/\"},\"wordCount\":362,\"commentCount\":0,\"image\":{\"@id\":\"https:\\\/\\\/www.copealcoy.es\\\/es\\\/152-actuaciones-durante-las-fiestas-de-alcoy-el-balance-de-la-policia-local\\\/#primaryimage\"},\"thumbnailUrl\":\"https:\\\/\\\/www.copealcoy.es\\\/wp-content\\\/uploads\\\/2024\\\/04\\\/Policia-Local-en-festes.jpg_1877354210.jpg\",\"keywords\":[\"Alcoy\",\"Balance\",\"Fiestas\",\"Moros y Crisitanos\",\"Polic\u00eda Local\"],\"articleSection\":[\"Actualidad\",\"Alcoy\",\"Fiesta y Cultura\",\"Noticias\"],\"inLanguage\":\"es\"},{\"@type\":\"WebPage\",\"@id\":\"https:\\\/\\\/www.copealcoy.es\\\/es\\\/152-actuaciones-durante-las-fiestas-de-alcoy-el-balance-de-la-policia-local\\\/\",\"url\":\"https:\\\/\\\/www.copealcoy.es\\\/es\\\/152-actuaciones-durante-las-fiestas-de-alcoy-el-balance-de-la-policia-local\\\/\",\"name\":\"152 actuaciones durante las Fiestas de Alcoy. El balance de la Polic\u00eda Local - COPE Alcoy\",\"isPartOf\":{\"@id\":\"https:\\\/\\\/www.copealcoy.es\\\/es\\\/#website\"},\"primaryImageOfPage\":{\"@id\":\"https:\\\/\\\/www.copealcoy.es\\\/es\\\/152-actuaciones-durante-las-fiestas-de-alcoy-el-balance-de-la-policia-local\\\/#primaryimage\"},\"image\":{\"@id\":\"https:\\\/\\\/www.copealcoy.es\\\/es\\\/152-actuaciones-durante-las-fiestas-de-alcoy-el-balance-de-la-policia-local\\\/#primaryimage\"},\"thumbnailUrl\":\"https:\\\/\\\/www.copealcoy.es\\\/wp-content\\\/uploads\\\/2024\\\/04\\\/Policia-Local-en-festes.jpg_1877354210.jpg\",\"datePublished\":\"2024-04-29T10:12:36+00:00\",\"dateModified\":\"2024-04-29T10:19:37+00:00\",\"author\":{\"@id\":\"https:\\\/\\\/www.copealcoy.es\\\/es\\\/#\\\/schema\\\/person\\\/e777c87fa024e57d40170af9df39882c\"},\"description\":\"Las pasadas Fiestas de Moros y Cristianos de Alcoy transcurrieron con total normalidad, y sin incidentes de grandes consideraciones\",\"breadcrumb\":{\"@id\":\"https:\\\/\\\/www.copealcoy.es\\\/es\\\/152-actuaciones-durante-las-fiestas-de-alcoy-el-balance-de-la-policia-local\\\/#breadcrumb\"},\"inLanguage\":\"es\",\"potentialAction\":[{\"@type\":\"ReadAction\",\"target\":[\"https:\\\/\\\/www.copealcoy.es\\\/es\\\/152-actuaciones-durante-las-fiestas-de-alcoy-el-balance-de-la-policia-local\\\/\"]}]},{\"@type\":\"ImageObject\",\"inLanguage\":\"es\",\"@id\":\"https:\\\/\\\/www.copealcoy.es\\\/es\\\/152-actuaciones-durante-las-fiestas-de-alcoy-el-balance-de-la-policia-local\\\/#primaryimage\",\"url\":\"https:\\\/\\\/www.copealcoy.es\\\/wp-content\\\/uploads\\\/2024\\\/04\\\/Policia-Local-en-festes.jpg_1877354210.jpg\",\"contentUrl\":\"https:\\\/\\\/www.copealcoy.es\\\/wp-content\\\/uploads\\\/2024\\\/04\\\/Policia-Local-en-festes.jpg_1877354210.jpg\",\"width\":625,\"height\":426},{\"@type\":\"BreadcrumbList\",\"@id\":\"https:\\\/\\\/www.copealcoy.es\\\/es\\\/152-actuaciones-durante-las-fiestas-de-alcoy-el-balance-de-la-policia-local\\\/#breadcrumb\",\"itemListElement\":[{\"@type\":\"ListItem\",\"position\":1,\"name\":\"Portada\",\"item\":\"https:\\\/\\\/www.copealcoy.es\\\/es\\\/\"},{\"@type\":\"ListItem\",\"position\":2,\"name\":\"152 actuaciones durante las Fiestas de Alcoy. El balance de la Polic\u00eda Local\"}]},{\"@type\":\"WebSite\",\"@id\":\"https:\\\/\\\/www.copealcoy.es\\\/es\\\/#website\",\"url\":\"https:\\\/\\\/www.copealcoy.es\\\/es\\\/\",\"name\":\"COPE Alcoy\",\"description\":\"Emisora COPE de radio local con emisi\u00f3n online. Pont de Sant Jordi 8-10 03803 Alcoy\",\"potentialAction\":[{\"@type\":\"SearchAction\",\"target\":{\"@type\":\"EntryPoint\",\"urlTemplate\":\"https:\\\/\\\/www.copealcoy.es\\\/es\\\/?s={search_term_string}\"},\"query-input\":{\"@type\":\"PropertyValueSpecification\",\"valueRequired\":true,\"valueName\":\"search_term_string\"}}],\"inLanguage\":\"es\"},{\"@type\":\"Person\",\"@id\":\"https:\\\/\\\/www.copealcoy.es\\\/es\\\/#\\\/schema\\\/person\\\/e777c87fa024e57d40170af9df39882c\",\"name\":\"Cope Alcoy\",\"image\":{\"@type\":\"ImageObject\",\"inLanguage\":\"es\",\"@id\":\"https:\\\/\\\/secure.gravatar.com\\\/avatar\\\/bb65d0283347e303893ba14f0692005417c1e0e690a325a4c5d8bb2b3943ee14?s=96&d=mm&r=g\",\"url\":\"https:\\\/\\\/secure.gravatar.com\\\/avatar\\\/bb65d0283347e303893ba14f0692005417c1e0e690a325a4c5d8bb2b3943ee14?s=96&d=mm&r=g\",\"contentUrl\":\"https:\\\/\\\/secure.gravatar.com\\\/avatar\\\/bb65d0283347e303893ba14f0692005417c1e0e690a325a4c5d8bb2b3943ee14?s=96&d=mm&r=g\",\"caption\":\"Cope Alcoy\"}}]}<\/script>\n<!-- \/ Yoast SEO plugin. -->","yoast_head_json":{"title":"152 actuaciones durante las Fiestas de Alcoy. El balance de la Polic\u00eda Local - COPE Alcoy","description":"Las pasadas Fiestas de Moros y Cristianos de Alcoy transcurrieron con total normalidad, y sin incidentes de grandes consideraciones","robots":{"index":"index","follow":"follow","max-snippet":"max-snippet:-1","max-image-preview":"max-image-preview:large","max-video-preview":"max-video-preview:-1"},"canonical":"https:\/\/www.copealcoy.es\/es\/152-actuaciones-durante-las-fiestas-de-alcoy-el-balance-de-la-policia-local\/","og_locale":"es_ES","og_type":"article","og_title":"152 actuaciones durante las Fiestas de Alcoy. El balance de la Polic\u00eda Local - COPE Alcoy","og_description":"Las pasadas Fiestas de Moros y Cristianos de Alcoy transcurrieron con total normalidad, y sin incidentes de grandes consideraciones","og_url":"https:\/\/www.copealcoy.es\/es\/152-actuaciones-durante-las-fiestas-de-alcoy-el-balance-de-la-policia-local\/","og_site_name":"COPE Alcoy","article_published_time":"2024-04-29T10:12:36+00:00","article_modified_time":"2024-04-29T10:19:37+00:00","og_image":[{"width":625,"height":426,"url":"https:\/\/www.copealcoy.es\/wp-content\/uploads\/2024\/04\/Policia-Local-en-festes.jpg_1877354210.jpg","type":"image\/jpeg"}],"author":"Cope Alcoy","twitter_misc":{"Escrito por":"Cope Alcoy","Tiempo de lectura":"2 minutos"},"schema":{"@context":"https:\/\/schema.org","@graph":[{"@type":"Article","@id":"https:\/\/www.copealcoy.es\/es\/152-actuaciones-durante-las-fiestas-de-alcoy-el-balance-de-la-policia-local\/#article","isPartOf":{"@id":"https:\/\/www.copealcoy.es\/es\/152-actuaciones-durante-las-fiestas-de-alcoy-el-balance-de-la-policia-local\/"},"author":{"name":"Cope Alcoy","@id":"https:\/\/www.copealcoy.es\/es\/#\/schema\/person\/e777c87fa024e57d40170af9df39882c"},"headline":"152 actuaciones durante las Fiestas de Alcoy. El balance de la Polic\u00eda Local","datePublished":"2024-04-29T10:12:36+00:00","dateModified":"2024-04-29T10:19:37+00:00","mainEntityOfPage":{"@id":"https:\/\/www.copealcoy.es\/es\/152-actuaciones-durante-las-fiestas-de-alcoy-el-balance-de-la-policia-local\/"},"wordCount":362,"commentCount":0,"image":{"@id":"https:\/\/www.copealcoy.es\/es\/152-actuaciones-durante-las-fiestas-de-alcoy-el-balance-de-la-policia-local\/#primaryimage"},"thumbnailUrl":"https:\/\/www.copealcoy.es\/wp-content\/uploads\/2024\/04\/Policia-Local-en-festes.jpg_1877354210.jpg","keywords":["Alcoy","Balance","Fiestas","Moros y Crisitanos","Polic\u00eda Local"],"articleSection":["Actualidad","Alcoy","Fiesta y Cultura","Noticias"],"inLanguage":"es"},{"@type":"WebPage","@id":"https:\/\/www.copealcoy.es\/es\/152-actuaciones-durante-las-fiestas-de-alcoy-el-balance-de-la-policia-local\/","url":"https:\/\/www.copealcoy.es\/es\/152-actuaciones-durante-las-fiestas-de-alcoy-el-balance-de-la-policia-local\/","name":"152 actuaciones durante las Fiestas de Alcoy. El balance de la Polic\u00eda Local - COPE Alcoy","isPartOf":{"@id":"https:\/\/www.copealcoy.es\/es\/#website"},"primaryImageOfPage":{"@id":"https:\/\/www.copealcoy.es\/es\/152-actuaciones-durante-las-fiestas-de-alcoy-el-balance-de-la-policia-local\/#primaryimage"},"image":{"@id":"https:\/\/www.copealcoy.es\/es\/152-actuaciones-durante-las-fiestas-de-alcoy-el-balance-de-la-policia-local\/#primaryimage"},"thumbnailUrl":"https:\/\/www.copealcoy.es\/wp-content\/uploads\/2024\/04\/Policia-Local-en-festes.jpg_1877354210.jpg","datePublished":"2024-04-29T10:12:36+00:00","dateModified":"2024-04-29T10:19:37+00:00","author":{"@id":"https:\/\/www.copealcoy.es\/es\/#\/schema\/person\/e777c87fa024e57d40170af9df39882c"},"description":"Las pasadas Fiestas de Moros y Cristianos de Alcoy transcurrieron con total normalidad, y sin incidentes de grandes consideraciones","breadcrumb":{"@id":"https:\/\/www.copealcoy.es\/es\/152-actuaciones-durante-las-fiestas-de-alcoy-el-balance-de-la-policia-local\/#breadcrumb"},"inLanguage":"es","potentialAction":[{"@type":"ReadAction","target":["https:\/\/www.copealcoy.es\/es\/152-actuaciones-durante-las-fiestas-de-alcoy-el-balance-de-la-policia-local\/"]}]},{"@type":"ImageObject","inLanguage":"es","@id":"https:\/\/www.copealcoy.es\/es\/152-actuaciones-durante-las-fiestas-de-alcoy-el-balance-de-la-policia-local\/#primaryimage","url":"https:\/\/www.copealcoy.es\/wp-content\/uploads\/2024\/04\/Policia-Local-en-festes.jpg_1877354210.jpg","contentUrl":"https:\/\/www.copealcoy.es\/wp-content\/uploads\/2024\/04\/Policia-Local-en-festes.jpg_1877354210.jpg","width":625,"height":426},{"@type":"BreadcrumbList","@id":"https:\/\/www.copealcoy.es\/es\/152-actuaciones-durante-las-fiestas-de-alcoy-el-balance-de-la-policia-local\/#breadcrumb","itemListElement":[{"@type":"ListItem","position":1,"name":"Portada","item":"https:\/\/www.copealcoy.es\/es\/"},{"@type":"ListItem","position":2,"name":"152 actuaciones durante las Fiestas de Alcoy. El balance de la Polic\u00eda Local"}]},{"@type":"WebSite","@id":"https:\/\/www.copealcoy.es\/es\/#website","url":"https:\/\/www.copealcoy.es\/es\/","name":"COPE Alcoy","description":"Emisora COPE de radio local con emisi\u00f3n online. Pont de Sant Jordi 8-10 03803 Alcoy","potentialAction":[{"@type":"SearchAction","target":{"@type":"EntryPoint","urlTemplate":"https:\/\/www.copealcoy.es\/es\/?s={search_term_string}"},"query-input":{"@type":"PropertyValueSpecification","valueRequired":true,"valueName":"search_term_string"}}],"inLanguage":"es"},{"@type":"Person","@id":"https:\/\/www.copealcoy.es\/es\/#\/schema\/person\/e777c87fa024e57d40170af9df39882c","name":"Cope Alcoy","image":{"@type":"ImageObject","inLanguage":"es","@id":"https:\/\/secure.gravatar.com\/avatar\/bb65d0283347e303893ba14f0692005417c1e0e690a325a4c5d8bb2b3943ee14?s=96&d=mm&r=g","url":"https:\/\/secure.gravatar.com\/avatar\/bb65d0283347e303893ba14f0692005417c1e0e690a325a4c5d8bb2b3943ee14?s=96&d=mm&r=g","contentUrl":"https:\/\/secure.gravatar.com\/avatar\/bb65d0283347e303893ba14f0692005417c1e0e690a325a4c5d8bb2b3943ee14?s=96&d=mm&r=g","caption":"Cope Alcoy"}}]}},"_links":{"self":[{"href":"https:\/\/www.copealcoy.es\/es\/wp-json\/wp\/v2\/posts\/132936","targetHints":{"allow":["GET"]}}],"collection":[{"href":"https:\/\/www.copealcoy.es\/es\/wp-json\/wp\/v2\/posts"}],"about":[{"href":"https:\/\/www.copealcoy.es\/es\/wp-json\/wp\/v2\/types\/post"}],"author":[{"embeddable":true,"href":"https:\/\/www.copealcoy.es\/es\/wp-json\/wp\/v2\/users\/1"}],"replies":[{"embeddable":true,"href":"https:\/\/www.copealcoy.es\/es\/wp-json\/wp\/v2\/comments?post=132936"}],"version-history":[{"count":0,"href":"https:\/\/www.copealcoy.es\/es\/wp-json\/wp\/v2\/posts\/132936\/revisions"}],"wp:featuredmedia":[{"embeddable":true,"href":"https:\/\/www.copealcoy.es\/es\/wp-json\/wp\/v2\/media\/132937"}],"wp:attachment":[{"href":"https:\/\/www.copealcoy.es\/es\/wp-json\/wp\/v2\/media?parent=132936"}],"wp:term":[{"taxonomy":"category","embeddable":true,"href":"https:\/\/www.copealcoy.es\/es\/wp-json\/wp\/v2\/categories?post=132936"},{"taxonomy":"post_tag","embeddable":true,"href":"https:\/\/www.copealcoy.es\/es\/wp-json\/wp\/v2\/tags?post=132936"}],"curies":[{"name":"wp","href":"https:\/\/api.w.org\/{rel}","templated":true}]}}