{"id":132870,"date":"2024-04-21T10:28:12","date_gmt":"2024-04-21T09:28:12","guid":{"rendered":"https:\/\/www.copealcoy.es\/?p=132870"},"modified":"2024-04-28T11:03:06","modified_gmt":"2024-04-28T10:03:06","slug":"mazon-y-la-ministra-morant-no-se-perdieron-las-entradas-de-alcoy","status":"publish","type":"post","link":"https:\/\/www.copealcoy.es\/es\/mazon-y-la-ministra-morant-no-se-perdieron-las-entradas-de-alcoy\/","title":{"rendered":"Maz\u00f3n y la Ministra Morant no se perdieron las Entradas de Alcoy"},"content":{"rendered":"<p style=\"text-align: justify;\">Las <strong>Fiestas de Moros y Cristianos de Alcoy<\/strong> volvieron a contar con <strong>un amplio respaldo institucional<\/strong>, especialmente <strong>en jornadas como la de las Entradas<\/strong> de ayer s\u00e1bado. Hasta la ciudad se desplazaron numerosos representantes pol\u00edticos como el <strong>Presidente de la Generalitat Valenciana<\/strong>, <strong>Carlos Maz\u00f3n<\/strong>, el cual no quiso perderse el paso de las tropas de la cruz desde la tribuna instalada delante del <a href=\"https:\/\/www.alcoi.org\/ca\/portal\/index.html\" target=\"_blank\" rel=\"noopener\"><strong><span style=\"color: #0000ff;\">Ayuntamiento<\/span><\/strong><\/a>:<\/p>\n<audio class=\"wp-audio-shortcode\" id=\"audio-132870-1\" preload=\"none\" style=\"width: 100%;\" controls=\"controls\"><source type=\"audio\/mpeg\" src=\"https:\/\/www.copealcoy.es\/wp-content\/uploads\/2024\/04\/Tall-Mazon-Fiestas.mp3?_=1\" \/><a href=\"https:\/\/www.copealcoy.es\/wp-content\/uploads\/2024\/04\/Tall-Mazon-Fiestas.mp3\">https:\/\/www.copealcoy.es\/wp-content\/uploads\/2024\/04\/Tall-Mazon-Fiestas.mp3<\/a><\/audio>\n<p>&nbsp;<\/p>\n<p style=\"text-align: justify;\">Tampoco falt\u00f3 a la cita la<strong> Ministra de Ciencia, Innovaci\u00f3n y Universidades<\/strong>; <strong>Diana Morant<\/strong>. Esta \u00faltima presenci\u00f3 tambi\u00e9n la\u00a0<em>arranc\u00e0\u00a0<\/em>de la Entrada Cristiana desde el emblem\u00e1tico\u00a0<em>balconet\u00a0<\/em>de El Partidor:<\/p>\n<audio class=\"wp-audio-shortcode\" id=\"audio-132870-2\" preload=\"none\" style=\"width: 100%;\" controls=\"controls\"><source type=\"audio\/mpeg\" src=\"https:\/\/www.copealcoy.es\/wp-content\/uploads\/2024\/04\/Tall-Diana-Morant-Fiestas.mp3?_=2\" \/><a href=\"https:\/\/www.copealcoy.es\/wp-content\/uploads\/2024\/04\/Tall-Diana-Morant-Fiestas.mp3\">https:\/\/www.copealcoy.es\/wp-content\/uploads\/2024\/04\/Tall-Diana-Morant-Fiestas.mp3<\/a><\/audio>\n<p>&nbsp;<\/p>\n<p style=\"text-align: justify;\">El <strong>Presidente de la Diputaci\u00f3n de Alicante<\/strong> fue otro de los que acudi\u00f3 a Alcoy el pasado s\u00e1bado. <strong>Toni P\u00e9rez<\/strong> record\u00f3 que en jornadas como esta, Alcoy se convierte en capital de la provincia:<\/p>\n<audio class=\"wp-audio-shortcode\" id=\"audio-132870-3\" preload=\"none\" style=\"width: 100%;\" controls=\"controls\"><source type=\"audio\/mpeg\" src=\"https:\/\/www.copealcoy.es\/wp-content\/uploads\/2024\/04\/Tall-Toni-Perez-Fiestas.mp3?_=3\" \/><a href=\"https:\/\/www.copealcoy.es\/wp-content\/uploads\/2024\/04\/Tall-Toni-Perez-Fiestas.mp3\">https:\/\/www.copealcoy.es\/wp-content\/uploads\/2024\/04\/Tall-Toni-Perez-Fiestas.mp3<\/a><\/audio>\n<p>&nbsp;<\/p>\n<p style=\"text-align: justify;\">Varios <strong>Consellers<\/strong> del gobierno valenciano acudieron a presenciar las Entradas. Entre ellos, destac\u00f3 la presencia del<strong> vicepresidente del Consell; Vicente Barrera<\/strong>:<\/p>\n<audio class=\"wp-audio-shortcode\" id=\"audio-132870-4\" preload=\"none\" style=\"width: 100%;\" controls=\"controls\"><source type=\"audio\/mpeg\" src=\"https:\/\/www.copealcoy.es\/wp-content\/uploads\/2024\/04\/Tall-Vicente-Barrera-Fiestas.mp3?_=4\" \/><a href=\"https:\/\/www.copealcoy.es\/wp-content\/uploads\/2024\/04\/Tall-Vicente-Barrera-Fiestas.mp3\">https:\/\/www.copealcoy.es\/wp-content\/uploads\/2024\/04\/Tall-Vicente-Barrera-Fiestas.mp3<\/a><\/audio>\n<p>&nbsp;<\/p>\n<p style=\"text-align: justify;\">Durante el s\u00e1bado pasaron tambi\u00e9n por Alcoy <strong>Pilar Bernab\u00e9<\/strong> (Delegada del Gobierno en la Comunitat Valenciana), <strong>Juan Antonio Nieves<\/strong> (Subdelegado del Gobierno en Alicante), <strong>Llanos Mass\u00f3<\/strong> (Presidenta de Les Corts Valencianes), <strong>Javier Ortega Smith<\/strong> (Secretario General de VOX), <strong>Joan Baldov\u00ed<\/strong> (S\u00edndic de Comprom\u00eds en Les Corts), <strong>Javier Sendra<\/strong> (Secretario Auton\u00f3mico de Medio Ambiente), <strong>Felipe Carrasco<\/strong> (Secretario Auton\u00f3mico de Industria), <strong>Patri Blanquer<\/strong> (Diputada Nacional del PSPV), <strong>Fernando Pastor<\/strong> (Diputado Auton\u00f3mico del PP), y los Diputados Provinciales <strong>Ismael Vidal<\/strong> (PSOE) y <strong>Carlos Pastor<\/strong> (PP). La casi totalidad de <strong>alcaldes y alcaldesas de l&#8217;Alcoi\u00e0 y el Comtat<\/strong> estuvieron contemplando los desfiles destacando los primeros ediles de grandes municipios vecinos de Alcoy como<strong> Jordi Pla<\/strong> (alcalde de Cocentaina) o <strong>Vicent Molina<\/strong> (alcalde de Muro). Tambi\u00e9n pudimos ver a <strong>Blas Calbo<\/strong> (Presidente de la Mancomunitat de l&#8217;Alcoi\u00e0 y el Comtat), <strong>Jos\u00e9 Manuel Prieto<\/strong> (alcalde de Gandia), <strong>Roger Cerd\u00e0<\/strong> (alcalde de X\u00e0tiva) o <strong>Pablo de Gracia<\/strong> (Presidente de la C\u00e1mara de comercio de Alcoy).\u00a0 Todos ellos acompa\u00f1aron a la Corporaci\u00f3n Municipal de la ciudad encabezada por el alcalde; <strong>Toni Franc\u00e9s<\/strong>.<\/p>\n","protected":false},"excerpt":{"rendered":"<p>Las Fiestas de Moros y Cristianos de Alcoy volvieron a contar con un amplio respaldo institucional, especialmente en jornadas como&#8230;<\/p>\n","protected":false},"author":1,"featured_media":132879,"comment_status":"open","ping_status":"open","sticky":false,"template":"","format":"standard","meta":{"footnotes":""},"categories":[1],"tags":[1494,565,609,4041],"class_list":["post-132870","post","type-post","status-publish","format-standard","has-post-thumbnail","hentry","category-sin-categorizar","tag-alcoy","tag-fiestas","tag-moros-y-cristianos","tag-representacion-institucional"],"yoast_head":"<!-- This site is optimized with the Yoast SEO plugin v27.3 - https:\/\/yoast.com\/product\/yoast-seo-wordpress\/ -->\n<title>Maz\u00f3n y la Ministra Morant no se perdieron las Entradas de Alcoy - COPE Alcoy<\/title>\n<meta name=\"robots\" content=\"index, follow, max-snippet:-1, max-image-preview:large, max-video-preview:-1\" \/>\n<link rel=\"canonical\" href=\"https:\/\/www.copealcoy.es\/es\/mazon-y-la-ministra-morant-no-se-perdieron-las-entradas-de-alcoy\/\" \/>\n<meta property=\"og:locale\" content=\"es_ES\" \/>\n<meta property=\"og:type\" content=\"article\" \/>\n<meta property=\"og:title\" content=\"Maz\u00f3n y la Ministra Morant no se perdieron las Entradas de Alcoy - COPE Alcoy\" \/>\n<meta property=\"og:description\" content=\"Las Fiestas de Moros y Cristianos de Alcoy volvieron a contar con un amplio respaldo institucional, especialmente en jornadas como...\" \/>\n<meta property=\"og:url\" content=\"https:\/\/www.copealcoy.es\/es\/mazon-y-la-ministra-morant-no-se-perdieron-las-entradas-de-alcoy\/\" \/>\n<meta property=\"og:site_name\" content=\"COPE Alcoy\" \/>\n<meta property=\"article:published_time\" content=\"2024-04-21T09:28:12+00:00\" \/>\n<meta property=\"article:modified_time\" content=\"2024-04-28T10:03:06+00:00\" \/>\n<meta property=\"og:image\" content=\"https:\/\/www.copealcoy.es\/wp-content\/uploads\/2024\/04\/unnamed-1-42-scaled.jpg\" \/>\n\t<meta property=\"og:image:width\" content=\"1620\" \/>\n\t<meta property=\"og:image:height\" content=\"1080\" \/>\n\t<meta property=\"og:image:type\" content=\"image\/jpeg\" \/>\n<meta name=\"author\" content=\"Cope Alcoy\" \/>\n<meta name=\"twitter:label1\" content=\"Escrito por\" \/>\n\t<meta name=\"twitter:data1\" content=\"Cope Alcoy\" \/>\n\t<meta name=\"twitter:label2\" content=\"Tiempo de lectura\" \/>\n\t<meta name=\"twitter:data2\" content=\"2 minutos\" \/>\n<script type=\"application\/ld+json\" class=\"yoast-schema-graph\">{\"@context\":\"https:\\\/\\\/schema.org\",\"@graph\":[{\"@type\":\"Article\",\"@id\":\"https:\\\/\\\/www.copealcoy.es\\\/es\\\/mazon-y-la-ministra-morant-no-se-perdieron-las-entradas-de-alcoy\\\/#article\",\"isPartOf\":{\"@id\":\"https:\\\/\\\/www.copealcoy.es\\\/es\\\/mazon-y-la-ministra-morant-no-se-perdieron-las-entradas-de-alcoy\\\/\"},\"author\":{\"name\":\"Cope Alcoy\",\"@id\":\"https:\\\/\\\/www.copealcoy.es\\\/es\\\/#\\\/schema\\\/person\\\/e777c87fa024e57d40170af9df39882c\"},\"headline\":\"Maz\u00f3n y la Ministra Morant no se perdieron las Entradas de Alcoy\",\"datePublished\":\"2024-04-21T09:28:12+00:00\",\"dateModified\":\"2024-04-28T10:03:06+00:00\",\"mainEntityOfPage\":{\"@id\":\"https:\\\/\\\/www.copealcoy.es\\\/es\\\/mazon-y-la-ministra-morant-no-se-perdieron-las-entradas-de-alcoy\\\/\"},\"wordCount\":409,\"commentCount\":0,\"image\":{\"@id\":\"https:\\\/\\\/www.copealcoy.es\\\/es\\\/mazon-y-la-ministra-morant-no-se-perdieron-las-entradas-de-alcoy\\\/#primaryimage\"},\"thumbnailUrl\":\"https:\\\/\\\/www.copealcoy.es\\\/wp-content\\\/uploads\\\/2024\\\/04\\\/unnamed-1-42-scaled.jpg\",\"keywords\":[\"Alcoy\",\"Fiestas\",\"Moros Y Cristianos\",\"representaci\u00f3n institucional\"],\"articleSection\":[\"Sin categorizar\"],\"inLanguage\":\"es\"},{\"@type\":\"WebPage\",\"@id\":\"https:\\\/\\\/www.copealcoy.es\\\/es\\\/mazon-y-la-ministra-morant-no-se-perdieron-las-entradas-de-alcoy\\\/\",\"url\":\"https:\\\/\\\/www.copealcoy.es\\\/es\\\/mazon-y-la-ministra-morant-no-se-perdieron-las-entradas-de-alcoy\\\/\",\"name\":\"Maz\u00f3n y la Ministra Morant no se perdieron las Entradas de Alcoy - COPE Alcoy\",\"isPartOf\":{\"@id\":\"https:\\\/\\\/www.copealcoy.es\\\/es\\\/#website\"},\"primaryImageOfPage\":{\"@id\":\"https:\\\/\\\/www.copealcoy.es\\\/es\\\/mazon-y-la-ministra-morant-no-se-perdieron-las-entradas-de-alcoy\\\/#primaryimage\"},\"image\":{\"@id\":\"https:\\\/\\\/www.copealcoy.es\\\/es\\\/mazon-y-la-ministra-morant-no-se-perdieron-las-entradas-de-alcoy\\\/#primaryimage\"},\"thumbnailUrl\":\"https:\\\/\\\/www.copealcoy.es\\\/wp-content\\\/uploads\\\/2024\\\/04\\\/unnamed-1-42-scaled.jpg\",\"datePublished\":\"2024-04-21T09:28:12+00:00\",\"dateModified\":\"2024-04-28T10:03:06+00:00\",\"author\":{\"@id\":\"https:\\\/\\\/www.copealcoy.es\\\/es\\\/#\\\/schema\\\/person\\\/e777c87fa024e57d40170af9df39882c\"},\"breadcrumb\":{\"@id\":\"https:\\\/\\\/www.copealcoy.es\\\/es\\\/mazon-y-la-ministra-morant-no-se-perdieron-las-entradas-de-alcoy\\\/#breadcrumb\"},\"inLanguage\":\"es\",\"potentialAction\":[{\"@type\":\"ReadAction\",\"target\":[\"https:\\\/\\\/www.copealcoy.es\\\/es\\\/mazon-y-la-ministra-morant-no-se-perdieron-las-entradas-de-alcoy\\\/\"]}]},{\"@type\":\"ImageObject\",\"inLanguage\":\"es\",\"@id\":\"https:\\\/\\\/www.copealcoy.es\\\/es\\\/mazon-y-la-ministra-morant-no-se-perdieron-las-entradas-de-alcoy\\\/#primaryimage\",\"url\":\"https:\\\/\\\/www.copealcoy.es\\\/wp-content\\\/uploads\\\/2024\\\/04\\\/unnamed-1-42-scaled.jpg\",\"contentUrl\":\"https:\\\/\\\/www.copealcoy.es\\\/wp-content\\\/uploads\\\/2024\\\/04\\\/unnamed-1-42-scaled.jpg\",\"width\":1620,\"height\":1080},{\"@type\":\"BreadcrumbList\",\"@id\":\"https:\\\/\\\/www.copealcoy.es\\\/es\\\/mazon-y-la-ministra-morant-no-se-perdieron-las-entradas-de-alcoy\\\/#breadcrumb\",\"itemListElement\":[{\"@type\":\"ListItem\",\"position\":1,\"name\":\"Portada\",\"item\":\"https:\\\/\\\/www.copealcoy.es\\\/es\\\/\"},{\"@type\":\"ListItem\",\"position\":2,\"name\":\"Maz\u00f3n y la Ministra Morant no se perdieron las Entradas de Alcoy\"}]},{\"@type\":\"WebSite\",\"@id\":\"https:\\\/\\\/www.copealcoy.es\\\/es\\\/#website\",\"url\":\"https:\\\/\\\/www.copealcoy.es\\\/es\\\/\",\"name\":\"COPE Alcoy\",\"description\":\"Emisora COPE de radio local con emisi\u00f3n online. Pont de Sant Jordi 8-10 03803 Alcoy\",\"potentialAction\":[{\"@type\":\"SearchAction\",\"target\":{\"@type\":\"EntryPoint\",\"urlTemplate\":\"https:\\\/\\\/www.copealcoy.es\\\/es\\\/?s={search_term_string}\"},\"query-input\":{\"@type\":\"PropertyValueSpecification\",\"valueRequired\":true,\"valueName\":\"search_term_string\"}}],\"inLanguage\":\"es\"},{\"@type\":\"Person\",\"@id\":\"https:\\\/\\\/www.copealcoy.es\\\/es\\\/#\\\/schema\\\/person\\\/e777c87fa024e57d40170af9df39882c\",\"name\":\"Cope Alcoy\",\"image\":{\"@type\":\"ImageObject\",\"inLanguage\":\"es\",\"@id\":\"https:\\\/\\\/secure.gravatar.com\\\/avatar\\\/bb65d0283347e303893ba14f0692005417c1e0e690a325a4c5d8bb2b3943ee14?s=96&d=mm&r=g\",\"url\":\"https:\\\/\\\/secure.gravatar.com\\\/avatar\\\/bb65d0283347e303893ba14f0692005417c1e0e690a325a4c5d8bb2b3943ee14?s=96&d=mm&r=g\",\"contentUrl\":\"https:\\\/\\\/secure.gravatar.com\\\/avatar\\\/bb65d0283347e303893ba14f0692005417c1e0e690a325a4c5d8bb2b3943ee14?s=96&d=mm&r=g\",\"caption\":\"Cope Alcoy\"}}]}<\/script>\n<!-- \/ Yoast SEO plugin. -->","yoast_head_json":{"title":"Maz\u00f3n y la Ministra Morant no se perdieron las Entradas de Alcoy - COPE Alcoy","robots":{"index":"index","follow":"follow","max-snippet":"max-snippet:-1","max-image-preview":"max-image-preview:large","max-video-preview":"max-video-preview:-1"},"canonical":"https:\/\/www.copealcoy.es\/es\/mazon-y-la-ministra-morant-no-se-perdieron-las-entradas-de-alcoy\/","og_locale":"es_ES","og_type":"article","og_title":"Maz\u00f3n y la Ministra Morant no se perdieron las Entradas de Alcoy - COPE Alcoy","og_description":"Las Fiestas de Moros y Cristianos de Alcoy volvieron a contar con un amplio respaldo institucional, especialmente en jornadas como...","og_url":"https:\/\/www.copealcoy.es\/es\/mazon-y-la-ministra-morant-no-se-perdieron-las-entradas-de-alcoy\/","og_site_name":"COPE Alcoy","article_published_time":"2024-04-21T09:28:12+00:00","article_modified_time":"2024-04-28T10:03:06+00:00","og_image":[{"width":1620,"height":1080,"url":"https:\/\/www.copealcoy.es\/wp-content\/uploads\/2024\/04\/unnamed-1-42-scaled.jpg","type":"image\/jpeg"}],"author":"Cope Alcoy","twitter_misc":{"Escrito por":"Cope Alcoy","Tiempo de lectura":"2 minutos"},"schema":{"@context":"https:\/\/schema.org","@graph":[{"@type":"Article","@id":"https:\/\/www.copealcoy.es\/es\/mazon-y-la-ministra-morant-no-se-perdieron-las-entradas-de-alcoy\/#article","isPartOf":{"@id":"https:\/\/www.copealcoy.es\/es\/mazon-y-la-ministra-morant-no-se-perdieron-las-entradas-de-alcoy\/"},"author":{"name":"Cope Alcoy","@id":"https:\/\/www.copealcoy.es\/es\/#\/schema\/person\/e777c87fa024e57d40170af9df39882c"},"headline":"Maz\u00f3n y la Ministra Morant no se perdieron las Entradas de Alcoy","datePublished":"2024-04-21T09:28:12+00:00","dateModified":"2024-04-28T10:03:06+00:00","mainEntityOfPage":{"@id":"https:\/\/www.copealcoy.es\/es\/mazon-y-la-ministra-morant-no-se-perdieron-las-entradas-de-alcoy\/"},"wordCount":409,"commentCount":0,"image":{"@id":"https:\/\/www.copealcoy.es\/es\/mazon-y-la-ministra-morant-no-se-perdieron-las-entradas-de-alcoy\/#primaryimage"},"thumbnailUrl":"https:\/\/www.copealcoy.es\/wp-content\/uploads\/2024\/04\/unnamed-1-42-scaled.jpg","keywords":["Alcoy","Fiestas","Moros Y Cristianos","representaci\u00f3n institucional"],"articleSection":["Sin categorizar"],"inLanguage":"es"},{"@type":"WebPage","@id":"https:\/\/www.copealcoy.es\/es\/mazon-y-la-ministra-morant-no-se-perdieron-las-entradas-de-alcoy\/","url":"https:\/\/www.copealcoy.es\/es\/mazon-y-la-ministra-morant-no-se-perdieron-las-entradas-de-alcoy\/","name":"Maz\u00f3n y la Ministra Morant no se perdieron las Entradas de Alcoy - COPE Alcoy","isPartOf":{"@id":"https:\/\/www.copealcoy.es\/es\/#website"},"primaryImageOfPage":{"@id":"https:\/\/www.copealcoy.es\/es\/mazon-y-la-ministra-morant-no-se-perdieron-las-entradas-de-alcoy\/#primaryimage"},"image":{"@id":"https:\/\/www.copealcoy.es\/es\/mazon-y-la-ministra-morant-no-se-perdieron-las-entradas-de-alcoy\/#primaryimage"},"thumbnailUrl":"https:\/\/www.copealcoy.es\/wp-content\/uploads\/2024\/04\/unnamed-1-42-scaled.jpg","datePublished":"2024-04-21T09:28:12+00:00","dateModified":"2024-04-28T10:03:06+00:00","author":{"@id":"https:\/\/www.copealcoy.es\/es\/#\/schema\/person\/e777c87fa024e57d40170af9df39882c"},"breadcrumb":{"@id":"https:\/\/www.copealcoy.es\/es\/mazon-y-la-ministra-morant-no-se-perdieron-las-entradas-de-alcoy\/#breadcrumb"},"inLanguage":"es","potentialAction":[{"@type":"ReadAction","target":["https:\/\/www.copealcoy.es\/es\/mazon-y-la-ministra-morant-no-se-perdieron-las-entradas-de-alcoy\/"]}]},{"@type":"ImageObject","inLanguage":"es","@id":"https:\/\/www.copealcoy.es\/es\/mazon-y-la-ministra-morant-no-se-perdieron-las-entradas-de-alcoy\/#primaryimage","url":"https:\/\/www.copealcoy.es\/wp-content\/uploads\/2024\/04\/unnamed-1-42-scaled.jpg","contentUrl":"https:\/\/www.copealcoy.es\/wp-content\/uploads\/2024\/04\/unnamed-1-42-scaled.jpg","width":1620,"height":1080},{"@type":"BreadcrumbList","@id":"https:\/\/www.copealcoy.es\/es\/mazon-y-la-ministra-morant-no-se-perdieron-las-entradas-de-alcoy\/#breadcrumb","itemListElement":[{"@type":"ListItem","position":1,"name":"Portada","item":"https:\/\/www.copealcoy.es\/es\/"},{"@type":"ListItem","position":2,"name":"Maz\u00f3n y la Ministra Morant no se perdieron las Entradas de Alcoy"}]},{"@type":"WebSite","@id":"https:\/\/www.copealcoy.es\/es\/#website","url":"https:\/\/www.copealcoy.es\/es\/","name":"COPE Alcoy","description":"Emisora COPE de radio local con emisi\u00f3n online. Pont de Sant Jordi 8-10 03803 Alcoy","potentialAction":[{"@type":"SearchAction","target":{"@type":"EntryPoint","urlTemplate":"https:\/\/www.copealcoy.es\/es\/?s={search_term_string}"},"query-input":{"@type":"PropertyValueSpecification","valueRequired":true,"valueName":"search_term_string"}}],"inLanguage":"es"},{"@type":"Person","@id":"https:\/\/www.copealcoy.es\/es\/#\/schema\/person\/e777c87fa024e57d40170af9df39882c","name":"Cope Alcoy","image":{"@type":"ImageObject","inLanguage":"es","@id":"https:\/\/secure.gravatar.com\/avatar\/bb65d0283347e303893ba14f0692005417c1e0e690a325a4c5d8bb2b3943ee14?s=96&d=mm&r=g","url":"https:\/\/secure.gravatar.com\/avatar\/bb65d0283347e303893ba14f0692005417c1e0e690a325a4c5d8bb2b3943ee14?s=96&d=mm&r=g","contentUrl":"https:\/\/secure.gravatar.com\/avatar\/bb65d0283347e303893ba14f0692005417c1e0e690a325a4c5d8bb2b3943ee14?s=96&d=mm&r=g","caption":"Cope Alcoy"}}]}},"_links":{"self":[{"href":"https:\/\/www.copealcoy.es\/es\/wp-json\/wp\/v2\/posts\/132870","targetHints":{"allow":["GET"]}}],"collection":[{"href":"https:\/\/www.copealcoy.es\/es\/wp-json\/wp\/v2\/posts"}],"about":[{"href":"https:\/\/www.copealcoy.es\/es\/wp-json\/wp\/v2\/types\/post"}],"author":[{"embeddable":true,"href":"https:\/\/www.copealcoy.es\/es\/wp-json\/wp\/v2\/users\/1"}],"replies":[{"embeddable":true,"href":"https:\/\/www.copealcoy.es\/es\/wp-json\/wp\/v2\/comments?post=132870"}],"version-history":[{"count":0,"href":"https:\/\/www.copealcoy.es\/es\/wp-json\/wp\/v2\/posts\/132870\/revisions"}],"wp:featuredmedia":[{"embeddable":true,"href":"https:\/\/www.copealcoy.es\/es\/wp-json\/wp\/v2\/media\/132879"}],"wp:attachment":[{"href":"https:\/\/www.copealcoy.es\/es\/wp-json\/wp\/v2\/media?parent=132870"}],"wp:term":[{"taxonomy":"category","embeddable":true,"href":"https:\/\/www.copealcoy.es\/es\/wp-json\/wp\/v2\/categories?post=132870"},{"taxonomy":"post_tag","embeddable":true,"href":"https:\/\/www.copealcoy.es\/es\/wp-json\/wp\/v2\/tags?post=132870"}],"curies":[{"name":"wp","href":"https:\/\/api.w.org\/{rel}","templated":true}]}}