{"id":132832,"date":"2024-04-20T12:02:02","date_gmt":"2024-04-20T11:02:02","guid":{"rendered":"https:\/\/www.copealcoy.es\/?p=132832"},"modified":"2024-04-27T23:13:59","modified_gmt":"2024-04-27T22:13:59","slug":"los-alcodianos-sorprenden-con-su-original-escuadra-especial","status":"publish","type":"post","link":"https:\/\/www.copealcoy.es\/es\/los-alcodianos-sorprenden-con-su-original-escuadra-especial\/","title":{"rendered":"Los Alcodianos sorprenden con su original Escuadra Especial"},"content":{"rendered":"<p style=\"text-align: justify;\">El <strong>paso del boato del Capit\u00e1n Cristiano<\/strong> ha finalizado con la llegada de <strong>una impresionante Escuadra Especial<\/strong>. Sus componentes luc\u00edan un guerrero dise\u00f1o, en el que predominaban los tonos blancos y plateados, y <strong>cada uno de ellos simbolizaba a los guerreros enviados desde el cielo como \u00e1ngeles que prestar\u00e1n ayuda en la tierra a <span style=\"color: #0000ff;\"><a style=\"color: #0000ff;\" href=\"https:\/\/www.facebook.com\/filaalcodianos?locale=es_LA\" target=\"_blank\" rel=\"noopener\">los Alcodianos <\/a><\/span>para vencer a los musulmanes<\/strong>. Un gui\u00f1o tambi\u00e9n a aquellos Alcodianos que cayeron en batallas pasadas pero cuyo esp\u00edritu sigue vivo rindi\u00e9ndoles un sentido homenaje en esta gran Festa en honor a San Jorge.<\/p>\n<p style=\"text-align: justify;\">Esta <strong>guerrera Escuadra Especial<\/strong> ha estado dise\u00f1ada por el alcoyano <strong>Juan Climent<\/strong>. La\u00a0<strong>Agrupaci\u00f3 Art\u00edstico Musical El Trabajo de Xixona y la Colla El Rebuig<\/strong>\u00a0han interpretado la marcha cristiana\u00a0<em>L\u00e0crima<\/em>, de<strong>\u00a0Sa\u00fcl G\u00f3mez i Soler<\/strong>, fusionada con los fuertes aplausos de un p\u00fablico rendido a todo lo que los Alcodianos han sacado a la calle.<\/p>\n","protected":false},"excerpt":{"rendered":"<p>El paso del boato del Capit\u00e1n Cristiano ha finalizado con la llegada de una impresionante Escuadra Especial. Sus componentes luc\u00edan&#8230;<\/p>\n","protected":false},"author":1,"featured_media":132833,"comment_status":"open","ping_status":"open","sticky":false,"template":"","format":"standard","meta":{"footnotes":""},"categories":[6909,97,78,75],"tags":[1494,1311,12651,2001,13329],"class_list":["post-132832","post","type-post","status-publish","format-standard","has-post-thumbnail","hentry","category-actualidad","category-alcoy","category-fiestaycultura","category-noticias","tag-alcoy","tag-capitan-cristiano","tag-escuadra-especial","tag-fiestas-de-moros-y-cristianos","tag-fila-alcodianos"],"yoast_head":"<!-- This site is optimized with the Yoast SEO plugin v27.3 - https:\/\/yoast.com\/product\/yoast-seo-wordpress\/ -->\n<title>Los Alcodianos sorprenden con su original Escuadra Especial - COPE Alcoy<\/title>\n<meta name=\"description\" content=\"El paso del boato del Capit\u00e1n Cristiano ha finalizado con la llegada de una impresionante Escuadra Especial\" \/>\n<meta name=\"robots\" content=\"index, follow, max-snippet:-1, max-image-preview:large, max-video-preview:-1\" \/>\n<link rel=\"canonical\" href=\"https:\/\/www.copealcoy.es\/es\/los-alcodianos-sorprenden-con-su-original-escuadra-especial\/\" \/>\n<meta property=\"og:locale\" content=\"es_ES\" \/>\n<meta property=\"og:type\" content=\"article\" \/>\n<meta property=\"og:title\" content=\"Los Alcodianos sorprenden con su original Escuadra Especial - COPE Alcoy\" \/>\n<meta property=\"og:description\" content=\"El paso del boato del Capit\u00e1n Cristiano ha finalizado con la llegada de una impresionante Escuadra Especial\" \/>\n<meta property=\"og:url\" content=\"https:\/\/www.copealcoy.es\/es\/los-alcodianos-sorprenden-con-su-original-escuadra-especial\/\" \/>\n<meta property=\"og:site_name\" content=\"COPE Alcoy\" \/>\n<meta property=\"article:published_time\" content=\"2024-04-20T11:02:02+00:00\" \/>\n<meta property=\"article:modified_time\" content=\"2024-04-27T22:13:59+00:00\" \/>\n<meta property=\"og:image\" content=\"https:\/\/www.copealcoy.es\/wp-content\/uploads\/2024\/04\/unnamed-1-39-scaled.jpg\" \/>\n\t<meta property=\"og:image:width\" content=\"1596\" \/>\n\t<meta property=\"og:image:height\" content=\"1080\" \/>\n\t<meta property=\"og:image:type\" content=\"image\/jpeg\" \/>\n<meta name=\"author\" content=\"Cope Alcoy\" \/>\n<meta name=\"twitter:label1\" content=\"Escrito por\" \/>\n\t<meta name=\"twitter:data1\" content=\"Cope Alcoy\" \/>\n\t<meta name=\"twitter:label2\" content=\"Tiempo de lectura\" \/>\n\t<meta name=\"twitter:data2\" content=\"1 minuto\" \/>\n<script type=\"application\/ld+json\" class=\"yoast-schema-graph\">{\"@context\":\"https:\\\/\\\/schema.org\",\"@graph\":[{\"@type\":\"Article\",\"@id\":\"https:\\\/\\\/www.copealcoy.es\\\/es\\\/los-alcodianos-sorprenden-con-su-original-escuadra-especial\\\/#article\",\"isPartOf\":{\"@id\":\"https:\\\/\\\/www.copealcoy.es\\\/es\\\/los-alcodianos-sorprenden-con-su-original-escuadra-especial\\\/\"},\"author\":{\"name\":\"Cope Alcoy\",\"@id\":\"https:\\\/\\\/www.copealcoy.es\\\/es\\\/#\\\/schema\\\/person\\\/e777c87fa024e57d40170af9df39882c\"},\"headline\":\"Los Alcodianos sorprenden con su original Escuadra Especial\",\"datePublished\":\"2024-04-20T11:02:02+00:00\",\"dateModified\":\"2024-04-27T22:13:59+00:00\",\"mainEntityOfPage\":{\"@id\":\"https:\\\/\\\/www.copealcoy.es\\\/es\\\/los-alcodianos-sorprenden-con-su-original-escuadra-especial\\\/\"},\"wordCount\":168,\"commentCount\":0,\"image\":{\"@id\":\"https:\\\/\\\/www.copealcoy.es\\\/es\\\/los-alcodianos-sorprenden-con-su-original-escuadra-especial\\\/#primaryimage\"},\"thumbnailUrl\":\"https:\\\/\\\/www.copealcoy.es\\\/wp-content\\\/uploads\\\/2024\\\/04\\\/unnamed-1-39-scaled.jpg\",\"keywords\":[\"Alcoy\",\"capit\u00e1n cristiano\",\"escuadra especial\",\"Fiestas de Moros y Cristianos\",\"Fil\u00e0 Alcodianos\"],\"articleSection\":[\"Actualidad\",\"Alcoy\",\"Fiesta y Cultura\",\"Noticias\"],\"inLanguage\":\"es\"},{\"@type\":\"WebPage\",\"@id\":\"https:\\\/\\\/www.copealcoy.es\\\/es\\\/los-alcodianos-sorprenden-con-su-original-escuadra-especial\\\/\",\"url\":\"https:\\\/\\\/www.copealcoy.es\\\/es\\\/los-alcodianos-sorprenden-con-su-original-escuadra-especial\\\/\",\"name\":\"Los Alcodianos sorprenden con su original Escuadra Especial - COPE Alcoy\",\"isPartOf\":{\"@id\":\"https:\\\/\\\/www.copealcoy.es\\\/es\\\/#website\"},\"primaryImageOfPage\":{\"@id\":\"https:\\\/\\\/www.copealcoy.es\\\/es\\\/los-alcodianos-sorprenden-con-su-original-escuadra-especial\\\/#primaryimage\"},\"image\":{\"@id\":\"https:\\\/\\\/www.copealcoy.es\\\/es\\\/los-alcodianos-sorprenden-con-su-original-escuadra-especial\\\/#primaryimage\"},\"thumbnailUrl\":\"https:\\\/\\\/www.copealcoy.es\\\/wp-content\\\/uploads\\\/2024\\\/04\\\/unnamed-1-39-scaled.jpg\",\"datePublished\":\"2024-04-20T11:02:02+00:00\",\"dateModified\":\"2024-04-27T22:13:59+00:00\",\"author\":{\"@id\":\"https:\\\/\\\/www.copealcoy.es\\\/es\\\/#\\\/schema\\\/person\\\/e777c87fa024e57d40170af9df39882c\"},\"description\":\"El paso del boato del Capit\u00e1n Cristiano ha finalizado con la llegada de una impresionante Escuadra Especial\",\"breadcrumb\":{\"@id\":\"https:\\\/\\\/www.copealcoy.es\\\/es\\\/los-alcodianos-sorprenden-con-su-original-escuadra-especial\\\/#breadcrumb\"},\"inLanguage\":\"es\",\"potentialAction\":[{\"@type\":\"ReadAction\",\"target\":[\"https:\\\/\\\/www.copealcoy.es\\\/es\\\/los-alcodianos-sorprenden-con-su-original-escuadra-especial\\\/\"]}]},{\"@type\":\"ImageObject\",\"inLanguage\":\"es\",\"@id\":\"https:\\\/\\\/www.copealcoy.es\\\/es\\\/los-alcodianos-sorprenden-con-su-original-escuadra-especial\\\/#primaryimage\",\"url\":\"https:\\\/\\\/www.copealcoy.es\\\/wp-content\\\/uploads\\\/2024\\\/04\\\/unnamed-1-39-scaled.jpg\",\"contentUrl\":\"https:\\\/\\\/www.copealcoy.es\\\/wp-content\\\/uploads\\\/2024\\\/04\\\/unnamed-1-39-scaled.jpg\",\"width\":1596,\"height\":1080},{\"@type\":\"BreadcrumbList\",\"@id\":\"https:\\\/\\\/www.copealcoy.es\\\/es\\\/los-alcodianos-sorprenden-con-su-original-escuadra-especial\\\/#breadcrumb\",\"itemListElement\":[{\"@type\":\"ListItem\",\"position\":1,\"name\":\"Portada\",\"item\":\"https:\\\/\\\/www.copealcoy.es\\\/es\\\/\"},{\"@type\":\"ListItem\",\"position\":2,\"name\":\"Los Alcodianos sorprenden con su original Escuadra Especial\"}]},{\"@type\":\"WebSite\",\"@id\":\"https:\\\/\\\/www.copealcoy.es\\\/es\\\/#website\",\"url\":\"https:\\\/\\\/www.copealcoy.es\\\/es\\\/\",\"name\":\"COPE Alcoy\",\"description\":\"Emisora COPE de radio local con emisi\u00f3n online. Pont de Sant Jordi 8-10 03803 Alcoy\",\"potentialAction\":[{\"@type\":\"SearchAction\",\"target\":{\"@type\":\"EntryPoint\",\"urlTemplate\":\"https:\\\/\\\/www.copealcoy.es\\\/es\\\/?s={search_term_string}\"},\"query-input\":{\"@type\":\"PropertyValueSpecification\",\"valueRequired\":true,\"valueName\":\"search_term_string\"}}],\"inLanguage\":\"es\"},{\"@type\":\"Person\",\"@id\":\"https:\\\/\\\/www.copealcoy.es\\\/es\\\/#\\\/schema\\\/person\\\/e777c87fa024e57d40170af9df39882c\",\"name\":\"Cope Alcoy\",\"image\":{\"@type\":\"ImageObject\",\"inLanguage\":\"es\",\"@id\":\"https:\\\/\\\/secure.gravatar.com\\\/avatar\\\/bb65d0283347e303893ba14f0692005417c1e0e690a325a4c5d8bb2b3943ee14?s=96&d=mm&r=g\",\"url\":\"https:\\\/\\\/secure.gravatar.com\\\/avatar\\\/bb65d0283347e303893ba14f0692005417c1e0e690a325a4c5d8bb2b3943ee14?s=96&d=mm&r=g\",\"contentUrl\":\"https:\\\/\\\/secure.gravatar.com\\\/avatar\\\/bb65d0283347e303893ba14f0692005417c1e0e690a325a4c5d8bb2b3943ee14?s=96&d=mm&r=g\",\"caption\":\"Cope Alcoy\"}}]}<\/script>\n<!-- \/ Yoast SEO plugin. -->","yoast_head_json":{"title":"Los Alcodianos sorprenden con su original Escuadra Especial - COPE Alcoy","description":"El paso del boato del Capit\u00e1n Cristiano ha finalizado con la llegada de una impresionante Escuadra Especial","robots":{"index":"index","follow":"follow","max-snippet":"max-snippet:-1","max-image-preview":"max-image-preview:large","max-video-preview":"max-video-preview:-1"},"canonical":"https:\/\/www.copealcoy.es\/es\/los-alcodianos-sorprenden-con-su-original-escuadra-especial\/","og_locale":"es_ES","og_type":"article","og_title":"Los Alcodianos sorprenden con su original Escuadra Especial - COPE Alcoy","og_description":"El paso del boato del Capit\u00e1n Cristiano ha finalizado con la llegada de una impresionante Escuadra Especial","og_url":"https:\/\/www.copealcoy.es\/es\/los-alcodianos-sorprenden-con-su-original-escuadra-especial\/","og_site_name":"COPE Alcoy","article_published_time":"2024-04-20T11:02:02+00:00","article_modified_time":"2024-04-27T22:13:59+00:00","og_image":[{"width":1596,"height":1080,"url":"https:\/\/www.copealcoy.es\/wp-content\/uploads\/2024\/04\/unnamed-1-39-scaled.jpg","type":"image\/jpeg"}],"author":"Cope Alcoy","twitter_misc":{"Escrito por":"Cope Alcoy","Tiempo de lectura":"1 minuto"},"schema":{"@context":"https:\/\/schema.org","@graph":[{"@type":"Article","@id":"https:\/\/www.copealcoy.es\/es\/los-alcodianos-sorprenden-con-su-original-escuadra-especial\/#article","isPartOf":{"@id":"https:\/\/www.copealcoy.es\/es\/los-alcodianos-sorprenden-con-su-original-escuadra-especial\/"},"author":{"name":"Cope Alcoy","@id":"https:\/\/www.copealcoy.es\/es\/#\/schema\/person\/e777c87fa024e57d40170af9df39882c"},"headline":"Los Alcodianos sorprenden con su original Escuadra Especial","datePublished":"2024-04-20T11:02:02+00:00","dateModified":"2024-04-27T22:13:59+00:00","mainEntityOfPage":{"@id":"https:\/\/www.copealcoy.es\/es\/los-alcodianos-sorprenden-con-su-original-escuadra-especial\/"},"wordCount":168,"commentCount":0,"image":{"@id":"https:\/\/www.copealcoy.es\/es\/los-alcodianos-sorprenden-con-su-original-escuadra-especial\/#primaryimage"},"thumbnailUrl":"https:\/\/www.copealcoy.es\/wp-content\/uploads\/2024\/04\/unnamed-1-39-scaled.jpg","keywords":["Alcoy","capit\u00e1n cristiano","escuadra especial","Fiestas de Moros y Cristianos","Fil\u00e0 Alcodianos"],"articleSection":["Actualidad","Alcoy","Fiesta y Cultura","Noticias"],"inLanguage":"es"},{"@type":"WebPage","@id":"https:\/\/www.copealcoy.es\/es\/los-alcodianos-sorprenden-con-su-original-escuadra-especial\/","url":"https:\/\/www.copealcoy.es\/es\/los-alcodianos-sorprenden-con-su-original-escuadra-especial\/","name":"Los Alcodianos sorprenden con su original Escuadra Especial - COPE Alcoy","isPartOf":{"@id":"https:\/\/www.copealcoy.es\/es\/#website"},"primaryImageOfPage":{"@id":"https:\/\/www.copealcoy.es\/es\/los-alcodianos-sorprenden-con-su-original-escuadra-especial\/#primaryimage"},"image":{"@id":"https:\/\/www.copealcoy.es\/es\/los-alcodianos-sorprenden-con-su-original-escuadra-especial\/#primaryimage"},"thumbnailUrl":"https:\/\/www.copealcoy.es\/wp-content\/uploads\/2024\/04\/unnamed-1-39-scaled.jpg","datePublished":"2024-04-20T11:02:02+00:00","dateModified":"2024-04-27T22:13:59+00:00","author":{"@id":"https:\/\/www.copealcoy.es\/es\/#\/schema\/person\/e777c87fa024e57d40170af9df39882c"},"description":"El paso del boato del Capit\u00e1n Cristiano ha finalizado con la llegada de una impresionante Escuadra Especial","breadcrumb":{"@id":"https:\/\/www.copealcoy.es\/es\/los-alcodianos-sorprenden-con-su-original-escuadra-especial\/#breadcrumb"},"inLanguage":"es","potentialAction":[{"@type":"ReadAction","target":["https:\/\/www.copealcoy.es\/es\/los-alcodianos-sorprenden-con-su-original-escuadra-especial\/"]}]},{"@type":"ImageObject","inLanguage":"es","@id":"https:\/\/www.copealcoy.es\/es\/los-alcodianos-sorprenden-con-su-original-escuadra-especial\/#primaryimage","url":"https:\/\/www.copealcoy.es\/wp-content\/uploads\/2024\/04\/unnamed-1-39-scaled.jpg","contentUrl":"https:\/\/www.copealcoy.es\/wp-content\/uploads\/2024\/04\/unnamed-1-39-scaled.jpg","width":1596,"height":1080},{"@type":"BreadcrumbList","@id":"https:\/\/www.copealcoy.es\/es\/los-alcodianos-sorprenden-con-su-original-escuadra-especial\/#breadcrumb","itemListElement":[{"@type":"ListItem","position":1,"name":"Portada","item":"https:\/\/www.copealcoy.es\/es\/"},{"@type":"ListItem","position":2,"name":"Los Alcodianos sorprenden con su original Escuadra Especial"}]},{"@type":"WebSite","@id":"https:\/\/www.copealcoy.es\/es\/#website","url":"https:\/\/www.copealcoy.es\/es\/","name":"COPE Alcoy","description":"Emisora COPE de radio local con emisi\u00f3n online. Pont de Sant Jordi 8-10 03803 Alcoy","potentialAction":[{"@type":"SearchAction","target":{"@type":"EntryPoint","urlTemplate":"https:\/\/www.copealcoy.es\/es\/?s={search_term_string}"},"query-input":{"@type":"PropertyValueSpecification","valueRequired":true,"valueName":"search_term_string"}}],"inLanguage":"es"},{"@type":"Person","@id":"https:\/\/www.copealcoy.es\/es\/#\/schema\/person\/e777c87fa024e57d40170af9df39882c","name":"Cope Alcoy","image":{"@type":"ImageObject","inLanguage":"es","@id":"https:\/\/secure.gravatar.com\/avatar\/bb65d0283347e303893ba14f0692005417c1e0e690a325a4c5d8bb2b3943ee14?s=96&d=mm&r=g","url":"https:\/\/secure.gravatar.com\/avatar\/bb65d0283347e303893ba14f0692005417c1e0e690a325a4c5d8bb2b3943ee14?s=96&d=mm&r=g","contentUrl":"https:\/\/secure.gravatar.com\/avatar\/bb65d0283347e303893ba14f0692005417c1e0e690a325a4c5d8bb2b3943ee14?s=96&d=mm&r=g","caption":"Cope Alcoy"}}]}},"_links":{"self":[{"href":"https:\/\/www.copealcoy.es\/es\/wp-json\/wp\/v2\/posts\/132832","targetHints":{"allow":["GET"]}}],"collection":[{"href":"https:\/\/www.copealcoy.es\/es\/wp-json\/wp\/v2\/posts"}],"about":[{"href":"https:\/\/www.copealcoy.es\/es\/wp-json\/wp\/v2\/types\/post"}],"author":[{"embeddable":true,"href":"https:\/\/www.copealcoy.es\/es\/wp-json\/wp\/v2\/users\/1"}],"replies":[{"embeddable":true,"href":"https:\/\/www.copealcoy.es\/es\/wp-json\/wp\/v2\/comments?post=132832"}],"version-history":[{"count":0,"href":"https:\/\/www.copealcoy.es\/es\/wp-json\/wp\/v2\/posts\/132832\/revisions"}],"wp:featuredmedia":[{"embeddable":true,"href":"https:\/\/www.copealcoy.es\/es\/wp-json\/wp\/v2\/media\/132833"}],"wp:attachment":[{"href":"https:\/\/www.copealcoy.es\/es\/wp-json\/wp\/v2\/media?parent=132832"}],"wp:term":[{"taxonomy":"category","embeddable":true,"href":"https:\/\/www.copealcoy.es\/es\/wp-json\/wp\/v2\/categories?post=132832"},{"taxonomy":"post_tag","embeddable":true,"href":"https:\/\/www.copealcoy.es\/es\/wp-json\/wp\/v2\/tags?post=132832"}],"curies":[{"name":"wp","href":"https:\/\/api.w.org\/{rel}","templated":true}]}}