{"id":132704,"date":"2024-04-25T13:09:35","date_gmt":"2024-04-25T12:09:35","guid":{"rendered":"https:\/\/www.copealcoy.es\/?p=132704"},"modified":"2024-04-25T16:19:15","modified_gmt":"2024-04-25T15:19:15","slug":"la-razon-por-la-que-las-fiestas-de-alcoy-tampoco-coincidiran-en-23-de-abril-el-ano-2025","status":"publish","type":"post","link":"https:\/\/www.copealcoy.es\/es\/la-razon-por-la-que-las-fiestas-de-alcoy-tampoco-coincidiran-en-23-de-abril-el-ano-2025\/","title":{"rendered":"La raz\u00f3n por la que las Fiestas de Alcoy tampoco coincidir\u00e1n en 23 de abril el a\u00f1o 2025"},"content":{"rendered":"<p style=\"text-align: justify;\">Terminadas <strong>las Fiestas de Moros y Cristianos de Alcoy del 2024<\/strong> toca ya pensar en las del a\u00f1o que viene. Ya<strong> se conoce el nombre quienes ejercer\u00e1n algunos de los principales cargos<\/strong> pero algo que todav\u00eda est\u00e1 por ratificar son <strong>las fechas<\/strong> en las que se celebrar\u00e1 la trilog\u00eda en honor a San Jorge. Esto<strong> se propondr\u00e1 en la Asamblea General de la<a href=\"https:\/\/www.asjordi.org\/\" target=\"_blank\" rel=\"noopener\"><span style=\"color: #0000ff;\"> Asociaci\u00f3n de San Jorge<\/span><\/a><\/strong>, previa a la fiesta del Corpus Christi, y despu\u00e9s <strong>ser\u00e1 el Ayuntamiento<\/strong> quien confirme o plantee otras alternativas.<\/p>\n<p style=\"text-align: justify;\">No obstante,<strong> para 2025 est\u00e1 totalmente claro que los Moros y Cristianos no coincidir\u00e1n en 23 de abril<\/strong>. Y es que <strong>la Semana Santa caer\u00e1 muy tard\u00eda en el calendario<\/strong> y esto har\u00e1 que el <strong>Domingo de Pascua de Resurrecci\u00f3n<\/strong> sea nada m\u00e1s y nada menos que el 20 de abril. Ese d\u00eda s<strong>aldr\u00e1 La Gloria a la calle<\/strong> anunciando una Festa que, como ha pasado en muchas ocasiones con una situaci\u00f3n similar, s<strong>e tendr\u00e1 que aplazar al primer fin de semana de mayo<\/strong> para que as\u00ed haya tiempo suficiente para celebrar los habituales actos previos. El d\u00eda de la fiesta lit\u00fargica del patr\u00f3n quedar\u00e1, por tanto, <strong>muy alejado de las Fiestas<\/strong> y\u00a0 <strong>cuando se ha dado esta circunstancia en a\u00f1os anteriores<\/strong> se ha aprovechado este d\u00eda para llevar a cabo la procesi\u00f3n del traslado de Sant Jordi &#8216;El Xicotet&#8217; desde el templo del patr\u00f3n a la iglesia de Santa Mar\u00eda.<\/p>\n<p style=\"text-align: justify;\">El hecho de que las Fiestas vuelvan a ser en fin de semana el pr\u00f3ximo a\u00f1o, tal y como ha pasado en 2024, <strong>augura una gran participaci\u00f3n<\/strong> y permite de nuevo que los alcoyanos que viven fuera <strong>puedan disfrutar plenamente<\/strong> de los diferentes actos de la trilog\u00eda. Pero, <strong>\u00bfC\u00f3mo ve la ciudadan\u00eda que llevemos dos a\u00f1os consecutivos sin que el 23 de abril coincida con la misma trilog\u00eda?<\/strong>. En COPE ALCOY <strong>hemos salido a la calle<\/strong> y hemos constatado que hay una opini\u00f3n mayoritaria:<\/p>\n<audio class=\"wp-audio-shortcode\" id=\"audio-132704-1\" preload=\"none\" style=\"width: 100%;\" controls=\"controls\"><source type=\"audio\/mpeg\" src=\"https:\/\/www.copealcoy.es\/wp-content\/uploads\/2024\/04\/2024.04.25-GENTE-FIESTAS-MEDIODIA.mp3?_=1\" \/><a href=\"https:\/\/www.copealcoy.es\/wp-content\/uploads\/2024\/04\/2024.04.25-GENTE-FIESTAS-MEDIODIA.mp3\">https:\/\/www.copealcoy.es\/wp-content\/uploads\/2024\/04\/2024.04.25-GENTE-FIESTAS-MEDIODIA.mp3<\/a><\/audio>\n<p>&nbsp;<\/p>\n<p style=\"text-align: justify;\">Hay que recordar que <strong>la \u00faltima vez<\/strong> que se celebraron las Fiestas de Moros y Cristianos el primer fin de semana de mayo fue en 2019. En aquel a\u00f1o Pascua fue el 21 de abril y la trilog\u00eda se atras\u00f3 a los d\u00edas 4, 5 y 6 de mayo. En medio tuvimos una Gloria Mayor e Infantil que, de forma in\u00e9dita, salieron a la calle en la tarde del s\u00e1bado 27 de abril debido a la lluvia que marc\u00f3 la Semana Santa y para evitar coincidir con las Elecciones Generales y Auton\u00f3micas que fueron domingo 28 de abril.<\/p>\n","protected":false},"excerpt":{"rendered":"<p>Terminadas las Fiestas de Moros y Cristianos de Alcoy del 2024 toca ya pensar en las del a\u00f1o que viene&#8230;.<\/p>\n","protected":false},"author":1,"featured_media":132598,"comment_status":"open","ping_status":"open","sticky":false,"template":"","format":"standard","meta":{"footnotes":""},"categories":[6909,97,78,75],"tags":[8865,7517,1494,1409,565,609],"class_list":["post-132704","post","type-post","status-publish","format-standard","has-post-thumbnail","hentry","category-actualidad","category-alcoy","category-fiestaycultura","category-noticias","tag-8865","tag-23-de-abril","tag-alcoy","tag-fechas","tag-fiestas","tag-moros-y-cristianos"],"yoast_head":"<!-- This site is optimized with the Yoast SEO plugin v27.3 - https:\/\/yoast.com\/product\/yoast-seo-wordpress\/ -->\n<title>La raz\u00f3n por la que las Fiestas de Alcoy tampoco coincidir\u00e1n en 23 de abril el a\u00f1o 2025 - COPE Alcoy<\/title>\n<meta name=\"description\" content=\"La tard\u00eda Semana Santa en el calendario obligar\u00e1 a atrasar las Fiestas de Alcoy de 2025 al segundo fin de semana de mayo\" \/>\n<meta name=\"robots\" content=\"index, follow, max-snippet:-1, max-image-preview:large, max-video-preview:-1\" \/>\n<link rel=\"canonical\" href=\"https:\/\/www.copealcoy.es\/es\/la-razon-por-la-que-las-fiestas-de-alcoy-tampoco-coincidiran-en-23-de-abril-el-ano-2025\/\" \/>\n<meta property=\"og:locale\" content=\"es_ES\" \/>\n<meta property=\"og:type\" content=\"article\" \/>\n<meta property=\"og:title\" content=\"La raz\u00f3n por la que las Fiestas de Alcoy tampoco coincidir\u00e1n en 23 de abril el a\u00f1o 2025 - COPE Alcoy\" \/>\n<meta property=\"og:description\" content=\"La tard\u00eda Semana Santa en el calendario obligar\u00e1 a atrasar las Fiestas de Alcoy de 2025 al segundo fin de semana de mayo\" \/>\n<meta property=\"og:url\" content=\"https:\/\/www.copealcoy.es\/es\/la-razon-por-la-que-las-fiestas-de-alcoy-tampoco-coincidiran-en-23-de-abril-el-ano-2025\/\" \/>\n<meta property=\"og:site_name\" content=\"COPE Alcoy\" \/>\n<meta property=\"article:published_time\" content=\"2024-04-25T12:09:35+00:00\" \/>\n<meta property=\"article:modified_time\" content=\"2024-04-25T15:19:15+00:00\" \/>\n<meta property=\"og:image\" content=\"https:\/\/www.copealcoy.es\/wp-content\/uploads\/2024\/04\/IMG_1949-scaled.jpeg\" \/>\n\t<meta property=\"og:image:width\" content=\"1791\" \/>\n\t<meta property=\"og:image:height\" content=\"1080\" \/>\n\t<meta property=\"og:image:type\" content=\"image\/jpeg\" \/>\n<meta name=\"author\" content=\"Cope Alcoy\" \/>\n<meta name=\"twitter:label1\" content=\"Escrito por\" \/>\n\t<meta name=\"twitter:data1\" content=\"Cope Alcoy\" \/>\n\t<meta name=\"twitter:label2\" content=\"Tiempo de lectura\" \/>\n\t<meta name=\"twitter:data2\" content=\"3 minutos\" \/>\n<script type=\"application\/ld+json\" class=\"yoast-schema-graph\">{\"@context\":\"https:\\\/\\\/schema.org\",\"@graph\":[{\"@type\":\"Article\",\"@id\":\"https:\\\/\\\/www.copealcoy.es\\\/es\\\/la-razon-por-la-que-las-fiestas-de-alcoy-tampoco-coincidiran-en-23-de-abril-el-ano-2025\\\/#article\",\"isPartOf\":{\"@id\":\"https:\\\/\\\/www.copealcoy.es\\\/es\\\/la-razon-por-la-que-las-fiestas-de-alcoy-tampoco-coincidiran-en-23-de-abril-el-ano-2025\\\/\"},\"author\":{\"name\":\"Cope Alcoy\",\"@id\":\"https:\\\/\\\/www.copealcoy.es\\\/es\\\/#\\\/schema\\\/person\\\/e777c87fa024e57d40170af9df39882c\"},\"headline\":\"La raz\u00f3n por la que las Fiestas de Alcoy tampoco coincidir\u00e1n en 23 de abril el a\u00f1o 2025\",\"datePublished\":\"2024-04-25T12:09:35+00:00\",\"dateModified\":\"2024-04-25T15:19:15+00:00\",\"mainEntityOfPage\":{\"@id\":\"https:\\\/\\\/www.copealcoy.es\\\/es\\\/la-razon-por-la-que-las-fiestas-de-alcoy-tampoco-coincidiran-en-23-de-abril-el-ano-2025\\\/\"},\"wordCount\":471,\"commentCount\":0,\"image\":{\"@id\":\"https:\\\/\\\/www.copealcoy.es\\\/es\\\/la-razon-por-la-que-las-fiestas-de-alcoy-tampoco-coincidiran-en-23-de-abril-el-ano-2025\\\/#primaryimage\"},\"thumbnailUrl\":\"https:\\\/\\\/www.copealcoy.es\\\/wp-content\\\/uploads\\\/2024\\\/04\\\/IMG_1949-scaled.jpeg\",\"keywords\":[\"2025\",\"23 de abril\",\"Alcoy\",\"fechas\",\"Fiestas\",\"Moros Y Cristianos\"],\"articleSection\":[\"Actualidad\",\"Alcoy\",\"Fiesta y Cultura\",\"Noticias\"],\"inLanguage\":\"es\"},{\"@type\":\"WebPage\",\"@id\":\"https:\\\/\\\/www.copealcoy.es\\\/es\\\/la-razon-por-la-que-las-fiestas-de-alcoy-tampoco-coincidiran-en-23-de-abril-el-ano-2025\\\/\",\"url\":\"https:\\\/\\\/www.copealcoy.es\\\/es\\\/la-razon-por-la-que-las-fiestas-de-alcoy-tampoco-coincidiran-en-23-de-abril-el-ano-2025\\\/\",\"name\":\"La raz\u00f3n por la que las Fiestas de Alcoy tampoco coincidir\u00e1n en 23 de abril el a\u00f1o 2025 - COPE Alcoy\",\"isPartOf\":{\"@id\":\"https:\\\/\\\/www.copealcoy.es\\\/es\\\/#website\"},\"primaryImageOfPage\":{\"@id\":\"https:\\\/\\\/www.copealcoy.es\\\/es\\\/la-razon-por-la-que-las-fiestas-de-alcoy-tampoco-coincidiran-en-23-de-abril-el-ano-2025\\\/#primaryimage\"},\"image\":{\"@id\":\"https:\\\/\\\/www.copealcoy.es\\\/es\\\/la-razon-por-la-que-las-fiestas-de-alcoy-tampoco-coincidiran-en-23-de-abril-el-ano-2025\\\/#primaryimage\"},\"thumbnailUrl\":\"https:\\\/\\\/www.copealcoy.es\\\/wp-content\\\/uploads\\\/2024\\\/04\\\/IMG_1949-scaled.jpeg\",\"datePublished\":\"2024-04-25T12:09:35+00:00\",\"dateModified\":\"2024-04-25T15:19:15+00:00\",\"author\":{\"@id\":\"https:\\\/\\\/www.copealcoy.es\\\/es\\\/#\\\/schema\\\/person\\\/e777c87fa024e57d40170af9df39882c\"},\"description\":\"La tard\u00eda Semana Santa en el calendario obligar\u00e1 a atrasar las Fiestas de Alcoy de 2025 al segundo fin de semana de mayo\",\"breadcrumb\":{\"@id\":\"https:\\\/\\\/www.copealcoy.es\\\/es\\\/la-razon-por-la-que-las-fiestas-de-alcoy-tampoco-coincidiran-en-23-de-abril-el-ano-2025\\\/#breadcrumb\"},\"inLanguage\":\"es\",\"potentialAction\":[{\"@type\":\"ReadAction\",\"target\":[\"https:\\\/\\\/www.copealcoy.es\\\/es\\\/la-razon-por-la-que-las-fiestas-de-alcoy-tampoco-coincidiran-en-23-de-abril-el-ano-2025\\\/\"]}]},{\"@type\":\"ImageObject\",\"inLanguage\":\"es\",\"@id\":\"https:\\\/\\\/www.copealcoy.es\\\/es\\\/la-razon-por-la-que-las-fiestas-de-alcoy-tampoco-coincidiran-en-23-de-abril-el-ano-2025\\\/#primaryimage\",\"url\":\"https:\\\/\\\/www.copealcoy.es\\\/wp-content\\\/uploads\\\/2024\\\/04\\\/IMG_1949-scaled.jpeg\",\"contentUrl\":\"https:\\\/\\\/www.copealcoy.es\\\/wp-content\\\/uploads\\\/2024\\\/04\\\/IMG_1949-scaled.jpeg\",\"width\":1791,\"height\":1080},{\"@type\":\"BreadcrumbList\",\"@id\":\"https:\\\/\\\/www.copealcoy.es\\\/es\\\/la-razon-por-la-que-las-fiestas-de-alcoy-tampoco-coincidiran-en-23-de-abril-el-ano-2025\\\/#breadcrumb\",\"itemListElement\":[{\"@type\":\"ListItem\",\"position\":1,\"name\":\"Portada\",\"item\":\"https:\\\/\\\/www.copealcoy.es\\\/es\\\/\"},{\"@type\":\"ListItem\",\"position\":2,\"name\":\"La raz\u00f3n por la que las Fiestas de Alcoy tampoco coincidir\u00e1n en 23 de abril el a\u00f1o 2025\"}]},{\"@type\":\"WebSite\",\"@id\":\"https:\\\/\\\/www.copealcoy.es\\\/es\\\/#website\",\"url\":\"https:\\\/\\\/www.copealcoy.es\\\/es\\\/\",\"name\":\"COPE Alcoy\",\"description\":\"Emisora COPE de radio local con emisi\u00f3n online. Pont de Sant Jordi 8-10 03803 Alcoy\",\"potentialAction\":[{\"@type\":\"SearchAction\",\"target\":{\"@type\":\"EntryPoint\",\"urlTemplate\":\"https:\\\/\\\/www.copealcoy.es\\\/es\\\/?s={search_term_string}\"},\"query-input\":{\"@type\":\"PropertyValueSpecification\",\"valueRequired\":true,\"valueName\":\"search_term_string\"}}],\"inLanguage\":\"es\"},{\"@type\":\"Person\",\"@id\":\"https:\\\/\\\/www.copealcoy.es\\\/es\\\/#\\\/schema\\\/person\\\/e777c87fa024e57d40170af9df39882c\",\"name\":\"Cope Alcoy\",\"image\":{\"@type\":\"ImageObject\",\"inLanguage\":\"es\",\"@id\":\"https:\\\/\\\/secure.gravatar.com\\\/avatar\\\/bb65d0283347e303893ba14f0692005417c1e0e690a325a4c5d8bb2b3943ee14?s=96&d=mm&r=g\",\"url\":\"https:\\\/\\\/secure.gravatar.com\\\/avatar\\\/bb65d0283347e303893ba14f0692005417c1e0e690a325a4c5d8bb2b3943ee14?s=96&d=mm&r=g\",\"contentUrl\":\"https:\\\/\\\/secure.gravatar.com\\\/avatar\\\/bb65d0283347e303893ba14f0692005417c1e0e690a325a4c5d8bb2b3943ee14?s=96&d=mm&r=g\",\"caption\":\"Cope Alcoy\"}}]}<\/script>\n<!-- \/ Yoast SEO plugin. -->","yoast_head_json":{"title":"La raz\u00f3n por la que las Fiestas de Alcoy tampoco coincidir\u00e1n en 23 de abril el a\u00f1o 2025 - COPE Alcoy","description":"La tard\u00eda Semana Santa en el calendario obligar\u00e1 a atrasar las Fiestas de Alcoy de 2025 al segundo fin de semana de mayo","robots":{"index":"index","follow":"follow","max-snippet":"max-snippet:-1","max-image-preview":"max-image-preview:large","max-video-preview":"max-video-preview:-1"},"canonical":"https:\/\/www.copealcoy.es\/es\/la-razon-por-la-que-las-fiestas-de-alcoy-tampoco-coincidiran-en-23-de-abril-el-ano-2025\/","og_locale":"es_ES","og_type":"article","og_title":"La raz\u00f3n por la que las Fiestas de Alcoy tampoco coincidir\u00e1n en 23 de abril el a\u00f1o 2025 - COPE Alcoy","og_description":"La tard\u00eda Semana Santa en el calendario obligar\u00e1 a atrasar las Fiestas de Alcoy de 2025 al segundo fin de semana de mayo","og_url":"https:\/\/www.copealcoy.es\/es\/la-razon-por-la-que-las-fiestas-de-alcoy-tampoco-coincidiran-en-23-de-abril-el-ano-2025\/","og_site_name":"COPE Alcoy","article_published_time":"2024-04-25T12:09:35+00:00","article_modified_time":"2024-04-25T15:19:15+00:00","og_image":[{"width":1791,"height":1080,"url":"https:\/\/www.copealcoy.es\/wp-content\/uploads\/2024\/04\/IMG_1949-scaled.jpeg","type":"image\/jpeg"}],"author":"Cope Alcoy","twitter_misc":{"Escrito por":"Cope Alcoy","Tiempo de lectura":"3 minutos"},"schema":{"@context":"https:\/\/schema.org","@graph":[{"@type":"Article","@id":"https:\/\/www.copealcoy.es\/es\/la-razon-por-la-que-las-fiestas-de-alcoy-tampoco-coincidiran-en-23-de-abril-el-ano-2025\/#article","isPartOf":{"@id":"https:\/\/www.copealcoy.es\/es\/la-razon-por-la-que-las-fiestas-de-alcoy-tampoco-coincidiran-en-23-de-abril-el-ano-2025\/"},"author":{"name":"Cope Alcoy","@id":"https:\/\/www.copealcoy.es\/es\/#\/schema\/person\/e777c87fa024e57d40170af9df39882c"},"headline":"La raz\u00f3n por la que las Fiestas de Alcoy tampoco coincidir\u00e1n en 23 de abril el a\u00f1o 2025","datePublished":"2024-04-25T12:09:35+00:00","dateModified":"2024-04-25T15:19:15+00:00","mainEntityOfPage":{"@id":"https:\/\/www.copealcoy.es\/es\/la-razon-por-la-que-las-fiestas-de-alcoy-tampoco-coincidiran-en-23-de-abril-el-ano-2025\/"},"wordCount":471,"commentCount":0,"image":{"@id":"https:\/\/www.copealcoy.es\/es\/la-razon-por-la-que-las-fiestas-de-alcoy-tampoco-coincidiran-en-23-de-abril-el-ano-2025\/#primaryimage"},"thumbnailUrl":"https:\/\/www.copealcoy.es\/wp-content\/uploads\/2024\/04\/IMG_1949-scaled.jpeg","keywords":["2025","23 de abril","Alcoy","fechas","Fiestas","Moros Y Cristianos"],"articleSection":["Actualidad","Alcoy","Fiesta y Cultura","Noticias"],"inLanguage":"es"},{"@type":"WebPage","@id":"https:\/\/www.copealcoy.es\/es\/la-razon-por-la-que-las-fiestas-de-alcoy-tampoco-coincidiran-en-23-de-abril-el-ano-2025\/","url":"https:\/\/www.copealcoy.es\/es\/la-razon-por-la-que-las-fiestas-de-alcoy-tampoco-coincidiran-en-23-de-abril-el-ano-2025\/","name":"La raz\u00f3n por la que las Fiestas de Alcoy tampoco coincidir\u00e1n en 23 de abril el a\u00f1o 2025 - COPE Alcoy","isPartOf":{"@id":"https:\/\/www.copealcoy.es\/es\/#website"},"primaryImageOfPage":{"@id":"https:\/\/www.copealcoy.es\/es\/la-razon-por-la-que-las-fiestas-de-alcoy-tampoco-coincidiran-en-23-de-abril-el-ano-2025\/#primaryimage"},"image":{"@id":"https:\/\/www.copealcoy.es\/es\/la-razon-por-la-que-las-fiestas-de-alcoy-tampoco-coincidiran-en-23-de-abril-el-ano-2025\/#primaryimage"},"thumbnailUrl":"https:\/\/www.copealcoy.es\/wp-content\/uploads\/2024\/04\/IMG_1949-scaled.jpeg","datePublished":"2024-04-25T12:09:35+00:00","dateModified":"2024-04-25T15:19:15+00:00","author":{"@id":"https:\/\/www.copealcoy.es\/es\/#\/schema\/person\/e777c87fa024e57d40170af9df39882c"},"description":"La tard\u00eda Semana Santa en el calendario obligar\u00e1 a atrasar las Fiestas de Alcoy de 2025 al segundo fin de semana de mayo","breadcrumb":{"@id":"https:\/\/www.copealcoy.es\/es\/la-razon-por-la-que-las-fiestas-de-alcoy-tampoco-coincidiran-en-23-de-abril-el-ano-2025\/#breadcrumb"},"inLanguage":"es","potentialAction":[{"@type":"ReadAction","target":["https:\/\/www.copealcoy.es\/es\/la-razon-por-la-que-las-fiestas-de-alcoy-tampoco-coincidiran-en-23-de-abril-el-ano-2025\/"]}]},{"@type":"ImageObject","inLanguage":"es","@id":"https:\/\/www.copealcoy.es\/es\/la-razon-por-la-que-las-fiestas-de-alcoy-tampoco-coincidiran-en-23-de-abril-el-ano-2025\/#primaryimage","url":"https:\/\/www.copealcoy.es\/wp-content\/uploads\/2024\/04\/IMG_1949-scaled.jpeg","contentUrl":"https:\/\/www.copealcoy.es\/wp-content\/uploads\/2024\/04\/IMG_1949-scaled.jpeg","width":1791,"height":1080},{"@type":"BreadcrumbList","@id":"https:\/\/www.copealcoy.es\/es\/la-razon-por-la-que-las-fiestas-de-alcoy-tampoco-coincidiran-en-23-de-abril-el-ano-2025\/#breadcrumb","itemListElement":[{"@type":"ListItem","position":1,"name":"Portada","item":"https:\/\/www.copealcoy.es\/es\/"},{"@type":"ListItem","position":2,"name":"La raz\u00f3n por la que las Fiestas de Alcoy tampoco coincidir\u00e1n en 23 de abril el a\u00f1o 2025"}]},{"@type":"WebSite","@id":"https:\/\/www.copealcoy.es\/es\/#website","url":"https:\/\/www.copealcoy.es\/es\/","name":"COPE Alcoy","description":"Emisora COPE de radio local con emisi\u00f3n online. Pont de Sant Jordi 8-10 03803 Alcoy","potentialAction":[{"@type":"SearchAction","target":{"@type":"EntryPoint","urlTemplate":"https:\/\/www.copealcoy.es\/es\/?s={search_term_string}"},"query-input":{"@type":"PropertyValueSpecification","valueRequired":true,"valueName":"search_term_string"}}],"inLanguage":"es"},{"@type":"Person","@id":"https:\/\/www.copealcoy.es\/es\/#\/schema\/person\/e777c87fa024e57d40170af9df39882c","name":"Cope Alcoy","image":{"@type":"ImageObject","inLanguage":"es","@id":"https:\/\/secure.gravatar.com\/avatar\/bb65d0283347e303893ba14f0692005417c1e0e690a325a4c5d8bb2b3943ee14?s=96&d=mm&r=g","url":"https:\/\/secure.gravatar.com\/avatar\/bb65d0283347e303893ba14f0692005417c1e0e690a325a4c5d8bb2b3943ee14?s=96&d=mm&r=g","contentUrl":"https:\/\/secure.gravatar.com\/avatar\/bb65d0283347e303893ba14f0692005417c1e0e690a325a4c5d8bb2b3943ee14?s=96&d=mm&r=g","caption":"Cope Alcoy"}}]}},"_links":{"self":[{"href":"https:\/\/www.copealcoy.es\/es\/wp-json\/wp\/v2\/posts\/132704","targetHints":{"allow":["GET"]}}],"collection":[{"href":"https:\/\/www.copealcoy.es\/es\/wp-json\/wp\/v2\/posts"}],"about":[{"href":"https:\/\/www.copealcoy.es\/es\/wp-json\/wp\/v2\/types\/post"}],"author":[{"embeddable":true,"href":"https:\/\/www.copealcoy.es\/es\/wp-json\/wp\/v2\/users\/1"}],"replies":[{"embeddable":true,"href":"https:\/\/www.copealcoy.es\/es\/wp-json\/wp\/v2\/comments?post=132704"}],"version-history":[{"count":0,"href":"https:\/\/www.copealcoy.es\/es\/wp-json\/wp\/v2\/posts\/132704\/revisions"}],"wp:featuredmedia":[{"embeddable":true,"href":"https:\/\/www.copealcoy.es\/es\/wp-json\/wp\/v2\/media\/132598"}],"wp:attachment":[{"href":"https:\/\/www.copealcoy.es\/es\/wp-json\/wp\/v2\/media?parent=132704"}],"wp:term":[{"taxonomy":"category","embeddable":true,"href":"https:\/\/www.copealcoy.es\/es\/wp-json\/wp\/v2\/categories?post=132704"},{"taxonomy":"post_tag","embeddable":true,"href":"https:\/\/www.copealcoy.es\/es\/wp-json\/wp\/v2\/tags?post=132704"}],"curies":[{"name":"wp","href":"https:\/\/api.w.org\/{rel}","templated":true}]}}