{"id":132699,"date":"2024-04-25T12:27:43","date_gmt":"2024-04-25T11:27:43","guid":{"rendered":"https:\/\/www.copealcoy.es\/?p=132699"},"modified":"2024-04-25T12:27:43","modified_gmt":"2024-04-25T11:27:43","slug":"las-fiestas-de-alcoy-volvieron-a-batir-records-de-ocupacion","status":"publish","type":"post","link":"https:\/\/www.copealcoy.es\/es\/las-fiestas-de-alcoy-volvieron-a-batir-records-de-ocupacion\/","title":{"rendered":"Las Fiestas de Alcoy volvieron a batir r\u00e9cords de ocupaci\u00f3n"},"content":{"rendered":"<p style=\"text-align: justify;\">Las recientes <strong>Fiestas de Moros y Cristianos de Alcoy de 2024<\/strong> han concluido con <strong>cifras extraordinariamente positivas<\/strong>, evidenciando su creciente atractivo tur\u00edstico y su relevancia como <strong>motor econ\u00f3mico<\/strong> para la ciudad. Este a\u00f1o, la participaci\u00f3n en las Entradas <strong>alcanz\u00f3 la notable cifra de 16.000 personas<\/strong>, un aumento de mil asistentes en comparaci\u00f3n con el a\u00f1o anterior, lo que resalta<strong> el continuo inter\u00e9s y participaci\u00f3n<\/strong> en unas celebraciones que son<strong> se\u00f1a de identidad<\/strong> para la capital de l&#8217;Alcoi\u00e0.<\/p>\n<p style=\"text-align: justify;\">Adem\u00e1s, <strong>se ha establecido un nuevo r\u00e9cord en la venta de sillas<\/strong>, con alrededor de<strong> 19.000 localidades<\/strong> comercializadas, superando en 2.000 unidades las cifras del a\u00f1o previo.\u00a0 Durante los d\u00edas 19 y 20 de abril, un gran n\u00famero de participantes y espectadores<strong> optaron por pernoctar en los establecimientos tur\u00edsticos de la ciudad<\/strong>, generando una ocupaci\u00f3n pr\u00e1cticamente total en todas las categor\u00edas de alojamiento, incluyendo hoteles, hostales, apartamentos tur\u00edsticos y alojamientos rurales. Este flujo tur\u00edstico <strong>se mantuvo elevado<\/strong> hasta el 21 de abril, con la mitad de los establecimientos alcanzando una ocupaci\u00f3n del 100%, mientras que el resto registr\u00f3 porcentajes elevados entre el 50% y el 90%.<\/p>\n<p style=\"text-align: justify;\">La <a href=\"https:\/\/www.alcoyturismo.com\/alcoy\/web_php\/index.php?lang=1\" target=\"_blank\" rel=\"noopener\"><span style=\"color: #0000ff;\"><strong>Tourist Info<\/strong> <\/span><\/a>brind\u00f3 un total de 2.219 atenciones, con 2.130 realizadas de forma presencial y 89 a trav\u00e9s de otros medios como tel\u00e9fono, redes sociales o correo electr\u00f3nico. De las personas atendidas, 472 eran residentes locales, mientras que 1.579 proven\u00edan del resto de Espa\u00f1a y 168 del extranjero. El incremento del flujo tur\u00edstico tambi\u00e9n se refleja en el<strong> uso de los autobuses lanzadera habilitados desde las entradas norte y sur de la ciudad hasta el Centro<\/strong>, con un total de 3.130 usuarios registrados. Asimismo, <strong>el autob\u00fas lanzadera que conecta El Cam\u00ed y Sant Mateu con El Partidor<\/strong> experiment\u00f3 un aumento en su uso, siendo utilizado por 2.202 personas, 171 m\u00e1s que en el a\u00f1o anterior.<\/p>\n<p style=\"text-align: justify;\">En palabras de la concejal de Turismo,<strong> Lorena Zamorano<\/strong>: &#8220;l<em>as Fiestas de Moros y Cristianos demuestran su importante capacidad de atracci\u00f3n tur\u00edstica y su relevancia como uno de los grandes motores econ\u00f3micos de nuestra ciudad. Somos un destino tur\u00edstico cada vez m\u00e1s atractivo y completo, con una atenci\u00f3n especializada y una buena oferta hostelera, aspectos que debemos cuidar y explotar<\/em>&#8220;, ha matizado d\u00edas despu\u00e9s de concluir la trilog\u00eda del 2024.<\/p>\n<p style=\"text-align: justify;\">Estas cifras positivas reflejan el <strong>gran impacto<\/strong> que las Fiestas de Moros y Cristianos tienen en la econom\u00eda local. Tambi\u00e9n<strong> subrayan el importante papel<\/strong> que desempe\u00f1an como evento cultural y tur\u00edstico destacado en Alcoy.<\/p>\n","protected":false},"excerpt":{"rendered":"<p>Las recientes Fiestas de Moros y Cristianos de Alcoy de 2024 han concluido con cifras extraordinariamente positivas, evidenciando su creciente&#8230;<\/p>\n","protected":false},"author":1,"featured_media":132557,"comment_status":"open","ping_status":"open","sticky":false,"template":"","format":"standard","meta":{"footnotes":""},"categories":[6909,97,78,75],"tags":[1494,430,565,13104,609],"class_list":["post-132699","post","type-post","status-publish","format-standard","has-post-thumbnail","hentry","category-actualidad","category-alcoy","category-fiestaycultura","category-noticias","tag-alcoy","tag-balance","tag-fiestas","tag-impacto-economico","tag-moros-y-cristianos"],"yoast_head":"<!-- This site is optimized with the Yoast SEO plugin v27.3 - https:\/\/yoast.com\/product\/yoast-seo-wordpress\/ -->\n<title>Las Fiestas de Alcoy volvieron a batir r\u00e9cords de ocupaci\u00f3n - COPE Alcoy<\/title>\n<meta name=\"description\" content=\"Las recientes Fiestas de Moros y Cristianos de Alcoy de 2024 han concluido con cifras extraordinariamente positivas\" \/>\n<meta name=\"robots\" content=\"index, follow, max-snippet:-1, max-image-preview:large, max-video-preview:-1\" \/>\n<link rel=\"canonical\" href=\"https:\/\/www.copealcoy.es\/es\/las-fiestas-de-alcoy-volvieron-a-batir-records-de-ocupacion\/\" \/>\n<meta property=\"og:locale\" content=\"es_ES\" \/>\n<meta property=\"og:type\" content=\"article\" \/>\n<meta property=\"og:title\" content=\"Las Fiestas de Alcoy volvieron a batir r\u00e9cords de ocupaci\u00f3n - COPE Alcoy\" \/>\n<meta property=\"og:description\" content=\"Las recientes Fiestas de Moros y Cristianos de Alcoy de 2024 han concluido con cifras extraordinariamente positivas\" \/>\n<meta property=\"og:url\" content=\"https:\/\/www.copealcoy.es\/es\/las-fiestas-de-alcoy-volvieron-a-batir-records-de-ocupacion\/\" \/>\n<meta property=\"og:site_name\" content=\"COPE Alcoy\" \/>\n<meta property=\"article:published_time\" content=\"2024-04-25T11:27:43+00:00\" \/>\n<meta property=\"og:image\" content=\"https:\/\/www.copealcoy.es\/wp-content\/uploads\/2024\/04\/IMG_1766-scaled.jpeg\" \/>\n\t<meta property=\"og:image:width\" content=\"1880\" \/>\n\t<meta property=\"og:image:height\" content=\"1080\" \/>\n\t<meta property=\"og:image:type\" content=\"image\/jpeg\" \/>\n<meta name=\"author\" content=\"Cope Alcoy\" \/>\n<meta name=\"twitter:label1\" content=\"Escrito por\" \/>\n\t<meta name=\"twitter:data1\" content=\"Cope Alcoy\" \/>\n\t<meta name=\"twitter:label2\" content=\"Tiempo de lectura\" \/>\n\t<meta name=\"twitter:data2\" content=\"3 minutos\" \/>\n<script type=\"application\/ld+json\" class=\"yoast-schema-graph\">{\"@context\":\"https:\\\/\\\/schema.org\",\"@graph\":[{\"@type\":\"Article\",\"@id\":\"https:\\\/\\\/www.copealcoy.es\\\/es\\\/las-fiestas-de-alcoy-volvieron-a-batir-records-de-ocupacion\\\/#article\",\"isPartOf\":{\"@id\":\"https:\\\/\\\/www.copealcoy.es\\\/es\\\/las-fiestas-de-alcoy-volvieron-a-batir-records-de-ocupacion\\\/\"},\"author\":{\"name\":\"Cope Alcoy\",\"@id\":\"https:\\\/\\\/www.copealcoy.es\\\/es\\\/#\\\/schema\\\/person\\\/e777c87fa024e57d40170af9df39882c\"},\"headline\":\"Las Fiestas de Alcoy volvieron a batir r\u00e9cords de ocupaci\u00f3n\",\"datePublished\":\"2024-04-25T11:27:43+00:00\",\"mainEntityOfPage\":{\"@id\":\"https:\\\/\\\/www.copealcoy.es\\\/es\\\/las-fiestas-de-alcoy-volvieron-a-batir-records-de-ocupacion\\\/\"},\"wordCount\":440,\"commentCount\":0,\"image\":{\"@id\":\"https:\\\/\\\/www.copealcoy.es\\\/es\\\/las-fiestas-de-alcoy-volvieron-a-batir-records-de-ocupacion\\\/#primaryimage\"},\"thumbnailUrl\":\"https:\\\/\\\/www.copealcoy.es\\\/wp-content\\\/uploads\\\/2024\\\/04\\\/IMG_1766-scaled.jpeg\",\"keywords\":[\"Alcoy\",\"Balance\",\"Fiestas\",\"impacto econ\u00f3mico\",\"Moros Y Cristianos\"],\"articleSection\":[\"Actualidad\",\"Alcoy\",\"Fiesta y Cultura\",\"Noticias\"],\"inLanguage\":\"es\"},{\"@type\":\"WebPage\",\"@id\":\"https:\\\/\\\/www.copealcoy.es\\\/es\\\/las-fiestas-de-alcoy-volvieron-a-batir-records-de-ocupacion\\\/\",\"url\":\"https:\\\/\\\/www.copealcoy.es\\\/es\\\/las-fiestas-de-alcoy-volvieron-a-batir-records-de-ocupacion\\\/\",\"name\":\"Las Fiestas de Alcoy volvieron a batir r\u00e9cords de ocupaci\u00f3n - COPE Alcoy\",\"isPartOf\":{\"@id\":\"https:\\\/\\\/www.copealcoy.es\\\/es\\\/#website\"},\"primaryImageOfPage\":{\"@id\":\"https:\\\/\\\/www.copealcoy.es\\\/es\\\/las-fiestas-de-alcoy-volvieron-a-batir-records-de-ocupacion\\\/#primaryimage\"},\"image\":{\"@id\":\"https:\\\/\\\/www.copealcoy.es\\\/es\\\/las-fiestas-de-alcoy-volvieron-a-batir-records-de-ocupacion\\\/#primaryimage\"},\"thumbnailUrl\":\"https:\\\/\\\/www.copealcoy.es\\\/wp-content\\\/uploads\\\/2024\\\/04\\\/IMG_1766-scaled.jpeg\",\"datePublished\":\"2024-04-25T11:27:43+00:00\",\"author\":{\"@id\":\"https:\\\/\\\/www.copealcoy.es\\\/es\\\/#\\\/schema\\\/person\\\/e777c87fa024e57d40170af9df39882c\"},\"description\":\"Las recientes Fiestas de Moros y Cristianos de Alcoy de 2024 han concluido con cifras extraordinariamente positivas\",\"breadcrumb\":{\"@id\":\"https:\\\/\\\/www.copealcoy.es\\\/es\\\/las-fiestas-de-alcoy-volvieron-a-batir-records-de-ocupacion\\\/#breadcrumb\"},\"inLanguage\":\"es\",\"potentialAction\":[{\"@type\":\"ReadAction\",\"target\":[\"https:\\\/\\\/www.copealcoy.es\\\/es\\\/las-fiestas-de-alcoy-volvieron-a-batir-records-de-ocupacion\\\/\"]}]},{\"@type\":\"ImageObject\",\"inLanguage\":\"es\",\"@id\":\"https:\\\/\\\/www.copealcoy.es\\\/es\\\/las-fiestas-de-alcoy-volvieron-a-batir-records-de-ocupacion\\\/#primaryimage\",\"url\":\"https:\\\/\\\/www.copealcoy.es\\\/wp-content\\\/uploads\\\/2024\\\/04\\\/IMG_1766-scaled.jpeg\",\"contentUrl\":\"https:\\\/\\\/www.copealcoy.es\\\/wp-content\\\/uploads\\\/2024\\\/04\\\/IMG_1766-scaled.jpeg\",\"width\":1880,\"height\":1080},{\"@type\":\"BreadcrumbList\",\"@id\":\"https:\\\/\\\/www.copealcoy.es\\\/es\\\/las-fiestas-de-alcoy-volvieron-a-batir-records-de-ocupacion\\\/#breadcrumb\",\"itemListElement\":[{\"@type\":\"ListItem\",\"position\":1,\"name\":\"Portada\",\"item\":\"https:\\\/\\\/www.copealcoy.es\\\/es\\\/\"},{\"@type\":\"ListItem\",\"position\":2,\"name\":\"Las Fiestas de Alcoy volvieron a batir r\u00e9cords de ocupaci\u00f3n\"}]},{\"@type\":\"WebSite\",\"@id\":\"https:\\\/\\\/www.copealcoy.es\\\/es\\\/#website\",\"url\":\"https:\\\/\\\/www.copealcoy.es\\\/es\\\/\",\"name\":\"COPE Alcoy\",\"description\":\"Emisora COPE de radio local con emisi\u00f3n online. Pont de Sant Jordi 8-10 03803 Alcoy\",\"potentialAction\":[{\"@type\":\"SearchAction\",\"target\":{\"@type\":\"EntryPoint\",\"urlTemplate\":\"https:\\\/\\\/www.copealcoy.es\\\/es\\\/?s={search_term_string}\"},\"query-input\":{\"@type\":\"PropertyValueSpecification\",\"valueRequired\":true,\"valueName\":\"search_term_string\"}}],\"inLanguage\":\"es\"},{\"@type\":\"Person\",\"@id\":\"https:\\\/\\\/www.copealcoy.es\\\/es\\\/#\\\/schema\\\/person\\\/e777c87fa024e57d40170af9df39882c\",\"name\":\"Cope Alcoy\",\"image\":{\"@type\":\"ImageObject\",\"inLanguage\":\"es\",\"@id\":\"https:\\\/\\\/secure.gravatar.com\\\/avatar\\\/bb65d0283347e303893ba14f0692005417c1e0e690a325a4c5d8bb2b3943ee14?s=96&d=mm&r=g\",\"url\":\"https:\\\/\\\/secure.gravatar.com\\\/avatar\\\/bb65d0283347e303893ba14f0692005417c1e0e690a325a4c5d8bb2b3943ee14?s=96&d=mm&r=g\",\"contentUrl\":\"https:\\\/\\\/secure.gravatar.com\\\/avatar\\\/bb65d0283347e303893ba14f0692005417c1e0e690a325a4c5d8bb2b3943ee14?s=96&d=mm&r=g\",\"caption\":\"Cope Alcoy\"}}]}<\/script>\n<!-- \/ Yoast SEO plugin. -->","yoast_head_json":{"title":"Las Fiestas de Alcoy volvieron a batir r\u00e9cords de ocupaci\u00f3n - COPE Alcoy","description":"Las recientes Fiestas de Moros y Cristianos de Alcoy de 2024 han concluido con cifras extraordinariamente positivas","robots":{"index":"index","follow":"follow","max-snippet":"max-snippet:-1","max-image-preview":"max-image-preview:large","max-video-preview":"max-video-preview:-1"},"canonical":"https:\/\/www.copealcoy.es\/es\/las-fiestas-de-alcoy-volvieron-a-batir-records-de-ocupacion\/","og_locale":"es_ES","og_type":"article","og_title":"Las Fiestas de Alcoy volvieron a batir r\u00e9cords de ocupaci\u00f3n - COPE Alcoy","og_description":"Las recientes Fiestas de Moros y Cristianos de Alcoy de 2024 han concluido con cifras extraordinariamente positivas","og_url":"https:\/\/www.copealcoy.es\/es\/las-fiestas-de-alcoy-volvieron-a-batir-records-de-ocupacion\/","og_site_name":"COPE Alcoy","article_published_time":"2024-04-25T11:27:43+00:00","og_image":[{"width":1880,"height":1080,"url":"https:\/\/www.copealcoy.es\/wp-content\/uploads\/2024\/04\/IMG_1766-scaled.jpeg","type":"image\/jpeg"}],"author":"Cope Alcoy","twitter_misc":{"Escrito por":"Cope Alcoy","Tiempo de lectura":"3 minutos"},"schema":{"@context":"https:\/\/schema.org","@graph":[{"@type":"Article","@id":"https:\/\/www.copealcoy.es\/es\/las-fiestas-de-alcoy-volvieron-a-batir-records-de-ocupacion\/#article","isPartOf":{"@id":"https:\/\/www.copealcoy.es\/es\/las-fiestas-de-alcoy-volvieron-a-batir-records-de-ocupacion\/"},"author":{"name":"Cope Alcoy","@id":"https:\/\/www.copealcoy.es\/es\/#\/schema\/person\/e777c87fa024e57d40170af9df39882c"},"headline":"Las Fiestas de Alcoy volvieron a batir r\u00e9cords de ocupaci\u00f3n","datePublished":"2024-04-25T11:27:43+00:00","mainEntityOfPage":{"@id":"https:\/\/www.copealcoy.es\/es\/las-fiestas-de-alcoy-volvieron-a-batir-records-de-ocupacion\/"},"wordCount":440,"commentCount":0,"image":{"@id":"https:\/\/www.copealcoy.es\/es\/las-fiestas-de-alcoy-volvieron-a-batir-records-de-ocupacion\/#primaryimage"},"thumbnailUrl":"https:\/\/www.copealcoy.es\/wp-content\/uploads\/2024\/04\/IMG_1766-scaled.jpeg","keywords":["Alcoy","Balance","Fiestas","impacto econ\u00f3mico","Moros Y Cristianos"],"articleSection":["Actualidad","Alcoy","Fiesta y Cultura","Noticias"],"inLanguage":"es"},{"@type":"WebPage","@id":"https:\/\/www.copealcoy.es\/es\/las-fiestas-de-alcoy-volvieron-a-batir-records-de-ocupacion\/","url":"https:\/\/www.copealcoy.es\/es\/las-fiestas-de-alcoy-volvieron-a-batir-records-de-ocupacion\/","name":"Las Fiestas de Alcoy volvieron a batir r\u00e9cords de ocupaci\u00f3n - COPE Alcoy","isPartOf":{"@id":"https:\/\/www.copealcoy.es\/es\/#website"},"primaryImageOfPage":{"@id":"https:\/\/www.copealcoy.es\/es\/las-fiestas-de-alcoy-volvieron-a-batir-records-de-ocupacion\/#primaryimage"},"image":{"@id":"https:\/\/www.copealcoy.es\/es\/las-fiestas-de-alcoy-volvieron-a-batir-records-de-ocupacion\/#primaryimage"},"thumbnailUrl":"https:\/\/www.copealcoy.es\/wp-content\/uploads\/2024\/04\/IMG_1766-scaled.jpeg","datePublished":"2024-04-25T11:27:43+00:00","author":{"@id":"https:\/\/www.copealcoy.es\/es\/#\/schema\/person\/e777c87fa024e57d40170af9df39882c"},"description":"Las recientes Fiestas de Moros y Cristianos de Alcoy de 2024 han concluido con cifras extraordinariamente positivas","breadcrumb":{"@id":"https:\/\/www.copealcoy.es\/es\/las-fiestas-de-alcoy-volvieron-a-batir-records-de-ocupacion\/#breadcrumb"},"inLanguage":"es","potentialAction":[{"@type":"ReadAction","target":["https:\/\/www.copealcoy.es\/es\/las-fiestas-de-alcoy-volvieron-a-batir-records-de-ocupacion\/"]}]},{"@type":"ImageObject","inLanguage":"es","@id":"https:\/\/www.copealcoy.es\/es\/las-fiestas-de-alcoy-volvieron-a-batir-records-de-ocupacion\/#primaryimage","url":"https:\/\/www.copealcoy.es\/wp-content\/uploads\/2024\/04\/IMG_1766-scaled.jpeg","contentUrl":"https:\/\/www.copealcoy.es\/wp-content\/uploads\/2024\/04\/IMG_1766-scaled.jpeg","width":1880,"height":1080},{"@type":"BreadcrumbList","@id":"https:\/\/www.copealcoy.es\/es\/las-fiestas-de-alcoy-volvieron-a-batir-records-de-ocupacion\/#breadcrumb","itemListElement":[{"@type":"ListItem","position":1,"name":"Portada","item":"https:\/\/www.copealcoy.es\/es\/"},{"@type":"ListItem","position":2,"name":"Las Fiestas de Alcoy volvieron a batir r\u00e9cords de ocupaci\u00f3n"}]},{"@type":"WebSite","@id":"https:\/\/www.copealcoy.es\/es\/#website","url":"https:\/\/www.copealcoy.es\/es\/","name":"COPE Alcoy","description":"Emisora COPE de radio local con emisi\u00f3n online. Pont de Sant Jordi 8-10 03803 Alcoy","potentialAction":[{"@type":"SearchAction","target":{"@type":"EntryPoint","urlTemplate":"https:\/\/www.copealcoy.es\/es\/?s={search_term_string}"},"query-input":{"@type":"PropertyValueSpecification","valueRequired":true,"valueName":"search_term_string"}}],"inLanguage":"es"},{"@type":"Person","@id":"https:\/\/www.copealcoy.es\/es\/#\/schema\/person\/e777c87fa024e57d40170af9df39882c","name":"Cope Alcoy","image":{"@type":"ImageObject","inLanguage":"es","@id":"https:\/\/secure.gravatar.com\/avatar\/bb65d0283347e303893ba14f0692005417c1e0e690a325a4c5d8bb2b3943ee14?s=96&d=mm&r=g","url":"https:\/\/secure.gravatar.com\/avatar\/bb65d0283347e303893ba14f0692005417c1e0e690a325a4c5d8bb2b3943ee14?s=96&d=mm&r=g","contentUrl":"https:\/\/secure.gravatar.com\/avatar\/bb65d0283347e303893ba14f0692005417c1e0e690a325a4c5d8bb2b3943ee14?s=96&d=mm&r=g","caption":"Cope Alcoy"}}]}},"_links":{"self":[{"href":"https:\/\/www.copealcoy.es\/es\/wp-json\/wp\/v2\/posts\/132699","targetHints":{"allow":["GET"]}}],"collection":[{"href":"https:\/\/www.copealcoy.es\/es\/wp-json\/wp\/v2\/posts"}],"about":[{"href":"https:\/\/www.copealcoy.es\/es\/wp-json\/wp\/v2\/types\/post"}],"author":[{"embeddable":true,"href":"https:\/\/www.copealcoy.es\/es\/wp-json\/wp\/v2\/users\/1"}],"replies":[{"embeddable":true,"href":"https:\/\/www.copealcoy.es\/es\/wp-json\/wp\/v2\/comments?post=132699"}],"version-history":[{"count":0,"href":"https:\/\/www.copealcoy.es\/es\/wp-json\/wp\/v2\/posts\/132699\/revisions"}],"wp:featuredmedia":[{"embeddable":true,"href":"https:\/\/www.copealcoy.es\/es\/wp-json\/wp\/v2\/media\/132557"}],"wp:attachment":[{"href":"https:\/\/www.copealcoy.es\/es\/wp-json\/wp\/v2\/media?parent=132699"}],"wp:term":[{"taxonomy":"category","embeddable":true,"href":"https:\/\/www.copealcoy.es\/es\/wp-json\/wp\/v2\/categories?post=132699"},{"taxonomy":"post_tag","embeddable":true,"href":"https:\/\/www.copealcoy.es\/es\/wp-json\/wp\/v2\/tags?post=132699"}],"curies":[{"name":"wp","href":"https:\/\/api.w.org\/{rel}","templated":true}]}}