{"id":132652,"date":"2024-04-24T08:06:31","date_gmt":"2024-04-24T07:06:31","guid":{"rendered":"https:\/\/www.copealcoy.es\/?p=132652"},"modified":"2024-04-27T19:20:44","modified_gmt":"2024-04-27T18:20:44","slug":"alcoy-rinde-homenaje-a-san-jorge-en-un-23-de-abril-despues-de-fiestas","status":"publish","type":"post","link":"https:\/\/www.copealcoy.es\/es\/alcoy-rinde-homenaje-a-san-jorge-en-un-23-de-abril-despues-de-fiestas\/","title":{"rendered":"Alcoy rinde homenaje a San Jorge en un 23 de abril despu\u00e9s de Fiestas"},"content":{"rendered":"<p style=\"text-align: justify;\">Alcoy <strong>rindi\u00f3 todos los honores a San Jorge<\/strong> en u<strong>n 23 de abril in\u00e9dito<\/strong> que <strong>coincidi\u00f3 con el &#8216;Dia del Descans&#8217;<\/strong> despu\u00e9s de las Fiestas de Moros y Cristianos. Y es que <strong>el hecho de haber adelantado la trilog\u00eda festera para hacerla coincidir en fin de semana<\/strong> llev\u00f3 a la<a href=\"https:\/\/www.asjordi.org\/\" target=\"_blank\" rel=\"noopener\"><span style=\"color: #0000ff;\"><strong> Asociaci\u00f3n de San Jorge<\/strong><\/span><\/a> a organizar <strong>diferentes actos religiosos<\/strong> en honor al patr\u00f3n en el d\u00eda de su festividad lit\u00fargica.<\/p>\n<p style=\"text-align: justify;\">En la jornada destac\u00f3 <strong>una sencilla procesi\u00f3n<\/strong> que comenz\u00f3 a las 19:30h desde la iglesia titular de San Jorge, con la participaci\u00f3n de numerosos devotos que acompa\u00f1aron la imagen de &#8216;El Xicotet&#8217;. Los <strong>cargos festeros<\/strong> y el <strong>Sant Jordiet 2024 (Mauro Abell\u00e1n Bravo)<\/strong> tambi\u00e9n estuvieron presentes, junto con <strong>la representaci\u00f3n clerical presidida por el Padre Don Jes\u00fas Fuentes<\/strong>, Vicari de Sant Jordi, portando la reliquia del m\u00e1rtir. La comitiva fue cerrada <strong>por parte de la Corporaci\u00f3n Municipal<\/strong>, encabezada por el alcalde Toni Franc\u00e9s, y <strong>la Asamblea General de la Asociaci\u00f3n de San Jorge<\/strong> con el presidente, Juan Jos\u00e9 Olcina; al frente. Una vez en la parroquia de Santa Maria, <strong>se ofici\u00f3 una emotiva misa solemne de acci\u00f3n de gracias<\/strong> por las fiestas reci\u00e9n concluidas. La eucarist\u00eda estuvo a cargo del alcoyano <strong>Don Camilo Bardisa<\/strong>, Vicario Episcopal de la Vicar\u00eda VI de la Di\u00f3cesis de Valencia a la que pertenece Alcoy, y <strong>en su homil\u00eda<\/strong>, destac\u00f3 el papel central que San Jorge tiene en la fe de los alcoyanos. Adem\u00e1s remarc\u00f3 el esfuerzo realizado por todos los involucrados en la organizaci\u00f3n de la Fiesta y tuvo palabras de agradecimiento tanto para Capitanes\u00a0 Alf\u00e9reces como para el Sant Jordiet Mauro Abell\u00e1n.<\/p>\n<p style=\"text-align: justify;\">Al finalizar el oficio, la imagen de San Jorge &#8216;El Xicotet&#8217;, junto a su reliquia; <strong>regresaron al templo del patr\u00f3n<\/strong> entre el volteo general de campanas. La jornada culmin\u00f3 con <strong>una apote\u00f3sica <em>Masclet\u00e0<\/em> nocturna<\/strong> en la Plaza del Ayuntamiento, poniendo as\u00ed un brillante colof\u00f3n a las fiestas del 2024.<\/p>\n<div id='gallery-1' class='gallery galleryid-132652 gallery-columns-3 gallery-size-full'><figure class='gallery-item'>\n\t\t\t<div class='gallery-icon landscape'>\n\t\t\t\t<a href='https:\/\/www.copealcoy.es\/es\/alcoy-rinde-homenaje-a-san-jorge-en-un-23-de-abril-despues-de-fiestas\/img_2114\/'><img loading=\"lazy\" decoding=\"async\" width=\"1440\" height=\"1080\" src=\"https:\/\/www.copealcoy.es\/wp-content\/uploads\/2024\/04\/IMG_2114-scaled.jpg\" class=\"attachment-full size-full\" alt=\"\" srcset=\"https:\/\/www.copealcoy.es\/wp-content\/uploads\/2024\/04\/IMG_2114-scaled.jpg 1440w, https:\/\/www.copealcoy.es\/wp-content\/uploads\/2024\/04\/IMG_2114-768x576.jpg 768w, https:\/\/www.copealcoy.es\/wp-content\/uploads\/2024\/04\/IMG_2114-1536x1152.jpg 1536w, https:\/\/www.copealcoy.es\/wp-content\/uploads\/2024\/04\/IMG_2114-2048x1536.jpg 2048w\" sizes=\"auto, (max-width: 1440px) 100vw, 1440px\" \/><\/a>\n\t\t\t<\/div><\/figure><figure class='gallery-item'>\n\t\t\t<div class='gallery-icon landscape'>\n\t\t\t\t<a href='https:\/\/www.copealcoy.es\/es\/alcoy-rinde-homenaje-a-san-jorge-en-un-23-de-abril-despues-de-fiestas\/img_2116\/'><img loading=\"lazy\" decoding=\"async\" width=\"1440\" height=\"1080\" src=\"https:\/\/www.copealcoy.es\/wp-content\/uploads\/2024\/04\/IMG_2116-scaled.jpg\" class=\"attachment-full size-full\" alt=\"\" srcset=\"https:\/\/www.copealcoy.es\/wp-content\/uploads\/2024\/04\/IMG_2116-scaled.jpg 1440w, https:\/\/www.copealcoy.es\/wp-content\/uploads\/2024\/04\/IMG_2116-768x576.jpg 768w, https:\/\/www.copealcoy.es\/wp-content\/uploads\/2024\/04\/IMG_2116-1536x1152.jpg 1536w, https:\/\/www.copealcoy.es\/wp-content\/uploads\/2024\/04\/IMG_2116-2048x1536.jpg 2048w\" sizes=\"auto, (max-width: 1440px) 100vw, 1440px\" \/><\/a>\n\t\t\t<\/div><\/figure><figure class='gallery-item'>\n\t\t\t<div class='gallery-icon landscape'>\n\t\t\t\t<a href='https:\/\/www.copealcoy.es\/es\/alcoy-rinde-homenaje-a-san-jorge-en-un-23-de-abril-despues-de-fiestas\/unnamed-1-367\/'><img loading=\"lazy\" decoding=\"async\" width=\"1440\" height=\"1080\" src=\"https:\/\/www.copealcoy.es\/wp-content\/uploads\/2024\/04\/unnamed-1-37-scaled.jpg\" class=\"attachment-full size-full\" alt=\"\" srcset=\"https:\/\/www.copealcoy.es\/wp-content\/uploads\/2024\/04\/unnamed-1-37-scaled.jpg 1440w, https:\/\/www.copealcoy.es\/wp-content\/uploads\/2024\/04\/unnamed-1-37-768x576.jpg 768w, https:\/\/www.copealcoy.es\/wp-content\/uploads\/2024\/04\/unnamed-1-37-1536x1152.jpg 1536w, https:\/\/www.copealcoy.es\/wp-content\/uploads\/2024\/04\/unnamed-1-37-2048x1536.jpg 2048w\" sizes=\"auto, (max-width: 1440px) 100vw, 1440px\" \/><\/a>\n\t\t\t<\/div><\/figure><figure class='gallery-item'>\n\t\t\t<div class='gallery-icon landscape'>\n\t\t\t\t<a href='https:\/\/www.copealcoy.es\/es\/alcoy-rinde-homenaje-a-san-jorge-en-un-23-de-abril-despues-de-fiestas\/img_2129-2\/'><img loading=\"lazy\" decoding=\"async\" width=\"1440\" height=\"1080\" src=\"https:\/\/www.copealcoy.es\/wp-content\/uploads\/2024\/04\/IMG_2129-scaled.jpg\" class=\"attachment-full size-full\" alt=\"\" srcset=\"https:\/\/www.copealcoy.es\/wp-content\/uploads\/2024\/04\/IMG_2129-scaled.jpg 1440w, https:\/\/www.copealcoy.es\/wp-content\/uploads\/2024\/04\/IMG_2129-768x576.jpg 768w, https:\/\/www.copealcoy.es\/wp-content\/uploads\/2024\/04\/IMG_2129-1536x1152.jpg 1536w, https:\/\/www.copealcoy.es\/wp-content\/uploads\/2024\/04\/IMG_2129-2048x1536.jpg 2048w\" sizes=\"auto, (max-width: 1440px) 100vw, 1440px\" \/><\/a>\n\t\t\t<\/div><\/figure><figure class='gallery-item'>\n\t\t\t<div class='gallery-icon landscape'>\n\t\t\t\t<a href='https:\/\/www.copealcoy.es\/es\/alcoy-rinde-homenaje-a-san-jorge-en-un-23-de-abril-despues-de-fiestas\/img_2145\/'><img loading=\"lazy\" decoding=\"async\" width=\"1537\" height=\"1080\" src=\"https:\/\/www.copealcoy.es\/wp-content\/uploads\/2024\/04\/IMG_2145-scaled.jpg\" class=\"attachment-full size-full\" alt=\"\" srcset=\"https:\/\/www.copealcoy.es\/wp-content\/uploads\/2024\/04\/IMG_2145-scaled.jpg 1537w, https:\/\/www.copealcoy.es\/wp-content\/uploads\/2024\/04\/IMG_2145-768x540.jpg 768w, https:\/\/www.copealcoy.es\/wp-content\/uploads\/2024\/04\/IMG_2145-1536x1079.jpg 1536w, https:\/\/www.copealcoy.es\/wp-content\/uploads\/2024\/04\/IMG_2145-2048x1439.jpg 2048w\" sizes=\"auto, (max-width: 1537px) 100vw, 1537px\" \/><\/a>\n\t\t\t<\/div><\/figure><figure class='gallery-item'>\n\t\t\t<div class='gallery-icon landscape'>\n\t\t\t\t<a href='https:\/\/www.copealcoy.es\/es\/alcoy-rinde-homenaje-a-san-jorge-en-un-23-de-abril-despues-de-fiestas\/img_2141-2\/'><img loading=\"lazy\" decoding=\"async\" width=\"1447\" height=\"1080\" src=\"https:\/\/www.copealcoy.es\/wp-content\/uploads\/2024\/04\/IMG_2141-scaled.jpg\" class=\"attachment-full size-full\" alt=\"\" srcset=\"https:\/\/www.copealcoy.es\/wp-content\/uploads\/2024\/04\/IMG_2141-scaled.jpg 1447w, https:\/\/www.copealcoy.es\/wp-content\/uploads\/2024\/04\/IMG_2141-768x573.jpg 768w, https:\/\/www.copealcoy.es\/wp-content\/uploads\/2024\/04\/IMG_2141-1536x1146.jpg 1536w, https:\/\/www.copealcoy.es\/wp-content\/uploads\/2024\/04\/IMG_2141-2048x1528.jpg 2048w\" sizes=\"auto, (max-width: 1447px) 100vw, 1447px\" \/><\/a>\n\t\t\t<\/div><\/figure>\n\t\t<\/div>\n\n","protected":false},"excerpt":{"rendered":"<p>Alcoy rindi\u00f3 todos los honores a San Jorge en un 23 de abril in\u00e9dito que coincidi\u00f3 con el &#8216;Dia del&#8230;<\/p>\n","protected":false},"author":1,"featured_media":132653,"comment_status":"open","ping_status":"open","sticky":false,"template":"","format":"standard","meta":{"footnotes":""},"categories":[6909,97,78,75,125],"tags":[7517,12359,1494,8581,930],"class_list":["post-132652","post","type-post","status-publish","format-standard","has-post-thumbnail","hentry","category-actualidad","category-alcoy","category-fiestaycultura","category-noticias","category-portada","tag-23-de-abril","tag-actos-religiosos","tag-alcoy","tag-dia-del-patron","tag-sant-jordi"],"yoast_head":"<!-- This site is optimized with the Yoast SEO plugin v27.3 - https:\/\/yoast.com\/product\/yoast-seo-wordpress\/ -->\n<title>Alcoy rinde homenaje a San Jorge en un 23 de abril despu\u00e9s de Fiestas - COPE Alcoy<\/title>\n<meta name=\"description\" content=\"Alcoy rindi\u00f3 ayer todos los honores a San Jorge en un in\u00e9dito 23 de abril, festividad lit\u00fargica del patr\u00f3n de la ciudad\" \/>\n<meta name=\"robots\" content=\"index, follow, max-snippet:-1, max-image-preview:large, max-video-preview:-1\" \/>\n<link rel=\"canonical\" href=\"https:\/\/www.copealcoy.es\/es\/alcoy-rinde-homenaje-a-san-jorge-en-un-23-de-abril-despues-de-fiestas\/\" \/>\n<meta property=\"og:locale\" content=\"es_ES\" \/>\n<meta property=\"og:type\" content=\"article\" \/>\n<meta property=\"og:title\" content=\"Alcoy rinde homenaje a San Jorge en un 23 de abril despu\u00e9s de Fiestas - COPE Alcoy\" \/>\n<meta property=\"og:description\" content=\"Alcoy rindi\u00f3 ayer todos los honores a San Jorge en un in\u00e9dito 23 de abril, festividad lit\u00fargica del patr\u00f3n de la ciudad\" \/>\n<meta property=\"og:url\" content=\"https:\/\/www.copealcoy.es\/es\/alcoy-rinde-homenaje-a-san-jorge-en-un-23-de-abril-despues-de-fiestas\/\" \/>\n<meta property=\"og:site_name\" content=\"COPE Alcoy\" \/>\n<meta property=\"article:published_time\" content=\"2024-04-24T07:06:31+00:00\" \/>\n<meta property=\"article:modified_time\" content=\"2024-04-27T18:20:44+00:00\" \/>\n<meta property=\"og:image\" content=\"https:\/\/www.copealcoy.es\/wp-content\/uploads\/2024\/04\/unnamed-1-35-scaled.jpg\" \/>\n\t<meta property=\"og:image:width\" content=\"1400\" \/>\n\t<meta property=\"og:image:height\" content=\"1080\" \/>\n\t<meta property=\"og:image:type\" content=\"image\/jpeg\" \/>\n<meta name=\"author\" content=\"Cope Alcoy\" \/>\n<meta name=\"twitter:label1\" content=\"Escrito por\" \/>\n\t<meta name=\"twitter:data1\" content=\"Cope Alcoy\" \/>\n\t<meta name=\"twitter:label2\" content=\"Tiempo de lectura\" \/>\n\t<meta name=\"twitter:data2\" content=\"2 minutos\" \/>\n<script type=\"application\/ld+json\" class=\"yoast-schema-graph\">{\"@context\":\"https:\\\/\\\/schema.org\",\"@graph\":[{\"@type\":\"Article\",\"@id\":\"https:\\\/\\\/www.copealcoy.es\\\/es\\\/alcoy-rinde-homenaje-a-san-jorge-en-un-23-de-abril-despues-de-fiestas\\\/#article\",\"isPartOf\":{\"@id\":\"https:\\\/\\\/www.copealcoy.es\\\/es\\\/alcoy-rinde-homenaje-a-san-jorge-en-un-23-de-abril-despues-de-fiestas\\\/\"},\"author\":{\"name\":\"Cope Alcoy\",\"@id\":\"https:\\\/\\\/www.copealcoy.es\\\/es\\\/#\\\/schema\\\/person\\\/e777c87fa024e57d40170af9df39882c\"},\"headline\":\"Alcoy rinde homenaje a San Jorge en un 23 de abril despu\u00e9s de Fiestas\",\"datePublished\":\"2024-04-24T07:06:31+00:00\",\"dateModified\":\"2024-04-27T18:20:44+00:00\",\"mainEntityOfPage\":{\"@id\":\"https:\\\/\\\/www.copealcoy.es\\\/es\\\/alcoy-rinde-homenaje-a-san-jorge-en-un-23-de-abril-despues-de-fiestas\\\/\"},\"wordCount\":364,\"commentCount\":0,\"image\":{\"@id\":\"https:\\\/\\\/www.copealcoy.es\\\/es\\\/alcoy-rinde-homenaje-a-san-jorge-en-un-23-de-abril-despues-de-fiestas\\\/#primaryimage\"},\"thumbnailUrl\":\"https:\\\/\\\/www.copealcoy.es\\\/wp-content\\\/uploads\\\/2024\\\/04\\\/unnamed-1-35-scaled.jpg\",\"keywords\":[\"23 de abril\",\"actos religiosos\",\"Alcoy\",\"d\u00eda del patr\u00f3n\",\"Sant Jordi\"],\"articleSection\":[\"Actualidad\",\"Alcoy\",\"Fiesta y Cultura\",\"Noticias\",\"Portada\"],\"inLanguage\":\"es\"},{\"@type\":\"WebPage\",\"@id\":\"https:\\\/\\\/www.copealcoy.es\\\/es\\\/alcoy-rinde-homenaje-a-san-jorge-en-un-23-de-abril-despues-de-fiestas\\\/\",\"url\":\"https:\\\/\\\/www.copealcoy.es\\\/es\\\/alcoy-rinde-homenaje-a-san-jorge-en-un-23-de-abril-despues-de-fiestas\\\/\",\"name\":\"Alcoy rinde homenaje a San Jorge en un 23 de abril despu\u00e9s de Fiestas - COPE Alcoy\",\"isPartOf\":{\"@id\":\"https:\\\/\\\/www.copealcoy.es\\\/es\\\/#website\"},\"primaryImageOfPage\":{\"@id\":\"https:\\\/\\\/www.copealcoy.es\\\/es\\\/alcoy-rinde-homenaje-a-san-jorge-en-un-23-de-abril-despues-de-fiestas\\\/#primaryimage\"},\"image\":{\"@id\":\"https:\\\/\\\/www.copealcoy.es\\\/es\\\/alcoy-rinde-homenaje-a-san-jorge-en-un-23-de-abril-despues-de-fiestas\\\/#primaryimage\"},\"thumbnailUrl\":\"https:\\\/\\\/www.copealcoy.es\\\/wp-content\\\/uploads\\\/2024\\\/04\\\/unnamed-1-35-scaled.jpg\",\"datePublished\":\"2024-04-24T07:06:31+00:00\",\"dateModified\":\"2024-04-27T18:20:44+00:00\",\"author\":{\"@id\":\"https:\\\/\\\/www.copealcoy.es\\\/es\\\/#\\\/schema\\\/person\\\/e777c87fa024e57d40170af9df39882c\"},\"description\":\"Alcoy rindi\u00f3 ayer todos los honores a San Jorge en un in\u00e9dito 23 de abril, festividad lit\u00fargica del patr\u00f3n de la ciudad\",\"breadcrumb\":{\"@id\":\"https:\\\/\\\/www.copealcoy.es\\\/es\\\/alcoy-rinde-homenaje-a-san-jorge-en-un-23-de-abril-despues-de-fiestas\\\/#breadcrumb\"},\"inLanguage\":\"es\",\"potentialAction\":[{\"@type\":\"ReadAction\",\"target\":[\"https:\\\/\\\/www.copealcoy.es\\\/es\\\/alcoy-rinde-homenaje-a-san-jorge-en-un-23-de-abril-despues-de-fiestas\\\/\"]}]},{\"@type\":\"ImageObject\",\"inLanguage\":\"es\",\"@id\":\"https:\\\/\\\/www.copealcoy.es\\\/es\\\/alcoy-rinde-homenaje-a-san-jorge-en-un-23-de-abril-despues-de-fiestas\\\/#primaryimage\",\"url\":\"https:\\\/\\\/www.copealcoy.es\\\/wp-content\\\/uploads\\\/2024\\\/04\\\/unnamed-1-35-scaled.jpg\",\"contentUrl\":\"https:\\\/\\\/www.copealcoy.es\\\/wp-content\\\/uploads\\\/2024\\\/04\\\/unnamed-1-35-scaled.jpg\",\"width\":1400,\"height\":1080},{\"@type\":\"BreadcrumbList\",\"@id\":\"https:\\\/\\\/www.copealcoy.es\\\/es\\\/alcoy-rinde-homenaje-a-san-jorge-en-un-23-de-abril-despues-de-fiestas\\\/#breadcrumb\",\"itemListElement\":[{\"@type\":\"ListItem\",\"position\":1,\"name\":\"Portada\",\"item\":\"https:\\\/\\\/www.copealcoy.es\\\/es\\\/\"},{\"@type\":\"ListItem\",\"position\":2,\"name\":\"Alcoy rinde homenaje a San Jorge en un 23 de abril despu\u00e9s de Fiestas\"}]},{\"@type\":\"WebSite\",\"@id\":\"https:\\\/\\\/www.copealcoy.es\\\/es\\\/#website\",\"url\":\"https:\\\/\\\/www.copealcoy.es\\\/es\\\/\",\"name\":\"COPE Alcoy\",\"description\":\"Emisora COPE de radio local con emisi\u00f3n online. Pont de Sant Jordi 8-10 03803 Alcoy\",\"potentialAction\":[{\"@type\":\"SearchAction\",\"target\":{\"@type\":\"EntryPoint\",\"urlTemplate\":\"https:\\\/\\\/www.copealcoy.es\\\/es\\\/?s={search_term_string}\"},\"query-input\":{\"@type\":\"PropertyValueSpecification\",\"valueRequired\":true,\"valueName\":\"search_term_string\"}}],\"inLanguage\":\"es\"},{\"@type\":\"Person\",\"@id\":\"https:\\\/\\\/www.copealcoy.es\\\/es\\\/#\\\/schema\\\/person\\\/e777c87fa024e57d40170af9df39882c\",\"name\":\"Cope Alcoy\",\"image\":{\"@type\":\"ImageObject\",\"inLanguage\":\"es\",\"@id\":\"https:\\\/\\\/secure.gravatar.com\\\/avatar\\\/bb65d0283347e303893ba14f0692005417c1e0e690a325a4c5d8bb2b3943ee14?s=96&d=mm&r=g\",\"url\":\"https:\\\/\\\/secure.gravatar.com\\\/avatar\\\/bb65d0283347e303893ba14f0692005417c1e0e690a325a4c5d8bb2b3943ee14?s=96&d=mm&r=g\",\"contentUrl\":\"https:\\\/\\\/secure.gravatar.com\\\/avatar\\\/bb65d0283347e303893ba14f0692005417c1e0e690a325a4c5d8bb2b3943ee14?s=96&d=mm&r=g\",\"caption\":\"Cope Alcoy\"}}]}<\/script>\n<!-- \/ Yoast SEO plugin. -->","yoast_head_json":{"title":"Alcoy rinde homenaje a San Jorge en un 23 de abril despu\u00e9s de Fiestas - COPE Alcoy","description":"Alcoy rindi\u00f3 ayer todos los honores a San Jorge en un in\u00e9dito 23 de abril, festividad lit\u00fargica del patr\u00f3n de la ciudad","robots":{"index":"index","follow":"follow","max-snippet":"max-snippet:-1","max-image-preview":"max-image-preview:large","max-video-preview":"max-video-preview:-1"},"canonical":"https:\/\/www.copealcoy.es\/es\/alcoy-rinde-homenaje-a-san-jorge-en-un-23-de-abril-despues-de-fiestas\/","og_locale":"es_ES","og_type":"article","og_title":"Alcoy rinde homenaje a San Jorge en un 23 de abril despu\u00e9s de Fiestas - COPE Alcoy","og_description":"Alcoy rindi\u00f3 ayer todos los honores a San Jorge en un in\u00e9dito 23 de abril, festividad lit\u00fargica del patr\u00f3n de la ciudad","og_url":"https:\/\/www.copealcoy.es\/es\/alcoy-rinde-homenaje-a-san-jorge-en-un-23-de-abril-despues-de-fiestas\/","og_site_name":"COPE Alcoy","article_published_time":"2024-04-24T07:06:31+00:00","article_modified_time":"2024-04-27T18:20:44+00:00","og_image":[{"width":1400,"height":1080,"url":"https:\/\/www.copealcoy.es\/wp-content\/uploads\/2024\/04\/unnamed-1-35-scaled.jpg","type":"image\/jpeg"}],"author":"Cope Alcoy","twitter_misc":{"Escrito por":"Cope Alcoy","Tiempo de lectura":"2 minutos"},"schema":{"@context":"https:\/\/schema.org","@graph":[{"@type":"Article","@id":"https:\/\/www.copealcoy.es\/es\/alcoy-rinde-homenaje-a-san-jorge-en-un-23-de-abril-despues-de-fiestas\/#article","isPartOf":{"@id":"https:\/\/www.copealcoy.es\/es\/alcoy-rinde-homenaje-a-san-jorge-en-un-23-de-abril-despues-de-fiestas\/"},"author":{"name":"Cope Alcoy","@id":"https:\/\/www.copealcoy.es\/es\/#\/schema\/person\/e777c87fa024e57d40170af9df39882c"},"headline":"Alcoy rinde homenaje a San Jorge en un 23 de abril despu\u00e9s de Fiestas","datePublished":"2024-04-24T07:06:31+00:00","dateModified":"2024-04-27T18:20:44+00:00","mainEntityOfPage":{"@id":"https:\/\/www.copealcoy.es\/es\/alcoy-rinde-homenaje-a-san-jorge-en-un-23-de-abril-despues-de-fiestas\/"},"wordCount":364,"commentCount":0,"image":{"@id":"https:\/\/www.copealcoy.es\/es\/alcoy-rinde-homenaje-a-san-jorge-en-un-23-de-abril-despues-de-fiestas\/#primaryimage"},"thumbnailUrl":"https:\/\/www.copealcoy.es\/wp-content\/uploads\/2024\/04\/unnamed-1-35-scaled.jpg","keywords":["23 de abril","actos religiosos","Alcoy","d\u00eda del patr\u00f3n","Sant Jordi"],"articleSection":["Actualidad","Alcoy","Fiesta y Cultura","Noticias","Portada"],"inLanguage":"es"},{"@type":"WebPage","@id":"https:\/\/www.copealcoy.es\/es\/alcoy-rinde-homenaje-a-san-jorge-en-un-23-de-abril-despues-de-fiestas\/","url":"https:\/\/www.copealcoy.es\/es\/alcoy-rinde-homenaje-a-san-jorge-en-un-23-de-abril-despues-de-fiestas\/","name":"Alcoy rinde homenaje a San Jorge en un 23 de abril despu\u00e9s de Fiestas - COPE Alcoy","isPartOf":{"@id":"https:\/\/www.copealcoy.es\/es\/#website"},"primaryImageOfPage":{"@id":"https:\/\/www.copealcoy.es\/es\/alcoy-rinde-homenaje-a-san-jorge-en-un-23-de-abril-despues-de-fiestas\/#primaryimage"},"image":{"@id":"https:\/\/www.copealcoy.es\/es\/alcoy-rinde-homenaje-a-san-jorge-en-un-23-de-abril-despues-de-fiestas\/#primaryimage"},"thumbnailUrl":"https:\/\/www.copealcoy.es\/wp-content\/uploads\/2024\/04\/unnamed-1-35-scaled.jpg","datePublished":"2024-04-24T07:06:31+00:00","dateModified":"2024-04-27T18:20:44+00:00","author":{"@id":"https:\/\/www.copealcoy.es\/es\/#\/schema\/person\/e777c87fa024e57d40170af9df39882c"},"description":"Alcoy rindi\u00f3 ayer todos los honores a San Jorge en un in\u00e9dito 23 de abril, festividad lit\u00fargica del patr\u00f3n de la ciudad","breadcrumb":{"@id":"https:\/\/www.copealcoy.es\/es\/alcoy-rinde-homenaje-a-san-jorge-en-un-23-de-abril-despues-de-fiestas\/#breadcrumb"},"inLanguage":"es","potentialAction":[{"@type":"ReadAction","target":["https:\/\/www.copealcoy.es\/es\/alcoy-rinde-homenaje-a-san-jorge-en-un-23-de-abril-despues-de-fiestas\/"]}]},{"@type":"ImageObject","inLanguage":"es","@id":"https:\/\/www.copealcoy.es\/es\/alcoy-rinde-homenaje-a-san-jorge-en-un-23-de-abril-despues-de-fiestas\/#primaryimage","url":"https:\/\/www.copealcoy.es\/wp-content\/uploads\/2024\/04\/unnamed-1-35-scaled.jpg","contentUrl":"https:\/\/www.copealcoy.es\/wp-content\/uploads\/2024\/04\/unnamed-1-35-scaled.jpg","width":1400,"height":1080},{"@type":"BreadcrumbList","@id":"https:\/\/www.copealcoy.es\/es\/alcoy-rinde-homenaje-a-san-jorge-en-un-23-de-abril-despues-de-fiestas\/#breadcrumb","itemListElement":[{"@type":"ListItem","position":1,"name":"Portada","item":"https:\/\/www.copealcoy.es\/es\/"},{"@type":"ListItem","position":2,"name":"Alcoy rinde homenaje a San Jorge en un 23 de abril despu\u00e9s de Fiestas"}]},{"@type":"WebSite","@id":"https:\/\/www.copealcoy.es\/es\/#website","url":"https:\/\/www.copealcoy.es\/es\/","name":"COPE Alcoy","description":"Emisora COPE de radio local con emisi\u00f3n online. Pont de Sant Jordi 8-10 03803 Alcoy","potentialAction":[{"@type":"SearchAction","target":{"@type":"EntryPoint","urlTemplate":"https:\/\/www.copealcoy.es\/es\/?s={search_term_string}"},"query-input":{"@type":"PropertyValueSpecification","valueRequired":true,"valueName":"search_term_string"}}],"inLanguage":"es"},{"@type":"Person","@id":"https:\/\/www.copealcoy.es\/es\/#\/schema\/person\/e777c87fa024e57d40170af9df39882c","name":"Cope Alcoy","image":{"@type":"ImageObject","inLanguage":"es","@id":"https:\/\/secure.gravatar.com\/avatar\/bb65d0283347e303893ba14f0692005417c1e0e690a325a4c5d8bb2b3943ee14?s=96&d=mm&r=g","url":"https:\/\/secure.gravatar.com\/avatar\/bb65d0283347e303893ba14f0692005417c1e0e690a325a4c5d8bb2b3943ee14?s=96&d=mm&r=g","contentUrl":"https:\/\/secure.gravatar.com\/avatar\/bb65d0283347e303893ba14f0692005417c1e0e690a325a4c5d8bb2b3943ee14?s=96&d=mm&r=g","caption":"Cope Alcoy"}}]}},"_links":{"self":[{"href":"https:\/\/www.copealcoy.es\/es\/wp-json\/wp\/v2\/posts\/132652","targetHints":{"allow":["GET"]}}],"collection":[{"href":"https:\/\/www.copealcoy.es\/es\/wp-json\/wp\/v2\/posts"}],"about":[{"href":"https:\/\/www.copealcoy.es\/es\/wp-json\/wp\/v2\/types\/post"}],"author":[{"embeddable":true,"href":"https:\/\/www.copealcoy.es\/es\/wp-json\/wp\/v2\/users\/1"}],"replies":[{"embeddable":true,"href":"https:\/\/www.copealcoy.es\/es\/wp-json\/wp\/v2\/comments?post=132652"}],"version-history":[{"count":0,"href":"https:\/\/www.copealcoy.es\/es\/wp-json\/wp\/v2\/posts\/132652\/revisions"}],"wp:featuredmedia":[{"embeddable":true,"href":"https:\/\/www.copealcoy.es\/es\/wp-json\/wp\/v2\/media\/132653"}],"wp:attachment":[{"href":"https:\/\/www.copealcoy.es\/es\/wp-json\/wp\/v2\/media?parent=132652"}],"wp:term":[{"taxonomy":"category","embeddable":true,"href":"https:\/\/www.copealcoy.es\/es\/wp-json\/wp\/v2\/categories?post=132652"},{"taxonomy":"post_tag","embeddable":true,"href":"https:\/\/www.copealcoy.es\/es\/wp-json\/wp\/v2\/tags?post=132652"}],"curies":[{"name":"wp","href":"https:\/\/api.w.org\/{rel}","templated":true}]}}