{"id":132484,"date":"2024-04-19T22:23:08","date_gmt":"2024-04-19T21:23:08","guid":{"rendered":"https:\/\/www.copealcoy.es\/?p=132484"},"modified":"2024-04-19T22:40:39","modified_gmt":"2024-04-19T21:40:39","slug":"una-multitudinaria-interpretacion-del-himno-da-la-bienvenida-a-las-fiestas-de-alcoy","status":"publish","type":"post","link":"https:\/\/www.copealcoy.es\/es\/una-multitudinaria-interpretacion-del-himno-da-la-bienvenida-a-las-fiestas-de-alcoy\/","title":{"rendered":"Una multitudinaria interpretaci\u00f3n del Himno da la bienvenida a las Fiestas de Alcoy"},"content":{"rendered":"<p style=\"text-align: justify;\">Alcoy <strong>ya est\u00e1 inmersa en sus <a href=\"https:\/\/www.asjordi.org\/\" target=\"_blank\" rel=\"noopener\"><span style=\"color: #0000ff;\">Fiestas de Moros y Cristianos<\/span><\/a><\/strong> tras la apote\u00f3sica<strong> interpretaci\u00f3n del Himno<\/strong>, que ha tenido lugar esta tarde, y que ha dirigido<strong> la flautista Blanca Carbonell<\/strong>. Centenares de personas <strong>han entonado con fuerza la letra del <\/strong><em><strong>Nostra Festa<\/strong>\u00a0<\/em>proclamando as\u00ed a los cuatro vientos que <strong>llegan unas de las jornadas m\u00e1s esperadas<\/strong> por los alcoyanos y las alcoyanas.<\/p>\n<p style=\"text-align: justify;\">La actividad festiva, como suele ser habitual en el D\u00eda dels M\u00fasics, <strong>ha comenzado pasadas las siete de la tarde con la Fiesta del Pasodoble<\/strong> en la que 24 bandas de m\u00fasica han desfilado desde la parte final de la Avinguda del Pa\u00eds Valenci\u00e0 hasta la Plaza de Espa\u00f1a. La comitiva <strong>la han abierto los cuatro grupos de m\u00fasica tradicional de Alcoy<\/strong> y en la parte final han destacado <strong>las bandas alcoyanas<\/strong>. La <strong>Agrupaci\u00f3n Musical El Serpis<\/strong> ha hecho sonar\u00a0<em>Passa l&#8217;Agrupac\u00ed\u00f3\u00a0<\/em>de Joan Bot\u00ed, la <strong>Societat Musical Nova d&#8217;Alcoi<\/strong>\u00a0<em>El Rei Capit\u00e0\u00a0<\/em>de Julio Laporta Hell\u00edn, la <strong>M\u00fasica Primitiva Apolo d&#8217;Alcoi\u00a0<\/strong><em>Desperta`t Alcoi\u00a0<\/em>de Gregorio Casasempere Juan y <strong>la Uni\u00f3n Musical<\/strong>\u00a0<em>Tayo\u00a0<\/em>de Francisco Esteve Pastor.<\/p>\n<p style=\"text-align: justify;\"><strong>Mauro Abell\u00e1n Bravo<\/strong>, Sant Jordiet 2024,<strong> ha sido el encargado de dar la batuta a la flautista Blanca Carbonell<\/strong> desde la tribuna de autoridades para que la protagonista <strong>cumpliera con la gran responsabilidad de dirigir el Himno de Fiestas<\/strong> interpretado por las bandas pero tambi\u00e9n coreados por miles de voces. As\u00ed <strong>ha sonado<\/strong> el momento:<\/p>\n<p><iframe loading=\"lazy\" title=\"Interpretaci\u00f3n del Himno de Fiestas 2024 dirigido por Blanca Carbonell\" width=\"1200\" height=\"675\" src=\"https:\/\/www.youtube.com\/embed\/95XFSMFKtH8?feature=oembed\" frameborder=\"0\" allow=\"accelerometer; autoplay; clipboard-write; encrypted-media; gyroscope; picture-in-picture; web-share\" referrerpolicy=\"strict-origin-when-cross-origin\" allowfullscreen><\/iframe><\/p>\n<p style=\"text-align: justify;\">El <strong>volteo de las campanas de la iglesia de Santa Mar\u00eda<\/strong>, junto al <strong>disparo de un castillo de fuegos<\/strong> artificiales, han servido para dar por iniciada la Festa <strong>tras el correspondiente encendido de la &#8216;Enram\u00e0&#8217;<\/strong>. En estos instantes <strong>Blanca Carbonell tambi\u00e9n contaba lo que hab\u00eda supuesto para ella<\/strong> dirigir el Himno de Fiestas:<\/p>\n<audio class=\"wp-audio-shortcode\" id=\"audio-132484-1\" preload=\"none\" style=\"width: 100%;\" controls=\"controls\"><source type=\"audio\/mpeg\" src=\"https:\/\/www.copealcoy.es\/wp-content\/uploads\/2024\/04\/Entrevista-Blanca-Colomer.mp3?_=1\" \/><a href=\"https:\/\/www.copealcoy.es\/wp-content\/uploads\/2024\/04\/Entrevista-Blanca-Colomer.mp3\">https:\/\/www.copealcoy.es\/wp-content\/uploads\/2024\/04\/Entrevista-Blanca-Colomer.mp3<\/a><\/audio>\n<p>&nbsp;<\/p>\n<p>&nbsp;<\/p>\n<p style=\"text-align: justify;\">La <strong>&#8216;Nit de l&#8217;Olla&#8217;<\/strong>, con las<strong> \u00faltimas &#8216;Entraetes&#8217;<\/strong> del ciclo festero, marcan <strong>el inicio de unas Fiestas de Moros y Cristianos<\/strong> que ya son una realidad. A a partir de ahora<strong> comienzan tres intensos d\u00edas<\/strong> en los que la ciudad rendir\u00e1 homenaje a su patr\u00f3n; San Jorge M\u00e1rtir.<\/p>\n<p><span style=\"color: #0000ff;\"><strong>La Delegada del Gobierno asiste al Himno<\/strong><\/span><\/p>\n<p><span style=\"color: #333333;\">Pilar Bernab\u00e9, Delegada del Gobierno en la Comunitat Valenciana, ha sido testigo de la interpretaci\u00f3n del Himno de Fiestas y hemos podido hablar con ella as\u00ed como con el alcalde de la ciudad, Toni Franc\u00e9s. Tambi\u00e9n con los cargos festeros y principales protagonistas de la Festa 2024. Todo lo puedes escuchar aqu\u00ed:<\/span><\/p>\n<audio class=\"wp-audio-shortcode\" id=\"audio-132484-2\" preload=\"none\" style=\"width: 100%;\" controls=\"controls\"><source type=\"audio\/mpeg\" src=\"https:\/\/www.copealcoy.es\/wp-content\/uploads\/2024\/04\/1-Capita-Cristia.mp3?_=2\" \/><a href=\"https:\/\/www.copealcoy.es\/wp-content\/uploads\/2024\/04\/1-Capita-Cristia.mp3\">https:\/\/www.copealcoy.es\/wp-content\/uploads\/2024\/04\/1-Capita-Cristia.mp3<\/a><\/audio>\n<p>&nbsp;<\/p>\n<audio class=\"wp-audio-shortcode\" id=\"audio-132484-3\" preload=\"none\" style=\"width: 100%;\" controls=\"controls\"><source type=\"audio\/mpeg\" src=\"https:\/\/www.copealcoy.es\/wp-content\/uploads\/2024\/04\/2-Alferes-Cristia.mp3?_=3\" \/><a href=\"https:\/\/www.copealcoy.es\/wp-content\/uploads\/2024\/04\/2-Alferes-Cristia.mp3\">https:\/\/www.copealcoy.es\/wp-content\/uploads\/2024\/04\/2-Alferes-Cristia.mp3<\/a><\/audio>\n<p>&nbsp;<\/p>\n<audio class=\"wp-audio-shortcode\" id=\"audio-132484-4\" preload=\"none\" style=\"width: 100%;\" controls=\"controls\"><source type=\"audio\/mpeg\" src=\"https:\/\/www.copealcoy.es\/wp-content\/uploads\/2024\/04\/3-Capita-Moro.mp3?_=4\" \/><a href=\"https:\/\/www.copealcoy.es\/wp-content\/uploads\/2024\/04\/3-Capita-Moro.mp3\">https:\/\/www.copealcoy.es\/wp-content\/uploads\/2024\/04\/3-Capita-Moro.mp3<\/a><\/audio>\n<p>&nbsp;<\/p>\n<audio class=\"wp-audio-shortcode\" id=\"audio-132484-5\" preload=\"none\" style=\"width: 100%;\" controls=\"controls\"><source type=\"audio\/mpeg\" src=\"https:\/\/www.copealcoy.es\/wp-content\/uploads\/2024\/04\/4-Alferes-Moro.mp3?_=5\" \/><a href=\"https:\/\/www.copealcoy.es\/wp-content\/uploads\/2024\/04\/4-Alferes-Moro.mp3\">https:\/\/www.copealcoy.es\/wp-content\/uploads\/2024\/04\/4-Alferes-Moro.mp3<\/a><\/audio>\n<p>&nbsp;<\/p>\n<audio class=\"wp-audio-shortcode\" id=\"audio-132484-6\" preload=\"none\" style=\"width: 100%;\" controls=\"controls\"><source type=\"audio\/mpeg\" src=\"https:\/\/www.copealcoy.es\/wp-content\/uploads\/2024\/04\/5-Mossen-Torregrossa.mp3?_=6\" \/><a href=\"https:\/\/www.copealcoy.es\/wp-content\/uploads\/2024\/04\/5-Mossen-Torregrossa.mp3\">https:\/\/www.copealcoy.es\/wp-content\/uploads\/2024\/04\/5-Mossen-Torregrossa.mp3<\/a><\/audio>\n<p>&nbsp;<\/p>\n<audio class=\"wp-audio-shortcode\" id=\"audio-132484-7\" preload=\"none\" style=\"width: 100%;\" controls=\"controls\"><source type=\"audio\/mpeg\" src=\"https:\/\/www.copealcoy.es\/wp-content\/uploads\/2024\/04\/6-Sargentos.mp3?_=7\" \/><a href=\"https:\/\/www.copealcoy.es\/wp-content\/uploads\/2024\/04\/6-Sargentos.mp3\">https:\/\/www.copealcoy.es\/wp-content\/uploads\/2024\/04\/6-Sargentos.mp3<\/a><\/audio>\n<p>&nbsp;<\/p>\n<audio class=\"wp-audio-shortcode\" id=\"audio-132484-8\" preload=\"none\" style=\"width: 100%;\" controls=\"controls\"><source type=\"audio\/mpeg\" src=\"https:\/\/www.copealcoy.es\/wp-content\/uploads\/2024\/04\/7-Pilar-Bernabe.mp3?_=8\" \/><a href=\"https:\/\/www.copealcoy.es\/wp-content\/uploads\/2024\/04\/7-Pilar-Bernabe.mp3\">https:\/\/www.copealcoy.es\/wp-content\/uploads\/2024\/04\/7-Pilar-Bernabe.mp3<\/a><\/audio>\n<p>&nbsp;<\/p>\n<audio class=\"wp-audio-shortcode\" id=\"audio-132484-9\" preload=\"none\" style=\"width: 100%;\" controls=\"controls\"><source type=\"audio\/mpeg\" src=\"https:\/\/www.copealcoy.es\/wp-content\/uploads\/2024\/04\/8-Toni-Frances.mp3?_=9\" \/><a href=\"https:\/\/www.copealcoy.es\/wp-content\/uploads\/2024\/04\/8-Toni-Frances.mp3\">https:\/\/www.copealcoy.es\/wp-content\/uploads\/2024\/04\/8-Toni-Frances.mp3<\/a><\/audio>\n<p>&nbsp;<\/p>\n<audio class=\"wp-audio-shortcode\" id=\"audio-132484-10\" preload=\"none\" style=\"width: 100%;\" controls=\"controls\"><source type=\"audio\/mpeg\" src=\"https:\/\/www.copealcoy.es\/wp-content\/uploads\/2024\/04\/9-Alex-Cerradelo.mp3?_=10\" \/><a href=\"https:\/\/www.copealcoy.es\/wp-content\/uploads\/2024\/04\/9-Alex-Cerradelo.mp3\">https:\/\/www.copealcoy.es\/wp-content\/uploads\/2024\/04\/9-Alex-Cerradelo.mp3<\/a><\/audio>\n<p>&nbsp;<\/p>\n<audio class=\"wp-audio-shortcode\" id=\"audio-132484-11\" preload=\"none\" style=\"width: 100%;\" controls=\"controls\"><source type=\"audio\/mpeg\" src=\"https:\/\/www.copealcoy.es\/wp-content\/uploads\/2024\/04\/10-Carlos-Pastor.mp3?_=11\" \/><a href=\"https:\/\/www.copealcoy.es\/wp-content\/uploads\/2024\/04\/10-Carlos-Pastor.mp3\">https:\/\/www.copealcoy.es\/wp-content\/uploads\/2024\/04\/10-Carlos-Pastor.mp3<\/a><\/audio>\n<p>&nbsp;<\/p>\n<div id='gallery-1' class='gallery galleryid-132484 gallery-columns-2 gallery-size-full'><figure class='gallery-item'>\n\t\t\t<div class='gallery-icon landscape'>\n\t\t\t\t<a href='https:\/\/www.copealcoy.es\/es\/una-multitudinaria-interpretacion-del-himno-da-la-bienvenida-a-las-fiestas-de-alcoy\/himno-alcoy-2024-2\/'><img loading=\"lazy\" decoding=\"async\" width=\"953\" height=\"715\" src=\"https:\/\/www.copealcoy.es\/wp-content\/uploads\/2024\/04\/0-5.jpg\" class=\"attachment-full size-full\" alt=\"\" srcset=\"https:\/\/www.copealcoy.es\/wp-content\/uploads\/2024\/04\/0-5.jpg 953w, https:\/\/www.copealcoy.es\/wp-content\/uploads\/2024\/04\/0-5-768x576.jpg 768w\" sizes=\"auto, (max-width: 953px) 100vw, 953px\" \/><\/a>\n\t\t\t<\/div><\/figure><figure class='gallery-item'>\n\t\t\t<div class='gallery-icon landscape'>\n\t\t\t\t<a href='https:\/\/www.copealcoy.es\/es\/una-multitudinaria-interpretacion-del-himno-da-la-bienvenida-a-las-fiestas-de-alcoy\/0-4-2\/'><img loading=\"lazy\" decoding=\"async\" width=\"953\" height=\"715\" src=\"https:\/\/www.copealcoy.es\/wp-content\/uploads\/2024\/04\/0-4.jpg\" class=\"attachment-full size-full\" alt=\"\" srcset=\"https:\/\/www.copealcoy.es\/wp-content\/uploads\/2024\/04\/0-4.jpg 953w, https:\/\/www.copealcoy.es\/wp-content\/uploads\/2024\/04\/0-4-768x576.jpg 768w\" sizes=\"auto, (max-width: 953px) 100vw, 953px\" \/><\/a>\n\t\t\t<\/div><\/figure><figure class='gallery-item'>\n\t\t\t<div class='gallery-icon landscape'>\n\t\t\t\t<a href='https:\/\/www.copealcoy.es\/es\/una-multitudinaria-interpretacion-del-himno-da-la-bienvenida-a-las-fiestas-de-alcoy\/0-3-5\/'><img loading=\"lazy\" decoding=\"async\" width=\"953\" height=\"715\" src=\"https:\/\/www.copealcoy.es\/wp-content\/uploads\/2024\/04\/0-3-1.jpg\" class=\"attachment-full size-full\" alt=\"\" srcset=\"https:\/\/www.copealcoy.es\/wp-content\/uploads\/2024\/04\/0-3-1.jpg 953w, https:\/\/www.copealcoy.es\/wp-content\/uploads\/2024\/04\/0-3-1-768x576.jpg 768w\" sizes=\"auto, (max-width: 953px) 100vw, 953px\" \/><\/a>\n\t\t\t<\/div><\/figure><figure class='gallery-item'>\n\t\t\t<div class='gallery-icon landscape'>\n\t\t\t\t<a href='https:\/\/www.copealcoy.es\/es\/una-multitudinaria-interpretacion-del-himno-da-la-bienvenida-a-las-fiestas-de-alcoy\/0-2-6\/'><img loading=\"lazy\" decoding=\"async\" width=\"953\" height=\"715\" src=\"https:\/\/www.copealcoy.es\/wp-content\/uploads\/2024\/04\/0-2-1.jpg\" class=\"attachment-full size-full\" alt=\"\" srcset=\"https:\/\/www.copealcoy.es\/wp-content\/uploads\/2024\/04\/0-2-1.jpg 953w, https:\/\/www.copealcoy.es\/wp-content\/uploads\/2024\/04\/0-2-1-768x576.jpg 768w\" sizes=\"auto, (max-width: 953px) 100vw, 953px\" \/><\/a>\n\t\t\t<\/div><\/figure><figure class='gallery-item'>\n\t\t\t<div class='gallery-icon landscape'>\n\t\t\t\t<a href='https:\/\/www.copealcoy.es\/es\/una-multitudinaria-interpretacion-del-himno-da-la-bienvenida-a-las-fiestas-de-alcoy\/0-1-7\/'><img loading=\"lazy\" decoding=\"async\" width=\"953\" height=\"715\" src=\"https:\/\/www.copealcoy.es\/wp-content\/uploads\/2024\/04\/0-1-1.jpg\" class=\"attachment-full size-full\" alt=\"\" srcset=\"https:\/\/www.copealcoy.es\/wp-content\/uploads\/2024\/04\/0-1-1.jpg 953w, https:\/\/www.copealcoy.es\/wp-content\/uploads\/2024\/04\/0-1-1-768x576.jpg 768w\" sizes=\"auto, (max-width: 953px) 100vw, 953px\" \/><\/a>\n\t\t\t<\/div><\/figure><figure class='gallery-item'>\n\t\t\t<div class='gallery-icon landscape'>\n\t\t\t\t<a href='https:\/\/www.copealcoy.es\/es\/una-multitudinaria-interpretacion-del-himno-da-la-bienvenida-a-las-fiestas-de-alcoy\/himno-alcoy-2024\/'><img loading=\"lazy\" decoding=\"async\" width=\"953\" height=\"715\" src=\"https:\/\/www.copealcoy.es\/wp-content\/uploads\/2024\/04\/0-3.jpg\" class=\"attachment-full size-full\" alt=\"\" srcset=\"https:\/\/www.copealcoy.es\/wp-content\/uploads\/2024\/04\/0-3.jpg 953w, https:\/\/www.copealcoy.es\/wp-content\/uploads\/2024\/04\/0-3-768x576.jpg 768w\" sizes=\"auto, (max-width: 953px) 100vw, 953px\" \/><\/a>\n\t\t\t<\/div><\/figure>\n\t\t<\/div>\n\n","protected":false},"excerpt":{"rendered":"<p>Alcoy ya est\u00e1 inmersa en sus Fiestas de Moros y Cristianos tras la apote\u00f3sica interpretaci\u00f3n del Himno, que ha tenido&#8230;<\/p>\n","protected":false},"author":1,"featured_media":132489,"comment_status":"open","ping_status":"open","sticky":false,"template":"","format":"standard","meta":{"footnotes":""},"categories":[6909,97,78,75,125],"tags":[1494,16716,565,13051,609],"class_list":["post-132484","post","type-post","status-publish","format-standard","has-post-thumbnail","hentry","category-actualidad","category-alcoy","category-fiestaycultura","category-noticias","category-portada","tag-alcoy","tag-blanca-colomer","tag-fiestas","tag-interpretacion-del-himno","tag-moros-y-cristianos"],"yoast_head":"<!-- This site is optimized with the Yoast SEO plugin v27.3 - https:\/\/yoast.com\/product\/yoast-seo-wordpress\/ -->\n<title>Una multitudinaria interpretaci\u00f3n del Himno da la bienvenida a las Fiestas de Alcoy - COPE Alcoy<\/title>\n<meta name=\"description\" content=\"Blanca Colomer ha dirigido una multitudinaria Interpretaci\u00f3n del Himno de Fiestas de Alcoy\" \/>\n<meta name=\"robots\" content=\"index, follow, max-snippet:-1, max-image-preview:large, max-video-preview:-1\" \/>\n<link rel=\"canonical\" href=\"https:\/\/www.copealcoy.es\/es\/una-multitudinaria-interpretacion-del-himno-da-la-bienvenida-a-las-fiestas-de-alcoy\/\" \/>\n<meta property=\"og:locale\" content=\"es_ES\" \/>\n<meta property=\"og:type\" content=\"article\" \/>\n<meta property=\"og:title\" content=\"Una multitudinaria interpretaci\u00f3n del Himno da la bienvenida a las Fiestas de Alcoy - COPE Alcoy\" \/>\n<meta property=\"og:description\" content=\"Blanca Colomer ha dirigido una multitudinaria Interpretaci\u00f3n del Himno de Fiestas de Alcoy\" \/>\n<meta property=\"og:url\" content=\"https:\/\/www.copealcoy.es\/es\/una-multitudinaria-interpretacion-del-himno-da-la-bienvenida-a-las-fiestas-de-alcoy\/\" \/>\n<meta property=\"og:site_name\" content=\"COPE Alcoy\" \/>\n<meta property=\"article:published_time\" content=\"2024-04-19T21:23:08+00:00\" \/>\n<meta property=\"article:modified_time\" content=\"2024-04-19T21:40:39+00:00\" \/>\n<meta property=\"og:image\" content=\"https:\/\/www.copealcoy.es\/wp-content\/uploads\/2024\/04\/0-3.jpg\" \/>\n\t<meta property=\"og:image:width\" content=\"953\" \/>\n\t<meta property=\"og:image:height\" content=\"715\" \/>\n\t<meta property=\"og:image:type\" content=\"image\/jpeg\" \/>\n<meta name=\"author\" content=\"Cope Alcoy\" \/>\n<meta name=\"twitter:label1\" content=\"Escrito por\" \/>\n\t<meta name=\"twitter:data1\" content=\"Cope Alcoy\" \/>\n\t<meta name=\"twitter:label2\" content=\"Tiempo de lectura\" \/>\n\t<meta name=\"twitter:data2\" content=\"3 minutos\" \/>\n<script type=\"application\/ld+json\" class=\"yoast-schema-graph\">{\"@context\":\"https:\\\/\\\/schema.org\",\"@graph\":[{\"@type\":\"Article\",\"@id\":\"https:\\\/\\\/www.copealcoy.es\\\/es\\\/una-multitudinaria-interpretacion-del-himno-da-la-bienvenida-a-las-fiestas-de-alcoy\\\/#article\",\"isPartOf\":{\"@id\":\"https:\\\/\\\/www.copealcoy.es\\\/es\\\/una-multitudinaria-interpretacion-del-himno-da-la-bienvenida-a-las-fiestas-de-alcoy\\\/\"},\"author\":{\"name\":\"Cope Alcoy\",\"@id\":\"https:\\\/\\\/www.copealcoy.es\\\/es\\\/#\\\/schema\\\/person\\\/e777c87fa024e57d40170af9df39882c\"},\"headline\":\"Una multitudinaria interpretaci\u00f3n del Himno da la bienvenida a las Fiestas de Alcoy\",\"datePublished\":\"2024-04-19T21:23:08+00:00\",\"dateModified\":\"2024-04-19T21:40:39+00:00\",\"mainEntityOfPage\":{\"@id\":\"https:\\\/\\\/www.copealcoy.es\\\/es\\\/una-multitudinaria-interpretacion-del-himno-da-la-bienvenida-a-las-fiestas-de-alcoy\\\/\"},\"wordCount\":580,\"commentCount\":0,\"image\":{\"@id\":\"https:\\\/\\\/www.copealcoy.es\\\/es\\\/una-multitudinaria-interpretacion-del-himno-da-la-bienvenida-a-las-fiestas-de-alcoy\\\/#primaryimage\"},\"thumbnailUrl\":\"https:\\\/\\\/www.copealcoy.es\\\/wp-content\\\/uploads\\\/2024\\\/04\\\/0-3.jpg\",\"keywords\":[\"Alcoy\",\"Blanca Colomer\",\"Fiestas\",\"Interpretaci\u00f3n del Himno\",\"Moros Y Cristianos\"],\"articleSection\":[\"Actualidad\",\"Alcoy\",\"Fiesta y Cultura\",\"Noticias\",\"Portada\"],\"inLanguage\":\"es\"},{\"@type\":\"WebPage\",\"@id\":\"https:\\\/\\\/www.copealcoy.es\\\/es\\\/una-multitudinaria-interpretacion-del-himno-da-la-bienvenida-a-las-fiestas-de-alcoy\\\/\",\"url\":\"https:\\\/\\\/www.copealcoy.es\\\/es\\\/una-multitudinaria-interpretacion-del-himno-da-la-bienvenida-a-las-fiestas-de-alcoy\\\/\",\"name\":\"Una multitudinaria interpretaci\u00f3n del Himno da la bienvenida a las Fiestas de Alcoy - COPE Alcoy\",\"isPartOf\":{\"@id\":\"https:\\\/\\\/www.copealcoy.es\\\/es\\\/#website\"},\"primaryImageOfPage\":{\"@id\":\"https:\\\/\\\/www.copealcoy.es\\\/es\\\/una-multitudinaria-interpretacion-del-himno-da-la-bienvenida-a-las-fiestas-de-alcoy\\\/#primaryimage\"},\"image\":{\"@id\":\"https:\\\/\\\/www.copealcoy.es\\\/es\\\/una-multitudinaria-interpretacion-del-himno-da-la-bienvenida-a-las-fiestas-de-alcoy\\\/#primaryimage\"},\"thumbnailUrl\":\"https:\\\/\\\/www.copealcoy.es\\\/wp-content\\\/uploads\\\/2024\\\/04\\\/0-3.jpg\",\"datePublished\":\"2024-04-19T21:23:08+00:00\",\"dateModified\":\"2024-04-19T21:40:39+00:00\",\"author\":{\"@id\":\"https:\\\/\\\/www.copealcoy.es\\\/es\\\/#\\\/schema\\\/person\\\/e777c87fa024e57d40170af9df39882c\"},\"description\":\"Blanca Colomer ha dirigido una multitudinaria Interpretaci\u00f3n del Himno de Fiestas de Alcoy\",\"breadcrumb\":{\"@id\":\"https:\\\/\\\/www.copealcoy.es\\\/es\\\/una-multitudinaria-interpretacion-del-himno-da-la-bienvenida-a-las-fiestas-de-alcoy\\\/#breadcrumb\"},\"inLanguage\":\"es\",\"potentialAction\":[{\"@type\":\"ReadAction\",\"target\":[\"https:\\\/\\\/www.copealcoy.es\\\/es\\\/una-multitudinaria-interpretacion-del-himno-da-la-bienvenida-a-las-fiestas-de-alcoy\\\/\"]}]},{\"@type\":\"ImageObject\",\"inLanguage\":\"es\",\"@id\":\"https:\\\/\\\/www.copealcoy.es\\\/es\\\/una-multitudinaria-interpretacion-del-himno-da-la-bienvenida-a-las-fiestas-de-alcoy\\\/#primaryimage\",\"url\":\"https:\\\/\\\/www.copealcoy.es\\\/wp-content\\\/uploads\\\/2024\\\/04\\\/0-3.jpg\",\"contentUrl\":\"https:\\\/\\\/www.copealcoy.es\\\/wp-content\\\/uploads\\\/2024\\\/04\\\/0-3.jpg\",\"width\":953,\"height\":715},{\"@type\":\"BreadcrumbList\",\"@id\":\"https:\\\/\\\/www.copealcoy.es\\\/es\\\/una-multitudinaria-interpretacion-del-himno-da-la-bienvenida-a-las-fiestas-de-alcoy\\\/#breadcrumb\",\"itemListElement\":[{\"@type\":\"ListItem\",\"position\":1,\"name\":\"Portada\",\"item\":\"https:\\\/\\\/www.copealcoy.es\\\/es\\\/\"},{\"@type\":\"ListItem\",\"position\":2,\"name\":\"Una multitudinaria interpretaci\u00f3n del Himno da la bienvenida a las Fiestas de Alcoy\"}]},{\"@type\":\"WebSite\",\"@id\":\"https:\\\/\\\/www.copealcoy.es\\\/es\\\/#website\",\"url\":\"https:\\\/\\\/www.copealcoy.es\\\/es\\\/\",\"name\":\"COPE Alcoy\",\"description\":\"Emisora COPE de radio local con emisi\u00f3n online. Pont de Sant Jordi 8-10 03803 Alcoy\",\"potentialAction\":[{\"@type\":\"SearchAction\",\"target\":{\"@type\":\"EntryPoint\",\"urlTemplate\":\"https:\\\/\\\/www.copealcoy.es\\\/es\\\/?s={search_term_string}\"},\"query-input\":{\"@type\":\"PropertyValueSpecification\",\"valueRequired\":true,\"valueName\":\"search_term_string\"}}],\"inLanguage\":\"es\"},{\"@type\":\"Person\",\"@id\":\"https:\\\/\\\/www.copealcoy.es\\\/es\\\/#\\\/schema\\\/person\\\/e777c87fa024e57d40170af9df39882c\",\"name\":\"Cope Alcoy\",\"image\":{\"@type\":\"ImageObject\",\"inLanguage\":\"es\",\"@id\":\"https:\\\/\\\/secure.gravatar.com\\\/avatar\\\/bb65d0283347e303893ba14f0692005417c1e0e690a325a4c5d8bb2b3943ee14?s=96&d=mm&r=g\",\"url\":\"https:\\\/\\\/secure.gravatar.com\\\/avatar\\\/bb65d0283347e303893ba14f0692005417c1e0e690a325a4c5d8bb2b3943ee14?s=96&d=mm&r=g\",\"contentUrl\":\"https:\\\/\\\/secure.gravatar.com\\\/avatar\\\/bb65d0283347e303893ba14f0692005417c1e0e690a325a4c5d8bb2b3943ee14?s=96&d=mm&r=g\",\"caption\":\"Cope Alcoy\"}}]}<\/script>\n<!-- \/ Yoast SEO plugin. -->","yoast_head_json":{"title":"Una multitudinaria interpretaci\u00f3n del Himno da la bienvenida a las Fiestas de Alcoy - COPE Alcoy","description":"Blanca Colomer ha dirigido una multitudinaria Interpretaci\u00f3n del Himno de Fiestas de Alcoy","robots":{"index":"index","follow":"follow","max-snippet":"max-snippet:-1","max-image-preview":"max-image-preview:large","max-video-preview":"max-video-preview:-1"},"canonical":"https:\/\/www.copealcoy.es\/es\/una-multitudinaria-interpretacion-del-himno-da-la-bienvenida-a-las-fiestas-de-alcoy\/","og_locale":"es_ES","og_type":"article","og_title":"Una multitudinaria interpretaci\u00f3n del Himno da la bienvenida a las Fiestas de Alcoy - COPE Alcoy","og_description":"Blanca Colomer ha dirigido una multitudinaria Interpretaci\u00f3n del Himno de Fiestas de Alcoy","og_url":"https:\/\/www.copealcoy.es\/es\/una-multitudinaria-interpretacion-del-himno-da-la-bienvenida-a-las-fiestas-de-alcoy\/","og_site_name":"COPE Alcoy","article_published_time":"2024-04-19T21:23:08+00:00","article_modified_time":"2024-04-19T21:40:39+00:00","og_image":[{"width":953,"height":715,"url":"https:\/\/www.copealcoy.es\/wp-content\/uploads\/2024\/04\/0-3.jpg","type":"image\/jpeg"}],"author":"Cope Alcoy","twitter_misc":{"Escrito por":"Cope Alcoy","Tiempo de lectura":"3 minutos"},"schema":{"@context":"https:\/\/schema.org","@graph":[{"@type":"Article","@id":"https:\/\/www.copealcoy.es\/es\/una-multitudinaria-interpretacion-del-himno-da-la-bienvenida-a-las-fiestas-de-alcoy\/#article","isPartOf":{"@id":"https:\/\/www.copealcoy.es\/es\/una-multitudinaria-interpretacion-del-himno-da-la-bienvenida-a-las-fiestas-de-alcoy\/"},"author":{"name":"Cope Alcoy","@id":"https:\/\/www.copealcoy.es\/es\/#\/schema\/person\/e777c87fa024e57d40170af9df39882c"},"headline":"Una multitudinaria interpretaci\u00f3n del Himno da la bienvenida a las Fiestas de Alcoy","datePublished":"2024-04-19T21:23:08+00:00","dateModified":"2024-04-19T21:40:39+00:00","mainEntityOfPage":{"@id":"https:\/\/www.copealcoy.es\/es\/una-multitudinaria-interpretacion-del-himno-da-la-bienvenida-a-las-fiestas-de-alcoy\/"},"wordCount":580,"commentCount":0,"image":{"@id":"https:\/\/www.copealcoy.es\/es\/una-multitudinaria-interpretacion-del-himno-da-la-bienvenida-a-las-fiestas-de-alcoy\/#primaryimage"},"thumbnailUrl":"https:\/\/www.copealcoy.es\/wp-content\/uploads\/2024\/04\/0-3.jpg","keywords":["Alcoy","Blanca Colomer","Fiestas","Interpretaci\u00f3n del Himno","Moros Y Cristianos"],"articleSection":["Actualidad","Alcoy","Fiesta y Cultura","Noticias","Portada"],"inLanguage":"es"},{"@type":"WebPage","@id":"https:\/\/www.copealcoy.es\/es\/una-multitudinaria-interpretacion-del-himno-da-la-bienvenida-a-las-fiestas-de-alcoy\/","url":"https:\/\/www.copealcoy.es\/es\/una-multitudinaria-interpretacion-del-himno-da-la-bienvenida-a-las-fiestas-de-alcoy\/","name":"Una multitudinaria interpretaci\u00f3n del Himno da la bienvenida a las Fiestas de Alcoy - COPE Alcoy","isPartOf":{"@id":"https:\/\/www.copealcoy.es\/es\/#website"},"primaryImageOfPage":{"@id":"https:\/\/www.copealcoy.es\/es\/una-multitudinaria-interpretacion-del-himno-da-la-bienvenida-a-las-fiestas-de-alcoy\/#primaryimage"},"image":{"@id":"https:\/\/www.copealcoy.es\/es\/una-multitudinaria-interpretacion-del-himno-da-la-bienvenida-a-las-fiestas-de-alcoy\/#primaryimage"},"thumbnailUrl":"https:\/\/www.copealcoy.es\/wp-content\/uploads\/2024\/04\/0-3.jpg","datePublished":"2024-04-19T21:23:08+00:00","dateModified":"2024-04-19T21:40:39+00:00","author":{"@id":"https:\/\/www.copealcoy.es\/es\/#\/schema\/person\/e777c87fa024e57d40170af9df39882c"},"description":"Blanca Colomer ha dirigido una multitudinaria Interpretaci\u00f3n del Himno de Fiestas de Alcoy","breadcrumb":{"@id":"https:\/\/www.copealcoy.es\/es\/una-multitudinaria-interpretacion-del-himno-da-la-bienvenida-a-las-fiestas-de-alcoy\/#breadcrumb"},"inLanguage":"es","potentialAction":[{"@type":"ReadAction","target":["https:\/\/www.copealcoy.es\/es\/una-multitudinaria-interpretacion-del-himno-da-la-bienvenida-a-las-fiestas-de-alcoy\/"]}]},{"@type":"ImageObject","inLanguage":"es","@id":"https:\/\/www.copealcoy.es\/es\/una-multitudinaria-interpretacion-del-himno-da-la-bienvenida-a-las-fiestas-de-alcoy\/#primaryimage","url":"https:\/\/www.copealcoy.es\/wp-content\/uploads\/2024\/04\/0-3.jpg","contentUrl":"https:\/\/www.copealcoy.es\/wp-content\/uploads\/2024\/04\/0-3.jpg","width":953,"height":715},{"@type":"BreadcrumbList","@id":"https:\/\/www.copealcoy.es\/es\/una-multitudinaria-interpretacion-del-himno-da-la-bienvenida-a-las-fiestas-de-alcoy\/#breadcrumb","itemListElement":[{"@type":"ListItem","position":1,"name":"Portada","item":"https:\/\/www.copealcoy.es\/es\/"},{"@type":"ListItem","position":2,"name":"Una multitudinaria interpretaci\u00f3n del Himno da la bienvenida a las Fiestas de Alcoy"}]},{"@type":"WebSite","@id":"https:\/\/www.copealcoy.es\/es\/#website","url":"https:\/\/www.copealcoy.es\/es\/","name":"COPE Alcoy","description":"Emisora COPE de radio local con emisi\u00f3n online. Pont de Sant Jordi 8-10 03803 Alcoy","potentialAction":[{"@type":"SearchAction","target":{"@type":"EntryPoint","urlTemplate":"https:\/\/www.copealcoy.es\/es\/?s={search_term_string}"},"query-input":{"@type":"PropertyValueSpecification","valueRequired":true,"valueName":"search_term_string"}}],"inLanguage":"es"},{"@type":"Person","@id":"https:\/\/www.copealcoy.es\/es\/#\/schema\/person\/e777c87fa024e57d40170af9df39882c","name":"Cope Alcoy","image":{"@type":"ImageObject","inLanguage":"es","@id":"https:\/\/secure.gravatar.com\/avatar\/bb65d0283347e303893ba14f0692005417c1e0e690a325a4c5d8bb2b3943ee14?s=96&d=mm&r=g","url":"https:\/\/secure.gravatar.com\/avatar\/bb65d0283347e303893ba14f0692005417c1e0e690a325a4c5d8bb2b3943ee14?s=96&d=mm&r=g","contentUrl":"https:\/\/secure.gravatar.com\/avatar\/bb65d0283347e303893ba14f0692005417c1e0e690a325a4c5d8bb2b3943ee14?s=96&d=mm&r=g","caption":"Cope Alcoy"}}]}},"_links":{"self":[{"href":"https:\/\/www.copealcoy.es\/es\/wp-json\/wp\/v2\/posts\/132484","targetHints":{"allow":["GET"]}}],"collection":[{"href":"https:\/\/www.copealcoy.es\/es\/wp-json\/wp\/v2\/posts"}],"about":[{"href":"https:\/\/www.copealcoy.es\/es\/wp-json\/wp\/v2\/types\/post"}],"author":[{"embeddable":true,"href":"https:\/\/www.copealcoy.es\/es\/wp-json\/wp\/v2\/users\/1"}],"replies":[{"embeddable":true,"href":"https:\/\/www.copealcoy.es\/es\/wp-json\/wp\/v2\/comments?post=132484"}],"version-history":[{"count":0,"href":"https:\/\/www.copealcoy.es\/es\/wp-json\/wp\/v2\/posts\/132484\/revisions"}],"wp:featuredmedia":[{"embeddable":true,"href":"https:\/\/www.copealcoy.es\/es\/wp-json\/wp\/v2\/media\/132489"}],"wp:attachment":[{"href":"https:\/\/www.copealcoy.es\/es\/wp-json\/wp\/v2\/media?parent=132484"}],"wp:term":[{"taxonomy":"category","embeddable":true,"href":"https:\/\/www.copealcoy.es\/es\/wp-json\/wp\/v2\/categories?post=132484"},{"taxonomy":"post_tag","embeddable":true,"href":"https:\/\/www.copealcoy.es\/es\/wp-json\/wp\/v2\/tags?post=132484"}],"curies":[{"name":"wp","href":"https:\/\/api.w.org\/{rel}","templated":true}]}}