{"id":13245,"date":"2015-05-20T16:29:10","date_gmt":"2015-05-20T16:29:10","guid":{"rendered":"http:\/\/copealcoi.es\/new\/?p=13245"},"modified":"2015-05-20T16:29:10","modified_gmt":"2015-05-20T16:29:10","slug":"briet-lamenta-que-el-pp-anuncie-la-ampliacion-del-centro-de-salud-en-campana","status":"publish","type":"post","link":"https:\/\/www.copealcoy.es\/es\/briet-lamenta-que-el-pp-anuncie-la-ampliacion-del-centro-de-salud-en-campana\/","title":{"rendered":"Briet lamenta que el PP anuncie la ampliaci\u00f3n del Centro de Salud en campa\u00f1a"},"content":{"rendered":"<p style=\"text-align: justify;\">El alcalde de Cocentaina, Rafael Briet, ha lamentado que el Partido Popular de la Villa Condal haya anunciado durante la campa\u00f1a electoral la ampliaci\u00f3n del Centro de Salud del municipio. Hay que recordar que los populares mantuvieron una reuni\u00f3n hace unos d\u00edas con el Director del Hospital Virgen de los Lirios, Carlos Aracil, en la que conocieron de cerca el proyecto y los plazos en los que este se llevar\u00e1 a cabo.<\/p>\n<p style=\"text-align: justify;\">En este sentido Briet ha manifestado al respecto que el Gobierno Municipal ya hab\u00eda mantenido encuentros anteriores para conocer la situaci\u00f3n de esta actuaci\u00f3n &#8220;incluso en abril estuvimos con Carlos Aracil y le propusimos hacer el anuncio en ese momento para evitar que se produjera en campa\u00f1a&#8221;, asegura. Adem\u00e1s ha manifestado su malestar con el PP &#8220;no han sido ni las formas adecuadas ni el momento oportuno para informar a la poblaci\u00f3n que pronto las obras empezar\u00e1n a ser una realidad&#8221;, destaca.<\/p>\n<p style=\"text-align: justify;\">Por \u00faltimo Rafael Briet ha recordado que la ampliaci\u00f3n del Centro de Salud acumula un retraso de siete a\u00f1os desde que le fuera asignada una partida presupuestaria por parte del Gobierno Valenciano &#8220;ha sido un tema pendiente de resoluci\u00f3n como el del San Juan Bosco, la carretera de Benilloba o el tren Alcoi -X\u00e0tiva del que todav\u00eda seguimos esperando respuesta&#8221;, concluye.<\/p>\n","protected":false},"excerpt":{"rendered":"<p>El alcalde de Cocentaina, Rafael Briet, ha lamentado que el Partido Popular de la Villa Condal haya anunciado durante la&#8230;<\/p>\n","protected":false},"author":1,"featured_media":13246,"comment_status":"open","ping_status":"open","sticky":false,"template":"","format":"standard","meta":{"footnotes":""},"categories":[98,75],"tags":[1022,132,422],"class_list":["post-13245","post","type-post","status-publish","format-standard","has-post-thumbnail","hentry","category-comarcas","category-noticias","tag-centro-de-salud","tag-cocentaina","tag-politica"],"yoast_head":"<!-- This site is optimized with the Yoast SEO plugin v27.3 - https:\/\/yoast.com\/product\/yoast-seo-wordpress\/ -->\n<title>Briet lamenta que el PP anuncie la ampliaci\u00f3n del Centro de Salud en campa\u00f1a - COPE Alcoy<\/title>\n<meta name=\"robots\" content=\"index, follow, max-snippet:-1, max-image-preview:large, max-video-preview:-1\" \/>\n<link rel=\"canonical\" href=\"https:\/\/www.copealcoy.es\/es\/briet-lamenta-que-el-pp-anuncie-la-ampliacion-del-centro-de-salud-en-campana\/\" \/>\n<meta property=\"og:locale\" content=\"es_ES\" \/>\n<meta property=\"og:type\" content=\"article\" \/>\n<meta property=\"og:title\" content=\"Briet lamenta que el PP anuncie la ampliaci\u00f3n del Centro de Salud en campa\u00f1a - COPE Alcoy\" \/>\n<meta property=\"og:description\" content=\"El alcalde de Cocentaina, Rafael Briet, ha lamentado que el Partido Popular de la Villa Condal haya anunciado durante la...\" \/>\n<meta property=\"og:url\" content=\"https:\/\/www.copealcoy.es\/es\/briet-lamenta-que-el-pp-anuncie-la-ampliacion-del-centro-de-salud-en-campana\/\" \/>\n<meta property=\"og:site_name\" content=\"COPE Alcoy\" \/>\n<meta property=\"article:published_time\" content=\"2015-05-20T16:29:10+00:00\" \/>\n<meta property=\"og:image\" content=\"https:\/\/www.copealcoy.es\/wp-content\/uploads\/2015\/05\/consell-vuelve.jpg\" \/>\n\t<meta property=\"og:image:width\" content=\"633\" \/>\n\t<meta property=\"og:image:height\" content=\"367\" \/>\n\t<meta property=\"og:image:type\" content=\"image\/jpeg\" \/>\n<meta name=\"author\" content=\"Cope Alcoy\" \/>\n<meta name=\"twitter:label1\" content=\"Escrito por\" \/>\n\t<meta name=\"twitter:data1\" content=\"Cope Alcoy\" \/>\n\t<meta name=\"twitter:label2\" content=\"Tiempo de lectura\" \/>\n\t<meta name=\"twitter:data2\" content=\"1 minuto\" \/>\n<script type=\"application\/ld+json\" class=\"yoast-schema-graph\">{\"@context\":\"https:\\\/\\\/schema.org\",\"@graph\":[{\"@type\":\"Article\",\"@id\":\"https:\\\/\\\/www.copealcoy.es\\\/es\\\/briet-lamenta-que-el-pp-anuncie-la-ampliacion-del-centro-de-salud-en-campana\\\/#article\",\"isPartOf\":{\"@id\":\"https:\\\/\\\/www.copealcoy.es\\\/es\\\/briet-lamenta-que-el-pp-anuncie-la-ampliacion-del-centro-de-salud-en-campana\\\/\"},\"author\":{\"name\":\"Cope Alcoy\",\"@id\":\"https:\\\/\\\/www.copealcoy.es\\\/es\\\/#\\\/schema\\\/person\\\/e777c87fa024e57d40170af9df39882c\"},\"headline\":\"Briet lamenta que el PP anuncie la ampliaci\u00f3n del Centro de Salud en campa\u00f1a\",\"datePublished\":\"2015-05-20T16:29:10+00:00\",\"mainEntityOfPage\":{\"@id\":\"https:\\\/\\\/www.copealcoy.es\\\/es\\\/briet-lamenta-que-el-pp-anuncie-la-ampliacion-del-centro-de-salud-en-campana\\\/\"},\"wordCount\":247,\"commentCount\":0,\"image\":{\"@id\":\"https:\\\/\\\/www.copealcoy.es\\\/es\\\/briet-lamenta-que-el-pp-anuncie-la-ampliacion-del-centro-de-salud-en-campana\\\/#primaryimage\"},\"thumbnailUrl\":\"https:\\\/\\\/www.copealcoy.es\\\/wp-content\\\/uploads\\\/2015\\\/05\\\/consell-vuelve.jpg\",\"keywords\":[\"Centro de Salud\",\"Cocentaina\",\"Pol\u00edtica\"],\"articleSection\":[\"Comarcas\",\"Noticias\"],\"inLanguage\":\"es\"},{\"@type\":\"WebPage\",\"@id\":\"https:\\\/\\\/www.copealcoy.es\\\/es\\\/briet-lamenta-que-el-pp-anuncie-la-ampliacion-del-centro-de-salud-en-campana\\\/\",\"url\":\"https:\\\/\\\/www.copealcoy.es\\\/es\\\/briet-lamenta-que-el-pp-anuncie-la-ampliacion-del-centro-de-salud-en-campana\\\/\",\"name\":\"Briet lamenta que el PP anuncie la ampliaci\u00f3n del Centro de Salud en campa\u00f1a - COPE Alcoy\",\"isPartOf\":{\"@id\":\"https:\\\/\\\/www.copealcoy.es\\\/es\\\/#website\"},\"primaryImageOfPage\":{\"@id\":\"https:\\\/\\\/www.copealcoy.es\\\/es\\\/briet-lamenta-que-el-pp-anuncie-la-ampliacion-del-centro-de-salud-en-campana\\\/#primaryimage\"},\"image\":{\"@id\":\"https:\\\/\\\/www.copealcoy.es\\\/es\\\/briet-lamenta-que-el-pp-anuncie-la-ampliacion-del-centro-de-salud-en-campana\\\/#primaryimage\"},\"thumbnailUrl\":\"https:\\\/\\\/www.copealcoy.es\\\/wp-content\\\/uploads\\\/2015\\\/05\\\/consell-vuelve.jpg\",\"datePublished\":\"2015-05-20T16:29:10+00:00\",\"author\":{\"@id\":\"https:\\\/\\\/www.copealcoy.es\\\/es\\\/#\\\/schema\\\/person\\\/e777c87fa024e57d40170af9df39882c\"},\"breadcrumb\":{\"@id\":\"https:\\\/\\\/www.copealcoy.es\\\/es\\\/briet-lamenta-que-el-pp-anuncie-la-ampliacion-del-centro-de-salud-en-campana\\\/#breadcrumb\"},\"inLanguage\":\"es\",\"potentialAction\":[{\"@type\":\"ReadAction\",\"target\":[\"https:\\\/\\\/www.copealcoy.es\\\/es\\\/briet-lamenta-que-el-pp-anuncie-la-ampliacion-del-centro-de-salud-en-campana\\\/\"]}]},{\"@type\":\"ImageObject\",\"inLanguage\":\"es\",\"@id\":\"https:\\\/\\\/www.copealcoy.es\\\/es\\\/briet-lamenta-que-el-pp-anuncie-la-ampliacion-del-centro-de-salud-en-campana\\\/#primaryimage\",\"url\":\"https:\\\/\\\/www.copealcoy.es\\\/wp-content\\\/uploads\\\/2015\\\/05\\\/consell-vuelve.jpg\",\"contentUrl\":\"https:\\\/\\\/www.copealcoy.es\\\/wp-content\\\/uploads\\\/2015\\\/05\\\/consell-vuelve.jpg\",\"width\":633,\"height\":367,\"caption\":\"El Centro de Salud de Cocentaina lleva pendiente la ampliaci\u00f3n desde 2005 \\\/ Foto: Juani Ruiz\"},{\"@type\":\"BreadcrumbList\",\"@id\":\"https:\\\/\\\/www.copealcoy.es\\\/es\\\/briet-lamenta-que-el-pp-anuncie-la-ampliacion-del-centro-de-salud-en-campana\\\/#breadcrumb\",\"itemListElement\":[{\"@type\":\"ListItem\",\"position\":1,\"name\":\"Portada\",\"item\":\"https:\\\/\\\/www.copealcoy.es\\\/es\\\/\"},{\"@type\":\"ListItem\",\"position\":2,\"name\":\"Briet lamenta que el PP anuncie la ampliaci\u00f3n del Centro de Salud en campa\u00f1a\"}]},{\"@type\":\"WebSite\",\"@id\":\"https:\\\/\\\/www.copealcoy.es\\\/es\\\/#website\",\"url\":\"https:\\\/\\\/www.copealcoy.es\\\/es\\\/\",\"name\":\"COPE Alcoy\",\"description\":\"Emisora COPE de radio local con emisi\u00f3n online. Pont de Sant Jordi 8-10 03803 Alcoy\",\"potentialAction\":[{\"@type\":\"SearchAction\",\"target\":{\"@type\":\"EntryPoint\",\"urlTemplate\":\"https:\\\/\\\/www.copealcoy.es\\\/es\\\/?s={search_term_string}\"},\"query-input\":{\"@type\":\"PropertyValueSpecification\",\"valueRequired\":true,\"valueName\":\"search_term_string\"}}],\"inLanguage\":\"es\"},{\"@type\":\"Person\",\"@id\":\"https:\\\/\\\/www.copealcoy.es\\\/es\\\/#\\\/schema\\\/person\\\/e777c87fa024e57d40170af9df39882c\",\"name\":\"Cope Alcoy\",\"image\":{\"@type\":\"ImageObject\",\"inLanguage\":\"es\",\"@id\":\"https:\\\/\\\/secure.gravatar.com\\\/avatar\\\/bb65d0283347e303893ba14f0692005417c1e0e690a325a4c5d8bb2b3943ee14?s=96&d=mm&r=g\",\"url\":\"https:\\\/\\\/secure.gravatar.com\\\/avatar\\\/bb65d0283347e303893ba14f0692005417c1e0e690a325a4c5d8bb2b3943ee14?s=96&d=mm&r=g\",\"contentUrl\":\"https:\\\/\\\/secure.gravatar.com\\\/avatar\\\/bb65d0283347e303893ba14f0692005417c1e0e690a325a4c5d8bb2b3943ee14?s=96&d=mm&r=g\",\"caption\":\"Cope Alcoy\"}}]}<\/script>\n<!-- \/ Yoast SEO plugin. -->","yoast_head_json":{"title":"Briet lamenta que el PP anuncie la ampliaci\u00f3n del Centro de Salud en campa\u00f1a - COPE Alcoy","robots":{"index":"index","follow":"follow","max-snippet":"max-snippet:-1","max-image-preview":"max-image-preview:large","max-video-preview":"max-video-preview:-1"},"canonical":"https:\/\/www.copealcoy.es\/es\/briet-lamenta-que-el-pp-anuncie-la-ampliacion-del-centro-de-salud-en-campana\/","og_locale":"es_ES","og_type":"article","og_title":"Briet lamenta que el PP anuncie la ampliaci\u00f3n del Centro de Salud en campa\u00f1a - COPE Alcoy","og_description":"El alcalde de Cocentaina, Rafael Briet, ha lamentado que el Partido Popular de la Villa Condal haya anunciado durante la...","og_url":"https:\/\/www.copealcoy.es\/es\/briet-lamenta-que-el-pp-anuncie-la-ampliacion-del-centro-de-salud-en-campana\/","og_site_name":"COPE Alcoy","article_published_time":"2015-05-20T16:29:10+00:00","og_image":[{"width":633,"height":367,"url":"https:\/\/www.copealcoy.es\/wp-content\/uploads\/2015\/05\/consell-vuelve.jpg","type":"image\/jpeg"}],"author":"Cope Alcoy","twitter_misc":{"Escrito por":"Cope Alcoy","Tiempo de lectura":"1 minuto"},"schema":{"@context":"https:\/\/schema.org","@graph":[{"@type":"Article","@id":"https:\/\/www.copealcoy.es\/es\/briet-lamenta-que-el-pp-anuncie-la-ampliacion-del-centro-de-salud-en-campana\/#article","isPartOf":{"@id":"https:\/\/www.copealcoy.es\/es\/briet-lamenta-que-el-pp-anuncie-la-ampliacion-del-centro-de-salud-en-campana\/"},"author":{"name":"Cope Alcoy","@id":"https:\/\/www.copealcoy.es\/es\/#\/schema\/person\/e777c87fa024e57d40170af9df39882c"},"headline":"Briet lamenta que el PP anuncie la ampliaci\u00f3n del Centro de Salud en campa\u00f1a","datePublished":"2015-05-20T16:29:10+00:00","mainEntityOfPage":{"@id":"https:\/\/www.copealcoy.es\/es\/briet-lamenta-que-el-pp-anuncie-la-ampliacion-del-centro-de-salud-en-campana\/"},"wordCount":247,"commentCount":0,"image":{"@id":"https:\/\/www.copealcoy.es\/es\/briet-lamenta-que-el-pp-anuncie-la-ampliacion-del-centro-de-salud-en-campana\/#primaryimage"},"thumbnailUrl":"https:\/\/www.copealcoy.es\/wp-content\/uploads\/2015\/05\/consell-vuelve.jpg","keywords":["Centro de Salud","Cocentaina","Pol\u00edtica"],"articleSection":["Comarcas","Noticias"],"inLanguage":"es"},{"@type":"WebPage","@id":"https:\/\/www.copealcoy.es\/es\/briet-lamenta-que-el-pp-anuncie-la-ampliacion-del-centro-de-salud-en-campana\/","url":"https:\/\/www.copealcoy.es\/es\/briet-lamenta-que-el-pp-anuncie-la-ampliacion-del-centro-de-salud-en-campana\/","name":"Briet lamenta que el PP anuncie la ampliaci\u00f3n del Centro de Salud en campa\u00f1a - COPE Alcoy","isPartOf":{"@id":"https:\/\/www.copealcoy.es\/es\/#website"},"primaryImageOfPage":{"@id":"https:\/\/www.copealcoy.es\/es\/briet-lamenta-que-el-pp-anuncie-la-ampliacion-del-centro-de-salud-en-campana\/#primaryimage"},"image":{"@id":"https:\/\/www.copealcoy.es\/es\/briet-lamenta-que-el-pp-anuncie-la-ampliacion-del-centro-de-salud-en-campana\/#primaryimage"},"thumbnailUrl":"https:\/\/www.copealcoy.es\/wp-content\/uploads\/2015\/05\/consell-vuelve.jpg","datePublished":"2015-05-20T16:29:10+00:00","author":{"@id":"https:\/\/www.copealcoy.es\/es\/#\/schema\/person\/e777c87fa024e57d40170af9df39882c"},"breadcrumb":{"@id":"https:\/\/www.copealcoy.es\/es\/briet-lamenta-que-el-pp-anuncie-la-ampliacion-del-centro-de-salud-en-campana\/#breadcrumb"},"inLanguage":"es","potentialAction":[{"@type":"ReadAction","target":["https:\/\/www.copealcoy.es\/es\/briet-lamenta-que-el-pp-anuncie-la-ampliacion-del-centro-de-salud-en-campana\/"]}]},{"@type":"ImageObject","inLanguage":"es","@id":"https:\/\/www.copealcoy.es\/es\/briet-lamenta-que-el-pp-anuncie-la-ampliacion-del-centro-de-salud-en-campana\/#primaryimage","url":"https:\/\/www.copealcoy.es\/wp-content\/uploads\/2015\/05\/consell-vuelve.jpg","contentUrl":"https:\/\/www.copealcoy.es\/wp-content\/uploads\/2015\/05\/consell-vuelve.jpg","width":633,"height":367,"caption":"El Centro de Salud de Cocentaina lleva pendiente la ampliaci\u00f3n desde 2005 \/ Foto: Juani Ruiz"},{"@type":"BreadcrumbList","@id":"https:\/\/www.copealcoy.es\/es\/briet-lamenta-que-el-pp-anuncie-la-ampliacion-del-centro-de-salud-en-campana\/#breadcrumb","itemListElement":[{"@type":"ListItem","position":1,"name":"Portada","item":"https:\/\/www.copealcoy.es\/es\/"},{"@type":"ListItem","position":2,"name":"Briet lamenta que el PP anuncie la ampliaci\u00f3n del Centro de Salud en campa\u00f1a"}]},{"@type":"WebSite","@id":"https:\/\/www.copealcoy.es\/es\/#website","url":"https:\/\/www.copealcoy.es\/es\/","name":"COPE Alcoy","description":"Emisora COPE de radio local con emisi\u00f3n online. Pont de Sant Jordi 8-10 03803 Alcoy","potentialAction":[{"@type":"SearchAction","target":{"@type":"EntryPoint","urlTemplate":"https:\/\/www.copealcoy.es\/es\/?s={search_term_string}"},"query-input":{"@type":"PropertyValueSpecification","valueRequired":true,"valueName":"search_term_string"}}],"inLanguage":"es"},{"@type":"Person","@id":"https:\/\/www.copealcoy.es\/es\/#\/schema\/person\/e777c87fa024e57d40170af9df39882c","name":"Cope Alcoy","image":{"@type":"ImageObject","inLanguage":"es","@id":"https:\/\/secure.gravatar.com\/avatar\/bb65d0283347e303893ba14f0692005417c1e0e690a325a4c5d8bb2b3943ee14?s=96&d=mm&r=g","url":"https:\/\/secure.gravatar.com\/avatar\/bb65d0283347e303893ba14f0692005417c1e0e690a325a4c5d8bb2b3943ee14?s=96&d=mm&r=g","contentUrl":"https:\/\/secure.gravatar.com\/avatar\/bb65d0283347e303893ba14f0692005417c1e0e690a325a4c5d8bb2b3943ee14?s=96&d=mm&r=g","caption":"Cope Alcoy"}}]}},"_links":{"self":[{"href":"https:\/\/www.copealcoy.es\/es\/wp-json\/wp\/v2\/posts\/13245","targetHints":{"allow":["GET"]}}],"collection":[{"href":"https:\/\/www.copealcoy.es\/es\/wp-json\/wp\/v2\/posts"}],"about":[{"href":"https:\/\/www.copealcoy.es\/es\/wp-json\/wp\/v2\/types\/post"}],"author":[{"embeddable":true,"href":"https:\/\/www.copealcoy.es\/es\/wp-json\/wp\/v2\/users\/1"}],"replies":[{"embeddable":true,"href":"https:\/\/www.copealcoy.es\/es\/wp-json\/wp\/v2\/comments?post=13245"}],"version-history":[{"count":0,"href":"https:\/\/www.copealcoy.es\/es\/wp-json\/wp\/v2\/posts\/13245\/revisions"}],"wp:featuredmedia":[{"embeddable":true,"href":"https:\/\/www.copealcoy.es\/es\/wp-json\/wp\/v2\/media\/13246"}],"wp:attachment":[{"href":"https:\/\/www.copealcoy.es\/es\/wp-json\/wp\/v2\/media?parent=13245"}],"wp:term":[{"taxonomy":"category","embeddable":true,"href":"https:\/\/www.copealcoy.es\/es\/wp-json\/wp\/v2\/categories?post=13245"},{"taxonomy":"post_tag","embeddable":true,"href":"https:\/\/www.copealcoy.es\/es\/wp-json\/wp\/v2\/tags?post=13245"}],"curies":[{"name":"wp","href":"https:\/\/api.w.org\/{rel}","templated":true}]}}