{"id":132333,"date":"2024-04-17T07:35:04","date_gmt":"2024-04-17T06:35:04","guid":{"rendered":"https:\/\/www.copealcoy.es\/?p=132333"},"modified":"2024-04-17T20:34:19","modified_gmt":"2024-04-17T19:34:19","slug":"mediodia-cope-alcoy-miercoles-17-de-abril-2024-1420h","status":"publish","type":"post","link":"https:\/\/www.copealcoy.es\/es\/mediodia-cope-alcoy-miercoles-17-de-abril-2024-1420h\/","title":{"rendered":"\u2018Mediod\u00eda Cope\u2019 Alcoy mi\u00e9rcoles 17 de abril 2024 (14:20h)"},"content":{"rendered":"<p><iframe loading=\"lazy\" title=\"&#039;Mediod\u00eda Cope&#039; Alcoi Dimecres 17 D&#039;Abril 2024 (14:20h)\" width=\"100%\" height=\"120\" src=\"https:\/\/www.mixcloud.com\/widget\/iframe\/?feed=https%3A%2F%2Fwww.mixcloud.com%2FCOPEAlcoy%2Fmediod%25C3%25ADa-cope-alcoi-dimecres-17-dabril-2024-1420h%2F&amp;hide_cover=1\" frameborder=\"0\"><\/iframe><\/p>\n<p style=\"text-align: justify;\">Hoy mi\u00e9rcoles hemos destacado que<strong> la oferta de ocio para las Fiestas de Moros y Cristianos de Alcoy se refuerza<\/strong> con una nueva edici\u00f3n de &#8216;Tapa i Festa&#8217; en La Glorieta o iniciativas como los puestos de gastronom\u00eda de la zona de Correos y el tradicional Mercadillo Ambulante. Adem\u00e1s <strong>te hemos contado la buena acogida<\/strong> de la publicaci\u00f3n que ha editado COPE ALCOY y que recoge en im\u00e1genes a todos los que desempe\u00f1aron el cargo de Capit\u00e1n en la trilog\u00eda en honor a San Jorge.<\/p>\n<p style=\"text-align: justify;\">La\u00a0<strong>publicaci\u00f3n<\/strong>\u00a0que ha lanzado COPE ALCOY\u00a0<strong>con ocasi\u00f3n de las Fiestas de Moros y Cristianos<\/strong>\u00a0est\u00e1 teniendo una gran acogida y desde ayer\u00a0<strong>son muchos los que se han acercado hasta la tienda de Milar Electrodom\u00e9sticos de La Alameda n\u00famero 43<\/strong>\u00a0para hacerse con un ejemplar gratuito de esta edici\u00f3n para coleccionistas. Hay que recordar<span style=\"color: #0000ff;\">\u00a0<a style=\"color: #0000ff;\" href=\"https:\/\/www.copealcoy.es\/cope-alcoy-presenta-en-milar-una-publicacion-unica-sobre-las-fiestas-de-alcoy\/\" target=\"_blank\" rel=\"noopener\"><strong>la revista fue presentada ayer en un programa especial<\/strong><\/a><\/span>\u00a0desde la misma tienda de Milar Electrodom\u00e9sticos y ha despertado una gran expectaci\u00f3n en la ciudad ya que recopila en im\u00e1genes a quienes desempe\u00f1aron los cargos de Capit\u00e1n.<\/p>\n<p style=\"text-align: justify;\">Por los micr\u00f3fonos de COPE ALCOY pas\u00f3 ayer\u00a0<strong>el pintor Ignacio Trelis<\/strong>, el cual\u00a0<strong>se ha encargado de ilustrar la portada<\/strong>\u00a0con una imagen que no deja a nadie indiferente \u00ab<em>reproduce a un a un erudito \u00e1rabe, de la \u00e9poca nazar\u00ed, y creo que es la representaci\u00f3n id\u00f3nea para un proyecto tan relevante como es<\/em>te\u00bb, afirm\u00f3 el artista. Tambi\u00e9n nos acompa\u00f1\u00f3\u00a0<strong>Carmina N\u00e1cher<\/strong>, directora del Museu Alcoi\u00e0 de la Festa (MAF) puesto que esta \u00faltima instituci\u00f3n\u00a0<strong>ha aportado las im\u00e1genes<\/strong>\u00a0que dan forma a la revista. N\u00e1cher record\u00f3\u00a0<strong>la importancia de las publicaciones sobre aspectos hist\u00f3ricos de las Fiestas de Moros y Cristianos<\/strong>\u00a0que lanza COPE ALCOY\u00a0<em>\u00abpuesto que ayudan a guardar en la memoria a personas que tuvieron un papel destacado en nuestra trilog\u00eda en honor a San Jorge y contribuyeron a hacerla m\u00e1s grande<\/em>\u00ab, asegur\u00f3.<\/p>\n<p style=\"text-align: justify;\">Junto a estos dos protagonistas estuvieron\u00a0<strong>Roque Esp\u00ed Aura y Jorge Segura Giner<\/strong>. El padre del\u00a0<strong>primero<\/strong>\u00a0tuvo el privilegio de ser Capit\u00e1n Moro de la Fil\u00e0 Domingo Miques en 1948 y, pese a que Roque todav\u00eda no hab\u00eda nacido en aquel momento, recuerda con cari\u00f1o todo lo que sus familiares le han contado siempre de lo que vivieron en ese a\u00f1o tan especial. El\u00a0<strong>segundo<\/strong>\u00a0es el hijo del Capit\u00e1n Cristiano de 1966, ten\u00eda siete a\u00f1os entonces y tambi\u00e9n se emociona al recordar todo lo que supuso para la familia asumir esta responsabilidad representando a la Fil\u00e0 Alcodianos.<\/p>\n<p style=\"text-align: justify;\">Por \u00faltimo nos acompa\u00f1\u00f3\u00a0<strong>Carmina Cruz<\/strong>, responsable de tienda en Milar Electrodom\u00e9sticos Alcoy. Esta \u00faltima<strong>\u00a0agradeci\u00f3 a COPE ALCOY la edici\u00f3n de este tipo de publicaciones<\/strong>\u00a0\u00ab<em>porque son aut\u00e9nticos tesoros de la historia de nuestras Fiestas de Moros y Cristianos<\/em>\u00bb al mismo tiempo que ha hecho balance de las primeras semanas de funcionamiento de la nueva tienda de Milar en La Alameda 43 de Alcoy.<\/p>\n","protected":false},"excerpt":{"rendered":"<p>Hoy mi\u00e9rcoles hemos destacado que la oferta de ocio para las Fiestas de Moros y Cristianos de Alcoy se refuerza&#8230;<\/p>\n","protected":false},"author":1,"featured_media":110640,"comment_status":"open","ping_status":"open","sticky":false,"template":"","format":"standard","meta":{"footnotes":""},"categories":[6909,97,89,91,75],"tags":[],"class_list":["post-132333","post","type-post","status-publish","format-standard","has-post-thumbnail","hentry","category-actualidad","category-alcoy","category-audiosdelosprogramas","category-informativos","category-noticias"],"yoast_head":"<!-- This site is optimized with the Yoast SEO plugin v27.3 - https:\/\/yoast.com\/product\/yoast-seo-wordpress\/ -->\n<title>\u2018Mediod\u00eda Cope\u2019 Alcoy mi\u00e9rcoles 17 de abril 2024 (14:20h) - COPE Alcoy<\/title>\n<meta name=\"robots\" content=\"index, follow, max-snippet:-1, max-image-preview:large, max-video-preview:-1\" \/>\n<link rel=\"canonical\" href=\"https:\/\/www.copealcoy.es\/es\/mediodia-cope-alcoy-miercoles-17-de-abril-2024-1420h\/\" \/>\n<meta property=\"og:locale\" content=\"es_ES\" \/>\n<meta property=\"og:type\" content=\"article\" \/>\n<meta property=\"og:title\" content=\"\u2018Mediod\u00eda Cope\u2019 Alcoy mi\u00e9rcoles 17 de abril 2024 (14:20h) - COPE Alcoy\" \/>\n<meta property=\"og:description\" content=\"Hoy mi\u00e9rcoles hemos destacado que la oferta de ocio para las Fiestas de Moros y Cristianos de Alcoy se refuerza...\" \/>\n<meta property=\"og:url\" content=\"https:\/\/www.copealcoy.es\/es\/mediodia-cope-alcoy-miercoles-17-de-abril-2024-1420h\/\" \/>\n<meta property=\"og:site_name\" content=\"COPE Alcoy\" \/>\n<meta property=\"article:published_time\" content=\"2024-04-17T06:35:04+00:00\" \/>\n<meta property=\"article:modified_time\" content=\"2024-04-17T19:34:19+00:00\" \/>\n<meta property=\"og:image\" content=\"https:\/\/www.copealcoy.es\/wp-content\/uploads\/2023\/02\/511E7C88-D9D5-47F4-AF32-2A62DF0D1586.png\" \/>\n\t<meta property=\"og:image:width\" content=\"357\" \/>\n\t<meta property=\"og:image:height\" content=\"290\" \/>\n\t<meta property=\"og:image:type\" content=\"image\/png\" \/>\n<meta name=\"author\" content=\"Cope Alcoy\" \/>\n<meta name=\"twitter:label1\" content=\"Escrito por\" \/>\n\t<meta name=\"twitter:data1\" content=\"Cope Alcoy\" \/>\n\t<meta name=\"twitter:label2\" content=\"Tiempo de lectura\" \/>\n\t<meta name=\"twitter:data2\" content=\"3 minutos\" \/>\n<script type=\"application\/ld+json\" class=\"yoast-schema-graph\">{\"@context\":\"https:\\\/\\\/schema.org\",\"@graph\":[{\"@type\":\"Article\",\"@id\":\"https:\\\/\\\/www.copealcoy.es\\\/es\\\/mediodia-cope-alcoy-miercoles-17-de-abril-2024-1420h\\\/#article\",\"isPartOf\":{\"@id\":\"https:\\\/\\\/www.copealcoy.es\\\/es\\\/mediodia-cope-alcoy-miercoles-17-de-abril-2024-1420h\\\/\"},\"author\":{\"name\":\"Cope Alcoy\",\"@id\":\"https:\\\/\\\/www.copealcoy.es\\\/es\\\/#\\\/schema\\\/person\\\/e777c87fa024e57d40170af9df39882c\"},\"headline\":\"\u2018Mediod\u00eda Cope\u2019 Alcoy mi\u00e9rcoles 17 de abril 2024 (14:20h)\",\"datePublished\":\"2024-04-17T06:35:04+00:00\",\"dateModified\":\"2024-04-17T19:34:19+00:00\",\"mainEntityOfPage\":{\"@id\":\"https:\\\/\\\/www.copealcoy.es\\\/es\\\/mediodia-cope-alcoy-miercoles-17-de-abril-2024-1420h\\\/\"},\"wordCount\":537,\"commentCount\":0,\"image\":{\"@id\":\"https:\\\/\\\/www.copealcoy.es\\\/es\\\/mediodia-cope-alcoy-miercoles-17-de-abril-2024-1420h\\\/#primaryimage\"},\"thumbnailUrl\":\"https:\\\/\\\/www.copealcoy.es\\\/wp-content\\\/uploads\\\/2023\\\/02\\\/511E7C88-D9D5-47F4-AF32-2A62DF0D1586.png\",\"articleSection\":[\"Actualidad\",\"Alcoy\",\"Audios de los programas\",\"Informativos\",\"Noticias\"],\"inLanguage\":\"es\"},{\"@type\":\"WebPage\",\"@id\":\"https:\\\/\\\/www.copealcoy.es\\\/es\\\/mediodia-cope-alcoy-miercoles-17-de-abril-2024-1420h\\\/\",\"url\":\"https:\\\/\\\/www.copealcoy.es\\\/es\\\/mediodia-cope-alcoy-miercoles-17-de-abril-2024-1420h\\\/\",\"name\":\"\u2018Mediod\u00eda Cope\u2019 Alcoy mi\u00e9rcoles 17 de abril 2024 (14:20h) - COPE Alcoy\",\"isPartOf\":{\"@id\":\"https:\\\/\\\/www.copealcoy.es\\\/es\\\/#website\"},\"primaryImageOfPage\":{\"@id\":\"https:\\\/\\\/www.copealcoy.es\\\/es\\\/mediodia-cope-alcoy-miercoles-17-de-abril-2024-1420h\\\/#primaryimage\"},\"image\":{\"@id\":\"https:\\\/\\\/www.copealcoy.es\\\/es\\\/mediodia-cope-alcoy-miercoles-17-de-abril-2024-1420h\\\/#primaryimage\"},\"thumbnailUrl\":\"https:\\\/\\\/www.copealcoy.es\\\/wp-content\\\/uploads\\\/2023\\\/02\\\/511E7C88-D9D5-47F4-AF32-2A62DF0D1586.png\",\"datePublished\":\"2024-04-17T06:35:04+00:00\",\"dateModified\":\"2024-04-17T19:34:19+00:00\",\"author\":{\"@id\":\"https:\\\/\\\/www.copealcoy.es\\\/es\\\/#\\\/schema\\\/person\\\/e777c87fa024e57d40170af9df39882c\"},\"breadcrumb\":{\"@id\":\"https:\\\/\\\/www.copealcoy.es\\\/es\\\/mediodia-cope-alcoy-miercoles-17-de-abril-2024-1420h\\\/#breadcrumb\"},\"inLanguage\":\"es\",\"potentialAction\":[{\"@type\":\"ReadAction\",\"target\":[\"https:\\\/\\\/www.copealcoy.es\\\/es\\\/mediodia-cope-alcoy-miercoles-17-de-abril-2024-1420h\\\/\"]}]},{\"@type\":\"ImageObject\",\"inLanguage\":\"es\",\"@id\":\"https:\\\/\\\/www.copealcoy.es\\\/es\\\/mediodia-cope-alcoy-miercoles-17-de-abril-2024-1420h\\\/#primaryimage\",\"url\":\"https:\\\/\\\/www.copealcoy.es\\\/wp-content\\\/uploads\\\/2023\\\/02\\\/511E7C88-D9D5-47F4-AF32-2A62DF0D1586.png\",\"contentUrl\":\"https:\\\/\\\/www.copealcoy.es\\\/wp-content\\\/uploads\\\/2023\\\/02\\\/511E7C88-D9D5-47F4-AF32-2A62DF0D1586.png\",\"width\":357,\"height\":290},{\"@type\":\"BreadcrumbList\",\"@id\":\"https:\\\/\\\/www.copealcoy.es\\\/es\\\/mediodia-cope-alcoy-miercoles-17-de-abril-2024-1420h\\\/#breadcrumb\",\"itemListElement\":[{\"@type\":\"ListItem\",\"position\":1,\"name\":\"Portada\",\"item\":\"https:\\\/\\\/www.copealcoy.es\\\/es\\\/\"},{\"@type\":\"ListItem\",\"position\":2,\"name\":\"\u2018Mediod\u00eda Cope\u2019 Alcoy mi\u00e9rcoles 17 de abril 2024 (14:20h)\"}]},{\"@type\":\"WebSite\",\"@id\":\"https:\\\/\\\/www.copealcoy.es\\\/es\\\/#website\",\"url\":\"https:\\\/\\\/www.copealcoy.es\\\/es\\\/\",\"name\":\"COPE Alcoy\",\"description\":\"Emisora COPE de radio local con emisi\u00f3n online. Pont de Sant Jordi 8-10 03803 Alcoy\",\"potentialAction\":[{\"@type\":\"SearchAction\",\"target\":{\"@type\":\"EntryPoint\",\"urlTemplate\":\"https:\\\/\\\/www.copealcoy.es\\\/es\\\/?s={search_term_string}\"},\"query-input\":{\"@type\":\"PropertyValueSpecification\",\"valueRequired\":true,\"valueName\":\"search_term_string\"}}],\"inLanguage\":\"es\"},{\"@type\":\"Person\",\"@id\":\"https:\\\/\\\/www.copealcoy.es\\\/es\\\/#\\\/schema\\\/person\\\/e777c87fa024e57d40170af9df39882c\",\"name\":\"Cope Alcoy\",\"image\":{\"@type\":\"ImageObject\",\"inLanguage\":\"es\",\"@id\":\"https:\\\/\\\/secure.gravatar.com\\\/avatar\\\/bb65d0283347e303893ba14f0692005417c1e0e690a325a4c5d8bb2b3943ee14?s=96&d=mm&r=g\",\"url\":\"https:\\\/\\\/secure.gravatar.com\\\/avatar\\\/bb65d0283347e303893ba14f0692005417c1e0e690a325a4c5d8bb2b3943ee14?s=96&d=mm&r=g\",\"contentUrl\":\"https:\\\/\\\/secure.gravatar.com\\\/avatar\\\/bb65d0283347e303893ba14f0692005417c1e0e690a325a4c5d8bb2b3943ee14?s=96&d=mm&r=g\",\"caption\":\"Cope Alcoy\"}}]}<\/script>\n<!-- \/ Yoast SEO plugin. -->","yoast_head_json":{"title":"\u2018Mediod\u00eda Cope\u2019 Alcoy mi\u00e9rcoles 17 de abril 2024 (14:20h) - COPE Alcoy","robots":{"index":"index","follow":"follow","max-snippet":"max-snippet:-1","max-image-preview":"max-image-preview:large","max-video-preview":"max-video-preview:-1"},"canonical":"https:\/\/www.copealcoy.es\/es\/mediodia-cope-alcoy-miercoles-17-de-abril-2024-1420h\/","og_locale":"es_ES","og_type":"article","og_title":"\u2018Mediod\u00eda Cope\u2019 Alcoy mi\u00e9rcoles 17 de abril 2024 (14:20h) - COPE Alcoy","og_description":"Hoy mi\u00e9rcoles hemos destacado que la oferta de ocio para las Fiestas de Moros y Cristianos de Alcoy se refuerza...","og_url":"https:\/\/www.copealcoy.es\/es\/mediodia-cope-alcoy-miercoles-17-de-abril-2024-1420h\/","og_site_name":"COPE Alcoy","article_published_time":"2024-04-17T06:35:04+00:00","article_modified_time":"2024-04-17T19:34:19+00:00","og_image":[{"width":357,"height":290,"url":"https:\/\/www.copealcoy.es\/wp-content\/uploads\/2023\/02\/511E7C88-D9D5-47F4-AF32-2A62DF0D1586.png","type":"image\/png"}],"author":"Cope Alcoy","twitter_misc":{"Escrito por":"Cope Alcoy","Tiempo de lectura":"3 minutos"},"schema":{"@context":"https:\/\/schema.org","@graph":[{"@type":"Article","@id":"https:\/\/www.copealcoy.es\/es\/mediodia-cope-alcoy-miercoles-17-de-abril-2024-1420h\/#article","isPartOf":{"@id":"https:\/\/www.copealcoy.es\/es\/mediodia-cope-alcoy-miercoles-17-de-abril-2024-1420h\/"},"author":{"name":"Cope Alcoy","@id":"https:\/\/www.copealcoy.es\/es\/#\/schema\/person\/e777c87fa024e57d40170af9df39882c"},"headline":"\u2018Mediod\u00eda Cope\u2019 Alcoy mi\u00e9rcoles 17 de abril 2024 (14:20h)","datePublished":"2024-04-17T06:35:04+00:00","dateModified":"2024-04-17T19:34:19+00:00","mainEntityOfPage":{"@id":"https:\/\/www.copealcoy.es\/es\/mediodia-cope-alcoy-miercoles-17-de-abril-2024-1420h\/"},"wordCount":537,"commentCount":0,"image":{"@id":"https:\/\/www.copealcoy.es\/es\/mediodia-cope-alcoy-miercoles-17-de-abril-2024-1420h\/#primaryimage"},"thumbnailUrl":"https:\/\/www.copealcoy.es\/wp-content\/uploads\/2023\/02\/511E7C88-D9D5-47F4-AF32-2A62DF0D1586.png","articleSection":["Actualidad","Alcoy","Audios de los programas","Informativos","Noticias"],"inLanguage":"es"},{"@type":"WebPage","@id":"https:\/\/www.copealcoy.es\/es\/mediodia-cope-alcoy-miercoles-17-de-abril-2024-1420h\/","url":"https:\/\/www.copealcoy.es\/es\/mediodia-cope-alcoy-miercoles-17-de-abril-2024-1420h\/","name":"\u2018Mediod\u00eda Cope\u2019 Alcoy mi\u00e9rcoles 17 de abril 2024 (14:20h) - COPE Alcoy","isPartOf":{"@id":"https:\/\/www.copealcoy.es\/es\/#website"},"primaryImageOfPage":{"@id":"https:\/\/www.copealcoy.es\/es\/mediodia-cope-alcoy-miercoles-17-de-abril-2024-1420h\/#primaryimage"},"image":{"@id":"https:\/\/www.copealcoy.es\/es\/mediodia-cope-alcoy-miercoles-17-de-abril-2024-1420h\/#primaryimage"},"thumbnailUrl":"https:\/\/www.copealcoy.es\/wp-content\/uploads\/2023\/02\/511E7C88-D9D5-47F4-AF32-2A62DF0D1586.png","datePublished":"2024-04-17T06:35:04+00:00","dateModified":"2024-04-17T19:34:19+00:00","author":{"@id":"https:\/\/www.copealcoy.es\/es\/#\/schema\/person\/e777c87fa024e57d40170af9df39882c"},"breadcrumb":{"@id":"https:\/\/www.copealcoy.es\/es\/mediodia-cope-alcoy-miercoles-17-de-abril-2024-1420h\/#breadcrumb"},"inLanguage":"es","potentialAction":[{"@type":"ReadAction","target":["https:\/\/www.copealcoy.es\/es\/mediodia-cope-alcoy-miercoles-17-de-abril-2024-1420h\/"]}]},{"@type":"ImageObject","inLanguage":"es","@id":"https:\/\/www.copealcoy.es\/es\/mediodia-cope-alcoy-miercoles-17-de-abril-2024-1420h\/#primaryimage","url":"https:\/\/www.copealcoy.es\/wp-content\/uploads\/2023\/02\/511E7C88-D9D5-47F4-AF32-2A62DF0D1586.png","contentUrl":"https:\/\/www.copealcoy.es\/wp-content\/uploads\/2023\/02\/511E7C88-D9D5-47F4-AF32-2A62DF0D1586.png","width":357,"height":290},{"@type":"BreadcrumbList","@id":"https:\/\/www.copealcoy.es\/es\/mediodia-cope-alcoy-miercoles-17-de-abril-2024-1420h\/#breadcrumb","itemListElement":[{"@type":"ListItem","position":1,"name":"Portada","item":"https:\/\/www.copealcoy.es\/es\/"},{"@type":"ListItem","position":2,"name":"\u2018Mediod\u00eda Cope\u2019 Alcoy mi\u00e9rcoles 17 de abril 2024 (14:20h)"}]},{"@type":"WebSite","@id":"https:\/\/www.copealcoy.es\/es\/#website","url":"https:\/\/www.copealcoy.es\/es\/","name":"COPE Alcoy","description":"Emisora COPE de radio local con emisi\u00f3n online. Pont de Sant Jordi 8-10 03803 Alcoy","potentialAction":[{"@type":"SearchAction","target":{"@type":"EntryPoint","urlTemplate":"https:\/\/www.copealcoy.es\/es\/?s={search_term_string}"},"query-input":{"@type":"PropertyValueSpecification","valueRequired":true,"valueName":"search_term_string"}}],"inLanguage":"es"},{"@type":"Person","@id":"https:\/\/www.copealcoy.es\/es\/#\/schema\/person\/e777c87fa024e57d40170af9df39882c","name":"Cope Alcoy","image":{"@type":"ImageObject","inLanguage":"es","@id":"https:\/\/secure.gravatar.com\/avatar\/bb65d0283347e303893ba14f0692005417c1e0e690a325a4c5d8bb2b3943ee14?s=96&d=mm&r=g","url":"https:\/\/secure.gravatar.com\/avatar\/bb65d0283347e303893ba14f0692005417c1e0e690a325a4c5d8bb2b3943ee14?s=96&d=mm&r=g","contentUrl":"https:\/\/secure.gravatar.com\/avatar\/bb65d0283347e303893ba14f0692005417c1e0e690a325a4c5d8bb2b3943ee14?s=96&d=mm&r=g","caption":"Cope Alcoy"}}]}},"_links":{"self":[{"href":"https:\/\/www.copealcoy.es\/es\/wp-json\/wp\/v2\/posts\/132333","targetHints":{"allow":["GET"]}}],"collection":[{"href":"https:\/\/www.copealcoy.es\/es\/wp-json\/wp\/v2\/posts"}],"about":[{"href":"https:\/\/www.copealcoy.es\/es\/wp-json\/wp\/v2\/types\/post"}],"author":[{"embeddable":true,"href":"https:\/\/www.copealcoy.es\/es\/wp-json\/wp\/v2\/users\/1"}],"replies":[{"embeddable":true,"href":"https:\/\/www.copealcoy.es\/es\/wp-json\/wp\/v2\/comments?post=132333"}],"version-history":[{"count":0,"href":"https:\/\/www.copealcoy.es\/es\/wp-json\/wp\/v2\/posts\/132333\/revisions"}],"wp:featuredmedia":[{"embeddable":true,"href":"https:\/\/www.copealcoy.es\/es\/wp-json\/wp\/v2\/media\/110640"}],"wp:attachment":[{"href":"https:\/\/www.copealcoy.es\/es\/wp-json\/wp\/v2\/media?parent=132333"}],"wp:term":[{"taxonomy":"category","embeddable":true,"href":"https:\/\/www.copealcoy.es\/es\/wp-json\/wp\/v2\/categories?post=132333"},{"taxonomy":"post_tag","embeddable":true,"href":"https:\/\/www.copealcoy.es\/es\/wp-json\/wp\/v2\/tags?post=132333"}],"curies":[{"name":"wp","href":"https:\/\/api.w.org\/{rel}","templated":true}]}}