{"id":132307,"date":"2024-04-17T12:03:28","date_gmt":"2024-04-17T11:03:28","guid":{"rendered":"https:\/\/www.copealcoy.es\/?p=132307"},"modified":"2024-04-17T12:47:07","modified_gmt":"2024-04-17T11:47:07","slug":"la-fila-alcodianos-cumple-50-anos-entregando-las-llaves-al-capitan-cristiano","status":"publish","type":"post","link":"https:\/\/www.copealcoy.es\/es\/la-fila-alcodianos-cumple-50-anos-entregando-las-llaves-al-capitan-cristiano\/","title":{"rendered":"La Fil\u00e0 Alcodianos cumple 50 a\u00f1os entregando las llaves al Capit\u00e1n Cristiano"},"content":{"rendered":"<p style=\"text-align: justify;\">Uno de los momentos <strong>m\u00e1s significativos<\/strong> de la Entrada Cristiana de cada a\u00f1o es<strong> cuando el Capit\u00e1n de las tropas de la cruz llega a la Plaza de Espa\u00f1a de Alcoy y recibe las llaves del Castillo<\/strong> que preside este c\u00e9ntrico punto de la ciudad simbolizando las murallas de la antigua Villa medieval. Un instante que <strong>protagonizan desde <a href=\"https:\/\/www.facebook.com\/filaalcodianos\" target=\"_blank\" rel=\"noopener\"><span style=\"color: #0000ff;\">la Fil\u00e0 Alcodianos<\/span><\/a><\/strong> y que <strong>est\u00e1 acompa\u00f1ado<\/strong> del volteo de las campanas de la iglesia de Santa Mar\u00eda junto a los aplausos del p\u00fablico que presencia los desfiles.<\/p>\n<p style=\"text-align: justify;\">En este 2024 <strong>se cumplen cincuenta a\u00f1os<\/strong> desde que la misma Fil\u00e0 Alcodianos empez\u00f3 a encargarse de la coordinaci\u00f3n de <strong>un acto \u00fanico y representativo<\/strong> al cual lleg\u00f3 cas\u00ed de forma anecd\u00f3tica. Para ello <strong>nos tenemos que remontar<\/strong> <strong>a la primavera de 1974<\/strong> &#8220;<em>hasta esa fecha era la Fil\u00e0 Aragonesos la que lo hac\u00eda, pero como ten\u00edan la Escuadra del Mig, y no eran suficientes, nos encargamos nosotros quiz\u00e1s por ser la formaci\u00f3n que lleva el nombre de Alcoy o porque el a\u00f1o de antes hab\u00edamos hecho la Escuadra del Mig e \u00edbamos con m\u00e1s tranquilidad en esas Fiestas<\/em>&#8220;, explicaba en COPE ALCOY Ismael Gisbert como Primer Tro de los Alcodianos.<\/p>\n<p style=\"text-align: justify;\">Gisbert destaca tambi\u00e9n que desde 1974 la entrega de llaves al Capit\u00e1n Cristiano <strong>comenz\u00f3 una evoluci\u00f3n imparable en el tiempo<\/strong> &#8220;<em>siempre ha sido un ni\u00f1o el protagonista del momento, pero a partir de 1984 se incorpora la figura del Alcaide del Castillo, personaje festero contemplado tambi\u00e9n en la Ordenanza de la Festa. De hecho, la Fil\u00e0 tiene legislada ahora la designaci\u00f3n de la persona que asume este papel y entre los nombres de Alcaides destaca el hist\u00f3rico Antu\u00e1n Vicedo que lo desempe\u00f1\u00f3 durante 16 a\u00f1os consecutivos<\/em>&#8220;, explica. El Primer Tro de los Alcodianos\u00a0 hace menci\u00f3n adem\u00e1s a otro hecho significativo dentro de esa evoluci\u00f3n del acto &#8220;<em>en 1995 empez\u00f3 a incorporarse una ni\u00f1a como acompa\u00f1ante del peque\u00f1o que entregaba las llaves y en 2006 queda regulado tambi\u00e9n que una peque\u00f1a lo pueda hacer. Sin duda un paso adelante importante en el avance hacia la plena igualdad en la Festa<\/em>&#8220;. Por \u00faltimo, Ismael Gisbert <strong>lanza un mensaje de cara al futuro m\u00e1s inmediato<\/strong> &#8220;<em>esperamos seguir organizando la entrega de llaves otros cincuenta a\u00f1os m\u00e1s y hacemos una petici\u00f3n a las Filaes de cargo para que tengan en cuenta este momento a la hora, por ejemplo, de dise\u00f1ar la carroza del Capit\u00e1n para que as\u00ed un momento que dura solo cinco minutos tenga la brillantez que merec<\/em>e&#8221;, concluye.<\/p>\n<p style=\"text-align: justify;\">Los Alcodianos <strong>celebraron una gala meses atr\u00e1s<\/strong> en la que juntaron a muchas de las personas que han desempe\u00f1ado el cargo de Capit\u00e1n Cristiano con quienes protagonizaron cada a\u00f1o el acto de entrega de llaves. Fue el aperitivo para u<strong>n 50 aniversario que se conmemorar\u00e1 de forma especial en la calle este s\u00e1bado 20 de abril<\/strong>, d\u00eda en el que la Fil\u00e0 tendr\u00e1 el honor de celebrar esta efem\u00e9ride entregando las llaves a su propio Capit\u00e1n Cristiano.<\/p>\n<p>Consulta <strong><a href=\"https:\/\/www.copealcoy.es\/wp-content\/uploads\/2024\/04\/llistat.pdf\" target=\"_blank\" rel=\"noopener\"><span style=\"color: #0000ff;\">aqu\u00ed <\/span><\/a>el listado<\/strong> de todos los que han sido protagonistas del acto en estos 50 a\u00f1os.<\/p>\n<p style=\"text-align: justify;\">A continuaci\u00f3n <strong>puedes escuchar tambi\u00e9n la entrevista que mantuvimos con Ismael Gisbert<\/strong>, Primer Tro de la Fil\u00e0 Alcodianos:<\/p>\n<p><iframe loading=\"lazy\" title=\"&#039;Mediod\u00eda Cope&#039; Alcoi Dimarts 9 D&#039;Abril 2024 (13:50h)\" width=\"100%\" height=\"120\" src=\"https:\/\/www.mixcloud.com\/widget\/iframe\/?feed=https%3A%2F%2Fwww.mixcloud.com%2FCOPEAlcoy%2Fmediod%25C3%25ADa-cope-alcoi-dimarts-9-dabril-2024%2F&amp;hide_cover=1\" frameborder=\"0\"><\/iframe><\/p>\n","protected":false},"excerpt":{"rendered":"<p>Uno de los momentos m\u00e1s significativos de la Entrada Cristiana de cada a\u00f1o es cuando el Capit\u00e1n de las tropas&#8230;<\/p>\n","protected":false},"author":1,"featured_media":132320,"comment_status":"open","ping_status":"open","sticky":false,"template":"","format":"standard","meta":{"footnotes":""},"categories":[6909,97,78,75],"tags":[3248,1494,1311,16703,565,13329,609],"class_list":["post-132307","post","type-post","status-publish","format-standard","has-post-thumbnail","hentry","category-actualidad","category-alcoy","category-fiestaycultura","category-noticias","tag-50-aniversario","tag-alcoy","tag-capitan-cristiano","tag-entrega-de-llaves","tag-fiestas","tag-fila-alcodianos","tag-moros-y-cristianos"],"yoast_head":"<!-- This site is optimized with the Yoast SEO plugin v27.3 - https:\/\/yoast.com\/product\/yoast-seo-wordpress\/ -->\n<title>La Fil\u00e0 Alcodianos cumple 50 a\u00f1os entregando las llaves al Capit\u00e1n Cristiano - COPE Alcoy<\/title>\n<meta name=\"description\" content=\"La Fil\u00e0 Alcodianos cumple cincuenta a\u00f1os protagonizando el acto de la entrega de llaves al Capit\u00e1n Cristiano\" \/>\n<meta name=\"robots\" content=\"index, follow, max-snippet:-1, max-image-preview:large, max-video-preview:-1\" \/>\n<link rel=\"canonical\" href=\"https:\/\/www.copealcoy.es\/es\/la-fila-alcodianos-cumple-50-anos-entregando-las-llaves-al-capitan-cristiano\/\" \/>\n<meta property=\"og:locale\" content=\"es_ES\" \/>\n<meta property=\"og:type\" content=\"article\" \/>\n<meta property=\"og:title\" content=\"La Fil\u00e0 Alcodianos cumple 50 a\u00f1os entregando las llaves al Capit\u00e1n Cristiano - COPE Alcoy\" \/>\n<meta property=\"og:description\" content=\"La Fil\u00e0 Alcodianos cumple cincuenta a\u00f1os protagonizando el acto de la entrega de llaves al Capit\u00e1n Cristiano\" \/>\n<meta property=\"og:url\" content=\"https:\/\/www.copealcoy.es\/es\/la-fila-alcodianos-cumple-50-anos-entregando-las-llaves-al-capitan-cristiano\/\" \/>\n<meta property=\"og:site_name\" content=\"COPE Alcoy\" \/>\n<meta property=\"article:published_time\" content=\"2024-04-17T11:03:28+00:00\" \/>\n<meta property=\"article:modified_time\" content=\"2024-04-17T11:47:07+00:00\" \/>\n<meta property=\"og:image\" content=\"https:\/\/www.copealcoy.es\/wp-content\/uploads\/2024\/04\/claus1998.jpeg\" \/>\n\t<meta property=\"og:image:width\" content=\"800\" \/>\n\t<meta property=\"og:image:height\" content=\"547\" \/>\n\t<meta property=\"og:image:type\" content=\"image\/jpeg\" \/>\n<meta name=\"author\" content=\"Cope Alcoy\" \/>\n<meta name=\"twitter:label1\" content=\"Escrito por\" \/>\n\t<meta name=\"twitter:data1\" content=\"Cope Alcoy\" \/>\n\t<meta name=\"twitter:label2\" content=\"Tiempo de lectura\" \/>\n\t<meta name=\"twitter:data2\" content=\"3 minutos\" \/>\n<script type=\"application\/ld+json\" class=\"yoast-schema-graph\">{\"@context\":\"https:\\\/\\\/schema.org\",\"@graph\":[{\"@type\":\"Article\",\"@id\":\"https:\\\/\\\/www.copealcoy.es\\\/es\\\/la-fila-alcodianos-cumple-50-anos-entregando-las-llaves-al-capitan-cristiano\\\/#article\",\"isPartOf\":{\"@id\":\"https:\\\/\\\/www.copealcoy.es\\\/es\\\/la-fila-alcodianos-cumple-50-anos-entregando-las-llaves-al-capitan-cristiano\\\/\"},\"author\":{\"name\":\"Cope Alcoy\",\"@id\":\"https:\\\/\\\/www.copealcoy.es\\\/es\\\/#\\\/schema\\\/person\\\/e777c87fa024e57d40170af9df39882c\"},\"headline\":\"La Fil\u00e0 Alcodianos cumple 50 a\u00f1os entregando las llaves al Capit\u00e1n Cristiano\",\"datePublished\":\"2024-04-17T11:03:28+00:00\",\"dateModified\":\"2024-04-17T11:47:07+00:00\",\"mainEntityOfPage\":{\"@id\":\"https:\\\/\\\/www.copealcoy.es\\\/es\\\/la-fila-alcodianos-cumple-50-anos-entregando-las-llaves-al-capitan-cristiano\\\/\"},\"wordCount\":589,\"commentCount\":0,\"image\":{\"@id\":\"https:\\\/\\\/www.copealcoy.es\\\/es\\\/la-fila-alcodianos-cumple-50-anos-entregando-las-llaves-al-capitan-cristiano\\\/#primaryimage\"},\"thumbnailUrl\":\"https:\\\/\\\/www.copealcoy.es\\\/wp-content\\\/uploads\\\/2024\\\/04\\\/claus1998.jpeg\",\"keywords\":[\"50 aniversario\",\"Alcoy\",\"capit\u00e1n cristiano\",\"entrega de llaves\",\"Fiestas\",\"Fil\u00e0 Alcodianos\",\"Moros Y Cristianos\"],\"articleSection\":[\"Actualidad\",\"Alcoy\",\"Fiesta y Cultura\",\"Noticias\"],\"inLanguage\":\"es\"},{\"@type\":\"WebPage\",\"@id\":\"https:\\\/\\\/www.copealcoy.es\\\/es\\\/la-fila-alcodianos-cumple-50-anos-entregando-las-llaves-al-capitan-cristiano\\\/\",\"url\":\"https:\\\/\\\/www.copealcoy.es\\\/es\\\/la-fila-alcodianos-cumple-50-anos-entregando-las-llaves-al-capitan-cristiano\\\/\",\"name\":\"La Fil\u00e0 Alcodianos cumple 50 a\u00f1os entregando las llaves al Capit\u00e1n Cristiano - COPE Alcoy\",\"isPartOf\":{\"@id\":\"https:\\\/\\\/www.copealcoy.es\\\/es\\\/#website\"},\"primaryImageOfPage\":{\"@id\":\"https:\\\/\\\/www.copealcoy.es\\\/es\\\/la-fila-alcodianos-cumple-50-anos-entregando-las-llaves-al-capitan-cristiano\\\/#primaryimage\"},\"image\":{\"@id\":\"https:\\\/\\\/www.copealcoy.es\\\/es\\\/la-fila-alcodianos-cumple-50-anos-entregando-las-llaves-al-capitan-cristiano\\\/#primaryimage\"},\"thumbnailUrl\":\"https:\\\/\\\/www.copealcoy.es\\\/wp-content\\\/uploads\\\/2024\\\/04\\\/claus1998.jpeg\",\"datePublished\":\"2024-04-17T11:03:28+00:00\",\"dateModified\":\"2024-04-17T11:47:07+00:00\",\"author\":{\"@id\":\"https:\\\/\\\/www.copealcoy.es\\\/es\\\/#\\\/schema\\\/person\\\/e777c87fa024e57d40170af9df39882c\"},\"description\":\"La Fil\u00e0 Alcodianos cumple cincuenta a\u00f1os protagonizando el acto de la entrega de llaves al Capit\u00e1n Cristiano\",\"breadcrumb\":{\"@id\":\"https:\\\/\\\/www.copealcoy.es\\\/es\\\/la-fila-alcodianos-cumple-50-anos-entregando-las-llaves-al-capitan-cristiano\\\/#breadcrumb\"},\"inLanguage\":\"es\",\"potentialAction\":[{\"@type\":\"ReadAction\",\"target\":[\"https:\\\/\\\/www.copealcoy.es\\\/es\\\/la-fila-alcodianos-cumple-50-anos-entregando-las-llaves-al-capitan-cristiano\\\/\"]}]},{\"@type\":\"ImageObject\",\"inLanguage\":\"es\",\"@id\":\"https:\\\/\\\/www.copealcoy.es\\\/es\\\/la-fila-alcodianos-cumple-50-anos-entregando-las-llaves-al-capitan-cristiano\\\/#primaryimage\",\"url\":\"https:\\\/\\\/www.copealcoy.es\\\/wp-content\\\/uploads\\\/2024\\\/04\\\/claus1998.jpeg\",\"contentUrl\":\"https:\\\/\\\/www.copealcoy.es\\\/wp-content\\\/uploads\\\/2024\\\/04\\\/claus1998.jpeg\",\"width\":800,\"height\":547},{\"@type\":\"BreadcrumbList\",\"@id\":\"https:\\\/\\\/www.copealcoy.es\\\/es\\\/la-fila-alcodianos-cumple-50-anos-entregando-las-llaves-al-capitan-cristiano\\\/#breadcrumb\",\"itemListElement\":[{\"@type\":\"ListItem\",\"position\":1,\"name\":\"Portada\",\"item\":\"https:\\\/\\\/www.copealcoy.es\\\/es\\\/\"},{\"@type\":\"ListItem\",\"position\":2,\"name\":\"La Fil\u00e0 Alcodianos cumple 50 a\u00f1os entregando las llaves al Capit\u00e1n Cristiano\"}]},{\"@type\":\"WebSite\",\"@id\":\"https:\\\/\\\/www.copealcoy.es\\\/es\\\/#website\",\"url\":\"https:\\\/\\\/www.copealcoy.es\\\/es\\\/\",\"name\":\"COPE Alcoy\",\"description\":\"Emisora COPE de radio local con emisi\u00f3n online. Pont de Sant Jordi 8-10 03803 Alcoy\",\"potentialAction\":[{\"@type\":\"SearchAction\",\"target\":{\"@type\":\"EntryPoint\",\"urlTemplate\":\"https:\\\/\\\/www.copealcoy.es\\\/es\\\/?s={search_term_string}\"},\"query-input\":{\"@type\":\"PropertyValueSpecification\",\"valueRequired\":true,\"valueName\":\"search_term_string\"}}],\"inLanguage\":\"es\"},{\"@type\":\"Person\",\"@id\":\"https:\\\/\\\/www.copealcoy.es\\\/es\\\/#\\\/schema\\\/person\\\/e777c87fa024e57d40170af9df39882c\",\"name\":\"Cope Alcoy\",\"image\":{\"@type\":\"ImageObject\",\"inLanguage\":\"es\",\"@id\":\"https:\\\/\\\/secure.gravatar.com\\\/avatar\\\/bb65d0283347e303893ba14f0692005417c1e0e690a325a4c5d8bb2b3943ee14?s=96&d=mm&r=g\",\"url\":\"https:\\\/\\\/secure.gravatar.com\\\/avatar\\\/bb65d0283347e303893ba14f0692005417c1e0e690a325a4c5d8bb2b3943ee14?s=96&d=mm&r=g\",\"contentUrl\":\"https:\\\/\\\/secure.gravatar.com\\\/avatar\\\/bb65d0283347e303893ba14f0692005417c1e0e690a325a4c5d8bb2b3943ee14?s=96&d=mm&r=g\",\"caption\":\"Cope Alcoy\"}}]}<\/script>\n<!-- \/ Yoast SEO plugin. -->","yoast_head_json":{"title":"La Fil\u00e0 Alcodianos cumple 50 a\u00f1os entregando las llaves al Capit\u00e1n Cristiano - COPE Alcoy","description":"La Fil\u00e0 Alcodianos cumple cincuenta a\u00f1os protagonizando el acto de la entrega de llaves al Capit\u00e1n Cristiano","robots":{"index":"index","follow":"follow","max-snippet":"max-snippet:-1","max-image-preview":"max-image-preview:large","max-video-preview":"max-video-preview:-1"},"canonical":"https:\/\/www.copealcoy.es\/es\/la-fila-alcodianos-cumple-50-anos-entregando-las-llaves-al-capitan-cristiano\/","og_locale":"es_ES","og_type":"article","og_title":"La Fil\u00e0 Alcodianos cumple 50 a\u00f1os entregando las llaves al Capit\u00e1n Cristiano - COPE Alcoy","og_description":"La Fil\u00e0 Alcodianos cumple cincuenta a\u00f1os protagonizando el acto de la entrega de llaves al Capit\u00e1n Cristiano","og_url":"https:\/\/www.copealcoy.es\/es\/la-fila-alcodianos-cumple-50-anos-entregando-las-llaves-al-capitan-cristiano\/","og_site_name":"COPE Alcoy","article_published_time":"2024-04-17T11:03:28+00:00","article_modified_time":"2024-04-17T11:47:07+00:00","og_image":[{"width":800,"height":547,"url":"https:\/\/www.copealcoy.es\/wp-content\/uploads\/2024\/04\/claus1998.jpeg","type":"image\/jpeg"}],"author":"Cope Alcoy","twitter_misc":{"Escrito por":"Cope Alcoy","Tiempo de lectura":"3 minutos"},"schema":{"@context":"https:\/\/schema.org","@graph":[{"@type":"Article","@id":"https:\/\/www.copealcoy.es\/es\/la-fila-alcodianos-cumple-50-anos-entregando-las-llaves-al-capitan-cristiano\/#article","isPartOf":{"@id":"https:\/\/www.copealcoy.es\/es\/la-fila-alcodianos-cumple-50-anos-entregando-las-llaves-al-capitan-cristiano\/"},"author":{"name":"Cope Alcoy","@id":"https:\/\/www.copealcoy.es\/es\/#\/schema\/person\/e777c87fa024e57d40170af9df39882c"},"headline":"La Fil\u00e0 Alcodianos cumple 50 a\u00f1os entregando las llaves al Capit\u00e1n Cristiano","datePublished":"2024-04-17T11:03:28+00:00","dateModified":"2024-04-17T11:47:07+00:00","mainEntityOfPage":{"@id":"https:\/\/www.copealcoy.es\/es\/la-fila-alcodianos-cumple-50-anos-entregando-las-llaves-al-capitan-cristiano\/"},"wordCount":589,"commentCount":0,"image":{"@id":"https:\/\/www.copealcoy.es\/es\/la-fila-alcodianos-cumple-50-anos-entregando-las-llaves-al-capitan-cristiano\/#primaryimage"},"thumbnailUrl":"https:\/\/www.copealcoy.es\/wp-content\/uploads\/2024\/04\/claus1998.jpeg","keywords":["50 aniversario","Alcoy","capit\u00e1n cristiano","entrega de llaves","Fiestas","Fil\u00e0 Alcodianos","Moros Y Cristianos"],"articleSection":["Actualidad","Alcoy","Fiesta y Cultura","Noticias"],"inLanguage":"es"},{"@type":"WebPage","@id":"https:\/\/www.copealcoy.es\/es\/la-fila-alcodianos-cumple-50-anos-entregando-las-llaves-al-capitan-cristiano\/","url":"https:\/\/www.copealcoy.es\/es\/la-fila-alcodianos-cumple-50-anos-entregando-las-llaves-al-capitan-cristiano\/","name":"La Fil\u00e0 Alcodianos cumple 50 a\u00f1os entregando las llaves al Capit\u00e1n Cristiano - COPE Alcoy","isPartOf":{"@id":"https:\/\/www.copealcoy.es\/es\/#website"},"primaryImageOfPage":{"@id":"https:\/\/www.copealcoy.es\/es\/la-fila-alcodianos-cumple-50-anos-entregando-las-llaves-al-capitan-cristiano\/#primaryimage"},"image":{"@id":"https:\/\/www.copealcoy.es\/es\/la-fila-alcodianos-cumple-50-anos-entregando-las-llaves-al-capitan-cristiano\/#primaryimage"},"thumbnailUrl":"https:\/\/www.copealcoy.es\/wp-content\/uploads\/2024\/04\/claus1998.jpeg","datePublished":"2024-04-17T11:03:28+00:00","dateModified":"2024-04-17T11:47:07+00:00","author":{"@id":"https:\/\/www.copealcoy.es\/es\/#\/schema\/person\/e777c87fa024e57d40170af9df39882c"},"description":"La Fil\u00e0 Alcodianos cumple cincuenta a\u00f1os protagonizando el acto de la entrega de llaves al Capit\u00e1n Cristiano","breadcrumb":{"@id":"https:\/\/www.copealcoy.es\/es\/la-fila-alcodianos-cumple-50-anos-entregando-las-llaves-al-capitan-cristiano\/#breadcrumb"},"inLanguage":"es","potentialAction":[{"@type":"ReadAction","target":["https:\/\/www.copealcoy.es\/es\/la-fila-alcodianos-cumple-50-anos-entregando-las-llaves-al-capitan-cristiano\/"]}]},{"@type":"ImageObject","inLanguage":"es","@id":"https:\/\/www.copealcoy.es\/es\/la-fila-alcodianos-cumple-50-anos-entregando-las-llaves-al-capitan-cristiano\/#primaryimage","url":"https:\/\/www.copealcoy.es\/wp-content\/uploads\/2024\/04\/claus1998.jpeg","contentUrl":"https:\/\/www.copealcoy.es\/wp-content\/uploads\/2024\/04\/claus1998.jpeg","width":800,"height":547},{"@type":"BreadcrumbList","@id":"https:\/\/www.copealcoy.es\/es\/la-fila-alcodianos-cumple-50-anos-entregando-las-llaves-al-capitan-cristiano\/#breadcrumb","itemListElement":[{"@type":"ListItem","position":1,"name":"Portada","item":"https:\/\/www.copealcoy.es\/es\/"},{"@type":"ListItem","position":2,"name":"La Fil\u00e0 Alcodianos cumple 50 a\u00f1os entregando las llaves al Capit\u00e1n Cristiano"}]},{"@type":"WebSite","@id":"https:\/\/www.copealcoy.es\/es\/#website","url":"https:\/\/www.copealcoy.es\/es\/","name":"COPE Alcoy","description":"Emisora COPE de radio local con emisi\u00f3n online. Pont de Sant Jordi 8-10 03803 Alcoy","potentialAction":[{"@type":"SearchAction","target":{"@type":"EntryPoint","urlTemplate":"https:\/\/www.copealcoy.es\/es\/?s={search_term_string}"},"query-input":{"@type":"PropertyValueSpecification","valueRequired":true,"valueName":"search_term_string"}}],"inLanguage":"es"},{"@type":"Person","@id":"https:\/\/www.copealcoy.es\/es\/#\/schema\/person\/e777c87fa024e57d40170af9df39882c","name":"Cope Alcoy","image":{"@type":"ImageObject","inLanguage":"es","@id":"https:\/\/secure.gravatar.com\/avatar\/bb65d0283347e303893ba14f0692005417c1e0e690a325a4c5d8bb2b3943ee14?s=96&d=mm&r=g","url":"https:\/\/secure.gravatar.com\/avatar\/bb65d0283347e303893ba14f0692005417c1e0e690a325a4c5d8bb2b3943ee14?s=96&d=mm&r=g","contentUrl":"https:\/\/secure.gravatar.com\/avatar\/bb65d0283347e303893ba14f0692005417c1e0e690a325a4c5d8bb2b3943ee14?s=96&d=mm&r=g","caption":"Cope Alcoy"}}]}},"_links":{"self":[{"href":"https:\/\/www.copealcoy.es\/es\/wp-json\/wp\/v2\/posts\/132307","targetHints":{"allow":["GET"]}}],"collection":[{"href":"https:\/\/www.copealcoy.es\/es\/wp-json\/wp\/v2\/posts"}],"about":[{"href":"https:\/\/www.copealcoy.es\/es\/wp-json\/wp\/v2\/types\/post"}],"author":[{"embeddable":true,"href":"https:\/\/www.copealcoy.es\/es\/wp-json\/wp\/v2\/users\/1"}],"replies":[{"embeddable":true,"href":"https:\/\/www.copealcoy.es\/es\/wp-json\/wp\/v2\/comments?post=132307"}],"version-history":[{"count":0,"href":"https:\/\/www.copealcoy.es\/es\/wp-json\/wp\/v2\/posts\/132307\/revisions"}],"wp:featuredmedia":[{"embeddable":true,"href":"https:\/\/www.copealcoy.es\/es\/wp-json\/wp\/v2\/media\/132320"}],"wp:attachment":[{"href":"https:\/\/www.copealcoy.es\/es\/wp-json\/wp\/v2\/media?parent=132307"}],"wp:term":[{"taxonomy":"category","embeddable":true,"href":"https:\/\/www.copealcoy.es\/es\/wp-json\/wp\/v2\/categories?post=132307"},{"taxonomy":"post_tag","embeddable":true,"href":"https:\/\/www.copealcoy.es\/es\/wp-json\/wp\/v2\/tags?post=132307"}],"curies":[{"name":"wp","href":"https:\/\/api.w.org\/{rel}","templated":true}]}}