{"id":131993,"date":"2024-04-11T09:00:41","date_gmt":"2024-04-11T08:00:41","guid":{"rendered":"https:\/\/www.copealcoy.es\/?p=131993"},"modified":"2024-04-11T12:26:55","modified_gmt":"2024-04-11T11:26:55","slug":"este-es-el-motivo-que-vincula-a-la-santa-faz-de-alicante-con-nuestras-comarcas","status":"publish","type":"post","link":"https:\/\/www.copealcoy.es\/es\/este-es-el-motivo-que-vincula-a-la-santa-faz-de-alicante-con-nuestras-comarcas\/","title":{"rendered":"Este es el motivo que vincula a la Santa Faz de Alicante con nuestras comarcas"},"content":{"rendered":"<p style=\"text-align: justify;\">Alicante ha vuelto a reencontrarse en este jueves posterior a la fiesta de San Vicente Ferrer con<strong>\u00a0una de sus tradiciones m\u00e1s arraigadas<\/strong>, la\u00a0<strong>Romer\u00eda de la Santa Faz<\/strong>. La cita ha reunido a miles de participantes que <strong>han recorrido con gran devoci\u00f3n<\/strong>\u00a0el trayecto existente entre la Cocatedral de San Nicol\u00e1s y el Monasterio<strong>\u00a0donde se guarda la reliquia de la Santa Faz<\/strong>.<\/p>\n<p style=\"text-align: justify;\">Un a\u00f1o m\u00e1s, en la comitiva,\u00a0<strong>ha llamado la atenci\u00f3n la imagen peregrina de la misma Santa Faz<\/strong>\u00a0puesto que en su dorso se contempla a\u00a0<strong>la Mare de D\u00e9u del Miracle<\/strong>; la patrona de Cocentaina. Esta pieza, como ya contamos en su d\u00eda en COPE ALCOY,\u00a0<strong>\u00a0fue pintada por el sacerdote contestano Don Jos\u00e9 Soler Cardona<\/strong>, gran conocedor de las tradiciones valencianas, con una fuerte vinculaci\u00f3n a la capital alicantina y un reconocido artista pict\u00f3rico que\u00a0<strong>dej\u00f3 como legado una importante colecci\u00f3n de\u00a0obras<\/strong>. Soler cre\u00f3 la r\u00e9plica de Santa Faz\u00a0<strong>en 1989<\/strong>, coincidiendo con el quinto centenario de la celebraci\u00f3n, y en en la misma\u00a0<strong>quiso plasmar tambi\u00e9n a la Mare de D\u00e9u del Miracle haciendo alusi\u00f3n a su localidad natal as\u00ed como a la profunda devoci\u00f3n que le profesaba a la patrona de la Villa Condal<\/strong>. Posteriormente, en 2001,\u00a0el Palau Comtal de Cocentaina acogi\u00f3 en plena Fira de Tots Sants\u00a0<strong>una exposici\u00f3n de obras de Don Jos\u00e9 Soler<\/strong>, entre las cuales se encontraba precisamente la r\u00e9plica de la Santa Faz que hasta aquel momento nunca hab\u00eda abandonado Alicante.<\/p>\n<p style=\"text-align: justify;\">La presencia de la Mareta en el icono peregrino de la Santa Faz\u00a0<strong>nunca pasa desapercibido<\/strong>\u00a0y\u00a0<strong>llama la atenci\u00f3n de los contestanos as\u00ed como de los vecinos de estas comarcas<\/strong>. Una tradici\u00f3n alicantina, la de la Romer\u00eda a la Santa Faz, que <a href=\"https:\/\/www.cope.es\/emisoras\/comunidad-valenciana\/alicante-provincia\/alicante\/noticias\/mazon-anuncia-los-tramites-para-declarar-oficio-santa-faz-bien-interes-cultural-20240411_3240898\" target=\"_blank\" rel=\"noopener\"><strong><span style=\"color: #0000ff;\">ser\u00e1 declarada BIC<\/span><\/strong><\/a> por la Generalitat Valenciana tal y como ha anunciado hoy el Jefe del Consell; Carlos Maz\u00f3n.<\/p>\n","protected":false},"excerpt":{"rendered":"<p>Alicante ha vuelto a reencontrarse en este jueves posterior a la fiesta de San Vicente Ferrer con\u00a0una de sus tradiciones&#8230;<\/p>\n","protected":false},"author":1,"featured_media":131994,"comment_status":"open","ping_status":"open","sticky":false,"template":"","format":"standard","meta":{"footnotes":""},"categories":[6909,98,75],"tags":[269,132,11142,1984,566,11141],"class_list":["post-131993","post","type-post","status-publish","format-standard","has-post-thumbnail","hentry","category-actualidad","category-comarcas","category-noticias","tag-alicante","tag-cocentaina","tag-don-jose-soler","tag-mare-de-deu-del-miracle","tag-romeria","tag-santa-faz"],"yoast_head":"<!-- This site is optimized with the Yoast SEO plugin v27.3 - https:\/\/yoast.com\/product\/yoast-seo-wordpress\/ -->\n<title>Este es el motivo que vincula a la Santa Faz de Alicante con nuestras comarcas - COPE Alcoy<\/title>\n<meta name=\"description\" content=\"La imagen peregrina de la Santa Faz une de forma simb\u00f3lica a Alicante con Cocentaina y la Mare de D\u00e9u del Miracle\" \/>\n<meta name=\"robots\" content=\"index, follow, max-snippet:-1, max-image-preview:large, max-video-preview:-1\" \/>\n<link rel=\"canonical\" href=\"https:\/\/www.copealcoy.es\/es\/este-es-el-motivo-que-vincula-a-la-santa-faz-de-alicante-con-nuestras-comarcas\/\" \/>\n<meta property=\"og:locale\" content=\"es_ES\" \/>\n<meta property=\"og:type\" content=\"article\" \/>\n<meta property=\"og:title\" content=\"Este es el motivo que vincula a la Santa Faz de Alicante con nuestras comarcas - COPE Alcoy\" \/>\n<meta property=\"og:description\" content=\"La imagen peregrina de la Santa Faz une de forma simb\u00f3lica a Alicante con Cocentaina y la Mare de D\u00e9u del Miracle\" \/>\n<meta property=\"og:url\" content=\"https:\/\/www.copealcoy.es\/es\/este-es-el-motivo-que-vincula-a-la-santa-faz-de-alicante-con-nuestras-comarcas\/\" \/>\n<meta property=\"og:site_name\" content=\"COPE Alcoy\" \/>\n<meta property=\"article:published_time\" content=\"2024-04-11T08:00:41+00:00\" \/>\n<meta property=\"article:modified_time\" content=\"2024-04-11T11:26:55+00:00\" \/>\n<meta property=\"og:image\" content=\"https:\/\/www.copealcoy.es\/wp-content\/uploads\/2024\/04\/unnamed-1-18.jpg\" \/>\n\t<meta property=\"og:image:width\" content=\"1440\" \/>\n\t<meta property=\"og:image:height\" content=\"1080\" \/>\n\t<meta property=\"og:image:type\" content=\"image\/jpeg\" \/>\n<meta name=\"author\" content=\"Cope Alcoy\" \/>\n<meta name=\"twitter:label1\" content=\"Escrito por\" \/>\n\t<meta name=\"twitter:data1\" content=\"Cope Alcoy\" \/>\n\t<meta name=\"twitter:label2\" content=\"Tiempo de lectura\" \/>\n\t<meta name=\"twitter:data2\" content=\"2 minutos\" \/>\n<script type=\"application\/ld+json\" class=\"yoast-schema-graph\">{\"@context\":\"https:\\\/\\\/schema.org\",\"@graph\":[{\"@type\":\"Article\",\"@id\":\"https:\\\/\\\/www.copealcoy.es\\\/es\\\/este-es-el-motivo-que-vincula-a-la-santa-faz-de-alicante-con-nuestras-comarcas\\\/#article\",\"isPartOf\":{\"@id\":\"https:\\\/\\\/www.copealcoy.es\\\/es\\\/este-es-el-motivo-que-vincula-a-la-santa-faz-de-alicante-con-nuestras-comarcas\\\/\"},\"author\":{\"name\":\"Cope Alcoy\",\"@id\":\"https:\\\/\\\/www.copealcoy.es\\\/es\\\/#\\\/schema\\\/person\\\/e777c87fa024e57d40170af9df39882c\"},\"headline\":\"Este es el motivo que vincula a la Santa Faz de Alicante con nuestras comarcas\",\"datePublished\":\"2024-04-11T08:00:41+00:00\",\"dateModified\":\"2024-04-11T11:26:55+00:00\",\"mainEntityOfPage\":{\"@id\":\"https:\\\/\\\/www.copealcoy.es\\\/es\\\/este-es-el-motivo-que-vincula-a-la-santa-faz-de-alicante-con-nuestras-comarcas\\\/\"},\"wordCount\":346,\"commentCount\":0,\"image\":{\"@id\":\"https:\\\/\\\/www.copealcoy.es\\\/es\\\/este-es-el-motivo-que-vincula-a-la-santa-faz-de-alicante-con-nuestras-comarcas\\\/#primaryimage\"},\"thumbnailUrl\":\"https:\\\/\\\/www.copealcoy.es\\\/wp-content\\\/uploads\\\/2024\\\/04\\\/unnamed-1-18.jpg\",\"keywords\":[\"Alicante\",\"Cocentaina\",\"Don Jos\u00e9 Soler\",\"Mare de D\u00e9u del Miracle\",\"Romer\u00eda\",\"Santa Faz\"],\"articleSection\":[\"Actualidad\",\"Comarcas\",\"Noticias\"],\"inLanguage\":\"es\"},{\"@type\":\"WebPage\",\"@id\":\"https:\\\/\\\/www.copealcoy.es\\\/es\\\/este-es-el-motivo-que-vincula-a-la-santa-faz-de-alicante-con-nuestras-comarcas\\\/\",\"url\":\"https:\\\/\\\/www.copealcoy.es\\\/es\\\/este-es-el-motivo-que-vincula-a-la-santa-faz-de-alicante-con-nuestras-comarcas\\\/\",\"name\":\"Este es el motivo que vincula a la Santa Faz de Alicante con nuestras comarcas - COPE Alcoy\",\"isPartOf\":{\"@id\":\"https:\\\/\\\/www.copealcoy.es\\\/es\\\/#website\"},\"primaryImageOfPage\":{\"@id\":\"https:\\\/\\\/www.copealcoy.es\\\/es\\\/este-es-el-motivo-que-vincula-a-la-santa-faz-de-alicante-con-nuestras-comarcas\\\/#primaryimage\"},\"image\":{\"@id\":\"https:\\\/\\\/www.copealcoy.es\\\/es\\\/este-es-el-motivo-que-vincula-a-la-santa-faz-de-alicante-con-nuestras-comarcas\\\/#primaryimage\"},\"thumbnailUrl\":\"https:\\\/\\\/www.copealcoy.es\\\/wp-content\\\/uploads\\\/2024\\\/04\\\/unnamed-1-18.jpg\",\"datePublished\":\"2024-04-11T08:00:41+00:00\",\"dateModified\":\"2024-04-11T11:26:55+00:00\",\"author\":{\"@id\":\"https:\\\/\\\/www.copealcoy.es\\\/es\\\/#\\\/schema\\\/person\\\/e777c87fa024e57d40170af9df39882c\"},\"description\":\"La imagen peregrina de la Santa Faz une de forma simb\u00f3lica a Alicante con Cocentaina y la Mare de D\u00e9u del Miracle\",\"breadcrumb\":{\"@id\":\"https:\\\/\\\/www.copealcoy.es\\\/es\\\/este-es-el-motivo-que-vincula-a-la-santa-faz-de-alicante-con-nuestras-comarcas\\\/#breadcrumb\"},\"inLanguage\":\"es\",\"potentialAction\":[{\"@type\":\"ReadAction\",\"target\":[\"https:\\\/\\\/www.copealcoy.es\\\/es\\\/este-es-el-motivo-que-vincula-a-la-santa-faz-de-alicante-con-nuestras-comarcas\\\/\"]}]},{\"@type\":\"ImageObject\",\"inLanguage\":\"es\",\"@id\":\"https:\\\/\\\/www.copealcoy.es\\\/es\\\/este-es-el-motivo-que-vincula-a-la-santa-faz-de-alicante-con-nuestras-comarcas\\\/#primaryimage\",\"url\":\"https:\\\/\\\/www.copealcoy.es\\\/wp-content\\\/uploads\\\/2024\\\/04\\\/unnamed-1-18.jpg\",\"contentUrl\":\"https:\\\/\\\/www.copealcoy.es\\\/wp-content\\\/uploads\\\/2024\\\/04\\\/unnamed-1-18.jpg\",\"width\":1440,\"height\":1080},{\"@type\":\"BreadcrumbList\",\"@id\":\"https:\\\/\\\/www.copealcoy.es\\\/es\\\/este-es-el-motivo-que-vincula-a-la-santa-faz-de-alicante-con-nuestras-comarcas\\\/#breadcrumb\",\"itemListElement\":[{\"@type\":\"ListItem\",\"position\":1,\"name\":\"Portada\",\"item\":\"https:\\\/\\\/www.copealcoy.es\\\/es\\\/\"},{\"@type\":\"ListItem\",\"position\":2,\"name\":\"Este es el motivo que vincula a la Santa Faz de Alicante con nuestras comarcas\"}]},{\"@type\":\"WebSite\",\"@id\":\"https:\\\/\\\/www.copealcoy.es\\\/es\\\/#website\",\"url\":\"https:\\\/\\\/www.copealcoy.es\\\/es\\\/\",\"name\":\"COPE Alcoy\",\"description\":\"Emisora COPE de radio local con emisi\u00f3n online. Pont de Sant Jordi 8-10 03803 Alcoy\",\"potentialAction\":[{\"@type\":\"SearchAction\",\"target\":{\"@type\":\"EntryPoint\",\"urlTemplate\":\"https:\\\/\\\/www.copealcoy.es\\\/es\\\/?s={search_term_string}\"},\"query-input\":{\"@type\":\"PropertyValueSpecification\",\"valueRequired\":true,\"valueName\":\"search_term_string\"}}],\"inLanguage\":\"es\"},{\"@type\":\"Person\",\"@id\":\"https:\\\/\\\/www.copealcoy.es\\\/es\\\/#\\\/schema\\\/person\\\/e777c87fa024e57d40170af9df39882c\",\"name\":\"Cope Alcoy\",\"image\":{\"@type\":\"ImageObject\",\"inLanguage\":\"es\",\"@id\":\"https:\\\/\\\/secure.gravatar.com\\\/avatar\\\/bb65d0283347e303893ba14f0692005417c1e0e690a325a4c5d8bb2b3943ee14?s=96&d=mm&r=g\",\"url\":\"https:\\\/\\\/secure.gravatar.com\\\/avatar\\\/bb65d0283347e303893ba14f0692005417c1e0e690a325a4c5d8bb2b3943ee14?s=96&d=mm&r=g\",\"contentUrl\":\"https:\\\/\\\/secure.gravatar.com\\\/avatar\\\/bb65d0283347e303893ba14f0692005417c1e0e690a325a4c5d8bb2b3943ee14?s=96&d=mm&r=g\",\"caption\":\"Cope Alcoy\"}}]}<\/script>\n<!-- \/ Yoast SEO plugin. -->","yoast_head_json":{"title":"Este es el motivo que vincula a la Santa Faz de Alicante con nuestras comarcas - COPE Alcoy","description":"La imagen peregrina de la Santa Faz une de forma simb\u00f3lica a Alicante con Cocentaina y la Mare de D\u00e9u del Miracle","robots":{"index":"index","follow":"follow","max-snippet":"max-snippet:-1","max-image-preview":"max-image-preview:large","max-video-preview":"max-video-preview:-1"},"canonical":"https:\/\/www.copealcoy.es\/es\/este-es-el-motivo-que-vincula-a-la-santa-faz-de-alicante-con-nuestras-comarcas\/","og_locale":"es_ES","og_type":"article","og_title":"Este es el motivo que vincula a la Santa Faz de Alicante con nuestras comarcas - COPE Alcoy","og_description":"La imagen peregrina de la Santa Faz une de forma simb\u00f3lica a Alicante con Cocentaina y la Mare de D\u00e9u del Miracle","og_url":"https:\/\/www.copealcoy.es\/es\/este-es-el-motivo-que-vincula-a-la-santa-faz-de-alicante-con-nuestras-comarcas\/","og_site_name":"COPE Alcoy","article_published_time":"2024-04-11T08:00:41+00:00","article_modified_time":"2024-04-11T11:26:55+00:00","og_image":[{"width":1440,"height":1080,"url":"https:\/\/www.copealcoy.es\/wp-content\/uploads\/2024\/04\/unnamed-1-18.jpg","type":"image\/jpeg"}],"author":"Cope Alcoy","twitter_misc":{"Escrito por":"Cope Alcoy","Tiempo de lectura":"2 minutos"},"schema":{"@context":"https:\/\/schema.org","@graph":[{"@type":"Article","@id":"https:\/\/www.copealcoy.es\/es\/este-es-el-motivo-que-vincula-a-la-santa-faz-de-alicante-con-nuestras-comarcas\/#article","isPartOf":{"@id":"https:\/\/www.copealcoy.es\/es\/este-es-el-motivo-que-vincula-a-la-santa-faz-de-alicante-con-nuestras-comarcas\/"},"author":{"name":"Cope Alcoy","@id":"https:\/\/www.copealcoy.es\/es\/#\/schema\/person\/e777c87fa024e57d40170af9df39882c"},"headline":"Este es el motivo que vincula a la Santa Faz de Alicante con nuestras comarcas","datePublished":"2024-04-11T08:00:41+00:00","dateModified":"2024-04-11T11:26:55+00:00","mainEntityOfPage":{"@id":"https:\/\/www.copealcoy.es\/es\/este-es-el-motivo-que-vincula-a-la-santa-faz-de-alicante-con-nuestras-comarcas\/"},"wordCount":346,"commentCount":0,"image":{"@id":"https:\/\/www.copealcoy.es\/es\/este-es-el-motivo-que-vincula-a-la-santa-faz-de-alicante-con-nuestras-comarcas\/#primaryimage"},"thumbnailUrl":"https:\/\/www.copealcoy.es\/wp-content\/uploads\/2024\/04\/unnamed-1-18.jpg","keywords":["Alicante","Cocentaina","Don Jos\u00e9 Soler","Mare de D\u00e9u del Miracle","Romer\u00eda","Santa Faz"],"articleSection":["Actualidad","Comarcas","Noticias"],"inLanguage":"es"},{"@type":"WebPage","@id":"https:\/\/www.copealcoy.es\/es\/este-es-el-motivo-que-vincula-a-la-santa-faz-de-alicante-con-nuestras-comarcas\/","url":"https:\/\/www.copealcoy.es\/es\/este-es-el-motivo-que-vincula-a-la-santa-faz-de-alicante-con-nuestras-comarcas\/","name":"Este es el motivo que vincula a la Santa Faz de Alicante con nuestras comarcas - COPE Alcoy","isPartOf":{"@id":"https:\/\/www.copealcoy.es\/es\/#website"},"primaryImageOfPage":{"@id":"https:\/\/www.copealcoy.es\/es\/este-es-el-motivo-que-vincula-a-la-santa-faz-de-alicante-con-nuestras-comarcas\/#primaryimage"},"image":{"@id":"https:\/\/www.copealcoy.es\/es\/este-es-el-motivo-que-vincula-a-la-santa-faz-de-alicante-con-nuestras-comarcas\/#primaryimage"},"thumbnailUrl":"https:\/\/www.copealcoy.es\/wp-content\/uploads\/2024\/04\/unnamed-1-18.jpg","datePublished":"2024-04-11T08:00:41+00:00","dateModified":"2024-04-11T11:26:55+00:00","author":{"@id":"https:\/\/www.copealcoy.es\/es\/#\/schema\/person\/e777c87fa024e57d40170af9df39882c"},"description":"La imagen peregrina de la Santa Faz une de forma simb\u00f3lica a Alicante con Cocentaina y la Mare de D\u00e9u del Miracle","breadcrumb":{"@id":"https:\/\/www.copealcoy.es\/es\/este-es-el-motivo-que-vincula-a-la-santa-faz-de-alicante-con-nuestras-comarcas\/#breadcrumb"},"inLanguage":"es","potentialAction":[{"@type":"ReadAction","target":["https:\/\/www.copealcoy.es\/es\/este-es-el-motivo-que-vincula-a-la-santa-faz-de-alicante-con-nuestras-comarcas\/"]}]},{"@type":"ImageObject","inLanguage":"es","@id":"https:\/\/www.copealcoy.es\/es\/este-es-el-motivo-que-vincula-a-la-santa-faz-de-alicante-con-nuestras-comarcas\/#primaryimage","url":"https:\/\/www.copealcoy.es\/wp-content\/uploads\/2024\/04\/unnamed-1-18.jpg","contentUrl":"https:\/\/www.copealcoy.es\/wp-content\/uploads\/2024\/04\/unnamed-1-18.jpg","width":1440,"height":1080},{"@type":"BreadcrumbList","@id":"https:\/\/www.copealcoy.es\/es\/este-es-el-motivo-que-vincula-a-la-santa-faz-de-alicante-con-nuestras-comarcas\/#breadcrumb","itemListElement":[{"@type":"ListItem","position":1,"name":"Portada","item":"https:\/\/www.copealcoy.es\/es\/"},{"@type":"ListItem","position":2,"name":"Este es el motivo que vincula a la Santa Faz de Alicante con nuestras comarcas"}]},{"@type":"WebSite","@id":"https:\/\/www.copealcoy.es\/es\/#website","url":"https:\/\/www.copealcoy.es\/es\/","name":"COPE Alcoy","description":"Emisora COPE de radio local con emisi\u00f3n online. Pont de Sant Jordi 8-10 03803 Alcoy","potentialAction":[{"@type":"SearchAction","target":{"@type":"EntryPoint","urlTemplate":"https:\/\/www.copealcoy.es\/es\/?s={search_term_string}"},"query-input":{"@type":"PropertyValueSpecification","valueRequired":true,"valueName":"search_term_string"}}],"inLanguage":"es"},{"@type":"Person","@id":"https:\/\/www.copealcoy.es\/es\/#\/schema\/person\/e777c87fa024e57d40170af9df39882c","name":"Cope Alcoy","image":{"@type":"ImageObject","inLanguage":"es","@id":"https:\/\/secure.gravatar.com\/avatar\/bb65d0283347e303893ba14f0692005417c1e0e690a325a4c5d8bb2b3943ee14?s=96&d=mm&r=g","url":"https:\/\/secure.gravatar.com\/avatar\/bb65d0283347e303893ba14f0692005417c1e0e690a325a4c5d8bb2b3943ee14?s=96&d=mm&r=g","contentUrl":"https:\/\/secure.gravatar.com\/avatar\/bb65d0283347e303893ba14f0692005417c1e0e690a325a4c5d8bb2b3943ee14?s=96&d=mm&r=g","caption":"Cope Alcoy"}}]}},"_links":{"self":[{"href":"https:\/\/www.copealcoy.es\/es\/wp-json\/wp\/v2\/posts\/131993","targetHints":{"allow":["GET"]}}],"collection":[{"href":"https:\/\/www.copealcoy.es\/es\/wp-json\/wp\/v2\/posts"}],"about":[{"href":"https:\/\/www.copealcoy.es\/es\/wp-json\/wp\/v2\/types\/post"}],"author":[{"embeddable":true,"href":"https:\/\/www.copealcoy.es\/es\/wp-json\/wp\/v2\/users\/1"}],"replies":[{"embeddable":true,"href":"https:\/\/www.copealcoy.es\/es\/wp-json\/wp\/v2\/comments?post=131993"}],"version-history":[{"count":0,"href":"https:\/\/www.copealcoy.es\/es\/wp-json\/wp\/v2\/posts\/131993\/revisions"}],"wp:featuredmedia":[{"embeddable":true,"href":"https:\/\/www.copealcoy.es\/es\/wp-json\/wp\/v2\/media\/131994"}],"wp:attachment":[{"href":"https:\/\/www.copealcoy.es\/es\/wp-json\/wp\/v2\/media?parent=131993"}],"wp:term":[{"taxonomy":"category","embeddable":true,"href":"https:\/\/www.copealcoy.es\/es\/wp-json\/wp\/v2\/categories?post=131993"},{"taxonomy":"post_tag","embeddable":true,"href":"https:\/\/www.copealcoy.es\/es\/wp-json\/wp\/v2\/tags?post=131993"}],"curies":[{"name":"wp","href":"https:\/\/api.w.org\/{rel}","templated":true}]}}