{"id":131913,"date":"2024-04-21T23:57:46","date_gmt":"2024-04-21T22:57:46","guid":{"rendered":"https:\/\/www.copealcoy.es\/?p=131913"},"modified":"2024-04-21T23:57:46","modified_gmt":"2024-04-21T22:57:46","slug":"la-diana-del-cavallet-de-alcoy-un-guino-a-la-festa-del-pasado","status":"publish","type":"post","link":"https:\/\/www.copealcoy.es\/es\/la-diana-del-cavallet-de-alcoy-un-guino-a-la-festa-del-pasado\/","title":{"rendered":"La Diana del Cavallet de Alcoy, un gui\u00f1o a la Festa del pasado"},"content":{"rendered":"<p style=\"text-align: justify;\">La jornada de est<strong>e 21 de abril<\/strong> avanza<strong> repleta de actividades festeras en Alcoy<\/strong> en un d\u00eda en el que la ciudad <strong>rinde homenaje a su patr\u00f3n<\/strong> con diversos actos religiosos en su honor. Hay que recordar que la ma\u00f1ana ha comenzado con<strong> la Segunda Diana<\/strong> en la que los m\u00e1s peque\u00f1os han tenido todo el protagonismo para dejar patente en la calle que el futuro de la Festa est\u00e1 m\u00e1s que asegurado. Despu\u00e9s se ha llevado a cabo <strong>la Procesi\u00f3n de la Reliquia<\/strong> y la misma ha sido trasladada a la iglesia de Santa Mar\u00eda, templo donde se ha oficiado <strong>la Misa Mayor<\/strong> en honor a San Jorge. Mientras tanto se viv\u00eda un gran ambiente en la calle y a mediod\u00eda ha centrado todas las miradas el disparo de una gran M<em>asclet\u00e0\u00a0<\/em>en la Plaza de Espa\u00f1a<\/p>\n<p style=\"text-align: justify;\">En el programa del D\u00eda de San Jorge de Alcoy tampoco ha faltado este a\u00f1o <strong>uno de los actos m\u00e1s emblem\u00e1ticos y genuinos<\/strong> de nuestra trilog\u00eda festera. Se trata de la <strong>Diana Vespertina del Cavallet<\/strong>, desfile ha salido de nuevo a la calle y que ha estado protagonizado esta tarde por <strong>las Filaes <a href=\"https:\/\/www.facebook.com\/profile.php?id=100085383945438\" target=\"_blank\" rel=\"noopener\"><span style=\"color: #0000ff;\">Berberiscos<\/span><\/a> y <a href=\"https:\/\/www.facebook.com\/filarealistesalcoi\" target=\"_blank\" rel=\"noopener\"><span style=\"color: #0000ff;\">Realistas<\/span><\/a><\/strong>\u00a0recorriendo ambas formaciones\u00a0<strong>el breve trayecto existente<\/strong>\u00a0entre la Font Redona y la Plaza de Espa\u00f1a. A ritmo de alegres pasodobles,\u00a0<strong>los festeros han han vuelto a portar los emblem\u00e1ticos caballitos de cart\u00f3n que tanto les identifican<\/strong>\u00a0y han realizado\u00a0<strong>las habituales evoluciones<\/strong> mientras recib\u00edan grandes aplausos por parte del numeroso p\u00fablico que cada a\u00f1o no quiere perderse este singular instante.<\/p>\n<p style=\"text-align: justify;\">Tras la Diana Vespertina del Cavallet, <strong>sigue la programaci\u00f3n del d\u00eda<\/strong> y a partir de las 19:30h arrancar\u00e1 la Procesi\u00f3n General de San Jorge. Ser\u00e1 desde las inmediaciones del Casal de Sant Jordi sum\u00e1ndose despu\u00e9s la imagen ecuestre del patr\u00f3n y su Reliquia. La humor\u00edstica Retreta pondr\u00e1 fin a esta intensa jornada central de nuestra trilog\u00eda festera.<\/p>\n","protected":false},"excerpt":{"rendered":"<p>La jornada de este 21 de abril avanza repleta de actividades festeras en Alcoy en un d\u00eda en el que&#8230;<\/p>\n","protected":false},"author":1,"featured_media":132600,"comment_status":"open","ping_status":"open","sticky":false,"template":"","format":"standard","meta":{"footnotes":""},"categories":[6909,97,78,75],"tags":[1494,855,14594,16632,2001,1996],"class_list":["post-131913","post","type-post","status-publish","format-standard","has-post-thumbnail","hentry","category-actualidad","category-alcoy","category-fiestaycultura","category-noticias","tag-alcoy","tag-berberiscos","tag-dia-de-san-jorge","tag-diana-vespertina-del-cavallet","tag-fiestas-de-moros-y-cristianos","tag-realistas"],"yoast_head":"<!-- This site is optimized with the Yoast SEO plugin v27.3 - https:\/\/yoast.com\/product\/yoast-seo-wordpress\/ -->\n<title>La Diana del Cavallet de Alcoy, un gui\u00f1o a la Festa del pasado - COPE Alcoy<\/title>\n<meta name=\"description\" content=\"La Diana Vespertina del Cavallet entre Berberiscos y Realistas ha sido otro de los actos m\u00e1s esperados del Dia de San Jorge\" \/>\n<meta name=\"robots\" content=\"index, follow, max-snippet:-1, max-image-preview:large, max-video-preview:-1\" \/>\n<link rel=\"canonical\" href=\"https:\/\/www.copealcoy.es\/es\/la-diana-del-cavallet-de-alcoy-un-guino-a-la-festa-del-pasado\/\" \/>\n<meta property=\"og:locale\" content=\"es_ES\" \/>\n<meta property=\"og:type\" content=\"article\" \/>\n<meta property=\"og:title\" content=\"La Diana del Cavallet de Alcoy, un gui\u00f1o a la Festa del pasado - COPE Alcoy\" \/>\n<meta property=\"og:description\" content=\"La Diana Vespertina del Cavallet entre Berberiscos y Realistas ha sido otro de los actos m\u00e1s esperados del Dia de San Jorge\" \/>\n<meta property=\"og:url\" content=\"https:\/\/www.copealcoy.es\/es\/la-diana-del-cavallet-de-alcoy-un-guino-a-la-festa-del-pasado\/\" \/>\n<meta property=\"og:site_name\" content=\"COPE Alcoy\" \/>\n<meta property=\"article:published_time\" content=\"2024-04-21T22:57:46+00:00\" \/>\n<meta property=\"og:image\" content=\"https:\/\/www.copealcoy.es\/wp-content\/uploads\/2024\/04\/IMG_1987.jpeg\" \/>\n\t<meta property=\"og:image:width\" content=\"1614\" \/>\n\t<meta property=\"og:image:height\" content=\"1080\" \/>\n\t<meta property=\"og:image:type\" content=\"image\/jpeg\" \/>\n<meta name=\"author\" content=\"Cope Alcoy\" \/>\n<meta name=\"twitter:label1\" content=\"Escrito por\" \/>\n\t<meta name=\"twitter:data1\" content=\"Cope Alcoy\" \/>\n\t<meta name=\"twitter:label2\" content=\"Tiempo de lectura\" \/>\n\t<meta name=\"twitter:data2\" content=\"2 minutos\" \/>\n<script type=\"application\/ld+json\" class=\"yoast-schema-graph\">{\"@context\":\"https:\\\/\\\/schema.org\",\"@graph\":[{\"@type\":\"Article\",\"@id\":\"https:\\\/\\\/www.copealcoy.es\\\/es\\\/la-diana-del-cavallet-de-alcoy-un-guino-a-la-festa-del-pasado\\\/#article\",\"isPartOf\":{\"@id\":\"https:\\\/\\\/www.copealcoy.es\\\/es\\\/la-diana-del-cavallet-de-alcoy-un-guino-a-la-festa-del-pasado\\\/\"},\"author\":{\"name\":\"Cope Alcoy\",\"@id\":\"https:\\\/\\\/www.copealcoy.es\\\/es\\\/#\\\/schema\\\/person\\\/e777c87fa024e57d40170af9df39882c\"},\"headline\":\"La Diana del Cavallet de Alcoy, un gui\u00f1o a la Festa del pasado\",\"datePublished\":\"2024-04-21T22:57:46+00:00\",\"mainEntityOfPage\":{\"@id\":\"https:\\\/\\\/www.copealcoy.es\\\/es\\\/la-diana-del-cavallet-de-alcoy-un-guino-a-la-festa-del-pasado\\\/\"},\"wordCount\":356,\"commentCount\":0,\"image\":{\"@id\":\"https:\\\/\\\/www.copealcoy.es\\\/es\\\/la-diana-del-cavallet-de-alcoy-un-guino-a-la-festa-del-pasado\\\/#primaryimage\"},\"thumbnailUrl\":\"https:\\\/\\\/www.copealcoy.es\\\/wp-content\\\/uploads\\\/2024\\\/04\\\/IMG_1987.jpeg\",\"keywords\":[\"Alcoy\",\"Berberiscos\",\"D\u00eda de San Jorge\",\"Diana Vespertina del Cavallet\",\"Fiestas de Moros y Cristianos\",\"Realistas\"],\"articleSection\":[\"Actualidad\",\"Alcoy\",\"Fiesta y Cultura\",\"Noticias\"],\"inLanguage\":\"es\"},{\"@type\":\"WebPage\",\"@id\":\"https:\\\/\\\/www.copealcoy.es\\\/es\\\/la-diana-del-cavallet-de-alcoy-un-guino-a-la-festa-del-pasado\\\/\",\"url\":\"https:\\\/\\\/www.copealcoy.es\\\/es\\\/la-diana-del-cavallet-de-alcoy-un-guino-a-la-festa-del-pasado\\\/\",\"name\":\"La Diana del Cavallet de Alcoy, un gui\u00f1o a la Festa del pasado - COPE Alcoy\",\"isPartOf\":{\"@id\":\"https:\\\/\\\/www.copealcoy.es\\\/es\\\/#website\"},\"primaryImageOfPage\":{\"@id\":\"https:\\\/\\\/www.copealcoy.es\\\/es\\\/la-diana-del-cavallet-de-alcoy-un-guino-a-la-festa-del-pasado\\\/#primaryimage\"},\"image\":{\"@id\":\"https:\\\/\\\/www.copealcoy.es\\\/es\\\/la-diana-del-cavallet-de-alcoy-un-guino-a-la-festa-del-pasado\\\/#primaryimage\"},\"thumbnailUrl\":\"https:\\\/\\\/www.copealcoy.es\\\/wp-content\\\/uploads\\\/2024\\\/04\\\/IMG_1987.jpeg\",\"datePublished\":\"2024-04-21T22:57:46+00:00\",\"author\":{\"@id\":\"https:\\\/\\\/www.copealcoy.es\\\/es\\\/#\\\/schema\\\/person\\\/e777c87fa024e57d40170af9df39882c\"},\"description\":\"La Diana Vespertina del Cavallet entre Berberiscos y Realistas ha sido otro de los actos m\u00e1s esperados del Dia de San Jorge\",\"breadcrumb\":{\"@id\":\"https:\\\/\\\/www.copealcoy.es\\\/es\\\/la-diana-del-cavallet-de-alcoy-un-guino-a-la-festa-del-pasado\\\/#breadcrumb\"},\"inLanguage\":\"es\",\"potentialAction\":[{\"@type\":\"ReadAction\",\"target\":[\"https:\\\/\\\/www.copealcoy.es\\\/es\\\/la-diana-del-cavallet-de-alcoy-un-guino-a-la-festa-del-pasado\\\/\"]}]},{\"@type\":\"ImageObject\",\"inLanguage\":\"es\",\"@id\":\"https:\\\/\\\/www.copealcoy.es\\\/es\\\/la-diana-del-cavallet-de-alcoy-un-guino-a-la-festa-del-pasado\\\/#primaryimage\",\"url\":\"https:\\\/\\\/www.copealcoy.es\\\/wp-content\\\/uploads\\\/2024\\\/04\\\/IMG_1987.jpeg\",\"contentUrl\":\"https:\\\/\\\/www.copealcoy.es\\\/wp-content\\\/uploads\\\/2024\\\/04\\\/IMG_1987.jpeg\",\"width\":1614,\"height\":1080},{\"@type\":\"BreadcrumbList\",\"@id\":\"https:\\\/\\\/www.copealcoy.es\\\/es\\\/la-diana-del-cavallet-de-alcoy-un-guino-a-la-festa-del-pasado\\\/#breadcrumb\",\"itemListElement\":[{\"@type\":\"ListItem\",\"position\":1,\"name\":\"Portada\",\"item\":\"https:\\\/\\\/www.copealcoy.es\\\/es\\\/\"},{\"@type\":\"ListItem\",\"position\":2,\"name\":\"La Diana del Cavallet de Alcoy, un gui\u00f1o a la Festa del pasado\"}]},{\"@type\":\"WebSite\",\"@id\":\"https:\\\/\\\/www.copealcoy.es\\\/es\\\/#website\",\"url\":\"https:\\\/\\\/www.copealcoy.es\\\/es\\\/\",\"name\":\"COPE Alcoy\",\"description\":\"Emisora COPE de radio local con emisi\u00f3n online. Pont de Sant Jordi 8-10 03803 Alcoy\",\"potentialAction\":[{\"@type\":\"SearchAction\",\"target\":{\"@type\":\"EntryPoint\",\"urlTemplate\":\"https:\\\/\\\/www.copealcoy.es\\\/es\\\/?s={search_term_string}\"},\"query-input\":{\"@type\":\"PropertyValueSpecification\",\"valueRequired\":true,\"valueName\":\"search_term_string\"}}],\"inLanguage\":\"es\"},{\"@type\":\"Person\",\"@id\":\"https:\\\/\\\/www.copealcoy.es\\\/es\\\/#\\\/schema\\\/person\\\/e777c87fa024e57d40170af9df39882c\",\"name\":\"Cope Alcoy\",\"image\":{\"@type\":\"ImageObject\",\"inLanguage\":\"es\",\"@id\":\"https:\\\/\\\/secure.gravatar.com\\\/avatar\\\/bb65d0283347e303893ba14f0692005417c1e0e690a325a4c5d8bb2b3943ee14?s=96&d=mm&r=g\",\"url\":\"https:\\\/\\\/secure.gravatar.com\\\/avatar\\\/bb65d0283347e303893ba14f0692005417c1e0e690a325a4c5d8bb2b3943ee14?s=96&d=mm&r=g\",\"contentUrl\":\"https:\\\/\\\/secure.gravatar.com\\\/avatar\\\/bb65d0283347e303893ba14f0692005417c1e0e690a325a4c5d8bb2b3943ee14?s=96&d=mm&r=g\",\"caption\":\"Cope Alcoy\"}}]}<\/script>\n<!-- \/ Yoast SEO plugin. -->","yoast_head_json":{"title":"La Diana del Cavallet de Alcoy, un gui\u00f1o a la Festa del pasado - COPE Alcoy","description":"La Diana Vespertina del Cavallet entre Berberiscos y Realistas ha sido otro de los actos m\u00e1s esperados del Dia de San Jorge","robots":{"index":"index","follow":"follow","max-snippet":"max-snippet:-1","max-image-preview":"max-image-preview:large","max-video-preview":"max-video-preview:-1"},"canonical":"https:\/\/www.copealcoy.es\/es\/la-diana-del-cavallet-de-alcoy-un-guino-a-la-festa-del-pasado\/","og_locale":"es_ES","og_type":"article","og_title":"La Diana del Cavallet de Alcoy, un gui\u00f1o a la Festa del pasado - COPE Alcoy","og_description":"La Diana Vespertina del Cavallet entre Berberiscos y Realistas ha sido otro de los actos m\u00e1s esperados del Dia de San Jorge","og_url":"https:\/\/www.copealcoy.es\/es\/la-diana-del-cavallet-de-alcoy-un-guino-a-la-festa-del-pasado\/","og_site_name":"COPE Alcoy","article_published_time":"2024-04-21T22:57:46+00:00","og_image":[{"width":1614,"height":1080,"url":"https:\/\/www.copealcoy.es\/wp-content\/uploads\/2024\/04\/IMG_1987.jpeg","type":"image\/jpeg"}],"author":"Cope Alcoy","twitter_misc":{"Escrito por":"Cope Alcoy","Tiempo de lectura":"2 minutos"},"schema":{"@context":"https:\/\/schema.org","@graph":[{"@type":"Article","@id":"https:\/\/www.copealcoy.es\/es\/la-diana-del-cavallet-de-alcoy-un-guino-a-la-festa-del-pasado\/#article","isPartOf":{"@id":"https:\/\/www.copealcoy.es\/es\/la-diana-del-cavallet-de-alcoy-un-guino-a-la-festa-del-pasado\/"},"author":{"name":"Cope Alcoy","@id":"https:\/\/www.copealcoy.es\/es\/#\/schema\/person\/e777c87fa024e57d40170af9df39882c"},"headline":"La Diana del Cavallet de Alcoy, un gui\u00f1o a la Festa del pasado","datePublished":"2024-04-21T22:57:46+00:00","mainEntityOfPage":{"@id":"https:\/\/www.copealcoy.es\/es\/la-diana-del-cavallet-de-alcoy-un-guino-a-la-festa-del-pasado\/"},"wordCount":356,"commentCount":0,"image":{"@id":"https:\/\/www.copealcoy.es\/es\/la-diana-del-cavallet-de-alcoy-un-guino-a-la-festa-del-pasado\/#primaryimage"},"thumbnailUrl":"https:\/\/www.copealcoy.es\/wp-content\/uploads\/2024\/04\/IMG_1987.jpeg","keywords":["Alcoy","Berberiscos","D\u00eda de San Jorge","Diana Vespertina del Cavallet","Fiestas de Moros y Cristianos","Realistas"],"articleSection":["Actualidad","Alcoy","Fiesta y Cultura","Noticias"],"inLanguage":"es"},{"@type":"WebPage","@id":"https:\/\/www.copealcoy.es\/es\/la-diana-del-cavallet-de-alcoy-un-guino-a-la-festa-del-pasado\/","url":"https:\/\/www.copealcoy.es\/es\/la-diana-del-cavallet-de-alcoy-un-guino-a-la-festa-del-pasado\/","name":"La Diana del Cavallet de Alcoy, un gui\u00f1o a la Festa del pasado - COPE Alcoy","isPartOf":{"@id":"https:\/\/www.copealcoy.es\/es\/#website"},"primaryImageOfPage":{"@id":"https:\/\/www.copealcoy.es\/es\/la-diana-del-cavallet-de-alcoy-un-guino-a-la-festa-del-pasado\/#primaryimage"},"image":{"@id":"https:\/\/www.copealcoy.es\/es\/la-diana-del-cavallet-de-alcoy-un-guino-a-la-festa-del-pasado\/#primaryimage"},"thumbnailUrl":"https:\/\/www.copealcoy.es\/wp-content\/uploads\/2024\/04\/IMG_1987.jpeg","datePublished":"2024-04-21T22:57:46+00:00","author":{"@id":"https:\/\/www.copealcoy.es\/es\/#\/schema\/person\/e777c87fa024e57d40170af9df39882c"},"description":"La Diana Vespertina del Cavallet entre Berberiscos y Realistas ha sido otro de los actos m\u00e1s esperados del Dia de San Jorge","breadcrumb":{"@id":"https:\/\/www.copealcoy.es\/es\/la-diana-del-cavallet-de-alcoy-un-guino-a-la-festa-del-pasado\/#breadcrumb"},"inLanguage":"es","potentialAction":[{"@type":"ReadAction","target":["https:\/\/www.copealcoy.es\/es\/la-diana-del-cavallet-de-alcoy-un-guino-a-la-festa-del-pasado\/"]}]},{"@type":"ImageObject","inLanguage":"es","@id":"https:\/\/www.copealcoy.es\/es\/la-diana-del-cavallet-de-alcoy-un-guino-a-la-festa-del-pasado\/#primaryimage","url":"https:\/\/www.copealcoy.es\/wp-content\/uploads\/2024\/04\/IMG_1987.jpeg","contentUrl":"https:\/\/www.copealcoy.es\/wp-content\/uploads\/2024\/04\/IMG_1987.jpeg","width":1614,"height":1080},{"@type":"BreadcrumbList","@id":"https:\/\/www.copealcoy.es\/es\/la-diana-del-cavallet-de-alcoy-un-guino-a-la-festa-del-pasado\/#breadcrumb","itemListElement":[{"@type":"ListItem","position":1,"name":"Portada","item":"https:\/\/www.copealcoy.es\/es\/"},{"@type":"ListItem","position":2,"name":"La Diana del Cavallet de Alcoy, un gui\u00f1o a la Festa del pasado"}]},{"@type":"WebSite","@id":"https:\/\/www.copealcoy.es\/es\/#website","url":"https:\/\/www.copealcoy.es\/es\/","name":"COPE Alcoy","description":"Emisora COPE de radio local con emisi\u00f3n online. Pont de Sant Jordi 8-10 03803 Alcoy","potentialAction":[{"@type":"SearchAction","target":{"@type":"EntryPoint","urlTemplate":"https:\/\/www.copealcoy.es\/es\/?s={search_term_string}"},"query-input":{"@type":"PropertyValueSpecification","valueRequired":true,"valueName":"search_term_string"}}],"inLanguage":"es"},{"@type":"Person","@id":"https:\/\/www.copealcoy.es\/es\/#\/schema\/person\/e777c87fa024e57d40170af9df39882c","name":"Cope Alcoy","image":{"@type":"ImageObject","inLanguage":"es","@id":"https:\/\/secure.gravatar.com\/avatar\/bb65d0283347e303893ba14f0692005417c1e0e690a325a4c5d8bb2b3943ee14?s=96&d=mm&r=g","url":"https:\/\/secure.gravatar.com\/avatar\/bb65d0283347e303893ba14f0692005417c1e0e690a325a4c5d8bb2b3943ee14?s=96&d=mm&r=g","contentUrl":"https:\/\/secure.gravatar.com\/avatar\/bb65d0283347e303893ba14f0692005417c1e0e690a325a4c5d8bb2b3943ee14?s=96&d=mm&r=g","caption":"Cope Alcoy"}}]}},"_links":{"self":[{"href":"https:\/\/www.copealcoy.es\/es\/wp-json\/wp\/v2\/posts\/131913","targetHints":{"allow":["GET"]}}],"collection":[{"href":"https:\/\/www.copealcoy.es\/es\/wp-json\/wp\/v2\/posts"}],"about":[{"href":"https:\/\/www.copealcoy.es\/es\/wp-json\/wp\/v2\/types\/post"}],"author":[{"embeddable":true,"href":"https:\/\/www.copealcoy.es\/es\/wp-json\/wp\/v2\/users\/1"}],"replies":[{"embeddable":true,"href":"https:\/\/www.copealcoy.es\/es\/wp-json\/wp\/v2\/comments?post=131913"}],"version-history":[{"count":0,"href":"https:\/\/www.copealcoy.es\/es\/wp-json\/wp\/v2\/posts\/131913\/revisions"}],"wp:featuredmedia":[{"embeddable":true,"href":"https:\/\/www.copealcoy.es\/es\/wp-json\/wp\/v2\/media\/132600"}],"wp:attachment":[{"href":"https:\/\/www.copealcoy.es\/es\/wp-json\/wp\/v2\/media?parent=131913"}],"wp:term":[{"taxonomy":"category","embeddable":true,"href":"https:\/\/www.copealcoy.es\/es\/wp-json\/wp\/v2\/categories?post=131913"},{"taxonomy":"post_tag","embeddable":true,"href":"https:\/\/www.copealcoy.es\/es\/wp-json\/wp\/v2\/tags?post=131913"}],"curies":[{"name":"wp","href":"https:\/\/api.w.org\/{rel}","templated":true}]}}