{"id":131907,"date":"2024-04-21T22:25:04","date_gmt":"2024-04-21T21:25:04","guid":{"rendered":"https:\/\/www.copealcoy.es\/?p=131907"},"modified":"2024-04-21T22:25:04","modified_gmt":"2024-04-21T21:25:04","slug":"alcoy-rinde-todos-los-honores-a-san-jorge","status":"publish","type":"post","link":"https:\/\/www.copealcoy.es\/es\/alcoy-rinde-todos-los-honores-a-san-jorge\/","title":{"rendered":"Alcoy rinde todos los honores a San Jorge"},"content":{"rendered":"<p style=\"text-align: justify;\">Aunque el calendario nos recuerda que no es 23 de abril,<strong> la ciudad ha vivido en este domingo una intensa jornada de homenaje al patr\u00f3n San Jorge<\/strong> en el d\u00eda en el que <strong>se conmemora su festividad<\/strong> dentro de las Fiestas de Moros y Cristianos. El 21 de abril ha culminado con <strong>la Procesi\u00f3n General<\/strong> y el acto ha reunido tambi\u00e9n a numeroso p\u00fablico por las calles del Centro.<\/p>\n<p style=\"text-align: justify;\">A las siete y media de la tarde, <strong>parti\u00f3 la comitiva desde las inmediaciones del Casal de Sant Jordi<\/strong> tomando parte en la misma<strong> festeros y festeras portando cirios<\/strong>, as\u00ed como <strong>la totalidad de las Filaes<\/strong>. En la parte central ha destacado <strong>la presencia de los cuatro cargos festeros<\/strong> de este a\u00f1o, una responsabilidad que hacen realidad <strong>Daniel Cano<\/strong> (Capit\u00e1n Cristiano de la Fil\u00e0 Alcodianos), <strong>Santi Castell\u00f3<\/strong> (Alf\u00e9rez Cristiano de la Fil\u00e0 Aragonesos), <strong>Jordi Peidro<\/strong> (Capit\u00e1n Moro de la Fil\u00e0 Mud\u00e9jares) y <strong>Kico Cano<\/strong> (Alf\u00e9rez Moro de la Fil\u00e0 Abencerrajes). <strong>Mauro Abell\u00e1n Bravo<\/strong>, portando la bandera que lo acredita como <strong>Sant Jordiet 2024<\/strong>, salud\u00f3 a las numerosas personas que se agolpaban en las aceras a lo largo del trayecto y precedi\u00f3 a <strong>la imagen ecuestre de San Jorge<\/strong> arrastrada por la habitual yunta de bueyes. La <strong>Reliquia de San Jorge<\/strong> dio paso a la representaci\u00f3n clerical de la Procesi\u00f3n General encabezada por <strong>Don Jes\u00fas Fuentes<\/strong> como titular de las parroquias del Centro de Alcoy. Por \u00faltimo destac\u00f3 la presencia de la<a href=\"https:\/\/www.asjordi.org\/\" target=\"_blank\" rel=\"noopener\"><strong><span style=\"color: #0000ff;\"> Asamblea General de la Asociaci\u00f3n de San Jorge<\/span><\/strong><\/a>, <strong>con su presidente Juan Jos\u00e9 Olcina al frente<\/strong>, y parte de la Corporaci\u00f3n Municipal con el alcalde;<strong> Toni Franc\u00e9s<\/strong>, en un lugar central.<\/p>\n<p style=\"text-align: justify;\">A la llegada a la iglesia del patr\u00f3n, <strong>San Jorge fue recibido con el disparo de un vistoso castillo de fuegos artificiales<\/strong> mientras la luz de las bengalas iluminaba el camino del Santo hacia el lugar en el que los alcoyanos lo veneramos durante todo el a\u00f1o. Por \u00faltimo, <strong>se dio a besar la reliquia<\/strong> a cargos festeros, fieles y devotos.<\/p>\n","protected":false},"excerpt":{"rendered":"<p>Aunque el calendario nos recuerda que no es 23 de abril, la ciudad ha vivido en este domingo una intensa&#8230;<\/p>\n","protected":false},"author":1,"featured_media":132598,"comment_status":"open","ping_status":"open","sticky":false,"template":"","format":"standard","meta":{"footnotes":""},"categories":[6909,97,78,75,125],"tags":[1494,14594,2001,4032],"class_list":["post-131907","post","type-post","status-publish","format-standard","has-post-thumbnail","hentry","category-actualidad","category-alcoy","category-fiestaycultura","category-noticias","category-portada","tag-alcoy","tag-dia-de-san-jorge","tag-fiestas-de-moros-y-cristianos","tag-procesion-general"],"yoast_head":"<!-- This site is optimized with the Yoast SEO plugin v27.3 - https:\/\/yoast.com\/product\/yoast-seo-wordpress\/ -->\n<title>Alcoy rinde todos los honores a San Jorge - COPE Alcoy<\/title>\n<meta name=\"description\" content=\"La Procesi\u00f3n General de San Jorge ha sido uno de los actos centrales de la jornada en la que la ciudad ha rendido homenaje a su patr\u00f3n\" \/>\n<meta name=\"robots\" content=\"index, follow, max-snippet:-1, max-image-preview:large, max-video-preview:-1\" \/>\n<link rel=\"canonical\" href=\"https:\/\/www.copealcoy.es\/es\/alcoy-rinde-todos-los-honores-a-san-jorge\/\" \/>\n<meta property=\"og:locale\" content=\"es_ES\" \/>\n<meta property=\"og:type\" content=\"article\" \/>\n<meta property=\"og:title\" content=\"Alcoy rinde todos los honores a San Jorge - COPE Alcoy\" \/>\n<meta property=\"og:description\" content=\"La Procesi\u00f3n General de San Jorge ha sido uno de los actos centrales de la jornada en la que la ciudad ha rendido homenaje a su patr\u00f3n\" \/>\n<meta property=\"og:url\" content=\"https:\/\/www.copealcoy.es\/es\/alcoy-rinde-todos-los-honores-a-san-jorge\/\" \/>\n<meta property=\"og:site_name\" content=\"COPE Alcoy\" \/>\n<meta property=\"article:published_time\" content=\"2024-04-21T21:25:04+00:00\" \/>\n<meta property=\"og:image\" content=\"https:\/\/www.copealcoy.es\/wp-content\/uploads\/2024\/04\/IMG_1949-scaled.jpeg\" \/>\n\t<meta property=\"og:image:width\" content=\"1791\" \/>\n\t<meta property=\"og:image:height\" content=\"1080\" \/>\n\t<meta property=\"og:image:type\" content=\"image\/jpeg\" \/>\n<meta name=\"author\" content=\"Cope Alcoy\" \/>\n<meta name=\"twitter:label1\" content=\"Escrito por\" \/>\n\t<meta name=\"twitter:data1\" content=\"Cope Alcoy\" \/>\n\t<meta name=\"twitter:label2\" content=\"Tiempo de lectura\" \/>\n\t<meta name=\"twitter:data2\" content=\"2 minutos\" \/>\n<script type=\"application\/ld+json\" class=\"yoast-schema-graph\">{\"@context\":\"https:\\\/\\\/schema.org\",\"@graph\":[{\"@type\":\"Article\",\"@id\":\"https:\\\/\\\/www.copealcoy.es\\\/es\\\/alcoy-rinde-todos-los-honores-a-san-jorge\\\/#article\",\"isPartOf\":{\"@id\":\"https:\\\/\\\/www.copealcoy.es\\\/es\\\/alcoy-rinde-todos-los-honores-a-san-jorge\\\/\"},\"author\":{\"name\":\"Cope Alcoy\",\"@id\":\"https:\\\/\\\/www.copealcoy.es\\\/es\\\/#\\\/schema\\\/person\\\/e777c87fa024e57d40170af9df39882c\"},\"headline\":\"Alcoy rinde todos los honores a San Jorge\",\"datePublished\":\"2024-04-21T21:25:04+00:00\",\"mainEntityOfPage\":{\"@id\":\"https:\\\/\\\/www.copealcoy.es\\\/es\\\/alcoy-rinde-todos-los-honores-a-san-jorge\\\/\"},\"wordCount\":357,\"commentCount\":0,\"image\":{\"@id\":\"https:\\\/\\\/www.copealcoy.es\\\/es\\\/alcoy-rinde-todos-los-honores-a-san-jorge\\\/#primaryimage\"},\"thumbnailUrl\":\"https:\\\/\\\/www.copealcoy.es\\\/wp-content\\\/uploads\\\/2024\\\/04\\\/IMG_1949-scaled.jpeg\",\"keywords\":[\"Alcoy\",\"D\u00eda de San Jorge\",\"Fiestas de Moros y Cristianos\",\"procesi\u00f3n general\"],\"articleSection\":[\"Actualidad\",\"Alcoy\",\"Fiesta y Cultura\",\"Noticias\",\"Portada\"],\"inLanguage\":\"es\"},{\"@type\":\"WebPage\",\"@id\":\"https:\\\/\\\/www.copealcoy.es\\\/es\\\/alcoy-rinde-todos-los-honores-a-san-jorge\\\/\",\"url\":\"https:\\\/\\\/www.copealcoy.es\\\/es\\\/alcoy-rinde-todos-los-honores-a-san-jorge\\\/\",\"name\":\"Alcoy rinde todos los honores a San Jorge - COPE Alcoy\",\"isPartOf\":{\"@id\":\"https:\\\/\\\/www.copealcoy.es\\\/es\\\/#website\"},\"primaryImageOfPage\":{\"@id\":\"https:\\\/\\\/www.copealcoy.es\\\/es\\\/alcoy-rinde-todos-los-honores-a-san-jorge\\\/#primaryimage\"},\"image\":{\"@id\":\"https:\\\/\\\/www.copealcoy.es\\\/es\\\/alcoy-rinde-todos-los-honores-a-san-jorge\\\/#primaryimage\"},\"thumbnailUrl\":\"https:\\\/\\\/www.copealcoy.es\\\/wp-content\\\/uploads\\\/2024\\\/04\\\/IMG_1949-scaled.jpeg\",\"datePublished\":\"2024-04-21T21:25:04+00:00\",\"author\":{\"@id\":\"https:\\\/\\\/www.copealcoy.es\\\/es\\\/#\\\/schema\\\/person\\\/e777c87fa024e57d40170af9df39882c\"},\"description\":\"La Procesi\u00f3n General de San Jorge ha sido uno de los actos centrales de la jornada en la que la ciudad ha rendido homenaje a su patr\u00f3n\",\"breadcrumb\":{\"@id\":\"https:\\\/\\\/www.copealcoy.es\\\/es\\\/alcoy-rinde-todos-los-honores-a-san-jorge\\\/#breadcrumb\"},\"inLanguage\":\"es\",\"potentialAction\":[{\"@type\":\"ReadAction\",\"target\":[\"https:\\\/\\\/www.copealcoy.es\\\/es\\\/alcoy-rinde-todos-los-honores-a-san-jorge\\\/\"]}]},{\"@type\":\"ImageObject\",\"inLanguage\":\"es\",\"@id\":\"https:\\\/\\\/www.copealcoy.es\\\/es\\\/alcoy-rinde-todos-los-honores-a-san-jorge\\\/#primaryimage\",\"url\":\"https:\\\/\\\/www.copealcoy.es\\\/wp-content\\\/uploads\\\/2024\\\/04\\\/IMG_1949-scaled.jpeg\",\"contentUrl\":\"https:\\\/\\\/www.copealcoy.es\\\/wp-content\\\/uploads\\\/2024\\\/04\\\/IMG_1949-scaled.jpeg\",\"width\":1791,\"height\":1080},{\"@type\":\"BreadcrumbList\",\"@id\":\"https:\\\/\\\/www.copealcoy.es\\\/es\\\/alcoy-rinde-todos-los-honores-a-san-jorge\\\/#breadcrumb\",\"itemListElement\":[{\"@type\":\"ListItem\",\"position\":1,\"name\":\"Portada\",\"item\":\"https:\\\/\\\/www.copealcoy.es\\\/es\\\/\"},{\"@type\":\"ListItem\",\"position\":2,\"name\":\"Alcoy rinde todos los honores a San Jorge\"}]},{\"@type\":\"WebSite\",\"@id\":\"https:\\\/\\\/www.copealcoy.es\\\/es\\\/#website\",\"url\":\"https:\\\/\\\/www.copealcoy.es\\\/es\\\/\",\"name\":\"COPE Alcoy\",\"description\":\"Emisora COPE de radio local con emisi\u00f3n online. Pont de Sant Jordi 8-10 03803 Alcoy\",\"potentialAction\":[{\"@type\":\"SearchAction\",\"target\":{\"@type\":\"EntryPoint\",\"urlTemplate\":\"https:\\\/\\\/www.copealcoy.es\\\/es\\\/?s={search_term_string}\"},\"query-input\":{\"@type\":\"PropertyValueSpecification\",\"valueRequired\":true,\"valueName\":\"search_term_string\"}}],\"inLanguage\":\"es\"},{\"@type\":\"Person\",\"@id\":\"https:\\\/\\\/www.copealcoy.es\\\/es\\\/#\\\/schema\\\/person\\\/e777c87fa024e57d40170af9df39882c\",\"name\":\"Cope Alcoy\",\"image\":{\"@type\":\"ImageObject\",\"inLanguage\":\"es\",\"@id\":\"https:\\\/\\\/secure.gravatar.com\\\/avatar\\\/bb65d0283347e303893ba14f0692005417c1e0e690a325a4c5d8bb2b3943ee14?s=96&d=mm&r=g\",\"url\":\"https:\\\/\\\/secure.gravatar.com\\\/avatar\\\/bb65d0283347e303893ba14f0692005417c1e0e690a325a4c5d8bb2b3943ee14?s=96&d=mm&r=g\",\"contentUrl\":\"https:\\\/\\\/secure.gravatar.com\\\/avatar\\\/bb65d0283347e303893ba14f0692005417c1e0e690a325a4c5d8bb2b3943ee14?s=96&d=mm&r=g\",\"caption\":\"Cope Alcoy\"}}]}<\/script>\n<!-- \/ Yoast SEO plugin. -->","yoast_head_json":{"title":"Alcoy rinde todos los honores a San Jorge - COPE Alcoy","description":"La Procesi\u00f3n General de San Jorge ha sido uno de los actos centrales de la jornada en la que la ciudad ha rendido homenaje a su patr\u00f3n","robots":{"index":"index","follow":"follow","max-snippet":"max-snippet:-1","max-image-preview":"max-image-preview:large","max-video-preview":"max-video-preview:-1"},"canonical":"https:\/\/www.copealcoy.es\/es\/alcoy-rinde-todos-los-honores-a-san-jorge\/","og_locale":"es_ES","og_type":"article","og_title":"Alcoy rinde todos los honores a San Jorge - COPE Alcoy","og_description":"La Procesi\u00f3n General de San Jorge ha sido uno de los actos centrales de la jornada en la que la ciudad ha rendido homenaje a su patr\u00f3n","og_url":"https:\/\/www.copealcoy.es\/es\/alcoy-rinde-todos-los-honores-a-san-jorge\/","og_site_name":"COPE Alcoy","article_published_time":"2024-04-21T21:25:04+00:00","og_image":[{"width":1791,"height":1080,"url":"https:\/\/www.copealcoy.es\/wp-content\/uploads\/2024\/04\/IMG_1949-scaled.jpeg","type":"image\/jpeg"}],"author":"Cope Alcoy","twitter_misc":{"Escrito por":"Cope Alcoy","Tiempo de lectura":"2 minutos"},"schema":{"@context":"https:\/\/schema.org","@graph":[{"@type":"Article","@id":"https:\/\/www.copealcoy.es\/es\/alcoy-rinde-todos-los-honores-a-san-jorge\/#article","isPartOf":{"@id":"https:\/\/www.copealcoy.es\/es\/alcoy-rinde-todos-los-honores-a-san-jorge\/"},"author":{"name":"Cope Alcoy","@id":"https:\/\/www.copealcoy.es\/es\/#\/schema\/person\/e777c87fa024e57d40170af9df39882c"},"headline":"Alcoy rinde todos los honores a San Jorge","datePublished":"2024-04-21T21:25:04+00:00","mainEntityOfPage":{"@id":"https:\/\/www.copealcoy.es\/es\/alcoy-rinde-todos-los-honores-a-san-jorge\/"},"wordCount":357,"commentCount":0,"image":{"@id":"https:\/\/www.copealcoy.es\/es\/alcoy-rinde-todos-los-honores-a-san-jorge\/#primaryimage"},"thumbnailUrl":"https:\/\/www.copealcoy.es\/wp-content\/uploads\/2024\/04\/IMG_1949-scaled.jpeg","keywords":["Alcoy","D\u00eda de San Jorge","Fiestas de Moros y Cristianos","procesi\u00f3n general"],"articleSection":["Actualidad","Alcoy","Fiesta y Cultura","Noticias","Portada"],"inLanguage":"es"},{"@type":"WebPage","@id":"https:\/\/www.copealcoy.es\/es\/alcoy-rinde-todos-los-honores-a-san-jorge\/","url":"https:\/\/www.copealcoy.es\/es\/alcoy-rinde-todos-los-honores-a-san-jorge\/","name":"Alcoy rinde todos los honores a San Jorge - COPE Alcoy","isPartOf":{"@id":"https:\/\/www.copealcoy.es\/es\/#website"},"primaryImageOfPage":{"@id":"https:\/\/www.copealcoy.es\/es\/alcoy-rinde-todos-los-honores-a-san-jorge\/#primaryimage"},"image":{"@id":"https:\/\/www.copealcoy.es\/es\/alcoy-rinde-todos-los-honores-a-san-jorge\/#primaryimage"},"thumbnailUrl":"https:\/\/www.copealcoy.es\/wp-content\/uploads\/2024\/04\/IMG_1949-scaled.jpeg","datePublished":"2024-04-21T21:25:04+00:00","author":{"@id":"https:\/\/www.copealcoy.es\/es\/#\/schema\/person\/e777c87fa024e57d40170af9df39882c"},"description":"La Procesi\u00f3n General de San Jorge ha sido uno de los actos centrales de la jornada en la que la ciudad ha rendido homenaje a su patr\u00f3n","breadcrumb":{"@id":"https:\/\/www.copealcoy.es\/es\/alcoy-rinde-todos-los-honores-a-san-jorge\/#breadcrumb"},"inLanguage":"es","potentialAction":[{"@type":"ReadAction","target":["https:\/\/www.copealcoy.es\/es\/alcoy-rinde-todos-los-honores-a-san-jorge\/"]}]},{"@type":"ImageObject","inLanguage":"es","@id":"https:\/\/www.copealcoy.es\/es\/alcoy-rinde-todos-los-honores-a-san-jorge\/#primaryimage","url":"https:\/\/www.copealcoy.es\/wp-content\/uploads\/2024\/04\/IMG_1949-scaled.jpeg","contentUrl":"https:\/\/www.copealcoy.es\/wp-content\/uploads\/2024\/04\/IMG_1949-scaled.jpeg","width":1791,"height":1080},{"@type":"BreadcrumbList","@id":"https:\/\/www.copealcoy.es\/es\/alcoy-rinde-todos-los-honores-a-san-jorge\/#breadcrumb","itemListElement":[{"@type":"ListItem","position":1,"name":"Portada","item":"https:\/\/www.copealcoy.es\/es\/"},{"@type":"ListItem","position":2,"name":"Alcoy rinde todos los honores a San Jorge"}]},{"@type":"WebSite","@id":"https:\/\/www.copealcoy.es\/es\/#website","url":"https:\/\/www.copealcoy.es\/es\/","name":"COPE Alcoy","description":"Emisora COPE de radio local con emisi\u00f3n online. Pont de Sant Jordi 8-10 03803 Alcoy","potentialAction":[{"@type":"SearchAction","target":{"@type":"EntryPoint","urlTemplate":"https:\/\/www.copealcoy.es\/es\/?s={search_term_string}"},"query-input":{"@type":"PropertyValueSpecification","valueRequired":true,"valueName":"search_term_string"}}],"inLanguage":"es"},{"@type":"Person","@id":"https:\/\/www.copealcoy.es\/es\/#\/schema\/person\/e777c87fa024e57d40170af9df39882c","name":"Cope Alcoy","image":{"@type":"ImageObject","inLanguage":"es","@id":"https:\/\/secure.gravatar.com\/avatar\/bb65d0283347e303893ba14f0692005417c1e0e690a325a4c5d8bb2b3943ee14?s=96&d=mm&r=g","url":"https:\/\/secure.gravatar.com\/avatar\/bb65d0283347e303893ba14f0692005417c1e0e690a325a4c5d8bb2b3943ee14?s=96&d=mm&r=g","contentUrl":"https:\/\/secure.gravatar.com\/avatar\/bb65d0283347e303893ba14f0692005417c1e0e690a325a4c5d8bb2b3943ee14?s=96&d=mm&r=g","caption":"Cope Alcoy"}}]}},"_links":{"self":[{"href":"https:\/\/www.copealcoy.es\/es\/wp-json\/wp\/v2\/posts\/131907","targetHints":{"allow":["GET"]}}],"collection":[{"href":"https:\/\/www.copealcoy.es\/es\/wp-json\/wp\/v2\/posts"}],"about":[{"href":"https:\/\/www.copealcoy.es\/es\/wp-json\/wp\/v2\/types\/post"}],"author":[{"embeddable":true,"href":"https:\/\/www.copealcoy.es\/es\/wp-json\/wp\/v2\/users\/1"}],"replies":[{"embeddable":true,"href":"https:\/\/www.copealcoy.es\/es\/wp-json\/wp\/v2\/comments?post=131907"}],"version-history":[{"count":0,"href":"https:\/\/www.copealcoy.es\/es\/wp-json\/wp\/v2\/posts\/131907\/revisions"}],"wp:featuredmedia":[{"embeddable":true,"href":"https:\/\/www.copealcoy.es\/es\/wp-json\/wp\/v2\/media\/132598"}],"wp:attachment":[{"href":"https:\/\/www.copealcoy.es\/es\/wp-json\/wp\/v2\/media?parent=131907"}],"wp:term":[{"taxonomy":"category","embeddable":true,"href":"https:\/\/www.copealcoy.es\/es\/wp-json\/wp\/v2\/categories?post=131907"},{"taxonomy":"post_tag","embeddable":true,"href":"https:\/\/www.copealcoy.es\/es\/wp-json\/wp\/v2\/tags?post=131907"}],"curies":[{"name":"wp","href":"https:\/\/api.w.org\/{rel}","templated":true}]}}